{"id":4217,"date":"2023-11-25T15:26:08","date_gmt":"2023-11-25T18:26:08","guid":{"rendered":"https:\/\/sulsc.com\/?p=4217"},"modified":"2023-11-25T15:26:08","modified_gmt":"2023-11-25T18:26:08","slug":"natal-2023-ultimas-vagas-para-agentes-culturais-ainda-estao-disponiveis-em-tubarao","status":"publish","type":"post","link":"https:\/\/sulsc.com\/index.php\/2023\/11\/25\/natal-2023-ultimas-vagas-para-agentes-culturais-ainda-estao-disponiveis-em-tubarao\/","title":{"rendered":"Natal 2023: \u00faltimas vagas para agentes culturais ainda est\u00e3o dispon\u00edveis, em Tubar\u00e3o"},"content":{"rendered":"<p><img fetchpriority=\"high\" decoding=\"async\" class=\"alignnone size-full wp-image-4218\" src=\"http:\/\/sulsc.com\/wp-content\/uploads\/2023\/11\/WhatsApp-Image-2022-12-07-at-22.16.43-800x445-1.jpeg\" alt=\"\" width=\"800\" height=\"445\" srcset=\"https:\/\/sulsc.com\/wp-content\/uploads\/2023\/11\/WhatsApp-Image-2022-12-07-at-22.16.43-800x445-1.jpeg 800w, https:\/\/sulsc.com\/wp-content\/uploads\/2023\/11\/WhatsApp-Image-2022-12-07-at-22.16.43-800x445-1-300x167.jpeg 300w, https:\/\/sulsc.com\/wp-content\/uploads\/2023\/11\/WhatsApp-Image-2022-12-07-at-22.16.43-800x445-1-768x427.jpeg 768w\" sizes=\"(max-width: 800px) 100vw, 800px\" \/><\/p>\n<p>As \u00faltimas vagas para a agenda de apresenta\u00e7\u00f5es natalinas, destinadas aos agentes culturais radicados em Tubar\u00e3o e que desejam se apresentar, de forma gratuita, durante o hor\u00e1rio especial de festas de fim de ano em nossa cidade, ainda est\u00e3o dispon\u00edveis. A informa\u00e7\u00e3o foi divulgada pela Funda\u00e7\u00e3o Municipal de Cultura.<\/p>\n<p>O convite \u00e9, tamb\u00e9m, para os agentes culturais de todas as \u00e1reas, portadores do Cadastro Cultural Municipal (CCM), e os inscritos na Lei Paulo Gustavo, para participarem da programa\u00e7\u00e3o, para o preenchimento destas vagas finais. As inscri\u00e7\u00f5es poder\u00e3o ser feitas at\u00e9 o dia 30 deste m\u00eas.<\/p>\n<p>A Funda\u00e7\u00e3o Municipal de Cultura lembra que a apresenta\u00e7\u00e3o poder\u00e1 ser usada como contrapartida indicada na inscri\u00e7\u00e3o \u00e0 premia\u00e7\u00e3o da Lei Paulo Gustavo, e em outras futuras campanhas de premia\u00e7\u00e3o ou fomento que vierem a ser desenvolvidas. Ser\u00e1 disponibilizada toda a estrutura de palco, sonoriza\u00e7\u00e3o e ilumina\u00e7\u00e3o, assim como a publicidade do artista, durante os dias em que ocorrerem o \u201cEspet\u00e1culo de Natal 2023\u201d, cujo palco estar\u00e1 localizado em frente ao Banco Ita\u00fa, no Centro.<\/p>\n<p>As datas ainda dispon\u00edveis s\u00e3o os dias 5, 6, 7, 14, 21, e 22 de dezembro, mas n\u00e3o em todos os hor\u00e1rios anteriormente existentes, havendo apenas alguns espa\u00e7os dentro da programa\u00e7\u00e3o. Ressalta-se que cada atra\u00e7\u00e3o dever\u00e1 ter, em m\u00e9dia, 40 minutos para ser apresentada, entre as 19 e as 21h30. Aos s\u00e1bados n\u00e3o haver\u00e1 atra\u00e7\u00f5es.<\/p>\n<p>Os interessados podem indicar a data, dentro das ainda livres, e verificar, junto \u00e0 organiza\u00e7\u00e3o, quais hor\u00e1rios nestes dias ainda est\u00e3o dispon\u00edveis, fazendo contato pelo e-mail da funda\u00e7\u00e3o (cultura@tubarao.sc.gov.br ) ou pelo telefone (48) 3621.9877, indicando o assunto \u201cApresenta\u00e7\u00e3o de Natal\u201d.<\/p>\n<p>A organiza\u00e7\u00e3o lembra que esta ser\u00e1 uma excelente oportunidade de os fazedores de Cultura da cidade mostrarem seus trabalhos aos milhares de visitantes que circular\u00e3o pelas nossas ruas centrais durante a programa\u00e7\u00e3o de Natal. \u201cJ\u00e1 h\u00e1 um bom n\u00famero de atra\u00e7\u00f5es agendadas, e chamamos aqueles agentes que ainda n\u00e3o se inscreveram a preencherem estes \u00faltimos espa\u00e7os que ainda temos na programa\u00e7\u00e3o. O legal \u00e9 que vamos ter uma grande variedade de atra\u00e7\u00f5es em nosso palco e que certamente v\u00e3o agradar muito nossa popula\u00e7\u00e3o e os visitantes que estar\u00e3o na cidade durante o per\u00edodo natalino\u201d, explica o vice-presidente da funda\u00e7\u00e3o Paulo Garcia.<\/p>\n","protected":false},"excerpt":{"rendered":"<p>As \u00faltimas vagas para a agenda de apresenta\u00e7\u00f5es natalinas, destinadas aos agentes culturais radicados em Tubar\u00e3o e que desejam se apresentar, de forma gratuita, durante o hor\u00e1rio especial de festas de fim de ano em nossa cidade, ainda est\u00e3o dispon\u00edveis. A informa\u00e7\u00e3o foi divulgada pela Funda\u00e7\u00e3o Municipal de Cultura. O convite \u00e9, tamb\u00e9m, para os &hellip;<\/p>\n<p class=\"read-more\"> <a class=\"\" href=\"https:\/\/sulsc.com\/index.php\/2023\/11\/25\/natal-2023-ultimas-vagas-para-agentes-culturais-ainda-estao-disponiveis-em-tubarao\/\"> <span class=\"screen-reader-text\">Natal 2023: \u00faltimas vagas para agentes culturais ainda est\u00e3o dispon\u00edveis, em Tubar\u00e3o<\/span> Read More &raquo;<\/a><\/p>\n","protected":false},"author":3,"featured_media":4218,"comment_status":"open","ping_status":"open","sticky":false,"template":"","format":"standard","meta":{"site-sidebar-layout":"default","site-content-layout":"","ast-site-content-layout":"default","site-content-style":"default","site-sidebar-style":"default","ast-global-header-display":"","ast-banner-title-visibility":"","ast-main-header-display":"","ast-hfb-above-header-display":"","ast-hfb-below-header-display":"","ast-hfb-mobile-header-display":"","site-post-title":"","ast-breadcrumbs-content":"","ast-featured-img":"","footer-sml-layout":"","theme-transparent-header-meta":"default","adv-header-id-meta":"","stick-header-meta":"","header-above-stick-meta":"","header-main-stick-meta":"","header-below-stick-meta":"","astra-migrate-meta-layouts":"set","footnotes":""},"categories":[21],"tags":[],"yoast_head":"<!-- This site is optimized with the Yoast SEO plugin v21.4 - https:\/\/yoast.com\/wordpress\/plugins\/seo\/ -->\n<title>Natal 2023: \u00faltimas vagas para agentes culturais ainda est\u00e3o dispon\u00edveis, em Tubar\u00e3o -<\/title>\n<meta name=\"robots\" content=\"index, follow, max-snippet:-1, max-image-preview:large, max-video-preview:-1\" \/>\n<link rel=\"canonical\" href=\"https:\/\/sulsc.com\/index.php\/2023\/11\/25\/natal-2023-ultimas-vagas-para-agentes-culturais-ainda-estao-disponiveis-em-tubarao\/\" \/>\n<meta property=\"og:locale\" content=\"en_US\" \/>\n<meta property=\"og:type\" content=\"article\" \/>\n<meta property=\"og:title\" content=\"Natal 2023: \u00faltimas vagas para agentes culturais ainda est\u00e3o dispon\u00edveis, em Tubar\u00e3o -\" \/>\n<meta property=\"og:description\" content=\"As \u00faltimas vagas para a agenda de apresenta\u00e7\u00f5es natalinas, destinadas aos agentes culturais radicados em Tubar\u00e3o e que desejam se apresentar, de forma gratuita, durante o hor\u00e1rio especial de festas de fim de ano em nossa cidade, ainda est\u00e3o dispon\u00edveis. A informa\u00e7\u00e3o foi divulgada pela Funda\u00e7\u00e3o Municipal de Cultura. O convite \u00e9, tamb\u00e9m, para os &hellip; Natal 2023: \u00faltimas vagas para agentes culturais ainda est\u00e3o dispon\u00edveis, em Tubar\u00e3o Read More &raquo;\" \/>\n<meta property=\"og:url\" content=\"https:\/\/sulsc.com\/index.php\/2023\/11\/25\/natal-2023-ultimas-vagas-para-agentes-culturais-ainda-estao-disponiveis-em-tubarao\/\" \/>\n<meta property=\"article:author\" content=\"https:\/\/www.facebook.com\/profile.php?id=61559278119680\" \/>\n<meta property=\"article:published_time\" content=\"2023-11-25T18:26:08+00:00\" \/>\n<meta property=\"og:image\" content=\"http:\/\/sulsc.com\/wp-content\/uploads\/2023\/11\/WhatsApp-Image-2022-12-07-at-22.16.43-800x445-1.jpeg\" \/>\n\t<meta property=\"og:image:width\" content=\"800\" \/>\n\t<meta property=\"og:image:height\" content=\"445\" \/>\n\t<meta property=\"og:image:type\" content=\"image\/jpeg\" \/>\n<meta name=\"author\" content=\"Reda\u00e7\u00e3o Sul SC\" \/>\n<meta name=\"twitter:card\" content=\"summary_large_image\" \/>\n<meta name=\"twitter:creator\" content=\"@https:\/\/twitter.com\/PortalSulSC\" \/>\n<meta name=\"twitter:label1\" content=\"Written by\" \/>\n\t<meta name=\"twitter:data1\" content=\"Reda\u00e7\u00e3o Sul SC\" \/>\n\t<meta name=\"twitter:label2\" content=\"Est. reading time\" \/>\n\t<meta name=\"twitter:data2\" content=\"3 minutes\" \/>\n<script type=\"application\/ld+json\" class=\"yoast-schema-graph\">{\"@context\":\"https:\/\/schema.org\",\"@graph\":[{\"@type\":\"WebPage\",\"@id\":\"https:\/\/sulsc.com\/index.php\/2023\/11\/25\/natal-2023-ultimas-vagas-para-agentes-culturais-ainda-estao-disponiveis-em-tubarao\/\",\"url\":\"https:\/\/sulsc.com\/index.php\/2023\/11\/25\/natal-2023-ultimas-vagas-para-agentes-culturais-ainda-estao-disponiveis-em-tubarao\/\",\"name\":\"Natal 2023: \u00faltimas vagas para agentes culturais ainda est\u00e3o dispon\u00edveis, em Tubar\u00e3o -\",\"isPartOf\":{\"@id\":\"https:\/\/sulsc.com\/#website\"},\"datePublished\":\"2023-11-25T18:26:08+00:00\",\"dateModified\":\"2023-11-25T18:26:08+00:00\",\"author\":{\"@id\":\"https:\/\/sulsc.com\/#\/schema\/person\/84d2fc571684f6248ba83092f07750a3\"},\"breadcrumb\":{\"@id\":\"https:\/\/sulsc.com\/index.php\/2023\/11\/25\/natal-2023-ultimas-vagas-para-agentes-culturais-ainda-estao-disponiveis-em-tubarao\/#breadcrumb\"},\"inLanguage\":\"en-US\",\"potentialAction\":[{\"@type\":\"ReadAction\",\"target\":[\"https:\/\/sulsc.com\/index.php\/2023\/11\/25\/natal-2023-ultimas-vagas-para-agentes-culturais-ainda-estao-disponiveis-em-tubarao\/\"]}]},{\"@type\":\"BreadcrumbList\",\"@id\":\"https:\/\/sulsc.com\/index.php\/2023\/11\/25\/natal-2023-ultimas-vagas-para-agentes-culturais-ainda-estao-disponiveis-em-tubarao\/#breadcrumb\",\"itemListElement\":[{\"@type\":\"ListItem\",\"position\":1,\"name\":\"In\u00edcio\",\"item\":\"https:\/\/sulsc.com\/\"},{\"@type\":\"ListItem\",\"position\":2,\"name\":\"Natal 2023: \u00faltimas vagas para agentes culturais ainda est\u00e3o dispon\u00edveis, em Tubar\u00e3o\"}]},{\"@type\":\"WebSite\",\"@id\":\"https:\/\/sulsc.com\/#website\",\"url\":\"https:\/\/sulsc.com\/\",\"name\":\"\",\"description\":\"\",\"potentialAction\":[{\"@type\":\"SearchAction\",\"target\":{\"@type\":\"EntryPoint\",\"urlTemplate\":\"https:\/\/sulsc.com\/?s={search_term_string}\"},\"query-input\":\"required name=search_term_string\"}],\"inLanguage\":\"en-US\"},{\"@type\":\"Person\",\"@id\":\"https:\/\/sulsc.com\/#\/schema\/person\/84d2fc571684f6248ba83092f07750a3\",\"name\":\"Reda\u00e7\u00e3o Sul SC\",\"image\":{\"@type\":\"ImageObject\",\"inLanguage\":\"en-US\",\"@id\":\"https:\/\/sulsc.com\/#\/schema\/person\/image\/e08d7fe2cc4ed596372063bbe852b8d0\",\"url\":\"https:\/\/sulsc.com\/wp-content\/uploads\/2023\/09\/redacao.png\",\"contentUrl\":\"https:\/\/sulsc.com\/wp-content\/uploads\/2023\/09\/redacao.png\",\"caption\":\"Reda\u00e7\u00e3o Sul SC\"},\"description\":\"Foco em um jornalismo imparcial, voltado \u00e0 qualidade dos seus conte\u00fados e, assim, levar informa\u00e7\u00e3o de valor que agregue \u00e0 vida dos leitores. Esta \u00e9 grande miss\u00e3o do Portal de Not\u00edcias Sul SC. N\u00e3o \u00e9 quantidade que muda o mundo, sempre foi e seguir\u00e1 sendo qualidade!\",\"sameAs\":[\"https:\/\/sulsc.com\/\",\"https:\/\/www.facebook.com\/profile.php?id=61559278119680\",\"https:\/\/www.instagram.com\/sulscportal\/?hl=pt-br\",\"https:\/\/twitter.com\/https:\/\/twitter.com\/PortalSulSC\",\"https:\/\/www.youtube.com\/channel\/UCv_BE8GeySluDov2n8qhVmw\"],\"url\":\"https:\/\/sulsc.com\/index.php\/author\/redacao\/\"}]}<\/script>\n<!-- \/ Yoast SEO plugin. -->","yoast_head_json":{"title":"Natal 2023: \u00faltimas vagas para agentes culturais ainda est\u00e3o dispon\u00edveis, em Tubar\u00e3o -","robots":{"index":"index","follow":"follow","max-snippet":"max-snippet:-1","max-image-preview":"max-image-preview:large","max-video-preview":"max-video-preview:-1"},"canonical":"https:\/\/sulsc.com\/index.php\/2023\/11\/25\/natal-2023-ultimas-vagas-para-agentes-culturais-ainda-estao-disponiveis-em-tubarao\/","og_locale":"en_US","og_type":"article","og_title":"Natal 2023: \u00faltimas vagas para agentes culturais ainda est\u00e3o dispon\u00edveis, em Tubar\u00e3o -","og_description":"As \u00faltimas vagas para a agenda de apresenta\u00e7\u00f5es natalinas, destinadas aos agentes culturais radicados em Tubar\u00e3o e que desejam se apresentar, de forma gratuita, durante o hor\u00e1rio especial de festas de fim de ano em nossa cidade, ainda est\u00e3o dispon\u00edveis. A informa\u00e7\u00e3o foi divulgada pela Funda\u00e7\u00e3o Municipal de Cultura. O convite \u00e9, tamb\u00e9m, para os &hellip; Natal 2023: \u00faltimas vagas para agentes culturais ainda est\u00e3o dispon\u00edveis, em Tubar\u00e3o Read More &raquo;","og_url":"https:\/\/sulsc.com\/index.php\/2023\/11\/25\/natal-2023-ultimas-vagas-para-agentes-culturais-ainda-estao-disponiveis-em-tubarao\/","article_author":"https:\/\/www.facebook.com\/profile.php?id=61559278119680","article_published_time":"2023-11-25T18:26:08+00:00","og_image":[{"width":800,"height":445,"url":"http:\/\/sulsc.com\/wp-content\/uploads\/2023\/11\/WhatsApp-Image-2022-12-07-at-22.16.43-800x445-1.jpeg","type":"image\/jpeg"}],"author":"Reda\u00e7\u00e3o Sul SC","twitter_card":"summary_large_image","twitter_creator":"@https:\/\/twitter.com\/PortalSulSC","twitter_misc":{"Written by":"Reda\u00e7\u00e3o Sul SC","Est. reading time":"3 minutes"},"schema":{"@context":"https:\/\/schema.org","@graph":[{"@type":"WebPage","@id":"https:\/\/sulsc.com\/index.php\/2023\/11\/25\/natal-2023-ultimas-vagas-para-agentes-culturais-ainda-estao-disponiveis-em-tubarao\/","url":"https:\/\/sulsc.com\/index.php\/2023\/11\/25\/natal-2023-ultimas-vagas-para-agentes-culturais-ainda-estao-disponiveis-em-tubarao\/","name":"Natal 2023: \u00faltimas vagas para agentes culturais ainda est\u00e3o dispon\u00edveis, em Tubar\u00e3o -","isPartOf":{"@id":"https:\/\/sulsc.com\/#website"},"datePublished":"2023-11-25T18:26:08+00:00","dateModified":"2023-11-25T18:26:08+00:00","author":{"@id":"https:\/\/sulsc.com\/#\/schema\/person\/84d2fc571684f6248ba83092f07750a3"},"breadcrumb":{"@id":"https:\/\/sulsc.com\/index.php\/2023\/11\/25\/natal-2023-ultimas-vagas-para-agentes-culturais-ainda-estao-disponiveis-em-tubarao\/#breadcrumb"},"inLanguage":"en-US","potentialAction":[{"@type":"ReadAction","target":["https:\/\/sulsc.com\/index.php\/2023\/11\/25\/natal-2023-ultimas-vagas-para-agentes-culturais-ainda-estao-disponiveis-em-tubarao\/"]}]},{"@type":"BreadcrumbList","@id":"https:\/\/sulsc.com\/index.php\/2023\/11\/25\/natal-2023-ultimas-vagas-para-agentes-culturais-ainda-estao-disponiveis-em-tubarao\/#breadcrumb","itemListElement":[{"@type":"ListItem","position":1,"name":"In\u00edcio","item":"https:\/\/sulsc.com\/"},{"@type":"ListItem","position":2,"name":"Natal 2023: \u00faltimas vagas para agentes culturais ainda est\u00e3o dispon\u00edveis, em Tubar\u00e3o"}]},{"@type":"WebSite","@id":"https:\/\/sulsc.com\/#website","url":"https:\/\/sulsc.com\/","name":"","description":"","potentialAction":[{"@type":"SearchAction","target":{"@type":"EntryPoint","urlTemplate":"https:\/\/sulsc.com\/?s={search_term_string}"},"query-input":"required name=search_term_string"}],"inLanguage":"en-US"},{"@type":"Person","@id":"https:\/\/sulsc.com\/#\/schema\/person\/84d2fc571684f6248ba83092f07750a3","name":"Reda\u00e7\u00e3o Sul SC","image":{"@type":"ImageObject","inLanguage":"en-US","@id":"https:\/\/sulsc.com\/#\/schema\/person\/image\/e08d7fe2cc4ed596372063bbe852b8d0","url":"https:\/\/sulsc.com\/wp-content\/uploads\/2023\/09\/redacao.png","contentUrl":"https:\/\/sulsc.com\/wp-content\/uploads\/2023\/09\/redacao.png","caption":"Reda\u00e7\u00e3o Sul SC"},"description":"Foco em um jornalismo imparcial, voltado \u00e0 qualidade dos seus conte\u00fados e, assim, levar informa\u00e7\u00e3o de valor que agregue \u00e0 vida dos leitores. Esta \u00e9 grande miss\u00e3o do Portal de Not\u00edcias Sul SC. N\u00e3o \u00e9 quantidade que muda o mundo, sempre foi e seguir\u00e1 sendo qualidade!","sameAs":["https:\/\/sulsc.com\/","https:\/\/www.facebook.com\/profile.php?id=61559278119680","https:\/\/www.instagram.com\/sulscportal\/?hl=pt-br","https:\/\/twitter.com\/https:\/\/twitter.com\/PortalSulSC","https:\/\/www.youtube.com\/channel\/UCv_BE8GeySluDov2n8qhVmw"],"url":"https:\/\/sulsc.com\/index.php\/author\/redacao\/"}]}},"authors":[],"_links":{"self":[{"href":"https:\/\/sulsc.com\/index.php\/wp-json\/wp\/v2\/posts\/4217"}],"collection":[{"href":"https:\/\/sulsc.com\/index.php\/wp-json\/wp\/v2\/posts"}],"about":[{"href":"https:\/\/sulsc.com\/index.php\/wp-json\/wp\/v2\/types\/post"}],"author":[{"embeddable":true,"href":"https:\/\/sulsc.com\/index.php\/wp-json\/wp\/v2\/users\/3"}],"replies":[{"embeddable":true,"href":"https:\/\/sulsc.com\/index.php\/wp-json\/wp\/v2\/comments?post=4217"}],"version-history":[{"count":1,"href":"https:\/\/sulsc.com\/index.php\/wp-json\/wp\/v2\/posts\/4217\/revisions"}],"predecessor-version":[{"id":4219,"href":"https:\/\/sulsc.com\/index.php\/wp-json\/wp\/v2\/posts\/4217\/revisions\/4219"}],"wp:featuredmedia":[{"embeddable":true,"href":"https:\/\/sulsc.com\/index.php\/wp-json\/wp\/v2\/media\/4218"}],"wp:attachment":[{"href":"https:\/\/sulsc.com\/index.php\/wp-json\/wp\/v2\/media?parent=4217"}],"wp:term":[{"taxonomy":"category","embeddable":true,"href":"https:\/\/sulsc.com\/index.php\/wp-json\/wp\/v2\/categories?post=4217"},{"taxonomy":"post_tag","embeddable":true,"href":"https:\/\/sulsc.com\/index.php\/wp-json\/wp\/v2\/tags?post=4217"}],"curies":[{"name":"wp","href":"https:\/\/api.w.org\/{rel}","templated":true}]}}