{"id":4220,"date":"2023-11-25T16:55:04","date_gmt":"2023-11-25T19:55:04","guid":{"rendered":"https:\/\/sulsc.com\/?p=4220"},"modified":"2023-11-25T16:55:04","modified_gmt":"2023-11-25T19:55:04","slug":"duas-pessoas-morrem-e-uma-fica-ferida-em-sideropolis","status":"publish","type":"post","link":"https:\/\/sulsc.com\/index.php\/2023\/11\/25\/duas-pessoas-morrem-e-uma-fica-ferida-em-sideropolis\/","title":{"rendered":"Duas pessoas morrem e uma fica ferida, em Sider\u00f3polis"},"content":{"rendered":"<p><img fetchpriority=\"high\" decoding=\"async\" class=\"alignnone wp-image-4228 size-large\" src=\"http:\/\/sulsc.com\/wp-content\/uploads\/2023\/11\/WhatsApp-Image-2023-11-25-at-12.20.59-1024x768.jpeg\" alt=\"\" width=\"1024\" height=\"768\" srcset=\"https:\/\/sulsc.com\/wp-content\/uploads\/2023\/11\/WhatsApp-Image-2023-11-25-at-12.20.59-1024x768.jpeg 1024w, https:\/\/sulsc.com\/wp-content\/uploads\/2023\/11\/WhatsApp-Image-2023-11-25-at-12.20.59-300x225.jpeg 300w, https:\/\/sulsc.com\/wp-content\/uploads\/2023\/11\/WhatsApp-Image-2023-11-25-at-12.20.59-768x576.jpeg 768w, https:\/\/sulsc.com\/wp-content\/uploads\/2023\/11\/WhatsApp-Image-2023-11-25-at-12.20.59-1536x1152.jpeg 1536w, https:\/\/sulsc.com\/wp-content\/uploads\/2023\/11\/WhatsApp-Image-2023-11-25-at-12.20.59.jpeg 1600w\" sizes=\"(max-width: 1024px) 100vw, 1024px\" \/><\/p>\n<p>Um acidente de tr\u00e2nsito com \u00f3bito foi registrado na manh\u00e3 deste s\u00e1bado (25), na rodovia SC446, km 26,200, em Sider\u00f3polis. O Corpo de Bombeiros foi acionado por volta das 7h50. Duas pessoas morreram e uma ficou levemente ferida.<\/p>\n<p>A colis\u00e3o frontal, envolveu um caminh\u00e3o\/trator Scania\/R440 em combina\u00e7\u00e3o com o SR\/Librelato SRBA, ambos de Sider\u00f3polis, conduzido por um homem de 29 anos, e o autom\u00f3vel Ford\/Fiesta HA1.6L, de Treviso, conduzido por uma mulher de 41 anos.<\/p>\n<p>A passageira, de 47anos, e a condutora do autom\u00f3vel Ford\/Fiesta, que faleceram no local. O condutor do caminh\u00e3o, apresentava les\u00f5es leves, foi atendido pelos Bombeiros e encaminhado ao hospital S\u00e3o Jos\u00e9 no munic\u00edpio de Crici\u00fama.\u00a0\u00a0As Pol\u00edcias Civil e Cient\u00edfica (antigo Instituto Geral de Per\u00edcias) e o Instituto M\u00e9dico Legal compareceram ao local.<\/p>\n<p>Diante dos fatos\u00a0 foi presumido que a condutora do Ford Fiesta deu causa ao ocorrido quando invadiu a contram\u00e3o de dire\u00e7\u00e3o, sentido o qual deslocava o caminh\u00e3o, vindo a ocorrer a colis\u00e3o frontal.<\/p>\n<p><img decoding=\"async\" class=\"alignnone wp-image-4227 size-large\" src=\"http:\/\/sulsc.com\/wp-content\/uploads\/2023\/11\/WhatsApp-Image-2023-11-25-at-12.20.59-1-768x1024.jpeg\" alt=\"\" width=\"768\" height=\"1024\" srcset=\"https:\/\/sulsc.com\/wp-content\/uploads\/2023\/11\/WhatsApp-Image-2023-11-25-at-12.20.59-1-768x1024.jpeg 768w, https:\/\/sulsc.com\/wp-content\/uploads\/2023\/11\/WhatsApp-Image-2023-11-25-at-12.20.59-1-225x300.jpeg 225w, https:\/\/sulsc.com\/wp-content\/uploads\/2023\/11\/WhatsApp-Image-2023-11-25-at-12.20.59-1-1152x1536.jpeg 1152w, https:\/\/sulsc.com\/wp-content\/uploads\/2023\/11\/WhatsApp-Image-2023-11-25-at-12.20.59-1.jpeg 1200w\" sizes=\"(max-width: 768px) 100vw, 768px\" \/><\/p>\n","protected":false},"excerpt":{"rendered":"<p>Um acidente de tr\u00e2nsito com \u00f3bito foi registrado na manh\u00e3 deste s\u00e1bado (25), na rodovia SC446, km 26,200, em Sider\u00f3polis. O Corpo de Bombeiros foi acionado por volta das 7h50. Duas pessoas morreram e uma ficou levemente ferida. A colis\u00e3o frontal, envolveu um caminh\u00e3o\/trator Scania\/R440 em combina\u00e7\u00e3o com o SR\/Librelato SRBA, ambos de Sider\u00f3polis, conduzido &hellip;<\/p>\n<p class=\"read-more\"> <a class=\"\" href=\"https:\/\/sulsc.com\/index.php\/2023\/11\/25\/duas-pessoas-morrem-e-uma-fica-ferida-em-sideropolis\/\"> <span class=\"screen-reader-text\">Duas pessoas morrem e uma fica ferida, em Sider\u00f3polis<\/span> Read More &raquo;<\/a><\/p>\n","protected":false},"author":3,"featured_media":4226,"comment_status":"open","ping_status":"open","sticky":false,"template":"","format":"standard","meta":{"site-sidebar-layout":"default","site-content-layout":"","ast-site-content-layout":"default","site-content-style":"default","site-sidebar-style":"default","ast-global-header-display":"","ast-banner-title-visibility":"","ast-main-header-display":"","ast-hfb-above-header-display":"","ast-hfb-below-header-display":"","ast-hfb-mobile-header-display":"","site-post-title":"","ast-breadcrumbs-content":"","ast-featured-img":"","footer-sml-layout":"","theme-transparent-header-meta":"default","adv-header-id-meta":"","stick-header-meta":"","header-above-stick-meta":"","header-main-stick-meta":"","header-below-stick-meta":"","astra-migrate-meta-layouts":"set","footnotes":""},"categories":[1,8],"tags":[],"yoast_head":"<!-- This site is optimized with the Yoast SEO plugin v21.4 - https:\/\/yoast.com\/wordpress\/plugins\/seo\/ -->\n<title>Duas pessoas morrem e uma fica ferida, em Sider\u00f3polis -<\/title>\n<meta name=\"robots\" content=\"index, follow, max-snippet:-1, max-image-preview:large, max-video-preview:-1\" \/>\n<link rel=\"canonical\" href=\"https:\/\/sulsc.com\/index.php\/2023\/11\/25\/duas-pessoas-morrem-e-uma-fica-ferida-em-sideropolis\/\" \/>\n<meta property=\"og:locale\" content=\"en_US\" \/>\n<meta property=\"og:type\" content=\"article\" \/>\n<meta property=\"og:title\" content=\"Duas pessoas morrem e uma fica ferida, em Sider\u00f3polis -\" \/>\n<meta property=\"og:description\" content=\"Um acidente de tr\u00e2nsito com \u00f3bito foi registrado na manh\u00e3 deste s\u00e1bado (25), na rodovia SC446, km 26,200, em Sider\u00f3polis. O Corpo de Bombeiros foi acionado por volta das 7h50. Duas pessoas morreram e uma ficou levemente ferida. A colis\u00e3o frontal, envolveu um caminh\u00e3o\/trator Scania\/R440 em combina\u00e7\u00e3o com o SR\/Librelato SRBA, ambos de Sider\u00f3polis, conduzido &hellip; Duas pessoas morrem e uma fica ferida, em Sider\u00f3polis Read More &raquo;\" \/>\n<meta property=\"og:url\" content=\"https:\/\/sulsc.com\/index.php\/2023\/11\/25\/duas-pessoas-morrem-e-uma-fica-ferida-em-sideropolis\/\" \/>\n<meta property=\"article:author\" content=\"https:\/\/www.facebook.com\/profile.php?id=61559278119680\" \/>\n<meta property=\"article:published_time\" content=\"2023-11-25T19:55:04+00:00\" \/>\n<meta property=\"og:image\" content=\"http:\/\/sulsc.com\/wp-content\/uploads\/2023\/11\/WhatsApp-Image-2023-11-25-at-12.21.00.jpeg\" \/>\n\t<meta property=\"og:image:width\" content=\"1200\" \/>\n\t<meta property=\"og:image:height\" content=\"1600\" \/>\n\t<meta property=\"og:image:type\" content=\"image\/jpeg\" \/>\n<meta name=\"author\" content=\"Reda\u00e7\u00e3o Sul SC\" \/>\n<meta name=\"twitter:card\" content=\"summary_large_image\" \/>\n<meta name=\"twitter:creator\" content=\"@https:\/\/twitter.com\/PortalSulSC\" \/>\n<meta name=\"twitter:label1\" content=\"Written by\" \/>\n\t<meta name=\"twitter:data1\" content=\"Reda\u00e7\u00e3o Sul SC\" \/>\n\t<meta name=\"twitter:label2\" content=\"Est. reading time\" \/>\n\t<meta name=\"twitter:data2\" content=\"2 minutes\" \/>\n<script type=\"application\/ld+json\" class=\"yoast-schema-graph\">{\"@context\":\"https:\/\/schema.org\",\"@graph\":[{\"@type\":\"WebPage\",\"@id\":\"https:\/\/sulsc.com\/index.php\/2023\/11\/25\/duas-pessoas-morrem-e-uma-fica-ferida-em-sideropolis\/\",\"url\":\"https:\/\/sulsc.com\/index.php\/2023\/11\/25\/duas-pessoas-morrem-e-uma-fica-ferida-em-sideropolis\/\",\"name\":\"Duas pessoas morrem e uma fica ferida, em Sider\u00f3polis -\",\"isPartOf\":{\"@id\":\"https:\/\/sulsc.com\/#website\"},\"datePublished\":\"2023-11-25T19:55:04+00:00\",\"dateModified\":\"2023-11-25T19:55:04+00:00\",\"author\":{\"@id\":\"https:\/\/sulsc.com\/#\/schema\/person\/84d2fc571684f6248ba83092f07750a3\"},\"breadcrumb\":{\"@id\":\"https:\/\/sulsc.com\/index.php\/2023\/11\/25\/duas-pessoas-morrem-e-uma-fica-ferida-em-sideropolis\/#breadcrumb\"},\"inLanguage\":\"en-US\",\"potentialAction\":[{\"@type\":\"ReadAction\",\"target\":[\"https:\/\/sulsc.com\/index.php\/2023\/11\/25\/duas-pessoas-morrem-e-uma-fica-ferida-em-sideropolis\/\"]}]},{\"@type\":\"BreadcrumbList\",\"@id\":\"https:\/\/sulsc.com\/index.php\/2023\/11\/25\/duas-pessoas-morrem-e-uma-fica-ferida-em-sideropolis\/#breadcrumb\",\"itemListElement\":[{\"@type\":\"ListItem\",\"position\":1,\"name\":\"In\u00edcio\",\"item\":\"https:\/\/sulsc.com\/\"},{\"@type\":\"ListItem\",\"position\":2,\"name\":\"Duas pessoas morrem e uma fica ferida, em Sider\u00f3polis\"}]},{\"@type\":\"WebSite\",\"@id\":\"https:\/\/sulsc.com\/#website\",\"url\":\"https:\/\/sulsc.com\/\",\"name\":\"\",\"description\":\"\",\"potentialAction\":[{\"@type\":\"SearchAction\",\"target\":{\"@type\":\"EntryPoint\",\"urlTemplate\":\"https:\/\/sulsc.com\/?s={search_term_string}\"},\"query-input\":\"required name=search_term_string\"}],\"inLanguage\":\"en-US\"},{\"@type\":\"Person\",\"@id\":\"https:\/\/sulsc.com\/#\/schema\/person\/84d2fc571684f6248ba83092f07750a3\",\"name\":\"Reda\u00e7\u00e3o Sul SC\",\"image\":{\"@type\":\"ImageObject\",\"inLanguage\":\"en-US\",\"@id\":\"https:\/\/sulsc.com\/#\/schema\/person\/image\/e08d7fe2cc4ed596372063bbe852b8d0\",\"url\":\"https:\/\/sulsc.com\/wp-content\/uploads\/2023\/09\/redacao.png\",\"contentUrl\":\"https:\/\/sulsc.com\/wp-content\/uploads\/2023\/09\/redacao.png\",\"caption\":\"Reda\u00e7\u00e3o Sul SC\"},\"description\":\"Foco em um jornalismo imparcial, voltado \u00e0 qualidade dos seus conte\u00fados e, assim, levar informa\u00e7\u00e3o de valor que agregue \u00e0 vida dos leitores. Esta \u00e9 grande miss\u00e3o do Portal de Not\u00edcias Sul SC. N\u00e3o \u00e9 quantidade que muda o mundo, sempre foi e seguir\u00e1 sendo qualidade!\",\"sameAs\":[\"https:\/\/sulsc.com\/\",\"https:\/\/www.facebook.com\/profile.php?id=61559278119680\",\"https:\/\/www.instagram.com\/sulscportal\/?hl=pt-br\",\"https:\/\/twitter.com\/https:\/\/twitter.com\/PortalSulSC\",\"https:\/\/www.youtube.com\/channel\/UCv_BE8GeySluDov2n8qhVmw\"],\"url\":\"https:\/\/sulsc.com\/index.php\/author\/redacao\/\"}]}<\/script>\n<!-- \/ Yoast SEO plugin. -->","yoast_head_json":{"title":"Duas pessoas morrem e uma fica ferida, em Sider\u00f3polis -","robots":{"index":"index","follow":"follow","max-snippet":"max-snippet:-1","max-image-preview":"max-image-preview:large","max-video-preview":"max-video-preview:-1"},"canonical":"https:\/\/sulsc.com\/index.php\/2023\/11\/25\/duas-pessoas-morrem-e-uma-fica-ferida-em-sideropolis\/","og_locale":"en_US","og_type":"article","og_title":"Duas pessoas morrem e uma fica ferida, em Sider\u00f3polis -","og_description":"Um acidente de tr\u00e2nsito com \u00f3bito foi registrado na manh\u00e3 deste s\u00e1bado (25), na rodovia SC446, km 26,200, em Sider\u00f3polis. O Corpo de Bombeiros foi acionado por volta das 7h50. Duas pessoas morreram e uma ficou levemente ferida. A colis\u00e3o frontal, envolveu um caminh\u00e3o\/trator Scania\/R440 em combina\u00e7\u00e3o com o SR\/Librelato SRBA, ambos de Sider\u00f3polis, conduzido &hellip; Duas pessoas morrem e uma fica ferida, em Sider\u00f3polis Read More &raquo;","og_url":"https:\/\/sulsc.com\/index.php\/2023\/11\/25\/duas-pessoas-morrem-e-uma-fica-ferida-em-sideropolis\/","article_author":"https:\/\/www.facebook.com\/profile.php?id=61559278119680","article_published_time":"2023-11-25T19:55:04+00:00","og_image":[{"width":1200,"height":1600,"url":"http:\/\/sulsc.com\/wp-content\/uploads\/2023\/11\/WhatsApp-Image-2023-11-25-at-12.21.00.jpeg","type":"image\/jpeg"}],"author":"Reda\u00e7\u00e3o Sul SC","twitter_card":"summary_large_image","twitter_creator":"@https:\/\/twitter.com\/PortalSulSC","twitter_misc":{"Written by":"Reda\u00e7\u00e3o Sul SC","Est. reading time":"2 minutes"},"schema":{"@context":"https:\/\/schema.org","@graph":[{"@type":"WebPage","@id":"https:\/\/sulsc.com\/index.php\/2023\/11\/25\/duas-pessoas-morrem-e-uma-fica-ferida-em-sideropolis\/","url":"https:\/\/sulsc.com\/index.php\/2023\/11\/25\/duas-pessoas-morrem-e-uma-fica-ferida-em-sideropolis\/","name":"Duas pessoas morrem e uma fica ferida, em Sider\u00f3polis -","isPartOf":{"@id":"https:\/\/sulsc.com\/#website"},"datePublished":"2023-11-25T19:55:04+00:00","dateModified":"2023-11-25T19:55:04+00:00","author":{"@id":"https:\/\/sulsc.com\/#\/schema\/person\/84d2fc571684f6248ba83092f07750a3"},"breadcrumb":{"@id":"https:\/\/sulsc.com\/index.php\/2023\/11\/25\/duas-pessoas-morrem-e-uma-fica-ferida-em-sideropolis\/#breadcrumb"},"inLanguage":"en-US","potentialAction":[{"@type":"ReadAction","target":["https:\/\/sulsc.com\/index.php\/2023\/11\/25\/duas-pessoas-morrem-e-uma-fica-ferida-em-sideropolis\/"]}]},{"@type":"BreadcrumbList","@id":"https:\/\/sulsc.com\/index.php\/2023\/11\/25\/duas-pessoas-morrem-e-uma-fica-ferida-em-sideropolis\/#breadcrumb","itemListElement":[{"@type":"ListItem","position":1,"name":"In\u00edcio","item":"https:\/\/sulsc.com\/"},{"@type":"ListItem","position":2,"name":"Duas pessoas morrem e uma fica ferida, em Sider\u00f3polis"}]},{"@type":"WebSite","@id":"https:\/\/sulsc.com\/#website","url":"https:\/\/sulsc.com\/","name":"","description":"","potentialAction":[{"@type":"SearchAction","target":{"@type":"EntryPoint","urlTemplate":"https:\/\/sulsc.com\/?s={search_term_string}"},"query-input":"required name=search_term_string"}],"inLanguage":"en-US"},{"@type":"Person","@id":"https:\/\/sulsc.com\/#\/schema\/person\/84d2fc571684f6248ba83092f07750a3","name":"Reda\u00e7\u00e3o Sul SC","image":{"@type":"ImageObject","inLanguage":"en-US","@id":"https:\/\/sulsc.com\/#\/schema\/person\/image\/e08d7fe2cc4ed596372063bbe852b8d0","url":"https:\/\/sulsc.com\/wp-content\/uploads\/2023\/09\/redacao.png","contentUrl":"https:\/\/sulsc.com\/wp-content\/uploads\/2023\/09\/redacao.png","caption":"Reda\u00e7\u00e3o Sul SC"},"description":"Foco em um jornalismo imparcial, voltado \u00e0 qualidade dos seus conte\u00fados e, assim, levar informa\u00e7\u00e3o de valor que agregue \u00e0 vida dos leitores. Esta \u00e9 grande miss\u00e3o do Portal de Not\u00edcias Sul SC. N\u00e3o \u00e9 quantidade que muda o mundo, sempre foi e seguir\u00e1 sendo qualidade!","sameAs":["https:\/\/sulsc.com\/","https:\/\/www.facebook.com\/profile.php?id=61559278119680","https:\/\/www.instagram.com\/sulscportal\/?hl=pt-br","https:\/\/twitter.com\/https:\/\/twitter.com\/PortalSulSC","https:\/\/www.youtube.com\/channel\/UCv_BE8GeySluDov2n8qhVmw"],"url":"https:\/\/sulsc.com\/index.php\/author\/redacao\/"}]}},"authors":[],"_links":{"self":[{"href":"https:\/\/sulsc.com\/index.php\/wp-json\/wp\/v2\/posts\/4220"}],"collection":[{"href":"https:\/\/sulsc.com\/index.php\/wp-json\/wp\/v2\/posts"}],"about":[{"href":"https:\/\/sulsc.com\/index.php\/wp-json\/wp\/v2\/types\/post"}],"author":[{"embeddable":true,"href":"https:\/\/sulsc.com\/index.php\/wp-json\/wp\/v2\/users\/3"}],"replies":[{"embeddable":true,"href":"https:\/\/sulsc.com\/index.php\/wp-json\/wp\/v2\/comments?post=4220"}],"version-history":[{"count":2,"href":"https:\/\/sulsc.com\/index.php\/wp-json\/wp\/v2\/posts\/4220\/revisions"}],"predecessor-version":[{"id":4229,"href":"https:\/\/sulsc.com\/index.php\/wp-json\/wp\/v2\/posts\/4220\/revisions\/4229"}],"wp:featuredmedia":[{"embeddable":true,"href":"https:\/\/sulsc.com\/index.php\/wp-json\/wp\/v2\/media\/4226"}],"wp:attachment":[{"href":"https:\/\/sulsc.com\/index.php\/wp-json\/wp\/v2\/media?parent=4220"}],"wp:term":[{"taxonomy":"category","embeddable":true,"href":"https:\/\/sulsc.com\/index.php\/wp-json\/wp\/v2\/categories?post=4220"},{"taxonomy":"post_tag","embeddable":true,"href":"https:\/\/sulsc.com\/index.php\/wp-json\/wp\/v2\/tags?post=4220"}],"curies":[{"name":"wp","href":"https:\/\/api.w.org\/{rel}","templated":true}]}}