{"id":4222,"date":"2023-11-25T16:21:17","date_gmt":"2023-11-25T19:21:17","guid":{"rendered":"https:\/\/sulsc.com\/?p=4222"},"modified":"2023-11-25T16:21:17","modified_gmt":"2023-11-25T19:21:17","slug":"pacote-de-r-6-milhoes-em-pavimentacoes-e-anunciado-em-braco-do-norte","status":"publish","type":"post","link":"https:\/\/sulsc.com\/index.php\/2023\/11\/25\/pacote-de-r-6-milhoes-em-pavimentacoes-e-anunciado-em-braco-do-norte\/","title":{"rendered":"Pacote de R$ 6 milh\u00f5es em pavimenta\u00e7\u00f5es \u00e9 anunciado em Bra\u00e7o do Norte"},"content":{"rendered":"<p>O envio de R$ 6 milh\u00f5es para a licita\u00e7\u00e3o para novas pavimenta\u00e7\u00f5es foi anunciado pelo prefeito de Bra\u00e7o do Norte, Beto Kuerten Marcelino. Al\u00e9m da Rua Theodoro Bernardo Schlickmann, trecho entre a Avenida Felipe Schmitd e a Rua Irineu Bornhausen, que foi licitada nesta semana, com investimento de mais de R$ 530 mil, recursos do deputado Ricardo Guidi, outras oito ruas ser\u00e3o mandadas ainda em dezembro para a licita\u00e7\u00e3o.<\/p>\n<p>De acordo com Beto, est\u00e3o no novo pacote os primeiros metros de pavimenta\u00e7\u00e3o asf\u00e1ltica da A\u00e7ucena (SC-370). O interior foi contemplado ainda com as ruas Augusta Coan Stapazzoli (Frigor\u00edfico Stapazzoli) e Sandro Peron Extekotter (Frigor\u00edfico D\u2019Perone), no Baixo Pinheiral.<\/p>\n<p>No Lado da Uni\u00e3o, ser\u00e3o licitadas as ruas Julieta Della Giustina Meurer (trecho 1 e 2) e Tancredo Westphal (pr\u00f3ximo a Expedicion\u00e1rio Luiz Coan), ruas Huberto Rohden e Bento Joaquim Rog\u00e9rio, no Nossa Senhora de F\u00e1tima (pr\u00f3ximo ao ESF) e rua Heitor Cunha, no bairro Bela Vista.<\/p>\n<p>O prefeito agradeceu o empenho do deputado Julio Garcia, que intermediou recursos com o Governo do Estado, o Governo do Estado, a deputada J\u00falia Zanatta, e o deputado Ricardo Guidi. \u201cUma grande soma de esfor\u00e7os para que a popula\u00e7\u00e3o seja beneficiada. Al\u00e9m disso, mais uma vez estamos cumprindo os compromissos firmados com a popula\u00e7\u00e3o. Temos muito a melhorar, mas Bra\u00e7o do Norte j\u00e1 avan\u00e7ou muito. Seguimos trabalhando\u201d, encerrou.<\/p>\n<p><img fetchpriority=\"high\" decoding=\"async\" class=\"alignnone size-large wp-image-4224\" src=\"http:\/\/sulsc.com\/wp-content\/uploads\/2023\/11\/WhatsApp-Image-2023-11-24-at-19.32.25-768x1024.jpeg\" alt=\"\" width=\"768\" height=\"1024\" srcset=\"https:\/\/sulsc.com\/wp-content\/uploads\/2023\/11\/WhatsApp-Image-2023-11-24-at-19.32.25-768x1024.jpeg 768w, https:\/\/sulsc.com\/wp-content\/uploads\/2023\/11\/WhatsApp-Image-2023-11-24-at-19.32.25-225x300.jpeg 225w, https:\/\/sulsc.com\/wp-content\/uploads\/2023\/11\/WhatsApp-Image-2023-11-24-at-19.32.25-1152x1536.jpeg 1152w, https:\/\/sulsc.com\/wp-content\/uploads\/2023\/11\/WhatsApp-Image-2023-11-24-at-19.32.25.jpeg 1200w\" sizes=\"(max-width: 768px) 100vw, 768px\" \/><\/p>\n<p><strong>Servi\u00e7o emergencial e tapa-buracos<\/strong><\/p>\n<p>Para amenizar a eros\u00e3o causada pelas chuvas e recortes realizados pela Casan, nas ruas pavimentadas da cidade, a Secretaria de Infraestrutura segue realizando um servi\u00e7o emergencial com asfalto frio.<\/p>\n<p>No dia 30 de novembro, pr\u00f3xima quinta-feira, acontece a licita\u00e7\u00e3o da empresa que ficar\u00e1 respons\u00e1vel, por 12 meses, pelo tapa-buracos com asfalto quente para remendo superficial e profundo, lajotas, paralelep\u00edpedo de cal\u00e7adas, lombadas e faixas elevadas. O investimento poder\u00e1 chegar em at\u00e9 R$ 1,3 milh\u00e3o.<\/p>\n","protected":false},"excerpt":{"rendered":"<p>O envio de R$ 6 milh\u00f5es para a licita\u00e7\u00e3o para novas pavimenta\u00e7\u00f5es foi anunciado pelo prefeito de Bra\u00e7o do Norte, Beto Kuerten Marcelino. Al\u00e9m da Rua Theodoro Bernardo Schlickmann, trecho entre a Avenida Felipe Schmitd e a Rua Irineu Bornhausen, que foi licitada nesta semana, com investimento de mais de R$ 530 mil, recursos do &hellip;<\/p>\n<p class=\"read-more\"> <a class=\"\" href=\"https:\/\/sulsc.com\/index.php\/2023\/11\/25\/pacote-de-r-6-milhoes-em-pavimentacoes-e-anunciado-em-braco-do-norte\/\"> <span class=\"screen-reader-text\">Pacote de R$ 6 milh\u00f5es em pavimenta\u00e7\u00f5es \u00e9 anunciado em Bra\u00e7o do Norte<\/span> Read More &raquo;<\/a><\/p>\n","protected":false},"author":3,"featured_media":4223,"comment_status":"open","ping_status":"open","sticky":false,"template":"","format":"standard","meta":{"site-sidebar-layout":"default","site-content-layout":"","ast-site-content-layout":"default","site-content-style":"default","site-sidebar-style":"default","ast-global-header-display":"","ast-banner-title-visibility":"","ast-main-header-display":"","ast-hfb-above-header-display":"","ast-hfb-below-header-display":"","ast-hfb-mobile-header-display":"","site-post-title":"","ast-breadcrumbs-content":"","ast-featured-img":"","footer-sml-layout":"","theme-transparent-header-meta":"default","adv-header-id-meta":"","stick-header-meta":"","header-above-stick-meta":"","header-main-stick-meta":"","header-below-stick-meta":"","astra-migrate-meta-layouts":"set","footnotes":""},"categories":[1],"tags":[],"yoast_head":"<!-- This site is optimized with the Yoast SEO plugin v21.4 - https:\/\/yoast.com\/wordpress\/plugins\/seo\/ -->\n<title>Pacote de R$ 6 milh\u00f5es em pavimenta\u00e7\u00f5es \u00e9 anunciado em Bra\u00e7o do Norte -<\/title>\n<meta name=\"robots\" content=\"index, follow, max-snippet:-1, max-image-preview:large, max-video-preview:-1\" \/>\n<link rel=\"canonical\" href=\"https:\/\/sulsc.com\/index.php\/2023\/11\/25\/pacote-de-r-6-milhoes-em-pavimentacoes-e-anunciado-em-braco-do-norte\/\" \/>\n<meta property=\"og:locale\" content=\"en_US\" \/>\n<meta property=\"og:type\" content=\"article\" \/>\n<meta property=\"og:title\" content=\"Pacote de R$ 6 milh\u00f5es em pavimenta\u00e7\u00f5es \u00e9 anunciado em Bra\u00e7o do Norte -\" \/>\n<meta property=\"og:description\" content=\"O envio de R$ 6 milh\u00f5es para a licita\u00e7\u00e3o para novas pavimenta\u00e7\u00f5es foi anunciado pelo prefeito de Bra\u00e7o do Norte, Beto Kuerten Marcelino. Al\u00e9m da Rua Theodoro Bernardo Schlickmann, trecho entre a Avenida Felipe Schmitd e a Rua Irineu Bornhausen, que foi licitada nesta semana, com investimento de mais de R$ 530 mil, recursos do &hellip; Pacote de R$ 6 milh\u00f5es em pavimenta\u00e7\u00f5es \u00e9 anunciado em Bra\u00e7o do Norte Read More &raquo;\" \/>\n<meta property=\"og:url\" content=\"https:\/\/sulsc.com\/index.php\/2023\/11\/25\/pacote-de-r-6-milhoes-em-pavimentacoes-e-anunciado-em-braco-do-norte\/\" \/>\n<meta property=\"article:author\" content=\"https:\/\/www.facebook.com\/profile.php?id=61559278119680\" \/>\n<meta property=\"article:published_time\" content=\"2023-11-25T19:21:17+00:00\" \/>\n<meta property=\"og:image\" content=\"http:\/\/sulsc.com\/wp-content\/uploads\/2023\/11\/WhatsApp-Image-2023-11-24-at-19.32.27.jpeg\" \/>\n\t<meta property=\"og:image:width\" content=\"1200\" \/>\n\t<meta property=\"og:image:height\" content=\"1600\" \/>\n\t<meta property=\"og:image:type\" content=\"image\/jpeg\" \/>\n<meta name=\"author\" content=\"Reda\u00e7\u00e3o Sul SC\" \/>\n<meta name=\"twitter:card\" content=\"summary_large_image\" \/>\n<meta name=\"twitter:creator\" content=\"@https:\/\/twitter.com\/PortalSulSC\" \/>\n<meta name=\"twitter:label1\" content=\"Written by\" \/>\n\t<meta name=\"twitter:data1\" content=\"Reda\u00e7\u00e3o Sul SC\" \/>\n\t<meta name=\"twitter:label2\" content=\"Est. reading time\" \/>\n\t<meta name=\"twitter:data2\" content=\"2 minutes\" \/>\n<script type=\"application\/ld+json\" class=\"yoast-schema-graph\">{\"@context\":\"https:\/\/schema.org\",\"@graph\":[{\"@type\":\"WebPage\",\"@id\":\"https:\/\/sulsc.com\/index.php\/2023\/11\/25\/pacote-de-r-6-milhoes-em-pavimentacoes-e-anunciado-em-braco-do-norte\/\",\"url\":\"https:\/\/sulsc.com\/index.php\/2023\/11\/25\/pacote-de-r-6-milhoes-em-pavimentacoes-e-anunciado-em-braco-do-norte\/\",\"name\":\"Pacote de R$ 6 milh\u00f5es em pavimenta\u00e7\u00f5es \u00e9 anunciado em Bra\u00e7o do Norte -\",\"isPartOf\":{\"@id\":\"https:\/\/sulsc.com\/#website\"},\"datePublished\":\"2023-11-25T19:21:17+00:00\",\"dateModified\":\"2023-11-25T19:21:17+00:00\",\"author\":{\"@id\":\"https:\/\/sulsc.com\/#\/schema\/person\/84d2fc571684f6248ba83092f07750a3\"},\"breadcrumb\":{\"@id\":\"https:\/\/sulsc.com\/index.php\/2023\/11\/25\/pacote-de-r-6-milhoes-em-pavimentacoes-e-anunciado-em-braco-do-norte\/#breadcrumb\"},\"inLanguage\":\"en-US\",\"potentialAction\":[{\"@type\":\"ReadAction\",\"target\":[\"https:\/\/sulsc.com\/index.php\/2023\/11\/25\/pacote-de-r-6-milhoes-em-pavimentacoes-e-anunciado-em-braco-do-norte\/\"]}]},{\"@type\":\"BreadcrumbList\",\"@id\":\"https:\/\/sulsc.com\/index.php\/2023\/11\/25\/pacote-de-r-6-milhoes-em-pavimentacoes-e-anunciado-em-braco-do-norte\/#breadcrumb\",\"itemListElement\":[{\"@type\":\"ListItem\",\"position\":1,\"name\":\"In\u00edcio\",\"item\":\"https:\/\/sulsc.com\/\"},{\"@type\":\"ListItem\",\"position\":2,\"name\":\"Pacote de R$ 6 milh\u00f5es em pavimenta\u00e7\u00f5es \u00e9 anunciado em Bra\u00e7o do Norte\"}]},{\"@type\":\"WebSite\",\"@id\":\"https:\/\/sulsc.com\/#website\",\"url\":\"https:\/\/sulsc.com\/\",\"name\":\"\",\"description\":\"\",\"potentialAction\":[{\"@type\":\"SearchAction\",\"target\":{\"@type\":\"EntryPoint\",\"urlTemplate\":\"https:\/\/sulsc.com\/?s={search_term_string}\"},\"query-input\":\"required name=search_term_string\"}],\"inLanguage\":\"en-US\"},{\"@type\":\"Person\",\"@id\":\"https:\/\/sulsc.com\/#\/schema\/person\/84d2fc571684f6248ba83092f07750a3\",\"name\":\"Reda\u00e7\u00e3o Sul SC\",\"image\":{\"@type\":\"ImageObject\",\"inLanguage\":\"en-US\",\"@id\":\"https:\/\/sulsc.com\/#\/schema\/person\/image\/e08d7fe2cc4ed596372063bbe852b8d0\",\"url\":\"https:\/\/sulsc.com\/wp-content\/uploads\/2023\/09\/redacao.png\",\"contentUrl\":\"https:\/\/sulsc.com\/wp-content\/uploads\/2023\/09\/redacao.png\",\"caption\":\"Reda\u00e7\u00e3o Sul SC\"},\"description\":\"Foco em um jornalismo imparcial, voltado \u00e0 qualidade dos seus conte\u00fados e, assim, levar informa\u00e7\u00e3o de valor que agregue \u00e0 vida dos leitores. Esta \u00e9 grande miss\u00e3o do Portal de Not\u00edcias Sul SC. N\u00e3o \u00e9 quantidade que muda o mundo, sempre foi e seguir\u00e1 sendo qualidade!\",\"sameAs\":[\"https:\/\/sulsc.com\/\",\"https:\/\/www.facebook.com\/profile.php?id=61559278119680\",\"https:\/\/www.instagram.com\/sulscportal\/?hl=pt-br\",\"https:\/\/twitter.com\/https:\/\/twitter.com\/PortalSulSC\",\"https:\/\/www.youtube.com\/channel\/UCv_BE8GeySluDov2n8qhVmw\"],\"url\":\"https:\/\/sulsc.com\/index.php\/author\/redacao\/\"}]}<\/script>\n<!-- \/ Yoast SEO plugin. -->","yoast_head_json":{"title":"Pacote de R$ 6 milh\u00f5es em pavimenta\u00e7\u00f5es \u00e9 anunciado em Bra\u00e7o do Norte -","robots":{"index":"index","follow":"follow","max-snippet":"max-snippet:-1","max-image-preview":"max-image-preview:large","max-video-preview":"max-video-preview:-1"},"canonical":"https:\/\/sulsc.com\/index.php\/2023\/11\/25\/pacote-de-r-6-milhoes-em-pavimentacoes-e-anunciado-em-braco-do-norte\/","og_locale":"en_US","og_type":"article","og_title":"Pacote de R$ 6 milh\u00f5es em pavimenta\u00e7\u00f5es \u00e9 anunciado em Bra\u00e7o do Norte -","og_description":"O envio de R$ 6 milh\u00f5es para a licita\u00e7\u00e3o para novas pavimenta\u00e7\u00f5es foi anunciado pelo prefeito de Bra\u00e7o do Norte, Beto Kuerten Marcelino. Al\u00e9m da Rua Theodoro Bernardo Schlickmann, trecho entre a Avenida Felipe Schmitd e a Rua Irineu Bornhausen, que foi licitada nesta semana, com investimento de mais de R$ 530 mil, recursos do &hellip; Pacote de R$ 6 milh\u00f5es em pavimenta\u00e7\u00f5es \u00e9 anunciado em Bra\u00e7o do Norte Read More &raquo;","og_url":"https:\/\/sulsc.com\/index.php\/2023\/11\/25\/pacote-de-r-6-milhoes-em-pavimentacoes-e-anunciado-em-braco-do-norte\/","article_author":"https:\/\/www.facebook.com\/profile.php?id=61559278119680","article_published_time":"2023-11-25T19:21:17+00:00","og_image":[{"width":1200,"height":1600,"url":"http:\/\/sulsc.com\/wp-content\/uploads\/2023\/11\/WhatsApp-Image-2023-11-24-at-19.32.27.jpeg","type":"image\/jpeg"}],"author":"Reda\u00e7\u00e3o Sul SC","twitter_card":"summary_large_image","twitter_creator":"@https:\/\/twitter.com\/PortalSulSC","twitter_misc":{"Written by":"Reda\u00e7\u00e3o Sul SC","Est. reading time":"2 minutes"},"schema":{"@context":"https:\/\/schema.org","@graph":[{"@type":"WebPage","@id":"https:\/\/sulsc.com\/index.php\/2023\/11\/25\/pacote-de-r-6-milhoes-em-pavimentacoes-e-anunciado-em-braco-do-norte\/","url":"https:\/\/sulsc.com\/index.php\/2023\/11\/25\/pacote-de-r-6-milhoes-em-pavimentacoes-e-anunciado-em-braco-do-norte\/","name":"Pacote de R$ 6 milh\u00f5es em pavimenta\u00e7\u00f5es \u00e9 anunciado em Bra\u00e7o do Norte -","isPartOf":{"@id":"https:\/\/sulsc.com\/#website"},"datePublished":"2023-11-25T19:21:17+00:00","dateModified":"2023-11-25T19:21:17+00:00","author":{"@id":"https:\/\/sulsc.com\/#\/schema\/person\/84d2fc571684f6248ba83092f07750a3"},"breadcrumb":{"@id":"https:\/\/sulsc.com\/index.php\/2023\/11\/25\/pacote-de-r-6-milhoes-em-pavimentacoes-e-anunciado-em-braco-do-norte\/#breadcrumb"},"inLanguage":"en-US","potentialAction":[{"@type":"ReadAction","target":["https:\/\/sulsc.com\/index.php\/2023\/11\/25\/pacote-de-r-6-milhoes-em-pavimentacoes-e-anunciado-em-braco-do-norte\/"]}]},{"@type":"BreadcrumbList","@id":"https:\/\/sulsc.com\/index.php\/2023\/11\/25\/pacote-de-r-6-milhoes-em-pavimentacoes-e-anunciado-em-braco-do-norte\/#breadcrumb","itemListElement":[{"@type":"ListItem","position":1,"name":"In\u00edcio","item":"https:\/\/sulsc.com\/"},{"@type":"ListItem","position":2,"name":"Pacote de R$ 6 milh\u00f5es em pavimenta\u00e7\u00f5es \u00e9 anunciado em Bra\u00e7o do Norte"}]},{"@type":"WebSite","@id":"https:\/\/sulsc.com\/#website","url":"https:\/\/sulsc.com\/","name":"","description":"","potentialAction":[{"@type":"SearchAction","target":{"@type":"EntryPoint","urlTemplate":"https:\/\/sulsc.com\/?s={search_term_string}"},"query-input":"required name=search_term_string"}],"inLanguage":"en-US"},{"@type":"Person","@id":"https:\/\/sulsc.com\/#\/schema\/person\/84d2fc571684f6248ba83092f07750a3","name":"Reda\u00e7\u00e3o Sul SC","image":{"@type":"ImageObject","inLanguage":"en-US","@id":"https:\/\/sulsc.com\/#\/schema\/person\/image\/e08d7fe2cc4ed596372063bbe852b8d0","url":"https:\/\/sulsc.com\/wp-content\/uploads\/2023\/09\/redacao.png","contentUrl":"https:\/\/sulsc.com\/wp-content\/uploads\/2023\/09\/redacao.png","caption":"Reda\u00e7\u00e3o Sul SC"},"description":"Foco em um jornalismo imparcial, voltado \u00e0 qualidade dos seus conte\u00fados e, assim, levar informa\u00e7\u00e3o de valor que agregue \u00e0 vida dos leitores. Esta \u00e9 grande miss\u00e3o do Portal de Not\u00edcias Sul SC. N\u00e3o \u00e9 quantidade que muda o mundo, sempre foi e seguir\u00e1 sendo qualidade!","sameAs":["https:\/\/sulsc.com\/","https:\/\/www.facebook.com\/profile.php?id=61559278119680","https:\/\/www.instagram.com\/sulscportal\/?hl=pt-br","https:\/\/twitter.com\/https:\/\/twitter.com\/PortalSulSC","https:\/\/www.youtube.com\/channel\/UCv_BE8GeySluDov2n8qhVmw"],"url":"https:\/\/sulsc.com\/index.php\/author\/redacao\/"}]}},"authors":[],"_links":{"self":[{"href":"https:\/\/sulsc.com\/index.php\/wp-json\/wp\/v2\/posts\/4222"}],"collection":[{"href":"https:\/\/sulsc.com\/index.php\/wp-json\/wp\/v2\/posts"}],"about":[{"href":"https:\/\/sulsc.com\/index.php\/wp-json\/wp\/v2\/types\/post"}],"author":[{"embeddable":true,"href":"https:\/\/sulsc.com\/index.php\/wp-json\/wp\/v2\/users\/3"}],"replies":[{"embeddable":true,"href":"https:\/\/sulsc.com\/index.php\/wp-json\/wp\/v2\/comments?post=4222"}],"version-history":[{"count":1,"href":"https:\/\/sulsc.com\/index.php\/wp-json\/wp\/v2\/posts\/4222\/revisions"}],"predecessor-version":[{"id":4225,"href":"https:\/\/sulsc.com\/index.php\/wp-json\/wp\/v2\/posts\/4222\/revisions\/4225"}],"wp:featuredmedia":[{"embeddable":true,"href":"https:\/\/sulsc.com\/index.php\/wp-json\/wp\/v2\/media\/4223"}],"wp:attachment":[{"href":"https:\/\/sulsc.com\/index.php\/wp-json\/wp\/v2\/media?parent=4222"}],"wp:term":[{"taxonomy":"category","embeddable":true,"href":"https:\/\/sulsc.com\/index.php\/wp-json\/wp\/v2\/categories?post=4222"},{"taxonomy":"post_tag","embeddable":true,"href":"https:\/\/sulsc.com\/index.php\/wp-json\/wp\/v2\/tags?post=4222"}],"curies":[{"name":"wp","href":"https:\/\/api.w.org\/{rel}","templated":true}]}}