{"id":4230,"date":"2023-11-25T17:40:47","date_gmt":"2023-11-25T20:40:47","guid":{"rendered":"https:\/\/sulsc.com\/?p=4230"},"modified":"2023-11-25T17:40:47","modified_gmt":"2023-11-25T20:40:47","slug":"menina-de-12-anos-cai-da-altura-de-aproximadamente-cinco-andares-em-tubarao","status":"publish","type":"post","link":"https:\/\/sulsc.com\/index.php\/2023\/11\/25\/menina-de-12-anos-cai-da-altura-de-aproximadamente-cinco-andares-em-tubarao\/","title":{"rendered":"Menina de 12 anos cai da altura de aproximadamente cinco andares, em Tubar\u00e3o"},"content":{"rendered":"<p>Uma queda de n\u00edvel foi registrada na noite desta sexta-feira (24), no bairro Vila Moema, em Tubar\u00e3o. O Corpo de Bombeiros foi acionado para atender a ocorr\u00eancia por volta das 19h20.<\/p>\n<p>No local a v\u00edtima, uma menina de 12 anos, sofreu uma queda de altura, aproximadamente do 5\u00ba andar. Os socorristas encontraram a pequena ca\u00edda, inconsciente, com hemorragia de face, nariz e ouvidos, traumatismo craniano, al\u00e9m de fratura em ambas as pernas.<\/p>\n<p>Ap\u00f3s atendimento, a crian\u00e7a foi conduzida em estado grave at\u00e9 o Hospital Nossa Senhora da Concei\u00e7\u00e3o (HNSC).<\/p>\n<p><img fetchpriority=\"high\" decoding=\"async\" class=\"alignnone size-full wp-image-1044\" src=\"http:\/\/sulsc.com\/wp-content\/uploads\/2023\/09\/Bombeiros-sirene.jpg\" alt=\"\" width=\"667\" height=\"397\" srcset=\"https:\/\/sulsc.com\/wp-content\/uploads\/2023\/09\/Bombeiros-sirene.jpg 667w, https:\/\/sulsc.com\/wp-content\/uploads\/2023\/09\/Bombeiros-sirene-300x179.jpg 300w\" sizes=\"(max-width: 667px) 100vw, 667px\" \/><\/p>\n","protected":false},"excerpt":{"rendered":"<p>Uma queda de n\u00edvel foi registrada na noite desta sexta-feira (24), no bairro Vila Moema, em Tubar\u00e3o. O Corpo de Bombeiros foi acionado para atender a ocorr\u00eancia por volta das 19h20. No local a v\u00edtima, uma menina de 12 anos, sofreu uma queda de altura, aproximadamente do 5\u00ba andar. Os socorristas encontraram a pequena ca\u00edda, &hellip;<\/p>\n<p class=\"read-more\"> <a class=\"\" href=\"https:\/\/sulsc.com\/index.php\/2023\/11\/25\/menina-de-12-anos-cai-da-altura-de-aproximadamente-cinco-andares-em-tubarao\/\"> <span class=\"screen-reader-text\">Menina de 12 anos cai da altura de aproximadamente cinco andares, em Tubar\u00e3o<\/span> Read More &raquo;<\/a><\/p>\n","protected":false},"author":3,"featured_media":1044,"comment_status":"open","ping_status":"open","sticky":false,"template":"","format":"standard","meta":{"site-sidebar-layout":"default","site-content-layout":"","ast-site-content-layout":"default","site-content-style":"default","site-sidebar-style":"default","ast-global-header-display":"","ast-banner-title-visibility":"","ast-main-header-display":"","ast-hfb-above-header-display":"","ast-hfb-below-header-display":"","ast-hfb-mobile-header-display":"","site-post-title":"","ast-breadcrumbs-content":"","ast-featured-img":"","footer-sml-layout":"","theme-transparent-header-meta":"default","adv-header-id-meta":"","stick-header-meta":"","header-above-stick-meta":"","header-main-stick-meta":"","header-below-stick-meta":"","astra-migrate-meta-layouts":"set","footnotes":""},"categories":[8],"tags":[],"yoast_head":"<!-- This site is optimized with the Yoast SEO plugin v21.4 - https:\/\/yoast.com\/wordpress\/plugins\/seo\/ -->\n<title>Menina de 12 anos cai da altura de aproximadamente cinco andares, em Tubar\u00e3o -<\/title>\n<meta name=\"robots\" content=\"index, follow, max-snippet:-1, max-image-preview:large, max-video-preview:-1\" \/>\n<link rel=\"canonical\" href=\"https:\/\/sulsc.com\/index.php\/2023\/11\/25\/menina-de-12-anos-cai-da-altura-de-aproximadamente-cinco-andares-em-tubarao\/\" \/>\n<meta property=\"og:locale\" content=\"en_US\" \/>\n<meta property=\"og:type\" content=\"article\" \/>\n<meta property=\"og:title\" content=\"Menina de 12 anos cai da altura de aproximadamente cinco andares, em Tubar\u00e3o -\" \/>\n<meta property=\"og:description\" content=\"Uma queda de n\u00edvel foi registrada na noite desta sexta-feira (24), no bairro Vila Moema, em Tubar\u00e3o. O Corpo de Bombeiros foi acionado para atender a ocorr\u00eancia por volta das 19h20. No local a v\u00edtima, uma menina de 12 anos, sofreu uma queda de altura, aproximadamente do 5\u00ba andar. Os socorristas encontraram a pequena ca\u00edda, &hellip; Menina de 12 anos cai da altura de aproximadamente cinco andares, em Tubar\u00e3o Read More &raquo;\" \/>\n<meta property=\"og:url\" content=\"https:\/\/sulsc.com\/index.php\/2023\/11\/25\/menina-de-12-anos-cai-da-altura-de-aproximadamente-cinco-andares-em-tubarao\/\" \/>\n<meta property=\"article:author\" content=\"https:\/\/www.facebook.com\/profile.php?id=61559278119680\" \/>\n<meta property=\"article:published_time\" content=\"2023-11-25T20:40:47+00:00\" \/>\n<meta property=\"og:image\" content=\"http:\/\/sulsc.com\/wp-content\/uploads\/2023\/09\/Bombeiros-sirene.jpg\" \/>\n\t<meta property=\"og:image:width\" content=\"667\" \/>\n\t<meta property=\"og:image:height\" content=\"397\" \/>\n\t<meta property=\"og:image:type\" content=\"image\/jpeg\" \/>\n<meta name=\"author\" content=\"Reda\u00e7\u00e3o Sul SC\" \/>\n<meta name=\"twitter:card\" content=\"summary_large_image\" \/>\n<meta name=\"twitter:creator\" content=\"@https:\/\/twitter.com\/PortalSulSC\" \/>\n<meta name=\"twitter:label1\" content=\"Written by\" \/>\n\t<meta name=\"twitter:data1\" content=\"Reda\u00e7\u00e3o Sul SC\" \/>\n\t<meta name=\"twitter:label2\" content=\"Est. reading time\" \/>\n\t<meta name=\"twitter:data2\" content=\"1 minute\" \/>\n<script type=\"application\/ld+json\" class=\"yoast-schema-graph\">{\"@context\":\"https:\/\/schema.org\",\"@graph\":[{\"@type\":\"WebPage\",\"@id\":\"https:\/\/sulsc.com\/index.php\/2023\/11\/25\/menina-de-12-anos-cai-da-altura-de-aproximadamente-cinco-andares-em-tubarao\/\",\"url\":\"https:\/\/sulsc.com\/index.php\/2023\/11\/25\/menina-de-12-anos-cai-da-altura-de-aproximadamente-cinco-andares-em-tubarao\/\",\"name\":\"Menina de 12 anos cai da altura de aproximadamente cinco andares, em Tubar\u00e3o -\",\"isPartOf\":{\"@id\":\"https:\/\/sulsc.com\/#website\"},\"datePublished\":\"2023-11-25T20:40:47+00:00\",\"dateModified\":\"2023-11-25T20:40:47+00:00\",\"author\":{\"@id\":\"https:\/\/sulsc.com\/#\/schema\/person\/84d2fc571684f6248ba83092f07750a3\"},\"breadcrumb\":{\"@id\":\"https:\/\/sulsc.com\/index.php\/2023\/11\/25\/menina-de-12-anos-cai-da-altura-de-aproximadamente-cinco-andares-em-tubarao\/#breadcrumb\"},\"inLanguage\":\"en-US\",\"potentialAction\":[{\"@type\":\"ReadAction\",\"target\":[\"https:\/\/sulsc.com\/index.php\/2023\/11\/25\/menina-de-12-anos-cai-da-altura-de-aproximadamente-cinco-andares-em-tubarao\/\"]}]},{\"@type\":\"BreadcrumbList\",\"@id\":\"https:\/\/sulsc.com\/index.php\/2023\/11\/25\/menina-de-12-anos-cai-da-altura-de-aproximadamente-cinco-andares-em-tubarao\/#breadcrumb\",\"itemListElement\":[{\"@type\":\"ListItem\",\"position\":1,\"name\":\"In\u00edcio\",\"item\":\"https:\/\/sulsc.com\/\"},{\"@type\":\"ListItem\",\"position\":2,\"name\":\"Menina de 12 anos cai da altura de aproximadamente cinco andares, em Tubar\u00e3o\"}]},{\"@type\":\"WebSite\",\"@id\":\"https:\/\/sulsc.com\/#website\",\"url\":\"https:\/\/sulsc.com\/\",\"name\":\"\",\"description\":\"\",\"potentialAction\":[{\"@type\":\"SearchAction\",\"target\":{\"@type\":\"EntryPoint\",\"urlTemplate\":\"https:\/\/sulsc.com\/?s={search_term_string}\"},\"query-input\":\"required name=search_term_string\"}],\"inLanguage\":\"en-US\"},{\"@type\":\"Person\",\"@id\":\"https:\/\/sulsc.com\/#\/schema\/person\/84d2fc571684f6248ba83092f07750a3\",\"name\":\"Reda\u00e7\u00e3o Sul SC\",\"image\":{\"@type\":\"ImageObject\",\"inLanguage\":\"en-US\",\"@id\":\"https:\/\/sulsc.com\/#\/schema\/person\/image\/e08d7fe2cc4ed596372063bbe852b8d0\",\"url\":\"https:\/\/sulsc.com\/wp-content\/uploads\/2023\/09\/redacao.png\",\"contentUrl\":\"https:\/\/sulsc.com\/wp-content\/uploads\/2023\/09\/redacao.png\",\"caption\":\"Reda\u00e7\u00e3o Sul SC\"},\"description\":\"Foco em um jornalismo imparcial, voltado \u00e0 qualidade dos seus conte\u00fados e, assim, levar informa\u00e7\u00e3o de valor que agregue \u00e0 vida dos leitores. Esta \u00e9 grande miss\u00e3o do Portal de Not\u00edcias Sul SC. N\u00e3o \u00e9 quantidade que muda o mundo, sempre foi e seguir\u00e1 sendo qualidade!\",\"sameAs\":[\"https:\/\/sulsc.com\/\",\"https:\/\/www.facebook.com\/profile.php?id=61559278119680\",\"https:\/\/www.instagram.com\/sulscportal\/?hl=pt-br\",\"https:\/\/twitter.com\/https:\/\/twitter.com\/PortalSulSC\",\"https:\/\/www.youtube.com\/channel\/UCv_BE8GeySluDov2n8qhVmw\"],\"url\":\"https:\/\/sulsc.com\/index.php\/author\/redacao\/\"}]}<\/script>\n<!-- \/ Yoast SEO plugin. -->","yoast_head_json":{"title":"Menina de 12 anos cai da altura de aproximadamente cinco andares, em Tubar\u00e3o -","robots":{"index":"index","follow":"follow","max-snippet":"max-snippet:-1","max-image-preview":"max-image-preview:large","max-video-preview":"max-video-preview:-1"},"canonical":"https:\/\/sulsc.com\/index.php\/2023\/11\/25\/menina-de-12-anos-cai-da-altura-de-aproximadamente-cinco-andares-em-tubarao\/","og_locale":"en_US","og_type":"article","og_title":"Menina de 12 anos cai da altura de aproximadamente cinco andares, em Tubar\u00e3o -","og_description":"Uma queda de n\u00edvel foi registrada na noite desta sexta-feira (24), no bairro Vila Moema, em Tubar\u00e3o. O Corpo de Bombeiros foi acionado para atender a ocorr\u00eancia por volta das 19h20. No local a v\u00edtima, uma menina de 12 anos, sofreu uma queda de altura, aproximadamente do 5\u00ba andar. Os socorristas encontraram a pequena ca\u00edda, &hellip; Menina de 12 anos cai da altura de aproximadamente cinco andares, em Tubar\u00e3o Read More &raquo;","og_url":"https:\/\/sulsc.com\/index.php\/2023\/11\/25\/menina-de-12-anos-cai-da-altura-de-aproximadamente-cinco-andares-em-tubarao\/","article_author":"https:\/\/www.facebook.com\/profile.php?id=61559278119680","article_published_time":"2023-11-25T20:40:47+00:00","og_image":[{"width":667,"height":397,"url":"http:\/\/sulsc.com\/wp-content\/uploads\/2023\/09\/Bombeiros-sirene.jpg","type":"image\/jpeg"}],"author":"Reda\u00e7\u00e3o Sul SC","twitter_card":"summary_large_image","twitter_creator":"@https:\/\/twitter.com\/PortalSulSC","twitter_misc":{"Written by":"Reda\u00e7\u00e3o Sul SC","Est. reading time":"1 minute"},"schema":{"@context":"https:\/\/schema.org","@graph":[{"@type":"WebPage","@id":"https:\/\/sulsc.com\/index.php\/2023\/11\/25\/menina-de-12-anos-cai-da-altura-de-aproximadamente-cinco-andares-em-tubarao\/","url":"https:\/\/sulsc.com\/index.php\/2023\/11\/25\/menina-de-12-anos-cai-da-altura-de-aproximadamente-cinco-andares-em-tubarao\/","name":"Menina de 12 anos cai da altura de aproximadamente cinco andares, em Tubar\u00e3o -","isPartOf":{"@id":"https:\/\/sulsc.com\/#website"},"datePublished":"2023-11-25T20:40:47+00:00","dateModified":"2023-11-25T20:40:47+00:00","author":{"@id":"https:\/\/sulsc.com\/#\/schema\/person\/84d2fc571684f6248ba83092f07750a3"},"breadcrumb":{"@id":"https:\/\/sulsc.com\/index.php\/2023\/11\/25\/menina-de-12-anos-cai-da-altura-de-aproximadamente-cinco-andares-em-tubarao\/#breadcrumb"},"inLanguage":"en-US","potentialAction":[{"@type":"ReadAction","target":["https:\/\/sulsc.com\/index.php\/2023\/11\/25\/menina-de-12-anos-cai-da-altura-de-aproximadamente-cinco-andares-em-tubarao\/"]}]},{"@type":"BreadcrumbList","@id":"https:\/\/sulsc.com\/index.php\/2023\/11\/25\/menina-de-12-anos-cai-da-altura-de-aproximadamente-cinco-andares-em-tubarao\/#breadcrumb","itemListElement":[{"@type":"ListItem","position":1,"name":"In\u00edcio","item":"https:\/\/sulsc.com\/"},{"@type":"ListItem","position":2,"name":"Menina de 12 anos cai da altura de aproximadamente cinco andares, em Tubar\u00e3o"}]},{"@type":"WebSite","@id":"https:\/\/sulsc.com\/#website","url":"https:\/\/sulsc.com\/","name":"","description":"","potentialAction":[{"@type":"SearchAction","target":{"@type":"EntryPoint","urlTemplate":"https:\/\/sulsc.com\/?s={search_term_string}"},"query-input":"required name=search_term_string"}],"inLanguage":"en-US"},{"@type":"Person","@id":"https:\/\/sulsc.com\/#\/schema\/person\/84d2fc571684f6248ba83092f07750a3","name":"Reda\u00e7\u00e3o Sul SC","image":{"@type":"ImageObject","inLanguage":"en-US","@id":"https:\/\/sulsc.com\/#\/schema\/person\/image\/e08d7fe2cc4ed596372063bbe852b8d0","url":"https:\/\/sulsc.com\/wp-content\/uploads\/2023\/09\/redacao.png","contentUrl":"https:\/\/sulsc.com\/wp-content\/uploads\/2023\/09\/redacao.png","caption":"Reda\u00e7\u00e3o Sul SC"},"description":"Foco em um jornalismo imparcial, voltado \u00e0 qualidade dos seus conte\u00fados e, assim, levar informa\u00e7\u00e3o de valor que agregue \u00e0 vida dos leitores. Esta \u00e9 grande miss\u00e3o do Portal de Not\u00edcias Sul SC. N\u00e3o \u00e9 quantidade que muda o mundo, sempre foi e seguir\u00e1 sendo qualidade!","sameAs":["https:\/\/sulsc.com\/","https:\/\/www.facebook.com\/profile.php?id=61559278119680","https:\/\/www.instagram.com\/sulscportal\/?hl=pt-br","https:\/\/twitter.com\/https:\/\/twitter.com\/PortalSulSC","https:\/\/www.youtube.com\/channel\/UCv_BE8GeySluDov2n8qhVmw"],"url":"https:\/\/sulsc.com\/index.php\/author\/redacao\/"}]}},"authors":[],"_links":{"self":[{"href":"https:\/\/sulsc.com\/index.php\/wp-json\/wp\/v2\/posts\/4230"}],"collection":[{"href":"https:\/\/sulsc.com\/index.php\/wp-json\/wp\/v2\/posts"}],"about":[{"href":"https:\/\/sulsc.com\/index.php\/wp-json\/wp\/v2\/types\/post"}],"author":[{"embeddable":true,"href":"https:\/\/sulsc.com\/index.php\/wp-json\/wp\/v2\/users\/3"}],"replies":[{"embeddable":true,"href":"https:\/\/sulsc.com\/index.php\/wp-json\/wp\/v2\/comments?post=4230"}],"version-history":[{"count":1,"href":"https:\/\/sulsc.com\/index.php\/wp-json\/wp\/v2\/posts\/4230\/revisions"}],"predecessor-version":[{"id":4231,"href":"https:\/\/sulsc.com\/index.php\/wp-json\/wp\/v2\/posts\/4230\/revisions\/4231"}],"wp:featuredmedia":[{"embeddable":true,"href":"https:\/\/sulsc.com\/index.php\/wp-json\/wp\/v2\/media\/1044"}],"wp:attachment":[{"href":"https:\/\/sulsc.com\/index.php\/wp-json\/wp\/v2\/media?parent=4230"}],"wp:term":[{"taxonomy":"category","embeddable":true,"href":"https:\/\/sulsc.com\/index.php\/wp-json\/wp\/v2\/categories?post=4230"},{"taxonomy":"post_tag","embeddable":true,"href":"https:\/\/sulsc.com\/index.php\/wp-json\/wp\/v2\/tags?post=4230"}],"curies":[{"name":"wp","href":"https:\/\/api.w.org\/{rel}","templated":true}]}}