{"id":4249,"date":"2023-11-26T12:00:18","date_gmt":"2023-11-26T15:00:18","guid":{"rendered":"https:\/\/sulsc.com\/?p=4249"},"modified":"2023-11-26T12:08:32","modified_gmt":"2023-11-26T15:08:32","slug":"reuniao-discute-acoes-de-reconstrucao-em-municipios-afetados-pelas-chuvas-em-sc","status":"publish","type":"post","link":"https:\/\/sulsc.com\/index.php\/2023\/11\/26\/reuniao-discute-acoes-de-reconstrucao-em-municipios-afetados-pelas-chuvas-em-sc\/","title":{"rendered":"Reuni\u00e3o discute a\u00e7\u00f5es de reconstru\u00e7\u00e3o em munic\u00edpios afetados pelas chuvas em SC"},"content":{"rendered":"<p data-raofz=\"16\"><img fetchpriority=\"high\" decoding=\"async\" class=\"alignnone size-full wp-image-4250\" src=\"http:\/\/sulsc.com\/wp-content\/uploads\/2023\/11\/Reuniao-com-governador-ministro-da-Integracao-e-prefeitos-discutem-acoes-de-reconstrucao-em-municipios-afetados-pelas-chuvas.jpg\" alt=\"\" width=\"766\" height=\"392\" srcset=\"https:\/\/sulsc.com\/wp-content\/uploads\/2023\/11\/Reuniao-com-governador-ministro-da-Integracao-e-prefeitos-discutem-acoes-de-reconstrucao-em-municipios-afetados-pelas-chuvas.jpg 766w, https:\/\/sulsc.com\/wp-content\/uploads\/2023\/11\/Reuniao-com-governador-ministro-da-Integracao-e-prefeitos-discutem-acoes-de-reconstrucao-em-municipios-afetados-pelas-chuvas-300x154.jpg 300w\" sizes=\"(max-width: 766px) 100vw, 766px\" \/><\/p>\n<p data-raofz=\"16\">O governador Jorginho Mello recebeu neste s\u00e1bado (25), o ministro da Integra\u00e7\u00e3o e do Desenvolvimento Regional, Waldez G\u00f3es, em Trombudo Central. Eles trataram dos estragos causados pelas chuvas no Vale do Itaja\u00ed. A comitiva tamb\u00e9m esteve na cidade de Rio do Sul.<\/p>\n<p data-raofz=\"16\">A primeira reuni\u00e3o foi na sede do Corpo de Bombeiros de Trombudo Central, com a prefeita Geovana Gessner e prefeitos da regi\u00e3o. O governador fez quest\u00e3o de mais uma vez se colocar \u00e0 disposi\u00e7\u00e3o dos munic\u00edpios, lembrar do que j\u00e1 foi entregue e cobrar ajuda do Governo Federal.<\/p>\n<p data-raofz=\"16\">\u201cA gente quer agilidade na an\u00e1lise da documenta\u00e7\u00e3o enviada pra que os prefeitos possam se recuperar, a libera\u00e7\u00e3o do Fundo de Garantia. Tem a\u00e7\u00f5es que o Governo Federal precisa fazer mais rapidamente, como a prorroga\u00e7\u00e3o do financiamento agr\u00edcola. O Estado est\u00e1 fazendo a sua parte. N\u00f3s vamos nos reunir dia 29, vamos passar um recurso pros prefeitos, do Tribunal de Justi\u00e7a, Tribunal de Contas, Minist\u00e9rio P\u00fablico, do Governo do Estado pra que eles comecem a se recuperar. Tamb\u00e9m quero ter a oportunidade de pedir ao presidente da Rep\u00fablica a devolu\u00e7\u00e3o dos R$ 465 milh\u00f5es que o estado investiu em obras federais pra eu enviar para os prefeitos. \u00c9 um dinheiro de Santa Catarina que n\u00f3s aplicamos em obras federais\u201d, explicou Jorginho Mello.<\/p>\n<p data-raofz=\"16\">A prefeita Geovana calcula em R$ 40 milh\u00f5es os preju\u00edzos de Trombudo Central. Dos 7.400 habitantes, 4.067 foram atingidos em 1.135 resid\u00eancias que perderam tudo. Inclusive 20 casas foram levadas pelas \u00e1guas. \u201cEsses n\u00fameros nos assustam e sabemos que temos que reconstruir. Agradecemos ao Governo do Estado que est\u00e1 nos auxiliando com ajuda humanit\u00e1ria, colch\u00f5es, cestas b\u00e1sicas, tudo isso j\u00e1 tem chegado na cidade. E n\u00f3s precisamos que o Governo Federal reconhe\u00e7a nosso estado de Calamidade P\u00fablica\u201d, disse a prefeita.<\/p>\n<p data-raofz=\"16\">O ministro Waldez G\u00f3es disse que j\u00e1 est\u00e3o aprovados para Santa Catarina mais de R$ 80 milh\u00f5es, sendo que R$ 60 milh\u00f5es empenhados e cerca de R$ 20 milh\u00f5es pagos. E que as libera\u00e7\u00f5es dependem do envio das solicita\u00e7\u00f5es por parte das prefeituras, cumprindo os requisitos necess\u00e1rios. \u201cCertamente a nossa a\u00e7\u00e3o vai acontecendo de acordo com os planos que v\u00e3o chegando\u201d, explicou G\u00f3es. Depois de Trombudo Central, a comitiva seguiu para Rio do Sul onde se reuniu com representantes da Associa\u00e7\u00e3o dos Munic\u00edpios do Alto Vale do Itaja\u00ed (Amavi).<\/p>\n<figure class=\"wp-block-image size-full\"><img decoding=\"async\" class=\"wp-image-270046\" src=\"https:\/\/estado.sc.gov.br\/noticias\/wp-content\/uploads\/sites\/3\/2023\/11\/20231125104353_RTR_3780.jpg\" alt=\"\" width=\"5071\" height=\"3382\" \/><\/figure>\n<p data-raofz=\"16\"><strong>Apae<\/strong><\/p>\n<p data-raofz=\"16\">Antes da visita oficial da comitiva do ministro, o governador Jorginho Mello visitou a sede da APAE de Trombudo Central. A diretora da entidade, Maria da Gra\u00e7a Bertarco Cristofolini, mostrou os estragos causados pelas chuvas. Segundo ela, a documenta\u00e7\u00e3o dos alunos foi toda perdida, assim como m\u00f3veis, brinquedos, computadores e demais equipamentos eletr\u00f4nicos.<\/p>\n<p data-raofz=\"16\">\u201c\u00c9 extremamente importante s\u00f3 o fato da gente saber que foi visto. Nunca foi imaginado que um dia podia chegar \u00e1gua aqui. E chegou em 1m80. N\u00f3s perdemos tudo. Tudo quanto \u00e9 documento, laudo de alunos, tudo que se possa imaginar, a gente perdeu. Isso pra n\u00f3s \u00e9 uma hist\u00f3ria de 35 anos da APAE. A gente atende em torno de 75 alunos de Trombudo Central e Bra\u00e7o do Trombudo e \u00e9 uma perda irrepar\u00e1vel. E a \u00fanica entidade que d\u00e1 esse atendimento com fonoaudi\u00f3loga, fisioterapeuta, psic\u00f3loga e a parte pedag\u00f3gica e Assist\u00eancia social \u00e9 a Apae\u201d, frisa a diretora.<\/p>\n","protected":false},"excerpt":{"rendered":"<p>O governador Jorginho Mello recebeu neste s\u00e1bado (25), o ministro da Integra\u00e7\u00e3o e do Desenvolvimento Regional, Waldez G\u00f3es, em Trombudo Central. Eles trataram dos estragos causados pelas chuvas no Vale do Itaja\u00ed. A comitiva tamb\u00e9m esteve na cidade de Rio do Sul. A primeira reuni\u00e3o foi na sede do Corpo de Bombeiros de Trombudo Central, &hellip;<\/p>\n<p class=\"read-more\"> <a class=\"\" href=\"https:\/\/sulsc.com\/index.php\/2023\/11\/26\/reuniao-discute-acoes-de-reconstrucao-em-municipios-afetados-pelas-chuvas-em-sc\/\"> <span class=\"screen-reader-text\">Reuni\u00e3o discute a\u00e7\u00f5es de reconstru\u00e7\u00e3o em munic\u00edpios afetados pelas chuvas em SC<\/span> Read More &raquo;<\/a><\/p>\n","protected":false},"author":3,"featured_media":4250,"comment_status":"open","ping_status":"open","sticky":false,"template":"","format":"standard","meta":{"site-sidebar-layout":"default","site-content-layout":"","ast-site-content-layout":"default","site-content-style":"default","site-sidebar-style":"default","ast-global-header-display":"","ast-banner-title-visibility":"","ast-main-header-display":"","ast-hfb-above-header-display":"","ast-hfb-below-header-display":"","ast-hfb-mobile-header-display":"","site-post-title":"","ast-breadcrumbs-content":"","ast-featured-img":"","footer-sml-layout":"","theme-transparent-header-meta":"default","adv-header-id-meta":"","stick-header-meta":"","header-above-stick-meta":"","header-main-stick-meta":"","header-below-stick-meta":"","astra-migrate-meta-layouts":"set","footnotes":""},"categories":[1],"tags":[],"yoast_head":"<!-- This site is optimized with the Yoast SEO plugin v21.4 - https:\/\/yoast.com\/wordpress\/plugins\/seo\/ -->\n<title>Reuni\u00e3o discute a\u00e7\u00f5es de reconstru\u00e7\u00e3o em munic\u00edpios afetados pelas chuvas em SC -<\/title>\n<meta name=\"robots\" content=\"index, follow, max-snippet:-1, max-image-preview:large, max-video-preview:-1\" \/>\n<link rel=\"canonical\" href=\"https:\/\/sulsc.com\/index.php\/2023\/11\/26\/reuniao-discute-acoes-de-reconstrucao-em-municipios-afetados-pelas-chuvas-em-sc\/\" \/>\n<meta property=\"og:locale\" content=\"en_US\" \/>\n<meta property=\"og:type\" content=\"article\" \/>\n<meta property=\"og:title\" content=\"Reuni\u00e3o discute a\u00e7\u00f5es de reconstru\u00e7\u00e3o em munic\u00edpios afetados pelas chuvas em SC -\" \/>\n<meta property=\"og:description\" content=\"O governador Jorginho Mello recebeu neste s\u00e1bado (25), o ministro da Integra\u00e7\u00e3o e do Desenvolvimento Regional, Waldez G\u00f3es, em Trombudo Central. Eles trataram dos estragos causados pelas chuvas no Vale do Itaja\u00ed. A comitiva tamb\u00e9m esteve na cidade de Rio do Sul. A primeira reuni\u00e3o foi na sede do Corpo de Bombeiros de Trombudo Central, &hellip; Reuni\u00e3o discute a\u00e7\u00f5es de reconstru\u00e7\u00e3o em munic\u00edpios afetados pelas chuvas em SC Read More &raquo;\" \/>\n<meta property=\"og:url\" content=\"https:\/\/sulsc.com\/index.php\/2023\/11\/26\/reuniao-discute-acoes-de-reconstrucao-em-municipios-afetados-pelas-chuvas-em-sc\/\" \/>\n<meta property=\"article:author\" content=\"https:\/\/www.facebook.com\/profile.php?id=61559278119680\" \/>\n<meta property=\"article:published_time\" content=\"2023-11-26T15:00:18+00:00\" \/>\n<meta property=\"article:modified_time\" content=\"2023-11-26T15:08:32+00:00\" \/>\n<meta property=\"og:image\" content=\"http:\/\/sulsc.com\/wp-content\/uploads\/2023\/11\/Reuniao-com-governador-ministro-da-Integracao-e-prefeitos-discutem-acoes-de-reconstrucao-em-municipios-afetados-pelas-chuvas.jpg\" \/>\n\t<meta property=\"og:image:width\" content=\"766\" \/>\n\t<meta property=\"og:image:height\" content=\"392\" \/>\n\t<meta property=\"og:image:type\" content=\"image\/jpeg\" \/>\n<meta name=\"author\" content=\"Reda\u00e7\u00e3o Sul SC\" \/>\n<meta name=\"twitter:card\" content=\"summary_large_image\" \/>\n<meta name=\"twitter:creator\" content=\"@https:\/\/twitter.com\/PortalSulSC\" \/>\n<meta name=\"twitter:label1\" content=\"Written by\" \/>\n\t<meta name=\"twitter:data1\" content=\"Reda\u00e7\u00e3o Sul SC\" \/>\n\t<meta name=\"twitter:label2\" content=\"Est. reading time\" \/>\n\t<meta name=\"twitter:data2\" content=\"4 minutes\" \/>\n<script type=\"application\/ld+json\" class=\"yoast-schema-graph\">{\"@context\":\"https:\/\/schema.org\",\"@graph\":[{\"@type\":\"WebPage\",\"@id\":\"https:\/\/sulsc.com\/index.php\/2023\/11\/26\/reuniao-discute-acoes-de-reconstrucao-em-municipios-afetados-pelas-chuvas-em-sc\/\",\"url\":\"https:\/\/sulsc.com\/index.php\/2023\/11\/26\/reuniao-discute-acoes-de-reconstrucao-em-municipios-afetados-pelas-chuvas-em-sc\/\",\"name\":\"Reuni\u00e3o discute a\u00e7\u00f5es de reconstru\u00e7\u00e3o em munic\u00edpios afetados pelas chuvas em SC -\",\"isPartOf\":{\"@id\":\"https:\/\/sulsc.com\/#website\"},\"datePublished\":\"2023-11-26T15:00:18+00:00\",\"dateModified\":\"2023-11-26T15:08:32+00:00\",\"author\":{\"@id\":\"https:\/\/sulsc.com\/#\/schema\/person\/84d2fc571684f6248ba83092f07750a3\"},\"breadcrumb\":{\"@id\":\"https:\/\/sulsc.com\/index.php\/2023\/11\/26\/reuniao-discute-acoes-de-reconstrucao-em-municipios-afetados-pelas-chuvas-em-sc\/#breadcrumb\"},\"inLanguage\":\"en-US\",\"potentialAction\":[{\"@type\":\"ReadAction\",\"target\":[\"https:\/\/sulsc.com\/index.php\/2023\/11\/26\/reuniao-discute-acoes-de-reconstrucao-em-municipios-afetados-pelas-chuvas-em-sc\/\"]}]},{\"@type\":\"BreadcrumbList\",\"@id\":\"https:\/\/sulsc.com\/index.php\/2023\/11\/26\/reuniao-discute-acoes-de-reconstrucao-em-municipios-afetados-pelas-chuvas-em-sc\/#breadcrumb\",\"itemListElement\":[{\"@type\":\"ListItem\",\"position\":1,\"name\":\"In\u00edcio\",\"item\":\"https:\/\/sulsc.com\/\"},{\"@type\":\"ListItem\",\"position\":2,\"name\":\"Reuni\u00e3o discute a\u00e7\u00f5es de reconstru\u00e7\u00e3o em munic\u00edpios afetados pelas chuvas em SC\"}]},{\"@type\":\"WebSite\",\"@id\":\"https:\/\/sulsc.com\/#website\",\"url\":\"https:\/\/sulsc.com\/\",\"name\":\"\",\"description\":\"\",\"potentialAction\":[{\"@type\":\"SearchAction\",\"target\":{\"@type\":\"EntryPoint\",\"urlTemplate\":\"https:\/\/sulsc.com\/?s={search_term_string}\"},\"query-input\":\"required name=search_term_string\"}],\"inLanguage\":\"en-US\"},{\"@type\":\"Person\",\"@id\":\"https:\/\/sulsc.com\/#\/schema\/person\/84d2fc571684f6248ba83092f07750a3\",\"name\":\"Reda\u00e7\u00e3o Sul SC\",\"image\":{\"@type\":\"ImageObject\",\"inLanguage\":\"en-US\",\"@id\":\"https:\/\/sulsc.com\/#\/schema\/person\/image\/e08d7fe2cc4ed596372063bbe852b8d0\",\"url\":\"https:\/\/sulsc.com\/wp-content\/uploads\/2023\/09\/redacao.png\",\"contentUrl\":\"https:\/\/sulsc.com\/wp-content\/uploads\/2023\/09\/redacao.png\",\"caption\":\"Reda\u00e7\u00e3o Sul SC\"},\"description\":\"Foco em um jornalismo imparcial, voltado \u00e0 qualidade dos seus conte\u00fados e, assim, levar informa\u00e7\u00e3o de valor que agregue \u00e0 vida dos leitores. Esta \u00e9 grande miss\u00e3o do Portal de Not\u00edcias Sul SC. N\u00e3o \u00e9 quantidade que muda o mundo, sempre foi e seguir\u00e1 sendo qualidade!\",\"sameAs\":[\"https:\/\/sulsc.com\/\",\"https:\/\/www.facebook.com\/profile.php?id=61559278119680\",\"https:\/\/www.instagram.com\/sulscportal\/?hl=pt-br\",\"https:\/\/twitter.com\/https:\/\/twitter.com\/PortalSulSC\",\"https:\/\/www.youtube.com\/channel\/UCv_BE8GeySluDov2n8qhVmw\"],\"url\":\"https:\/\/sulsc.com\/index.php\/author\/redacao\/\"}]}<\/script>\n<!-- \/ Yoast SEO plugin. -->","yoast_head_json":{"title":"Reuni\u00e3o discute a\u00e7\u00f5es de reconstru\u00e7\u00e3o em munic\u00edpios afetados pelas chuvas em SC -","robots":{"index":"index","follow":"follow","max-snippet":"max-snippet:-1","max-image-preview":"max-image-preview:large","max-video-preview":"max-video-preview:-1"},"canonical":"https:\/\/sulsc.com\/index.php\/2023\/11\/26\/reuniao-discute-acoes-de-reconstrucao-em-municipios-afetados-pelas-chuvas-em-sc\/","og_locale":"en_US","og_type":"article","og_title":"Reuni\u00e3o discute a\u00e7\u00f5es de reconstru\u00e7\u00e3o em munic\u00edpios afetados pelas chuvas em SC -","og_description":"O governador Jorginho Mello recebeu neste s\u00e1bado (25), o ministro da Integra\u00e7\u00e3o e do Desenvolvimento Regional, Waldez G\u00f3es, em Trombudo Central. Eles trataram dos estragos causados pelas chuvas no Vale do Itaja\u00ed. A comitiva tamb\u00e9m esteve na cidade de Rio do Sul. A primeira reuni\u00e3o foi na sede do Corpo de Bombeiros de Trombudo Central, &hellip; Reuni\u00e3o discute a\u00e7\u00f5es de reconstru\u00e7\u00e3o em munic\u00edpios afetados pelas chuvas em SC Read More &raquo;","og_url":"https:\/\/sulsc.com\/index.php\/2023\/11\/26\/reuniao-discute-acoes-de-reconstrucao-em-municipios-afetados-pelas-chuvas-em-sc\/","article_author":"https:\/\/www.facebook.com\/profile.php?id=61559278119680","article_published_time":"2023-11-26T15:00:18+00:00","article_modified_time":"2023-11-26T15:08:32+00:00","og_image":[{"width":766,"height":392,"url":"http:\/\/sulsc.com\/wp-content\/uploads\/2023\/11\/Reuniao-com-governador-ministro-da-Integracao-e-prefeitos-discutem-acoes-de-reconstrucao-em-municipios-afetados-pelas-chuvas.jpg","type":"image\/jpeg"}],"author":"Reda\u00e7\u00e3o Sul SC","twitter_card":"summary_large_image","twitter_creator":"@https:\/\/twitter.com\/PortalSulSC","twitter_misc":{"Written by":"Reda\u00e7\u00e3o Sul SC","Est. reading time":"4 minutes"},"schema":{"@context":"https:\/\/schema.org","@graph":[{"@type":"WebPage","@id":"https:\/\/sulsc.com\/index.php\/2023\/11\/26\/reuniao-discute-acoes-de-reconstrucao-em-municipios-afetados-pelas-chuvas-em-sc\/","url":"https:\/\/sulsc.com\/index.php\/2023\/11\/26\/reuniao-discute-acoes-de-reconstrucao-em-municipios-afetados-pelas-chuvas-em-sc\/","name":"Reuni\u00e3o discute a\u00e7\u00f5es de reconstru\u00e7\u00e3o em munic\u00edpios afetados pelas chuvas em SC -","isPartOf":{"@id":"https:\/\/sulsc.com\/#website"},"datePublished":"2023-11-26T15:00:18+00:00","dateModified":"2023-11-26T15:08:32+00:00","author":{"@id":"https:\/\/sulsc.com\/#\/schema\/person\/84d2fc571684f6248ba83092f07750a3"},"breadcrumb":{"@id":"https:\/\/sulsc.com\/index.php\/2023\/11\/26\/reuniao-discute-acoes-de-reconstrucao-em-municipios-afetados-pelas-chuvas-em-sc\/#breadcrumb"},"inLanguage":"en-US","potentialAction":[{"@type":"ReadAction","target":["https:\/\/sulsc.com\/index.php\/2023\/11\/26\/reuniao-discute-acoes-de-reconstrucao-em-municipios-afetados-pelas-chuvas-em-sc\/"]}]},{"@type":"BreadcrumbList","@id":"https:\/\/sulsc.com\/index.php\/2023\/11\/26\/reuniao-discute-acoes-de-reconstrucao-em-municipios-afetados-pelas-chuvas-em-sc\/#breadcrumb","itemListElement":[{"@type":"ListItem","position":1,"name":"In\u00edcio","item":"https:\/\/sulsc.com\/"},{"@type":"ListItem","position":2,"name":"Reuni\u00e3o discute a\u00e7\u00f5es de reconstru\u00e7\u00e3o em munic\u00edpios afetados pelas chuvas em SC"}]},{"@type":"WebSite","@id":"https:\/\/sulsc.com\/#website","url":"https:\/\/sulsc.com\/","name":"","description":"","potentialAction":[{"@type":"SearchAction","target":{"@type":"EntryPoint","urlTemplate":"https:\/\/sulsc.com\/?s={search_term_string}"},"query-input":"required name=search_term_string"}],"inLanguage":"en-US"},{"@type":"Person","@id":"https:\/\/sulsc.com\/#\/schema\/person\/84d2fc571684f6248ba83092f07750a3","name":"Reda\u00e7\u00e3o Sul SC","image":{"@type":"ImageObject","inLanguage":"en-US","@id":"https:\/\/sulsc.com\/#\/schema\/person\/image\/e08d7fe2cc4ed596372063bbe852b8d0","url":"https:\/\/sulsc.com\/wp-content\/uploads\/2023\/09\/redacao.png","contentUrl":"https:\/\/sulsc.com\/wp-content\/uploads\/2023\/09\/redacao.png","caption":"Reda\u00e7\u00e3o Sul SC"},"description":"Foco em um jornalismo imparcial, voltado \u00e0 qualidade dos seus conte\u00fados e, assim, levar informa\u00e7\u00e3o de valor que agregue \u00e0 vida dos leitores. Esta \u00e9 grande miss\u00e3o do Portal de Not\u00edcias Sul SC. N\u00e3o \u00e9 quantidade que muda o mundo, sempre foi e seguir\u00e1 sendo qualidade!","sameAs":["https:\/\/sulsc.com\/","https:\/\/www.facebook.com\/profile.php?id=61559278119680","https:\/\/www.instagram.com\/sulscportal\/?hl=pt-br","https:\/\/twitter.com\/https:\/\/twitter.com\/PortalSulSC","https:\/\/www.youtube.com\/channel\/UCv_BE8GeySluDov2n8qhVmw"],"url":"https:\/\/sulsc.com\/index.php\/author\/redacao\/"}]}},"authors":[],"_links":{"self":[{"href":"https:\/\/sulsc.com\/index.php\/wp-json\/wp\/v2\/posts\/4249"}],"collection":[{"href":"https:\/\/sulsc.com\/index.php\/wp-json\/wp\/v2\/posts"}],"about":[{"href":"https:\/\/sulsc.com\/index.php\/wp-json\/wp\/v2\/types\/post"}],"author":[{"embeddable":true,"href":"https:\/\/sulsc.com\/index.php\/wp-json\/wp\/v2\/users\/3"}],"replies":[{"embeddable":true,"href":"https:\/\/sulsc.com\/index.php\/wp-json\/wp\/v2\/comments?post=4249"}],"version-history":[{"count":3,"href":"https:\/\/sulsc.com\/index.php\/wp-json\/wp\/v2\/posts\/4249\/revisions"}],"predecessor-version":[{"id":4265,"href":"https:\/\/sulsc.com\/index.php\/wp-json\/wp\/v2\/posts\/4249\/revisions\/4265"}],"wp:featuredmedia":[{"embeddable":true,"href":"https:\/\/sulsc.com\/index.php\/wp-json\/wp\/v2\/media\/4250"}],"wp:attachment":[{"href":"https:\/\/sulsc.com\/index.php\/wp-json\/wp\/v2\/media?parent=4249"}],"wp:term":[{"taxonomy":"category","embeddable":true,"href":"https:\/\/sulsc.com\/index.php\/wp-json\/wp\/v2\/categories?post=4249"},{"taxonomy":"post_tag","embeddable":true,"href":"https:\/\/sulsc.com\/index.php\/wp-json\/wp\/v2\/tags?post=4249"}],"curies":[{"name":"wp","href":"https:\/\/api.w.org\/{rel}","templated":true}]}}