{"id":4269,"date":"2023-11-26T17:20:22","date_gmt":"2023-11-26T20:20:22","guid":{"rendered":"https:\/\/sulsc.com\/?p=4269"},"modified":"2023-11-26T16:51:23","modified_gmt":"2023-11-26T19:51:23","slug":"comitiva-federal-visita-areas-afetadas-pelas-chuvas-em-santa-catarina","status":"publish","type":"post","link":"https:\/\/sulsc.com\/index.php\/2023\/11\/26\/comitiva-federal-visita-areas-afetadas-pelas-chuvas-em-santa-catarina\/","title":{"rendered":"Comitiva federal visita \u00e1reas afetadas pelas chuvas em Santa Catarina"},"content":{"rendered":"<p>Representantes do primeiro escal\u00e3o do governo federal retornaram neste s\u00e1bado (25) a Santa Catarina, onde visitam localidades afetadas pelas fortes chuvas dos \u00faltimos dois meses. Segundo o governo estadual, desde o come\u00e7o de outubro, 180 cidades catarinenses decretaram situa\u00e7\u00e3o de emerg\u00eancia ou de calamidade p\u00fablica devido \u00e0s consequ\u00eancias de fen\u00f4menos clim\u00e1ticos.<\/p>\n<p>Coordenada pelo ministro da Integra\u00e7\u00e3o e do Desenvolvimento Regional, Waldez G\u00f3es, a comitiva federal tamb\u00e9m conta com a presen\u00e7a do secret\u00e1rio Nacional de Prote\u00e7\u00e3o e Defesa Civil, Wolnei Wolff.<\/p>\n<p>Pouco antes de a comitiva chegar a Navegantes, no litoral norte catarinense, o ministro divulgou um v\u00eddeo nas redes sociais em que afirma que a ida ao estado foi \u201crecomendada\u201d pelo presidente da Rep\u00fablica, Luiz In\u00e1cio Lula da Silva, e visa refor\u00e7ar as a\u00e7\u00f5es de ajuda humanit\u00e1ria e reconstru\u00e7\u00e3o da infraestrutura que os governos federal e estadual v\u00eam implementando, conjuntamente.<\/p>\n<p>Al\u00e9m de Navegantes, a comitiva federal tamb\u00e9m esteve em Trombudo Central, no Alto Vale do Itaja\u00ed, uma das regi\u00f5es mais castigadas pelas consequ\u00eancias dos recentes fen\u00f4menos clim\u00e1ticos. Na segunda parada, os representantes federais se encontraram com o governador Jorginho Mello, que afirmou que esta \u00e9 uma \u201cdas piores cheias que Santa Catarina j\u00e1 passou\u201d.<\/p>\n<p>\u201cNeste primeiro momento, nosso foco \u00e9 garantir o essencial: \u00e1gua, comida, colch\u00f5es e materiais de higiene e limpeza. Depois, vamos tratar da reconstru\u00e7\u00e3o\u201d, escreveu Mello em sua p\u00e1gina na rede social X (antigo Twitter).<\/p>\n<p>Esta \u00e9 a segunda vez desde o in\u00edcio de outubro que G\u00f3es visita Santa Catarina na companhia de integrantes do governo federal. Em 11 de outubro, G\u00f3es e os membros da for\u00e7a-tarefa federal visitaram algumas das cidades atingidas pelas fortes chuvas do come\u00e7o do m\u00eas passado. Na ocasi\u00e3o, G\u00f3es anunciou o repasse de mais de R$ 1,2 milh\u00e3o ao governo catarinense, entre outras medidas.<\/p>\n<p>Na \u00faltima ter\u00e7a-feira (21), G\u00f3es se reuniu, em Bras\u00edlia, com deputados e senadores que integram o F\u00f3rum Parlamentar Catarinense e que, al\u00e9m de orienta\u00e7\u00f5es, pediram pressa por parte do governo federal no reconhecimento das situa\u00e7\u00f5es de emerg\u00eancia e na libera\u00e7\u00e3o de recursos federais para as a\u00e7\u00f5es de preven\u00e7\u00e3o e atendimento \u00e0 popula\u00e7\u00e3o afetada pelas consequ\u00eancias dos fen\u00f4menos clim\u00e1ticos. No in\u00edcio desta semana, o governo catarinense chegou a contabilizar 5.858 pessoas desabrigadas, ou seja, que, sem ter mais para onde ir, tiveram que buscar um abrigo p\u00fablico ou de alguma institui\u00e7\u00e3o assistencial.<\/p>\n<p>\u201c\u00c9 preciso deixar claro que a velocidade depende muito tamb\u00e9m dos munic\u00edpios [prefeituras], pois n\u00e3o tem como liberarmos recurso ou decretarmos situa\u00e7\u00e3o de emerg\u00eancia ou estado de calamidade p\u00fablica sem que cada prefeitura ou governo estadual siga todos os tr\u00e2mites necess\u00e1rios\u201d, completou o ministro.<\/p>\n<p>Ele lembrou que, no fim de outubro, o governo federal publicou a Medida Provis\u00f3ria (MP) 1.191\/2023, abrindo cr\u00e9dito extraordin\u00e1rio de R$ 259 milh\u00f5es para o minist\u00e9rio transferir a munic\u00edpios de todo o pa\u00eds recursos para investirem em projetos de prote\u00e7\u00e3o e defesa civil e despesas urgentes e imprevis\u00edveis, como as decorrentes de calamidades p\u00fablicas. Embora j\u00e1 esteja em vigor, a medida precisa ser analisada pelo Congresso Nacional, que tem 60 dias para rejeitar ou aprovar a proposta e a continuidade dos gastos.<\/p>\n","protected":false},"excerpt":{"rendered":"<p>Representantes do primeiro escal\u00e3o do governo federal retornaram neste s\u00e1bado (25) a Santa Catarina, onde visitam localidades afetadas pelas fortes chuvas dos \u00faltimos dois meses. Segundo o governo estadual, desde o come\u00e7o de outubro, 180 cidades catarinenses decretaram situa\u00e7\u00e3o de emerg\u00eancia ou de calamidade p\u00fablica devido \u00e0s consequ\u00eancias de fen\u00f4menos clim\u00e1ticos. Coordenada pelo ministro da &hellip;<\/p>\n<p class=\"read-more\"> <a class=\"\" href=\"https:\/\/sulsc.com\/index.php\/2023\/11\/26\/comitiva-federal-visita-areas-afetadas-pelas-chuvas-em-santa-catarina\/\"> <span class=\"screen-reader-text\">Comitiva federal visita \u00e1reas afetadas pelas chuvas em Santa Catarina<\/span> Read More &raquo;<\/a><\/p>\n","protected":false},"author":3,"featured_media":4270,"comment_status":"open","ping_status":"open","sticky":false,"template":"","format":"standard","meta":{"site-sidebar-layout":"default","site-content-layout":"","ast-site-content-layout":"default","site-content-style":"default","site-sidebar-style":"default","ast-global-header-display":"","ast-banner-title-visibility":"","ast-main-header-display":"","ast-hfb-above-header-display":"","ast-hfb-below-header-display":"","ast-hfb-mobile-header-display":"","site-post-title":"","ast-breadcrumbs-content":"","ast-featured-img":"","footer-sml-layout":"","theme-transparent-header-meta":"default","adv-header-id-meta":"","stick-header-meta":"","header-above-stick-meta":"","header-main-stick-meta":"","header-below-stick-meta":"","astra-migrate-meta-layouts":"set","footnotes":""},"categories":[38],"tags":[],"yoast_head":"<!-- This site is optimized with the Yoast SEO plugin v21.4 - https:\/\/yoast.com\/wordpress\/plugins\/seo\/ -->\n<title>Comitiva federal visita \u00e1reas afetadas pelas chuvas em Santa Catarina -<\/title>\n<meta name=\"description\" content=\"Representantes do primeiro escal\u00e3o do governo federal retornaram neste s\u00e1bado (25) a Santa Catarina, onde visitam localidades afetadas pelas fortes chuvas dos \u00faltimos dois meses. Segundo o governo estadual, desde o come\u00e7o de outubro, 180 cidades catarinenses decretaram situa\u00e7\u00e3o de emerg\u00eancia ou de calamidade p\u00fablica devido \u00e0s consequ\u00eancias de fen\u00f4menos clim\u00e1ticos\" \/>\n<meta name=\"robots\" content=\"index, follow, max-snippet:-1, max-image-preview:large, max-video-preview:-1\" \/>\n<link rel=\"canonical\" href=\"https:\/\/sulsc.com\/index.php\/2023\/11\/26\/comitiva-federal-visita-areas-afetadas-pelas-chuvas-em-santa-catarina\/\" \/>\n<meta property=\"og:locale\" content=\"en_US\" \/>\n<meta property=\"og:type\" content=\"article\" \/>\n<meta property=\"og:title\" content=\"Comitiva federal visita \u00e1reas afetadas pelas chuvas em Santa Catarina -\" \/>\n<meta property=\"og:description\" content=\"Representantes do primeiro escal\u00e3o do governo federal retornaram neste s\u00e1bado (25) a Santa Catarina, onde visitam localidades afetadas pelas fortes chuvas dos \u00faltimos dois meses. Segundo o governo estadual, desde o come\u00e7o de outubro, 180 cidades catarinenses decretaram situa\u00e7\u00e3o de emerg\u00eancia ou de calamidade p\u00fablica devido \u00e0s consequ\u00eancias de fen\u00f4menos clim\u00e1ticos\" \/>\n<meta property=\"og:url\" content=\"https:\/\/sulsc.com\/index.php\/2023\/11\/26\/comitiva-federal-visita-areas-afetadas-pelas-chuvas-em-santa-catarina\/\" \/>\n<meta property=\"article:author\" content=\"https:\/\/www.facebook.com\/profile.php?id=61559278119680\" \/>\n<meta property=\"article:published_time\" content=\"2023-11-26T20:20:22+00:00\" \/>\n<meta property=\"article:modified_time\" content=\"2023-11-26T19:51:23+00:00\" \/>\n<meta property=\"og:image\" content=\"https:\/\/sulsc.com\/wp-content\/uploads\/2023\/11\/Comitiva-federal-visita-areas-afetadas-pelas-chuvas-em-Santa-Catarina.webp\" \/>\n\t<meta property=\"og:image:width\" content=\"1170\" \/>\n\t<meta property=\"og:image:height\" content=\"700\" \/>\n\t<meta property=\"og:image:type\" content=\"image\/webp\" \/>\n<meta name=\"author\" content=\"Reda\u00e7\u00e3o Sul SC\" \/>\n<meta name=\"twitter:card\" content=\"summary_large_image\" \/>\n<meta name=\"twitter:creator\" content=\"@https:\/\/twitter.com\/PortalSulSC\" \/>\n<meta name=\"twitter:label1\" content=\"Written by\" \/>\n\t<meta name=\"twitter:data1\" content=\"Reda\u00e7\u00e3o Sul SC\" \/>\n\t<meta name=\"twitter:label2\" content=\"Est. reading time\" \/>\n\t<meta name=\"twitter:data2\" content=\"3 minutes\" \/>\n<script type=\"application\/ld+json\" class=\"yoast-schema-graph\">{\"@context\":\"https:\/\/schema.org\",\"@graph\":[{\"@type\":\"WebPage\",\"@id\":\"https:\/\/sulsc.com\/index.php\/2023\/11\/26\/comitiva-federal-visita-areas-afetadas-pelas-chuvas-em-santa-catarina\/\",\"url\":\"https:\/\/sulsc.com\/index.php\/2023\/11\/26\/comitiva-federal-visita-areas-afetadas-pelas-chuvas-em-santa-catarina\/\",\"name\":\"Comitiva federal visita \u00e1reas afetadas pelas chuvas em Santa Catarina -\",\"isPartOf\":{\"@id\":\"https:\/\/sulsc.com\/#website\"},\"datePublished\":\"2023-11-26T20:20:22+00:00\",\"dateModified\":\"2023-11-26T19:51:23+00:00\",\"author\":{\"@id\":\"https:\/\/sulsc.com\/#\/schema\/person\/84d2fc571684f6248ba83092f07750a3\"},\"description\":\"Representantes do primeiro escal\u00e3o do governo federal retornaram neste s\u00e1bado (25) a Santa Catarina, onde visitam localidades afetadas pelas fortes chuvas dos \u00faltimos dois meses. Segundo o governo estadual, desde o come\u00e7o de outubro, 180 cidades catarinenses decretaram situa\u00e7\u00e3o de emerg\u00eancia ou de calamidade p\u00fablica devido \u00e0s consequ\u00eancias de fen\u00f4menos clim\u00e1ticos\",\"breadcrumb\":{\"@id\":\"https:\/\/sulsc.com\/index.php\/2023\/11\/26\/comitiva-federal-visita-areas-afetadas-pelas-chuvas-em-santa-catarina\/#breadcrumb\"},\"inLanguage\":\"en-US\",\"potentialAction\":[{\"@type\":\"ReadAction\",\"target\":[\"https:\/\/sulsc.com\/index.php\/2023\/11\/26\/comitiva-federal-visita-areas-afetadas-pelas-chuvas-em-santa-catarina\/\"]}]},{\"@type\":\"BreadcrumbList\",\"@id\":\"https:\/\/sulsc.com\/index.php\/2023\/11\/26\/comitiva-federal-visita-areas-afetadas-pelas-chuvas-em-santa-catarina\/#breadcrumb\",\"itemListElement\":[{\"@type\":\"ListItem\",\"position\":1,\"name\":\"In\u00edcio\",\"item\":\"https:\/\/sulsc.com\/\"},{\"@type\":\"ListItem\",\"position\":2,\"name\":\"Comitiva federal visita \u00e1reas afetadas pelas chuvas em Santa Catarina\"}]},{\"@type\":\"WebSite\",\"@id\":\"https:\/\/sulsc.com\/#website\",\"url\":\"https:\/\/sulsc.com\/\",\"name\":\"\",\"description\":\"\",\"potentialAction\":[{\"@type\":\"SearchAction\",\"target\":{\"@type\":\"EntryPoint\",\"urlTemplate\":\"https:\/\/sulsc.com\/?s={search_term_string}\"},\"query-input\":\"required name=search_term_string\"}],\"inLanguage\":\"en-US\"},{\"@type\":\"Person\",\"@id\":\"https:\/\/sulsc.com\/#\/schema\/person\/84d2fc571684f6248ba83092f07750a3\",\"name\":\"Reda\u00e7\u00e3o Sul SC\",\"image\":{\"@type\":\"ImageObject\",\"inLanguage\":\"en-US\",\"@id\":\"https:\/\/sulsc.com\/#\/schema\/person\/image\/e08d7fe2cc4ed596372063bbe852b8d0\",\"url\":\"https:\/\/sulsc.com\/wp-content\/uploads\/2023\/09\/redacao.png\",\"contentUrl\":\"https:\/\/sulsc.com\/wp-content\/uploads\/2023\/09\/redacao.png\",\"caption\":\"Reda\u00e7\u00e3o Sul SC\"},\"description\":\"Foco em um jornalismo imparcial, voltado \u00e0 qualidade dos seus conte\u00fados e, assim, levar informa\u00e7\u00e3o de valor que agregue \u00e0 vida dos leitores. Esta \u00e9 grande miss\u00e3o do Portal de Not\u00edcias Sul SC. N\u00e3o \u00e9 quantidade que muda o mundo, sempre foi e seguir\u00e1 sendo qualidade!\",\"sameAs\":[\"https:\/\/sulsc.com\/\",\"https:\/\/www.facebook.com\/profile.php?id=61559278119680\",\"https:\/\/www.instagram.com\/sulscportal\/?hl=pt-br\",\"https:\/\/twitter.com\/https:\/\/twitter.com\/PortalSulSC\",\"https:\/\/www.youtube.com\/channel\/UCv_BE8GeySluDov2n8qhVmw\"],\"url\":\"https:\/\/sulsc.com\/index.php\/author\/redacao\/\"}]}<\/script>\n<!-- \/ Yoast SEO plugin. -->","yoast_head_json":{"title":"Comitiva federal visita \u00e1reas afetadas pelas chuvas em Santa Catarina -","description":"Representantes do primeiro escal\u00e3o do governo federal retornaram neste s\u00e1bado (25) a Santa Catarina, onde visitam localidades afetadas pelas fortes chuvas dos \u00faltimos dois meses. Segundo o governo estadual, desde o come\u00e7o de outubro, 180 cidades catarinenses decretaram situa\u00e7\u00e3o de emerg\u00eancia ou de calamidade p\u00fablica devido \u00e0s consequ\u00eancias de fen\u00f4menos clim\u00e1ticos","robots":{"index":"index","follow":"follow","max-snippet":"max-snippet:-1","max-image-preview":"max-image-preview:large","max-video-preview":"max-video-preview:-1"},"canonical":"https:\/\/sulsc.com\/index.php\/2023\/11\/26\/comitiva-federal-visita-areas-afetadas-pelas-chuvas-em-santa-catarina\/","og_locale":"en_US","og_type":"article","og_title":"Comitiva federal visita \u00e1reas afetadas pelas chuvas em Santa Catarina -","og_description":"Representantes do primeiro escal\u00e3o do governo federal retornaram neste s\u00e1bado (25) a Santa Catarina, onde visitam localidades afetadas pelas fortes chuvas dos \u00faltimos dois meses. Segundo o governo estadual, desde o come\u00e7o de outubro, 180 cidades catarinenses decretaram situa\u00e7\u00e3o de emerg\u00eancia ou de calamidade p\u00fablica devido \u00e0s consequ\u00eancias de fen\u00f4menos clim\u00e1ticos","og_url":"https:\/\/sulsc.com\/index.php\/2023\/11\/26\/comitiva-federal-visita-areas-afetadas-pelas-chuvas-em-santa-catarina\/","article_author":"https:\/\/www.facebook.com\/profile.php?id=61559278119680","article_published_time":"2023-11-26T20:20:22+00:00","article_modified_time":"2023-11-26T19:51:23+00:00","og_image":[{"width":1170,"height":700,"url":"https:\/\/sulsc.com\/wp-content\/uploads\/2023\/11\/Comitiva-federal-visita-areas-afetadas-pelas-chuvas-em-Santa-Catarina.webp","type":"image\/webp"}],"author":"Reda\u00e7\u00e3o Sul SC","twitter_card":"summary_large_image","twitter_creator":"@https:\/\/twitter.com\/PortalSulSC","twitter_misc":{"Written by":"Reda\u00e7\u00e3o Sul SC","Est. reading time":"3 minutes"},"schema":{"@context":"https:\/\/schema.org","@graph":[{"@type":"WebPage","@id":"https:\/\/sulsc.com\/index.php\/2023\/11\/26\/comitiva-federal-visita-areas-afetadas-pelas-chuvas-em-santa-catarina\/","url":"https:\/\/sulsc.com\/index.php\/2023\/11\/26\/comitiva-federal-visita-areas-afetadas-pelas-chuvas-em-santa-catarina\/","name":"Comitiva federal visita \u00e1reas afetadas pelas chuvas em Santa Catarina -","isPartOf":{"@id":"https:\/\/sulsc.com\/#website"},"datePublished":"2023-11-26T20:20:22+00:00","dateModified":"2023-11-26T19:51:23+00:00","author":{"@id":"https:\/\/sulsc.com\/#\/schema\/person\/84d2fc571684f6248ba83092f07750a3"},"description":"Representantes do primeiro escal\u00e3o do governo federal retornaram neste s\u00e1bado (25) a Santa Catarina, onde visitam localidades afetadas pelas fortes chuvas dos \u00faltimos dois meses. Segundo o governo estadual, desde o come\u00e7o de outubro, 180 cidades catarinenses decretaram situa\u00e7\u00e3o de emerg\u00eancia ou de calamidade p\u00fablica devido \u00e0s consequ\u00eancias de fen\u00f4menos clim\u00e1ticos","breadcrumb":{"@id":"https:\/\/sulsc.com\/index.php\/2023\/11\/26\/comitiva-federal-visita-areas-afetadas-pelas-chuvas-em-santa-catarina\/#breadcrumb"},"inLanguage":"en-US","potentialAction":[{"@type":"ReadAction","target":["https:\/\/sulsc.com\/index.php\/2023\/11\/26\/comitiva-federal-visita-areas-afetadas-pelas-chuvas-em-santa-catarina\/"]}]},{"@type":"BreadcrumbList","@id":"https:\/\/sulsc.com\/index.php\/2023\/11\/26\/comitiva-federal-visita-areas-afetadas-pelas-chuvas-em-santa-catarina\/#breadcrumb","itemListElement":[{"@type":"ListItem","position":1,"name":"In\u00edcio","item":"https:\/\/sulsc.com\/"},{"@type":"ListItem","position":2,"name":"Comitiva federal visita \u00e1reas afetadas pelas chuvas em Santa Catarina"}]},{"@type":"WebSite","@id":"https:\/\/sulsc.com\/#website","url":"https:\/\/sulsc.com\/","name":"","description":"","potentialAction":[{"@type":"SearchAction","target":{"@type":"EntryPoint","urlTemplate":"https:\/\/sulsc.com\/?s={search_term_string}"},"query-input":"required name=search_term_string"}],"inLanguage":"en-US"},{"@type":"Person","@id":"https:\/\/sulsc.com\/#\/schema\/person\/84d2fc571684f6248ba83092f07750a3","name":"Reda\u00e7\u00e3o Sul SC","image":{"@type":"ImageObject","inLanguage":"en-US","@id":"https:\/\/sulsc.com\/#\/schema\/person\/image\/e08d7fe2cc4ed596372063bbe852b8d0","url":"https:\/\/sulsc.com\/wp-content\/uploads\/2023\/09\/redacao.png","contentUrl":"https:\/\/sulsc.com\/wp-content\/uploads\/2023\/09\/redacao.png","caption":"Reda\u00e7\u00e3o Sul SC"},"description":"Foco em um jornalismo imparcial, voltado \u00e0 qualidade dos seus conte\u00fados e, assim, levar informa\u00e7\u00e3o de valor que agregue \u00e0 vida dos leitores. Esta \u00e9 grande miss\u00e3o do Portal de Not\u00edcias Sul SC. N\u00e3o \u00e9 quantidade que muda o mundo, sempre foi e seguir\u00e1 sendo qualidade!","sameAs":["https:\/\/sulsc.com\/","https:\/\/www.facebook.com\/profile.php?id=61559278119680","https:\/\/www.instagram.com\/sulscportal\/?hl=pt-br","https:\/\/twitter.com\/https:\/\/twitter.com\/PortalSulSC","https:\/\/www.youtube.com\/channel\/UCv_BE8GeySluDov2n8qhVmw"],"url":"https:\/\/sulsc.com\/index.php\/author\/redacao\/"}]}},"authors":[],"_links":{"self":[{"href":"https:\/\/sulsc.com\/index.php\/wp-json\/wp\/v2\/posts\/4269"}],"collection":[{"href":"https:\/\/sulsc.com\/index.php\/wp-json\/wp\/v2\/posts"}],"about":[{"href":"https:\/\/sulsc.com\/index.php\/wp-json\/wp\/v2\/types\/post"}],"author":[{"embeddable":true,"href":"https:\/\/sulsc.com\/index.php\/wp-json\/wp\/v2\/users\/3"}],"replies":[{"embeddable":true,"href":"https:\/\/sulsc.com\/index.php\/wp-json\/wp\/v2\/comments?post=4269"}],"version-history":[{"count":1,"href":"https:\/\/sulsc.com\/index.php\/wp-json\/wp\/v2\/posts\/4269\/revisions"}],"predecessor-version":[{"id":4271,"href":"https:\/\/sulsc.com\/index.php\/wp-json\/wp\/v2\/posts\/4269\/revisions\/4271"}],"wp:featuredmedia":[{"embeddable":true,"href":"https:\/\/sulsc.com\/index.php\/wp-json\/wp\/v2\/media\/4270"}],"wp:attachment":[{"href":"https:\/\/sulsc.com\/index.php\/wp-json\/wp\/v2\/media?parent=4269"}],"wp:term":[{"taxonomy":"category","embeddable":true,"href":"https:\/\/sulsc.com\/index.php\/wp-json\/wp\/v2\/categories?post=4269"},{"taxonomy":"post_tag","embeddable":true,"href":"https:\/\/sulsc.com\/index.php\/wp-json\/wp\/v2\/tags?post=4269"}],"curies":[{"name":"wp","href":"https:\/\/api.w.org\/{rel}","templated":true}]}}