{"id":4278,"date":"2023-11-27T06:40:21","date_gmt":"2023-11-27T09:40:21","guid":{"rendered":"https:\/\/sulsc.com\/?p=4278"},"modified":"2023-11-27T06:44:38","modified_gmt":"2023-11-27T09:44:38","slug":"instabilidades-atmosfericas-voltam-a-deixar-o-tempo-chuvoso-nesta-segunda-feira-27-em-sc","status":"publish","type":"post","link":"https:\/\/sulsc.com\/index.php\/2023\/11\/27\/instabilidades-atmosfericas-voltam-a-deixar-o-tempo-chuvoso-nesta-segunda-feira-27-em-sc\/","title":{"rendered":"Instabilidades atmosf\u00e9ricas voltam a deixar o tempo chuvoso, nesta segunda-feira (27), em SC"},"content":{"rendered":"<p>A semana inicia com instabilidades atmosf\u00e9ricas voltam a deixar o tempo chuvoso em Santa Catarina. Nesta segunda-feira (27), as instabilidades avan\u00e7am pelo Oeste j\u00e1 pela manh\u00e3, se espalhando para o restante do estado ao longo do dia.<\/p>\n<p>De acordo com a Defesa Civil, h\u00e1 condi\u00e7\u00f5es para pancadas de chuva moderadas a fortes com trovoadas e temporais isolados, principalmente no Grande Oeste. O risco \u00e9 baixo a moderado para ocorr\u00eancias como alagamentos e danos \u00e0 rede el\u00e9trica.<\/p>\n<p>Com o tempo fechado, as temperaturas sobem menos em compara\u00e7\u00e3o ao dia anterior, com m\u00e1ximas entre 19 e 22\u00b0C na maioria das \u00e1reas. Apenas no Litoral Sul, as chuvas chegam no final do dia e o sol aparece, assim as m\u00e1ximas ficam entre 24 e 27\u00b0C.<\/p>\n","protected":false},"excerpt":{"rendered":"<p>A semana inicia com instabilidades atmosf\u00e9ricas voltam a deixar o tempo chuvoso em Santa Catarina. Nesta segunda-feira (27), as instabilidades avan\u00e7am pelo Oeste j\u00e1 pela manh\u00e3, se espalhando para o restante do estado ao longo do dia. De acordo com a Defesa Civil, h\u00e1 condi\u00e7\u00f5es para pancadas de chuva moderadas a fortes com trovoadas e &hellip;<\/p>\n<p class=\"read-more\"> <a class=\"\" href=\"https:\/\/sulsc.com\/index.php\/2023\/11\/27\/instabilidades-atmosfericas-voltam-a-deixar-o-tempo-chuvoso-nesta-segunda-feira-27-em-sc\/\"> <span class=\"screen-reader-text\">Instabilidades atmosf\u00e9ricas voltam a deixar o tempo chuvoso, nesta segunda-feira (27), em SC<\/span> Read More &raquo;<\/a><\/p>\n","protected":false},"author":3,"featured_media":4279,"comment_status":"open","ping_status":"open","sticky":false,"template":"","format":"standard","meta":{"site-sidebar-layout":"default","site-content-layout":"","ast-site-content-layout":"default","site-content-style":"default","site-sidebar-style":"default","ast-global-header-display":"","ast-banner-title-visibility":"","ast-main-header-display":"","ast-hfb-above-header-display":"","ast-hfb-below-header-display":"","ast-hfb-mobile-header-display":"","site-post-title":"","ast-breadcrumbs-content":"","ast-featured-img":"","footer-sml-layout":"","theme-transparent-header-meta":"default","adv-header-id-meta":"","stick-header-meta":"","header-above-stick-meta":"","header-main-stick-meta":"","header-below-stick-meta":"","astra-migrate-meta-layouts":"set","footnotes":""},"categories":[38],"tags":[],"yoast_head":"<!-- This site is optimized with the Yoast SEO plugin v21.4 - https:\/\/yoast.com\/wordpress\/plugins\/seo\/ -->\n<title>Instabilidades atmosf\u00e9ricas voltam a deixar o tempo chuvoso, nesta segunda-feira (27), em SC -<\/title>\n<meta name=\"description\" content=\"De acordo com a Defesa Civil, h\u00e1 condi\u00e7\u00f5es para pancadas de chuva moderadas a fortes com trovoadas e temporais isolados, principalmente no Grande Oeste\" \/>\n<meta name=\"robots\" content=\"index, follow, max-snippet:-1, max-image-preview:large, max-video-preview:-1\" \/>\n<link rel=\"canonical\" href=\"https:\/\/sulsc.com\/index.php\/2023\/11\/27\/instabilidades-atmosfericas-voltam-a-deixar-o-tempo-chuvoso-nesta-segunda-feira-27-em-sc\/\" \/>\n<meta property=\"og:locale\" content=\"en_US\" \/>\n<meta property=\"og:type\" content=\"article\" \/>\n<meta property=\"og:title\" content=\"Instabilidades atmosf\u00e9ricas voltam a deixar o tempo chuvoso, nesta segunda-feira (27), em SC -\" \/>\n<meta property=\"og:description\" content=\"De acordo com a Defesa Civil, h\u00e1 condi\u00e7\u00f5es para pancadas de chuva moderadas a fortes com trovoadas e temporais isolados, principalmente no Grande Oeste\" \/>\n<meta property=\"og:url\" content=\"https:\/\/sulsc.com\/index.php\/2023\/11\/27\/instabilidades-atmosfericas-voltam-a-deixar-o-tempo-chuvoso-nesta-segunda-feira-27-em-sc\/\" \/>\n<meta property=\"article:author\" content=\"https:\/\/www.facebook.com\/profile.php?id=61559278119680\" \/>\n<meta property=\"article:published_time\" content=\"2023-11-27T09:40:21+00:00\" \/>\n<meta property=\"article:modified_time\" content=\"2023-11-27T09:44:38+00:00\" \/>\n<meta property=\"og:image\" content=\"http:\/\/sulsc.com\/wp-content\/uploads\/2023\/11\/nublado-scaled.jpg\" \/>\n\t<meta property=\"og:image:width\" content=\"2560\" \/>\n\t<meta property=\"og:image:height\" content=\"1709\" \/>\n\t<meta property=\"og:image:type\" content=\"image\/jpeg\" \/>\n<meta name=\"author\" content=\"Reda\u00e7\u00e3o Sul SC\" \/>\n<meta name=\"twitter:card\" content=\"summary_large_image\" \/>\n<meta name=\"twitter:creator\" content=\"@https:\/\/twitter.com\/PortalSulSC\" \/>\n<meta name=\"twitter:label1\" content=\"Written by\" \/>\n\t<meta name=\"twitter:data1\" content=\"Reda\u00e7\u00e3o Sul SC\" \/>\n\t<meta name=\"twitter:label2\" content=\"Est. reading time\" \/>\n\t<meta name=\"twitter:data2\" content=\"1 minute\" \/>\n<script type=\"application\/ld+json\" class=\"yoast-schema-graph\">{\"@context\":\"https:\/\/schema.org\",\"@graph\":[{\"@type\":\"WebPage\",\"@id\":\"https:\/\/sulsc.com\/index.php\/2023\/11\/27\/instabilidades-atmosfericas-voltam-a-deixar-o-tempo-chuvoso-nesta-segunda-feira-27-em-sc\/\",\"url\":\"https:\/\/sulsc.com\/index.php\/2023\/11\/27\/instabilidades-atmosfericas-voltam-a-deixar-o-tempo-chuvoso-nesta-segunda-feira-27-em-sc\/\",\"name\":\"Instabilidades atmosf\u00e9ricas voltam a deixar o tempo chuvoso, nesta segunda-feira (27), em SC -\",\"isPartOf\":{\"@id\":\"https:\/\/sulsc.com\/#website\"},\"datePublished\":\"2023-11-27T09:40:21+00:00\",\"dateModified\":\"2023-11-27T09:44:38+00:00\",\"author\":{\"@id\":\"https:\/\/sulsc.com\/#\/schema\/person\/84d2fc571684f6248ba83092f07750a3\"},\"description\":\"De acordo com a Defesa Civil, h\u00e1 condi\u00e7\u00f5es para pancadas de chuva moderadas a fortes com trovoadas e temporais isolados, principalmente no Grande Oeste\",\"breadcrumb\":{\"@id\":\"https:\/\/sulsc.com\/index.php\/2023\/11\/27\/instabilidades-atmosfericas-voltam-a-deixar-o-tempo-chuvoso-nesta-segunda-feira-27-em-sc\/#breadcrumb\"},\"inLanguage\":\"en-US\",\"potentialAction\":[{\"@type\":\"ReadAction\",\"target\":[\"https:\/\/sulsc.com\/index.php\/2023\/11\/27\/instabilidades-atmosfericas-voltam-a-deixar-o-tempo-chuvoso-nesta-segunda-feira-27-em-sc\/\"]}]},{\"@type\":\"BreadcrumbList\",\"@id\":\"https:\/\/sulsc.com\/index.php\/2023\/11\/27\/instabilidades-atmosfericas-voltam-a-deixar-o-tempo-chuvoso-nesta-segunda-feira-27-em-sc\/#breadcrumb\",\"itemListElement\":[{\"@type\":\"ListItem\",\"position\":1,\"name\":\"In\u00edcio\",\"item\":\"https:\/\/sulsc.com\/\"},{\"@type\":\"ListItem\",\"position\":2,\"name\":\"Instabilidades atmosf\u00e9ricas voltam a deixar o tempo chuvoso, nesta segunda-feira (27), em SC\"}]},{\"@type\":\"WebSite\",\"@id\":\"https:\/\/sulsc.com\/#website\",\"url\":\"https:\/\/sulsc.com\/\",\"name\":\"\",\"description\":\"\",\"potentialAction\":[{\"@type\":\"SearchAction\",\"target\":{\"@type\":\"EntryPoint\",\"urlTemplate\":\"https:\/\/sulsc.com\/?s={search_term_string}\"},\"query-input\":\"required name=search_term_string\"}],\"inLanguage\":\"en-US\"},{\"@type\":\"Person\",\"@id\":\"https:\/\/sulsc.com\/#\/schema\/person\/84d2fc571684f6248ba83092f07750a3\",\"name\":\"Reda\u00e7\u00e3o Sul SC\",\"image\":{\"@type\":\"ImageObject\",\"inLanguage\":\"en-US\",\"@id\":\"https:\/\/sulsc.com\/#\/schema\/person\/image\/e08d7fe2cc4ed596372063bbe852b8d0\",\"url\":\"https:\/\/sulsc.com\/wp-content\/uploads\/2023\/09\/redacao.png\",\"contentUrl\":\"https:\/\/sulsc.com\/wp-content\/uploads\/2023\/09\/redacao.png\",\"caption\":\"Reda\u00e7\u00e3o Sul SC\"},\"description\":\"Foco em um jornalismo imparcial, voltado \u00e0 qualidade dos seus conte\u00fados e, assim, levar informa\u00e7\u00e3o de valor que agregue \u00e0 vida dos leitores. Esta \u00e9 grande miss\u00e3o do Portal de Not\u00edcias Sul SC. N\u00e3o \u00e9 quantidade que muda o mundo, sempre foi e seguir\u00e1 sendo qualidade!\",\"sameAs\":[\"https:\/\/sulsc.com\/\",\"https:\/\/www.facebook.com\/profile.php?id=61559278119680\",\"https:\/\/www.instagram.com\/sulscportal\/?hl=pt-br\",\"https:\/\/twitter.com\/https:\/\/twitter.com\/PortalSulSC\",\"https:\/\/www.youtube.com\/channel\/UCv_BE8GeySluDov2n8qhVmw\"],\"url\":\"https:\/\/sulsc.com\/index.php\/author\/redacao\/\"}]}<\/script>\n<!-- \/ Yoast SEO plugin. -->","yoast_head_json":{"title":"Instabilidades atmosf\u00e9ricas voltam a deixar o tempo chuvoso, nesta segunda-feira (27), em SC -","description":"De acordo com a Defesa Civil, h\u00e1 condi\u00e7\u00f5es para pancadas de chuva moderadas a fortes com trovoadas e temporais isolados, principalmente no Grande Oeste","robots":{"index":"index","follow":"follow","max-snippet":"max-snippet:-1","max-image-preview":"max-image-preview:large","max-video-preview":"max-video-preview:-1"},"canonical":"https:\/\/sulsc.com\/index.php\/2023\/11\/27\/instabilidades-atmosfericas-voltam-a-deixar-o-tempo-chuvoso-nesta-segunda-feira-27-em-sc\/","og_locale":"en_US","og_type":"article","og_title":"Instabilidades atmosf\u00e9ricas voltam a deixar o tempo chuvoso, nesta segunda-feira (27), em SC -","og_description":"De acordo com a Defesa Civil, h\u00e1 condi\u00e7\u00f5es para pancadas de chuva moderadas a fortes com trovoadas e temporais isolados, principalmente no Grande Oeste","og_url":"https:\/\/sulsc.com\/index.php\/2023\/11\/27\/instabilidades-atmosfericas-voltam-a-deixar-o-tempo-chuvoso-nesta-segunda-feira-27-em-sc\/","article_author":"https:\/\/www.facebook.com\/profile.php?id=61559278119680","article_published_time":"2023-11-27T09:40:21+00:00","article_modified_time":"2023-11-27T09:44:38+00:00","og_image":[{"width":2560,"height":1709,"url":"http:\/\/sulsc.com\/wp-content\/uploads\/2023\/11\/nublado-scaled.jpg","type":"image\/jpeg"}],"author":"Reda\u00e7\u00e3o Sul SC","twitter_card":"summary_large_image","twitter_creator":"@https:\/\/twitter.com\/PortalSulSC","twitter_misc":{"Written by":"Reda\u00e7\u00e3o Sul SC","Est. reading time":"1 minute"},"schema":{"@context":"https:\/\/schema.org","@graph":[{"@type":"WebPage","@id":"https:\/\/sulsc.com\/index.php\/2023\/11\/27\/instabilidades-atmosfericas-voltam-a-deixar-o-tempo-chuvoso-nesta-segunda-feira-27-em-sc\/","url":"https:\/\/sulsc.com\/index.php\/2023\/11\/27\/instabilidades-atmosfericas-voltam-a-deixar-o-tempo-chuvoso-nesta-segunda-feira-27-em-sc\/","name":"Instabilidades atmosf\u00e9ricas voltam a deixar o tempo chuvoso, nesta segunda-feira (27), em SC -","isPartOf":{"@id":"https:\/\/sulsc.com\/#website"},"datePublished":"2023-11-27T09:40:21+00:00","dateModified":"2023-11-27T09:44:38+00:00","author":{"@id":"https:\/\/sulsc.com\/#\/schema\/person\/84d2fc571684f6248ba83092f07750a3"},"description":"De acordo com a Defesa Civil, h\u00e1 condi\u00e7\u00f5es para pancadas de chuva moderadas a fortes com trovoadas e temporais isolados, principalmente no Grande Oeste","breadcrumb":{"@id":"https:\/\/sulsc.com\/index.php\/2023\/11\/27\/instabilidades-atmosfericas-voltam-a-deixar-o-tempo-chuvoso-nesta-segunda-feira-27-em-sc\/#breadcrumb"},"inLanguage":"en-US","potentialAction":[{"@type":"ReadAction","target":["https:\/\/sulsc.com\/index.php\/2023\/11\/27\/instabilidades-atmosfericas-voltam-a-deixar-o-tempo-chuvoso-nesta-segunda-feira-27-em-sc\/"]}]},{"@type":"BreadcrumbList","@id":"https:\/\/sulsc.com\/index.php\/2023\/11\/27\/instabilidades-atmosfericas-voltam-a-deixar-o-tempo-chuvoso-nesta-segunda-feira-27-em-sc\/#breadcrumb","itemListElement":[{"@type":"ListItem","position":1,"name":"In\u00edcio","item":"https:\/\/sulsc.com\/"},{"@type":"ListItem","position":2,"name":"Instabilidades atmosf\u00e9ricas voltam a deixar o tempo chuvoso, nesta segunda-feira (27), em SC"}]},{"@type":"WebSite","@id":"https:\/\/sulsc.com\/#website","url":"https:\/\/sulsc.com\/","name":"","description":"","potentialAction":[{"@type":"SearchAction","target":{"@type":"EntryPoint","urlTemplate":"https:\/\/sulsc.com\/?s={search_term_string}"},"query-input":"required name=search_term_string"}],"inLanguage":"en-US"},{"@type":"Person","@id":"https:\/\/sulsc.com\/#\/schema\/person\/84d2fc571684f6248ba83092f07750a3","name":"Reda\u00e7\u00e3o Sul SC","image":{"@type":"ImageObject","inLanguage":"en-US","@id":"https:\/\/sulsc.com\/#\/schema\/person\/image\/e08d7fe2cc4ed596372063bbe852b8d0","url":"https:\/\/sulsc.com\/wp-content\/uploads\/2023\/09\/redacao.png","contentUrl":"https:\/\/sulsc.com\/wp-content\/uploads\/2023\/09\/redacao.png","caption":"Reda\u00e7\u00e3o Sul SC"},"description":"Foco em um jornalismo imparcial, voltado \u00e0 qualidade dos seus conte\u00fados e, assim, levar informa\u00e7\u00e3o de valor que agregue \u00e0 vida dos leitores. Esta \u00e9 grande miss\u00e3o do Portal de Not\u00edcias Sul SC. N\u00e3o \u00e9 quantidade que muda o mundo, sempre foi e seguir\u00e1 sendo qualidade!","sameAs":["https:\/\/sulsc.com\/","https:\/\/www.facebook.com\/profile.php?id=61559278119680","https:\/\/www.instagram.com\/sulscportal\/?hl=pt-br","https:\/\/twitter.com\/https:\/\/twitter.com\/PortalSulSC","https:\/\/www.youtube.com\/channel\/UCv_BE8GeySluDov2n8qhVmw"],"url":"https:\/\/sulsc.com\/index.php\/author\/redacao\/"}]}},"authors":[],"_links":{"self":[{"href":"https:\/\/sulsc.com\/index.php\/wp-json\/wp\/v2\/posts\/4278"}],"collection":[{"href":"https:\/\/sulsc.com\/index.php\/wp-json\/wp\/v2\/posts"}],"about":[{"href":"https:\/\/sulsc.com\/index.php\/wp-json\/wp\/v2\/types\/post"}],"author":[{"embeddable":true,"href":"https:\/\/sulsc.com\/index.php\/wp-json\/wp\/v2\/users\/3"}],"replies":[{"embeddable":true,"href":"https:\/\/sulsc.com\/index.php\/wp-json\/wp\/v2\/comments?post=4278"}],"version-history":[{"count":1,"href":"https:\/\/sulsc.com\/index.php\/wp-json\/wp\/v2\/posts\/4278\/revisions"}],"predecessor-version":[{"id":4280,"href":"https:\/\/sulsc.com\/index.php\/wp-json\/wp\/v2\/posts\/4278\/revisions\/4280"}],"wp:featuredmedia":[{"embeddable":true,"href":"https:\/\/sulsc.com\/index.php\/wp-json\/wp\/v2\/media\/4279"}],"wp:attachment":[{"href":"https:\/\/sulsc.com\/index.php\/wp-json\/wp\/v2\/media?parent=4278"}],"wp:term":[{"taxonomy":"category","embeddable":true,"href":"https:\/\/sulsc.com\/index.php\/wp-json\/wp\/v2\/categories?post=4278"},{"taxonomy":"post_tag","embeddable":true,"href":"https:\/\/sulsc.com\/index.php\/wp-json\/wp\/v2\/tags?post=4278"}],"curies":[{"name":"wp","href":"https:\/\/api.w.org\/{rel}","templated":true}]}}