{"id":4288,"date":"2023-11-27T09:00:54","date_gmt":"2023-11-27T12:00:54","guid":{"rendered":"https:\/\/sulsc.com\/?p=4288"},"modified":"2023-11-27T08:54:11","modified_gmt":"2023-11-27T11:54:11","slug":"rua-manoel-emerick-estara-em-obras-de-saneamento-nesta-semana-em-tubarao","status":"publish","type":"post","link":"https:\/\/sulsc.com\/index.php\/2023\/11\/27\/rua-manoel-emerick-estara-em-obras-de-saneamento-nesta-semana-em-tubarao\/","title":{"rendered":"Rua Manoel Emerick estar\u00e1 em obras de saneamento nesta semana, em Tubar\u00e3o"},"content":{"rendered":"<p><img fetchpriority=\"high\" decoding=\"async\" class=\"alignnone size-full wp-image-967\" src=\"http:\/\/sulsc.com\/wp-content\/uploads\/2023\/09\/Obras-Tubarao-Saneamento.jpeg\" alt=\"\" width=\"640\" height=\"480\" srcset=\"https:\/\/sulsc.com\/wp-content\/uploads\/2023\/09\/Obras-Tubarao-Saneamento.jpeg 640w, https:\/\/sulsc.com\/wp-content\/uploads\/2023\/09\/Obras-Tubarao-Saneamento-300x225.jpeg 300w\" sizes=\"(max-width: 640px) 100vw, 640px\" \/><\/p>\n<p>A Tubar\u00e3o Saneamento divulga o cronograma das obras, que ser\u00e3o realizadas entre os dias 27 de novembro e 2 de dezembro, para implanta\u00e7\u00e3o de redes de coleta de esgoto na Cidade Azul. Esta semana os servi\u00e7os ser\u00e3o efetuados na rua Manoel Emerick. Em caso de chuva ou outras interfer\u00eancias, pode ocorrer mudan\u00e7as na programa\u00e7\u00e3o.<\/p>\n<p>Para evitar os desvios no tr\u00e2nsito, al\u00e9m do uso de placas de sinaliza\u00e7\u00e3o, a Concession\u00e1ria compartilha as informa\u00e7\u00f5es de rotas com os aplicativos de localiza\u00e7\u00e3o por GPS: Waze e Google Maps. Para usar, n\u00e3o h\u00e1 custo, basta tra\u00e7ar a localiza\u00e7\u00e3o desejada. Se houver interven\u00e7\u00e3o da da empresa no caminho, o pr\u00f3prio aplicativo indicar\u00e1 outro percurso, com tempo similar ao inicial.<\/p>\n<p>\u201cO principal objetivo dessa integra\u00e7\u00e3o de informa\u00e7\u00f5es com aplicativos popularizados \u00e9 contribuir com a rotina das pessoas, evitando que elas enfrentem os desvios ou a movimenta\u00e7\u00e3o de ve\u00edculos\u201d, destaca o diretor Marcelo Matos.<\/p>\n<p>A Concession\u00e1ria orienta que, para mais informa\u00e7\u00f5es ou d\u00favidas, o cliente pode fazer contato via WhatsApp (48) 99168-5827, pelos telefones 0800 648 9596 e (48) 3052-7400, ou no <a href=\"http:\/\/www.tubaraosaneamento.com.br\">site<\/a>.<\/p>\n","protected":false},"excerpt":{"rendered":"<p>A Tubar\u00e3o Saneamento divulga o cronograma das obras, que ser\u00e3o realizadas entre os dias 27 de novembro e 2 de dezembro, para implanta\u00e7\u00e3o de redes de coleta de esgoto na Cidade Azul. Esta semana os servi\u00e7os ser\u00e3o efetuados na rua Manoel Emerick. Em caso de chuva ou outras interfer\u00eancias, pode ocorrer mudan\u00e7as na programa\u00e7\u00e3o. Para &hellip;<\/p>\n<p class=\"read-more\"> <a class=\"\" href=\"https:\/\/sulsc.com\/index.php\/2023\/11\/27\/rua-manoel-emerick-estara-em-obras-de-saneamento-nesta-semana-em-tubarao\/\"> <span class=\"screen-reader-text\">Rua Manoel Emerick estar\u00e1 em obras de saneamento nesta semana, em Tubar\u00e3o<\/span> Read More &raquo;<\/a><\/p>\n","protected":false},"author":3,"featured_media":967,"comment_status":"open","ping_status":"open","sticky":false,"template":"","format":"standard","meta":{"site-sidebar-layout":"default","site-content-layout":"","ast-site-content-layout":"default","site-content-style":"default","site-sidebar-style":"default","ast-global-header-display":"","ast-banner-title-visibility":"","ast-main-header-display":"","ast-hfb-above-header-display":"","ast-hfb-below-header-display":"","ast-hfb-mobile-header-display":"","site-post-title":"","ast-breadcrumbs-content":"","ast-featured-img":"","footer-sml-layout":"","theme-transparent-header-meta":"default","adv-header-id-meta":"","stick-header-meta":"","header-above-stick-meta":"","header-main-stick-meta":"","header-below-stick-meta":"","astra-migrate-meta-layouts":"set","footnotes":""},"categories":[1],"tags":[],"yoast_head":"<!-- This site is optimized with the Yoast SEO plugin v21.4 - https:\/\/yoast.com\/wordpress\/plugins\/seo\/ -->\n<title>Rua Manoel Emerick estar\u00e1 em obras de saneamento nesta semana, em Tubar\u00e3o -<\/title>\n<meta name=\"robots\" content=\"index, follow, max-snippet:-1, max-image-preview:large, max-video-preview:-1\" \/>\n<link rel=\"canonical\" href=\"https:\/\/sulsc.com\/index.php\/2023\/11\/27\/rua-manoel-emerick-estara-em-obras-de-saneamento-nesta-semana-em-tubarao\/\" \/>\n<meta property=\"og:locale\" content=\"en_US\" \/>\n<meta property=\"og:type\" content=\"article\" \/>\n<meta property=\"og:title\" content=\"Rua Manoel Emerick estar\u00e1 em obras de saneamento nesta semana, em Tubar\u00e3o -\" \/>\n<meta property=\"og:description\" content=\"A Tubar\u00e3o Saneamento divulga o cronograma das obras, que ser\u00e3o realizadas entre os dias 27 de novembro e 2 de dezembro, para implanta\u00e7\u00e3o de redes de coleta de esgoto na Cidade Azul. Esta semana os servi\u00e7os ser\u00e3o efetuados na rua Manoel Emerick. Em caso de chuva ou outras interfer\u00eancias, pode ocorrer mudan\u00e7as na programa\u00e7\u00e3o. Para &hellip; Rua Manoel Emerick estar\u00e1 em obras de saneamento nesta semana, em Tubar\u00e3o Read More &raquo;\" \/>\n<meta property=\"og:url\" content=\"https:\/\/sulsc.com\/index.php\/2023\/11\/27\/rua-manoel-emerick-estara-em-obras-de-saneamento-nesta-semana-em-tubarao\/\" \/>\n<meta property=\"article:author\" content=\"https:\/\/www.facebook.com\/profile.php?id=61559278119680\" \/>\n<meta property=\"article:published_time\" content=\"2023-11-27T12:00:54+00:00\" \/>\n<meta property=\"article:modified_time\" content=\"2023-11-27T11:54:11+00:00\" \/>\n<meta property=\"og:image\" content=\"https:\/\/sulsc.com\/wp-content\/uploads\/2023\/09\/Obras-Tubarao-Saneamento.jpeg\" \/>\n\t<meta property=\"og:image:width\" content=\"640\" \/>\n\t<meta property=\"og:image:height\" content=\"480\" \/>\n\t<meta property=\"og:image:type\" content=\"image\/jpeg\" \/>\n<meta name=\"author\" content=\"Reda\u00e7\u00e3o Sul SC\" \/>\n<meta name=\"twitter:card\" content=\"summary_large_image\" \/>\n<meta name=\"twitter:creator\" content=\"@https:\/\/twitter.com\/PortalSulSC\" \/>\n<meta name=\"twitter:label1\" content=\"Written by\" \/>\n\t<meta name=\"twitter:data1\" content=\"Reda\u00e7\u00e3o Sul SC\" \/>\n\t<meta name=\"twitter:label2\" content=\"Est. reading time\" \/>\n\t<meta name=\"twitter:data2\" content=\"2 minutes\" \/>\n<script type=\"application\/ld+json\" class=\"yoast-schema-graph\">{\"@context\":\"https:\/\/schema.org\",\"@graph\":[{\"@type\":\"WebPage\",\"@id\":\"https:\/\/sulsc.com\/index.php\/2023\/11\/27\/rua-manoel-emerick-estara-em-obras-de-saneamento-nesta-semana-em-tubarao\/\",\"url\":\"https:\/\/sulsc.com\/index.php\/2023\/11\/27\/rua-manoel-emerick-estara-em-obras-de-saneamento-nesta-semana-em-tubarao\/\",\"name\":\"Rua Manoel Emerick estar\u00e1 em obras de saneamento nesta semana, em Tubar\u00e3o -\",\"isPartOf\":{\"@id\":\"https:\/\/sulsc.com\/#website\"},\"datePublished\":\"2023-11-27T12:00:54+00:00\",\"dateModified\":\"2023-11-27T11:54:11+00:00\",\"author\":{\"@id\":\"https:\/\/sulsc.com\/#\/schema\/person\/84d2fc571684f6248ba83092f07750a3\"},\"breadcrumb\":{\"@id\":\"https:\/\/sulsc.com\/index.php\/2023\/11\/27\/rua-manoel-emerick-estara-em-obras-de-saneamento-nesta-semana-em-tubarao\/#breadcrumb\"},\"inLanguage\":\"en-US\",\"potentialAction\":[{\"@type\":\"ReadAction\",\"target\":[\"https:\/\/sulsc.com\/index.php\/2023\/11\/27\/rua-manoel-emerick-estara-em-obras-de-saneamento-nesta-semana-em-tubarao\/\"]}]},{\"@type\":\"BreadcrumbList\",\"@id\":\"https:\/\/sulsc.com\/index.php\/2023\/11\/27\/rua-manoel-emerick-estara-em-obras-de-saneamento-nesta-semana-em-tubarao\/#breadcrumb\",\"itemListElement\":[{\"@type\":\"ListItem\",\"position\":1,\"name\":\"In\u00edcio\",\"item\":\"https:\/\/sulsc.com\/\"},{\"@type\":\"ListItem\",\"position\":2,\"name\":\"Rua Manoel Emerick estar\u00e1 em obras de saneamento nesta semana, em Tubar\u00e3o\"}]},{\"@type\":\"WebSite\",\"@id\":\"https:\/\/sulsc.com\/#website\",\"url\":\"https:\/\/sulsc.com\/\",\"name\":\"\",\"description\":\"\",\"potentialAction\":[{\"@type\":\"SearchAction\",\"target\":{\"@type\":\"EntryPoint\",\"urlTemplate\":\"https:\/\/sulsc.com\/?s={search_term_string}\"},\"query-input\":\"required name=search_term_string\"}],\"inLanguage\":\"en-US\"},{\"@type\":\"Person\",\"@id\":\"https:\/\/sulsc.com\/#\/schema\/person\/84d2fc571684f6248ba83092f07750a3\",\"name\":\"Reda\u00e7\u00e3o Sul SC\",\"image\":{\"@type\":\"ImageObject\",\"inLanguage\":\"en-US\",\"@id\":\"https:\/\/sulsc.com\/#\/schema\/person\/image\/e08d7fe2cc4ed596372063bbe852b8d0\",\"url\":\"https:\/\/sulsc.com\/wp-content\/uploads\/2023\/09\/redacao.png\",\"contentUrl\":\"https:\/\/sulsc.com\/wp-content\/uploads\/2023\/09\/redacao.png\",\"caption\":\"Reda\u00e7\u00e3o Sul SC\"},\"description\":\"Foco em um jornalismo imparcial, voltado \u00e0 qualidade dos seus conte\u00fados e, assim, levar informa\u00e7\u00e3o de valor que agregue \u00e0 vida dos leitores. Esta \u00e9 grande miss\u00e3o do Portal de Not\u00edcias Sul SC. N\u00e3o \u00e9 quantidade que muda o mundo, sempre foi e seguir\u00e1 sendo qualidade!\",\"sameAs\":[\"https:\/\/sulsc.com\/\",\"https:\/\/www.facebook.com\/profile.php?id=61559278119680\",\"https:\/\/www.instagram.com\/sulscportal\/?hl=pt-br\",\"https:\/\/twitter.com\/https:\/\/twitter.com\/PortalSulSC\",\"https:\/\/www.youtube.com\/channel\/UCv_BE8GeySluDov2n8qhVmw\"],\"url\":\"https:\/\/sulsc.com\/index.php\/author\/redacao\/\"}]}<\/script>\n<!-- \/ Yoast SEO plugin. -->","yoast_head_json":{"title":"Rua Manoel Emerick estar\u00e1 em obras de saneamento nesta semana, em Tubar\u00e3o -","robots":{"index":"index","follow":"follow","max-snippet":"max-snippet:-1","max-image-preview":"max-image-preview:large","max-video-preview":"max-video-preview:-1"},"canonical":"https:\/\/sulsc.com\/index.php\/2023\/11\/27\/rua-manoel-emerick-estara-em-obras-de-saneamento-nesta-semana-em-tubarao\/","og_locale":"en_US","og_type":"article","og_title":"Rua Manoel Emerick estar\u00e1 em obras de saneamento nesta semana, em Tubar\u00e3o -","og_description":"A Tubar\u00e3o Saneamento divulga o cronograma das obras, que ser\u00e3o realizadas entre os dias 27 de novembro e 2 de dezembro, para implanta\u00e7\u00e3o de redes de coleta de esgoto na Cidade Azul. Esta semana os servi\u00e7os ser\u00e3o efetuados na rua Manoel Emerick. Em caso de chuva ou outras interfer\u00eancias, pode ocorrer mudan\u00e7as na programa\u00e7\u00e3o. Para &hellip; Rua Manoel Emerick estar\u00e1 em obras de saneamento nesta semana, em Tubar\u00e3o Read More &raquo;","og_url":"https:\/\/sulsc.com\/index.php\/2023\/11\/27\/rua-manoel-emerick-estara-em-obras-de-saneamento-nesta-semana-em-tubarao\/","article_author":"https:\/\/www.facebook.com\/profile.php?id=61559278119680","article_published_time":"2023-11-27T12:00:54+00:00","article_modified_time":"2023-11-27T11:54:11+00:00","og_image":[{"width":640,"height":480,"url":"https:\/\/sulsc.com\/wp-content\/uploads\/2023\/09\/Obras-Tubarao-Saneamento.jpeg","type":"image\/jpeg"}],"author":"Reda\u00e7\u00e3o Sul SC","twitter_card":"summary_large_image","twitter_creator":"@https:\/\/twitter.com\/PortalSulSC","twitter_misc":{"Written by":"Reda\u00e7\u00e3o Sul SC","Est. reading time":"2 minutes"},"schema":{"@context":"https:\/\/schema.org","@graph":[{"@type":"WebPage","@id":"https:\/\/sulsc.com\/index.php\/2023\/11\/27\/rua-manoel-emerick-estara-em-obras-de-saneamento-nesta-semana-em-tubarao\/","url":"https:\/\/sulsc.com\/index.php\/2023\/11\/27\/rua-manoel-emerick-estara-em-obras-de-saneamento-nesta-semana-em-tubarao\/","name":"Rua Manoel Emerick estar\u00e1 em obras de saneamento nesta semana, em Tubar\u00e3o -","isPartOf":{"@id":"https:\/\/sulsc.com\/#website"},"datePublished":"2023-11-27T12:00:54+00:00","dateModified":"2023-11-27T11:54:11+00:00","author":{"@id":"https:\/\/sulsc.com\/#\/schema\/person\/84d2fc571684f6248ba83092f07750a3"},"breadcrumb":{"@id":"https:\/\/sulsc.com\/index.php\/2023\/11\/27\/rua-manoel-emerick-estara-em-obras-de-saneamento-nesta-semana-em-tubarao\/#breadcrumb"},"inLanguage":"en-US","potentialAction":[{"@type":"ReadAction","target":["https:\/\/sulsc.com\/index.php\/2023\/11\/27\/rua-manoel-emerick-estara-em-obras-de-saneamento-nesta-semana-em-tubarao\/"]}]},{"@type":"BreadcrumbList","@id":"https:\/\/sulsc.com\/index.php\/2023\/11\/27\/rua-manoel-emerick-estara-em-obras-de-saneamento-nesta-semana-em-tubarao\/#breadcrumb","itemListElement":[{"@type":"ListItem","position":1,"name":"In\u00edcio","item":"https:\/\/sulsc.com\/"},{"@type":"ListItem","position":2,"name":"Rua Manoel Emerick estar\u00e1 em obras de saneamento nesta semana, em Tubar\u00e3o"}]},{"@type":"WebSite","@id":"https:\/\/sulsc.com\/#website","url":"https:\/\/sulsc.com\/","name":"","description":"","potentialAction":[{"@type":"SearchAction","target":{"@type":"EntryPoint","urlTemplate":"https:\/\/sulsc.com\/?s={search_term_string}"},"query-input":"required name=search_term_string"}],"inLanguage":"en-US"},{"@type":"Person","@id":"https:\/\/sulsc.com\/#\/schema\/person\/84d2fc571684f6248ba83092f07750a3","name":"Reda\u00e7\u00e3o Sul SC","image":{"@type":"ImageObject","inLanguage":"en-US","@id":"https:\/\/sulsc.com\/#\/schema\/person\/image\/e08d7fe2cc4ed596372063bbe852b8d0","url":"https:\/\/sulsc.com\/wp-content\/uploads\/2023\/09\/redacao.png","contentUrl":"https:\/\/sulsc.com\/wp-content\/uploads\/2023\/09\/redacao.png","caption":"Reda\u00e7\u00e3o Sul SC"},"description":"Foco em um jornalismo imparcial, voltado \u00e0 qualidade dos seus conte\u00fados e, assim, levar informa\u00e7\u00e3o de valor que agregue \u00e0 vida dos leitores. Esta \u00e9 grande miss\u00e3o do Portal de Not\u00edcias Sul SC. N\u00e3o \u00e9 quantidade que muda o mundo, sempre foi e seguir\u00e1 sendo qualidade!","sameAs":["https:\/\/sulsc.com\/","https:\/\/www.facebook.com\/profile.php?id=61559278119680","https:\/\/www.instagram.com\/sulscportal\/?hl=pt-br","https:\/\/twitter.com\/https:\/\/twitter.com\/PortalSulSC","https:\/\/www.youtube.com\/channel\/UCv_BE8GeySluDov2n8qhVmw"],"url":"https:\/\/sulsc.com\/index.php\/author\/redacao\/"}]}},"authors":[],"_links":{"self":[{"href":"https:\/\/sulsc.com\/index.php\/wp-json\/wp\/v2\/posts\/4288"}],"collection":[{"href":"https:\/\/sulsc.com\/index.php\/wp-json\/wp\/v2\/posts"}],"about":[{"href":"https:\/\/sulsc.com\/index.php\/wp-json\/wp\/v2\/types\/post"}],"author":[{"embeddable":true,"href":"https:\/\/sulsc.com\/index.php\/wp-json\/wp\/v2\/users\/3"}],"replies":[{"embeddable":true,"href":"https:\/\/sulsc.com\/index.php\/wp-json\/wp\/v2\/comments?post=4288"}],"version-history":[{"count":1,"href":"https:\/\/sulsc.com\/index.php\/wp-json\/wp\/v2\/posts\/4288\/revisions"}],"predecessor-version":[{"id":4289,"href":"https:\/\/sulsc.com\/index.php\/wp-json\/wp\/v2\/posts\/4288\/revisions\/4289"}],"wp:featuredmedia":[{"embeddable":true,"href":"https:\/\/sulsc.com\/index.php\/wp-json\/wp\/v2\/media\/967"}],"wp:attachment":[{"href":"https:\/\/sulsc.com\/index.php\/wp-json\/wp\/v2\/media?parent=4288"}],"wp:term":[{"taxonomy":"category","embeddable":true,"href":"https:\/\/sulsc.com\/index.php\/wp-json\/wp\/v2\/categories?post=4288"},{"taxonomy":"post_tag","embeddable":true,"href":"https:\/\/sulsc.com\/index.php\/wp-json\/wp\/v2\/tags?post=4288"}],"curies":[{"name":"wp","href":"https:\/\/api.w.org\/{rel}","templated":true}]}}