{"id":4297,"date":"2023-11-27T11:50:49","date_gmt":"2023-11-27T14:50:49","guid":{"rendered":"https:\/\/sulsc.com\/?p=4297"},"modified":"2023-11-27T11:53:00","modified_gmt":"2023-11-27T14:53:00","slug":"brasil-assume-a-presidencia-do-g20-e-lula-prioriza-relacoes-internacionais","status":"publish","type":"post","link":"https:\/\/sulsc.com\/index.php\/2023\/11\/27\/brasil-assume-a-presidencia-do-g20-e-lula-prioriza-relacoes-internacionais\/","title":{"rendered":"Brasil assume a presid\u00eancia do G20 e Lula prioriza rela\u00e7\u00f5es internacionais"},"content":{"rendered":"<figure id=\"attachment_4298\" aria-describedby=\"caption-attachment-4298\" style=\"width: 675px\" class=\"wp-caption aligncenter\"><img fetchpriority=\"high\" decoding=\"async\" class=\"wp-image-4298 size-full\" src=\"http:\/\/sulsc.com\/wp-content\/uploads\/2023\/11\/Lula.jpg\" alt=\"\" width=\"675\" height=\"450\" srcset=\"https:\/\/sulsc.com\/wp-content\/uploads\/2023\/11\/Lula.jpg 675w, https:\/\/sulsc.com\/wp-content\/uploads\/2023\/11\/Lula-300x200.jpg 300w\" sizes=\"(max-width: 675px) 100vw, 675px\" \/><figcaption id=\"caption-attachment-4298\" class=\"wp-caption-text\">Presidente Lula tem priorizado manter rela\u00e7\u00f5es internacionais e viaja pouco para ver realidade dos Estados brasileiros. Foto: Ricardo Stuckert\/PR)<\/figcaption><\/figure>\n<p>O presidente Luiz In\u00e1cio Lula da Silva (PT) retoma a agenda internacional a partir desta segunda-feira (27) &#8211; um m\u00eas ap\u00f3s a volta ao trabalho presencial, pausado por conta de uma cirurgia no quadril e pl\u00e1stica est\u00e9tica nos olhos. As viagens abrangem reuni\u00f5es em Riade, Catar e Ar\u00e1bia Saudita, Emirados \u00c1rabes Unidos, onde ele participa da Confer\u00eancia das Na\u00e7\u00f5es Unidas sobre as Mudan\u00e7as Clim\u00e1ticas (COP28).<\/p>\n<p>O chefe do Executivo tamb\u00e9m estar\u00e1 na Alemanha, na pr\u00f3xima sexta (1\u00ba). Na mesma data, o Brasil assume a presid\u00eancia do G20, a qual ocupar\u00e1 pelo per\u00edodo de um ano. O combate \u00e0 desigualdade e o conflito Israel-Hamas s\u00e3o uma das pautas emergenciais a serem tratadas no mandato brasileiro, mas h\u00e1 outras quest\u00f5es de extrema relev\u00e2ncia, como sustentabilidade, transi\u00e7\u00e3o energ\u00e9tica, mudan\u00e7as clim\u00e1ticas, o antigo pleito de representa\u00e7\u00e3o na ONU e o risco de esvaziamento da c\u00fapula, assim como ocorrido na \u00cdndia, al\u00e9m de quest\u00f5es de guerra fria entre pa\u00edses que comp\u00f5em o bloco.<\/p>\n<p>Ao longo dos pr\u00f3ximos meses, o Brasil ficar\u00e1 respons\u00e1vel por organizar reuni\u00f5es tem\u00e1ticas e setoriais entre os pa\u00edses do grupo. O material ser\u00e1 reunido e debatido na 19\u00ba C\u00fapula do G20, marcada para 18 e 19 de novembro de 2024, no Rio de Janeiro. O lema da presid\u00eancia brasileira ser\u00e1 &#8220;Construindo um Mundo Justo e um Planeta Sustent\u00e1vel&#8221;.<\/p>\n<p>Lula chegou a dizer, na semana, que o evento \u00e9 mais importante, do ponto de vista pol\u00edtico, &#8220;do que uma Copa do Mundo&#8221;. O petista tamb\u00e9m lan\u00e7ou a Comiss\u00e3o Nacional para a Coordena\u00e7\u00e3o da Presid\u00eancia do G20, formada por 39 \u00f3rg\u00e3os da administra\u00e7\u00e3o p\u00fablica federal, respons\u00e1vel por conduzir as a\u00e7\u00f5es brasileiras na gest\u00e3o do bloco.<\/p>\n<p>A mudan\u00e7a energ\u00e9tica foi abordada pelo presidente como mais uma das prioridades do pa\u00eds na lideran\u00e7a do G20 com a reformula\u00e7\u00e3o de modelos de com\u00e9rcio. &#8220;A transi\u00e7\u00e3o energ\u00e9tica se apresenta para o Brasil como a oportunidade que n\u00e3o tivemos no S\u00e9culo 20: de termos a possibilidade de mostrar ao mundo que quem quiser utilizar energia verde para produzir aquilo que \u00e9 necess\u00e1rio para a humanidade encontrar\u00e1 no Brasil&#8221;, disse Lula.<\/p>\n<p><strong>Prioridades<\/strong><br \/>\nA professora de ci\u00eancia pol\u00edtica da Universidade Federal do Rio de Janeiro (UFRJ) Mayra Goulart observa que o contexto da agenda internacional de Lula est\u00e1 focado na desigualdade. &#8220;Embora mais de uma d\u00e9cada tenha passado, ainda \u00e9 essa ideia de combate da desigualdade \u00e9 que marca a performance dele. Uma ret\u00f3rica n\u00e3o apenas da desigualdade econ\u00f4mica, mas pol\u00edtica e clim\u00e1tica. O ponto central da agenda dele \u00e9 a reforma do sistema multilateral das rela\u00e7\u00f5es internacionais para que d\u00ea mais aten\u00e7\u00e3o ao combate \u00e0s desigualdades e n\u00e3o seja reprodutor delas&#8221;, ressalta.<\/p>\n<p><em>Fonte: CB<\/em><\/p>\n","protected":false},"excerpt":{"rendered":"<p>O presidente Luiz In\u00e1cio Lula da Silva (PT) retoma a agenda internacional a partir desta segunda-feira (27) &#8211; um m\u00eas ap\u00f3s a volta ao trabalho presencial, pausado por conta de uma cirurgia no quadril e pl\u00e1stica est\u00e9tica nos olhos. As viagens abrangem reuni\u00f5es em Riade, Catar e Ar\u00e1bia Saudita, Emirados \u00c1rabes Unidos, onde ele participa &hellip;<\/p>\n<p class=\"read-more\"> <a class=\"\" href=\"https:\/\/sulsc.com\/index.php\/2023\/11\/27\/brasil-assume-a-presidencia-do-g20-e-lula-prioriza-relacoes-internacionais\/\"> <span class=\"screen-reader-text\">Brasil assume a presid\u00eancia do G20 e Lula prioriza rela\u00e7\u00f5es internacionais<\/span> Read More &raquo;<\/a><\/p>\n","protected":false},"author":3,"featured_media":4298,"comment_status":"open","ping_status":"open","sticky":false,"template":"","format":"standard","meta":{"site-sidebar-layout":"default","site-content-layout":"","ast-site-content-layout":"default","site-content-style":"default","site-sidebar-style":"default","ast-global-header-display":"","ast-banner-title-visibility":"","ast-main-header-display":"","ast-hfb-above-header-display":"","ast-hfb-below-header-display":"","ast-hfb-mobile-header-display":"","site-post-title":"","ast-breadcrumbs-content":"","ast-featured-img":"","footer-sml-layout":"","theme-transparent-header-meta":"default","adv-header-id-meta":"","stick-header-meta":"","header-above-stick-meta":"","header-main-stick-meta":"","header-below-stick-meta":"","astra-migrate-meta-layouts":"set","footnotes":""},"categories":[16],"tags":[110,109,111],"yoast_head":"<!-- This site is optimized with the Yoast SEO plugin v21.4 - https:\/\/yoast.com\/wordpress\/plugins\/seo\/ -->\n<title>Brasil assume a presid\u00eancia do G20 e Lula prioriza rela\u00e7\u00f5es internacionais -<\/title>\n<meta name=\"description\" content=\"Ao longo dos pr\u00f3ximos meses, o Brasil ficar\u00e1 respons\u00e1vel por organizar reuni\u00f5es tem\u00e1ticas e setoriais entre os pa\u00edses do grupo. O material ser\u00e1 reunido e debatido na 19\u00ba C\u00fapula do G20, marcada para 18 e 19 de novembro de 2024, no Rio de Janeiro.\" \/>\n<meta name=\"robots\" content=\"index, follow, max-snippet:-1, max-image-preview:large, max-video-preview:-1\" \/>\n<link rel=\"canonical\" href=\"https:\/\/sulsc.com\/index.php\/2023\/11\/27\/brasil-assume-a-presidencia-do-g20-e-lula-prioriza-relacoes-internacionais\/\" \/>\n<meta property=\"og:locale\" content=\"en_US\" \/>\n<meta property=\"og:type\" content=\"article\" \/>\n<meta property=\"og:title\" content=\"Brasil assume a presid\u00eancia do G20 e Lula prioriza rela\u00e7\u00f5es internacionais -\" \/>\n<meta property=\"og:description\" content=\"Ao longo dos pr\u00f3ximos meses, o Brasil ficar\u00e1 respons\u00e1vel por organizar reuni\u00f5es tem\u00e1ticas e setoriais entre os pa\u00edses do grupo. O material ser\u00e1 reunido e debatido na 19\u00ba C\u00fapula do G20, marcada para 18 e 19 de novembro de 2024, no Rio de Janeiro.\" \/>\n<meta property=\"og:url\" content=\"https:\/\/sulsc.com\/index.php\/2023\/11\/27\/brasil-assume-a-presidencia-do-g20-e-lula-prioriza-relacoes-internacionais\/\" \/>\n<meta property=\"article:author\" content=\"https:\/\/www.facebook.com\/profile.php?id=61559278119680\" \/>\n<meta property=\"article:published_time\" content=\"2023-11-27T14:50:49+00:00\" \/>\n<meta property=\"article:modified_time\" content=\"2023-11-27T14:53:00+00:00\" \/>\n<meta property=\"og:image\" content=\"http:\/\/sulsc.com\/wp-content\/uploads\/2023\/11\/Lula.jpg\" \/>\n\t<meta property=\"og:image:width\" content=\"675\" \/>\n\t<meta property=\"og:image:height\" content=\"450\" \/>\n\t<meta property=\"og:image:type\" content=\"image\/jpeg\" \/>\n<meta name=\"author\" content=\"Reda\u00e7\u00e3o Sul SC\" \/>\n<meta name=\"twitter:card\" content=\"summary_large_image\" \/>\n<meta name=\"twitter:creator\" content=\"@https:\/\/twitter.com\/PortalSulSC\" \/>\n<meta name=\"twitter:label1\" content=\"Written by\" \/>\n\t<meta name=\"twitter:data1\" content=\"Reda\u00e7\u00e3o Sul SC\" \/>\n\t<meta name=\"twitter:label2\" content=\"Est. reading time\" \/>\n\t<meta name=\"twitter:data2\" content=\"3 minutes\" \/>\n<script type=\"application\/ld+json\" class=\"yoast-schema-graph\">{\"@context\":\"https:\/\/schema.org\",\"@graph\":[{\"@type\":\"WebPage\",\"@id\":\"https:\/\/sulsc.com\/index.php\/2023\/11\/27\/brasil-assume-a-presidencia-do-g20-e-lula-prioriza-relacoes-internacionais\/\",\"url\":\"https:\/\/sulsc.com\/index.php\/2023\/11\/27\/brasil-assume-a-presidencia-do-g20-e-lula-prioriza-relacoes-internacionais\/\",\"name\":\"Brasil assume a presid\u00eancia do G20 e Lula prioriza rela\u00e7\u00f5es internacionais -\",\"isPartOf\":{\"@id\":\"https:\/\/sulsc.com\/#website\"},\"datePublished\":\"2023-11-27T14:50:49+00:00\",\"dateModified\":\"2023-11-27T14:53:00+00:00\",\"author\":{\"@id\":\"https:\/\/sulsc.com\/#\/schema\/person\/84d2fc571684f6248ba83092f07750a3\"},\"description\":\"Ao longo dos pr\u00f3ximos meses, o Brasil ficar\u00e1 respons\u00e1vel por organizar reuni\u00f5es tem\u00e1ticas e setoriais entre os pa\u00edses do grupo. O material ser\u00e1 reunido e debatido na 19\u00ba C\u00fapula do G20, marcada para 18 e 19 de novembro de 2024, no Rio de Janeiro.\",\"breadcrumb\":{\"@id\":\"https:\/\/sulsc.com\/index.php\/2023\/11\/27\/brasil-assume-a-presidencia-do-g20-e-lula-prioriza-relacoes-internacionais\/#breadcrumb\"},\"inLanguage\":\"en-US\",\"potentialAction\":[{\"@type\":\"ReadAction\",\"target\":[\"https:\/\/sulsc.com\/index.php\/2023\/11\/27\/brasil-assume-a-presidencia-do-g20-e-lula-prioriza-relacoes-internacionais\/\"]}]},{\"@type\":\"BreadcrumbList\",\"@id\":\"https:\/\/sulsc.com\/index.php\/2023\/11\/27\/brasil-assume-a-presidencia-do-g20-e-lula-prioriza-relacoes-internacionais\/#breadcrumb\",\"itemListElement\":[{\"@type\":\"ListItem\",\"position\":1,\"name\":\"In\u00edcio\",\"item\":\"https:\/\/sulsc.com\/\"},{\"@type\":\"ListItem\",\"position\":2,\"name\":\"Brasil assume a presid\u00eancia do G20 e Lula prioriza rela\u00e7\u00f5es internacionais\"}]},{\"@type\":\"WebSite\",\"@id\":\"https:\/\/sulsc.com\/#website\",\"url\":\"https:\/\/sulsc.com\/\",\"name\":\"\",\"description\":\"\",\"potentialAction\":[{\"@type\":\"SearchAction\",\"target\":{\"@type\":\"EntryPoint\",\"urlTemplate\":\"https:\/\/sulsc.com\/?s={search_term_string}\"},\"query-input\":\"required name=search_term_string\"}],\"inLanguage\":\"en-US\"},{\"@type\":\"Person\",\"@id\":\"https:\/\/sulsc.com\/#\/schema\/person\/84d2fc571684f6248ba83092f07750a3\",\"name\":\"Reda\u00e7\u00e3o Sul SC\",\"image\":{\"@type\":\"ImageObject\",\"inLanguage\":\"en-US\",\"@id\":\"https:\/\/sulsc.com\/#\/schema\/person\/image\/e08d7fe2cc4ed596372063bbe852b8d0\",\"url\":\"https:\/\/sulsc.com\/wp-content\/uploads\/2023\/09\/redacao.png\",\"contentUrl\":\"https:\/\/sulsc.com\/wp-content\/uploads\/2023\/09\/redacao.png\",\"caption\":\"Reda\u00e7\u00e3o Sul SC\"},\"description\":\"Foco em um jornalismo imparcial, voltado \u00e0 qualidade dos seus conte\u00fados e, assim, levar informa\u00e7\u00e3o de valor que agregue \u00e0 vida dos leitores. Esta \u00e9 grande miss\u00e3o do Portal de Not\u00edcias Sul SC. N\u00e3o \u00e9 quantidade que muda o mundo, sempre foi e seguir\u00e1 sendo qualidade!\",\"sameAs\":[\"https:\/\/sulsc.com\/\",\"https:\/\/www.facebook.com\/profile.php?id=61559278119680\",\"https:\/\/www.instagram.com\/sulscportal\/?hl=pt-br\",\"https:\/\/twitter.com\/https:\/\/twitter.com\/PortalSulSC\",\"https:\/\/www.youtube.com\/channel\/UCv_BE8GeySluDov2n8qhVmw\"],\"url\":\"https:\/\/sulsc.com\/index.php\/author\/redacao\/\"}]}<\/script>\n<!-- \/ Yoast SEO plugin. -->","yoast_head_json":{"title":"Brasil assume a presid\u00eancia do G20 e Lula prioriza rela\u00e7\u00f5es internacionais -","description":"Ao longo dos pr\u00f3ximos meses, o Brasil ficar\u00e1 respons\u00e1vel por organizar reuni\u00f5es tem\u00e1ticas e setoriais entre os pa\u00edses do grupo. O material ser\u00e1 reunido e debatido na 19\u00ba C\u00fapula do G20, marcada para 18 e 19 de novembro de 2024, no Rio de Janeiro.","robots":{"index":"index","follow":"follow","max-snippet":"max-snippet:-1","max-image-preview":"max-image-preview:large","max-video-preview":"max-video-preview:-1"},"canonical":"https:\/\/sulsc.com\/index.php\/2023\/11\/27\/brasil-assume-a-presidencia-do-g20-e-lula-prioriza-relacoes-internacionais\/","og_locale":"en_US","og_type":"article","og_title":"Brasil assume a presid\u00eancia do G20 e Lula prioriza rela\u00e7\u00f5es internacionais -","og_description":"Ao longo dos pr\u00f3ximos meses, o Brasil ficar\u00e1 respons\u00e1vel por organizar reuni\u00f5es tem\u00e1ticas e setoriais entre os pa\u00edses do grupo. O material ser\u00e1 reunido e debatido na 19\u00ba C\u00fapula do G20, marcada para 18 e 19 de novembro de 2024, no Rio de Janeiro.","og_url":"https:\/\/sulsc.com\/index.php\/2023\/11\/27\/brasil-assume-a-presidencia-do-g20-e-lula-prioriza-relacoes-internacionais\/","article_author":"https:\/\/www.facebook.com\/profile.php?id=61559278119680","article_published_time":"2023-11-27T14:50:49+00:00","article_modified_time":"2023-11-27T14:53:00+00:00","og_image":[{"width":675,"height":450,"url":"http:\/\/sulsc.com\/wp-content\/uploads\/2023\/11\/Lula.jpg","type":"image\/jpeg"}],"author":"Reda\u00e7\u00e3o Sul SC","twitter_card":"summary_large_image","twitter_creator":"@https:\/\/twitter.com\/PortalSulSC","twitter_misc":{"Written by":"Reda\u00e7\u00e3o Sul SC","Est. reading time":"3 minutes"},"schema":{"@context":"https:\/\/schema.org","@graph":[{"@type":"WebPage","@id":"https:\/\/sulsc.com\/index.php\/2023\/11\/27\/brasil-assume-a-presidencia-do-g20-e-lula-prioriza-relacoes-internacionais\/","url":"https:\/\/sulsc.com\/index.php\/2023\/11\/27\/brasil-assume-a-presidencia-do-g20-e-lula-prioriza-relacoes-internacionais\/","name":"Brasil assume a presid\u00eancia do G20 e Lula prioriza rela\u00e7\u00f5es internacionais -","isPartOf":{"@id":"https:\/\/sulsc.com\/#website"},"datePublished":"2023-11-27T14:50:49+00:00","dateModified":"2023-11-27T14:53:00+00:00","author":{"@id":"https:\/\/sulsc.com\/#\/schema\/person\/84d2fc571684f6248ba83092f07750a3"},"description":"Ao longo dos pr\u00f3ximos meses, o Brasil ficar\u00e1 respons\u00e1vel por organizar reuni\u00f5es tem\u00e1ticas e setoriais entre os pa\u00edses do grupo. O material ser\u00e1 reunido e debatido na 19\u00ba C\u00fapula do G20, marcada para 18 e 19 de novembro de 2024, no Rio de Janeiro.","breadcrumb":{"@id":"https:\/\/sulsc.com\/index.php\/2023\/11\/27\/brasil-assume-a-presidencia-do-g20-e-lula-prioriza-relacoes-internacionais\/#breadcrumb"},"inLanguage":"en-US","potentialAction":[{"@type":"ReadAction","target":["https:\/\/sulsc.com\/index.php\/2023\/11\/27\/brasil-assume-a-presidencia-do-g20-e-lula-prioriza-relacoes-internacionais\/"]}]},{"@type":"BreadcrumbList","@id":"https:\/\/sulsc.com\/index.php\/2023\/11\/27\/brasil-assume-a-presidencia-do-g20-e-lula-prioriza-relacoes-internacionais\/#breadcrumb","itemListElement":[{"@type":"ListItem","position":1,"name":"In\u00edcio","item":"https:\/\/sulsc.com\/"},{"@type":"ListItem","position":2,"name":"Brasil assume a presid\u00eancia do G20 e Lula prioriza rela\u00e7\u00f5es internacionais"}]},{"@type":"WebSite","@id":"https:\/\/sulsc.com\/#website","url":"https:\/\/sulsc.com\/","name":"","description":"","potentialAction":[{"@type":"SearchAction","target":{"@type":"EntryPoint","urlTemplate":"https:\/\/sulsc.com\/?s={search_term_string}"},"query-input":"required name=search_term_string"}],"inLanguage":"en-US"},{"@type":"Person","@id":"https:\/\/sulsc.com\/#\/schema\/person\/84d2fc571684f6248ba83092f07750a3","name":"Reda\u00e7\u00e3o Sul SC","image":{"@type":"ImageObject","inLanguage":"en-US","@id":"https:\/\/sulsc.com\/#\/schema\/person\/image\/e08d7fe2cc4ed596372063bbe852b8d0","url":"https:\/\/sulsc.com\/wp-content\/uploads\/2023\/09\/redacao.png","contentUrl":"https:\/\/sulsc.com\/wp-content\/uploads\/2023\/09\/redacao.png","caption":"Reda\u00e7\u00e3o Sul SC"},"description":"Foco em um jornalismo imparcial, voltado \u00e0 qualidade dos seus conte\u00fados e, assim, levar informa\u00e7\u00e3o de valor que agregue \u00e0 vida dos leitores. Esta \u00e9 grande miss\u00e3o do Portal de Not\u00edcias Sul SC. N\u00e3o \u00e9 quantidade que muda o mundo, sempre foi e seguir\u00e1 sendo qualidade!","sameAs":["https:\/\/sulsc.com\/","https:\/\/www.facebook.com\/profile.php?id=61559278119680","https:\/\/www.instagram.com\/sulscportal\/?hl=pt-br","https:\/\/twitter.com\/https:\/\/twitter.com\/PortalSulSC","https:\/\/www.youtube.com\/channel\/UCv_BE8GeySluDov2n8qhVmw"],"url":"https:\/\/sulsc.com\/index.php\/author\/redacao\/"}]}},"authors":[],"_links":{"self":[{"href":"https:\/\/sulsc.com\/index.php\/wp-json\/wp\/v2\/posts\/4297"}],"collection":[{"href":"https:\/\/sulsc.com\/index.php\/wp-json\/wp\/v2\/posts"}],"about":[{"href":"https:\/\/sulsc.com\/index.php\/wp-json\/wp\/v2\/types\/post"}],"author":[{"embeddable":true,"href":"https:\/\/sulsc.com\/index.php\/wp-json\/wp\/v2\/users\/3"}],"replies":[{"embeddable":true,"href":"https:\/\/sulsc.com\/index.php\/wp-json\/wp\/v2\/comments?post=4297"}],"version-history":[{"count":3,"href":"https:\/\/sulsc.com\/index.php\/wp-json\/wp\/v2\/posts\/4297\/revisions"}],"predecessor-version":[{"id":4301,"href":"https:\/\/sulsc.com\/index.php\/wp-json\/wp\/v2\/posts\/4297\/revisions\/4301"}],"wp:featuredmedia":[{"embeddable":true,"href":"https:\/\/sulsc.com\/index.php\/wp-json\/wp\/v2\/media\/4298"}],"wp:attachment":[{"href":"https:\/\/sulsc.com\/index.php\/wp-json\/wp\/v2\/media?parent=4297"}],"wp:term":[{"taxonomy":"category","embeddable":true,"href":"https:\/\/sulsc.com\/index.php\/wp-json\/wp\/v2\/categories?post=4297"},{"taxonomy":"post_tag","embeddable":true,"href":"https:\/\/sulsc.com\/index.php\/wp-json\/wp\/v2\/tags?post=4297"}],"curies":[{"name":"wp","href":"https:\/\/api.w.org\/{rel}","templated":true}]}}