{"id":4302,"date":"2023-11-27T13:41:41","date_gmt":"2023-11-27T16:41:41","guid":{"rendered":"https:\/\/sulsc.com\/?p=4302"},"modified":"2023-11-27T14:00:35","modified_gmt":"2023-11-27T17:00:35","slug":"geovisao-ademir-dias-estreia-coluna-sobre-geopolitica-no-sul-sc","status":"publish","type":"post","link":"https:\/\/sulsc.com\/index.php\/2023\/11\/27\/geovisao-ademir-dias-estreia-coluna-sobre-geopolitica-no-sul-sc\/","title":{"rendered":"GeoVis\u00e3o: Ademir Dias estreia coluna sobre geopol\u00edtica no Sul SC"},"content":{"rendered":"<figure id=\"attachment_4307\" aria-describedby=\"caption-attachment-4307\" style=\"width: 998px\" class=\"wp-caption aligncenter\"><img fetchpriority=\"high\" decoding=\"async\" class=\"size-full wp-image-4307\" src=\"http:\/\/sulsc.com\/wp-content\/uploads\/2023\/11\/1a.png\" alt=\"\" width=\"998\" height=\"683\" srcset=\"https:\/\/sulsc.com\/wp-content\/uploads\/2023\/11\/1a.png 998w, https:\/\/sulsc.com\/wp-content\/uploads\/2023\/11\/1a-300x205.png 300w, https:\/\/sulsc.com\/wp-content\/uploads\/2023\/11\/1a-768x526.png 768w\" sizes=\"(max-width: 998px) 100vw, 998px\" \/><figcaption id=\"caption-attachment-4307\" class=\"wp-caption-text\">Ademir Dias estreia coluna nesta ter\u00e7a-feira (28). Foto: Arquivo pessoal\/Sul SC<\/figcaption><\/figure>\n<p>O time de colunistas do Sul SC ganha mais um nome de peso! O bacharel em Direito, policial penal e professor de jiu-j\u00edtsu, <strong>Ademir Dias<\/strong>, estreia, nesta ter\u00e7a-feira (28), a coluna <strong>GeoVis\u00e3o<\/strong>, que trar\u00e1 assuntos sobre a geopol\u00edtica e uma forte opini\u00e3o sobre as rela\u00e7\u00f5es internacionais e a atual conjuntura que se configura no mundo.<\/p>\n<p>O novo membro do elenco de colunistas veicula suas ideias e avalia\u00e7\u00f5es sobre o tema toda semana, \u00e0s ter\u00e7as, e quem quiser encaminhar sugest\u00f5es de pautas, basta contatar o n\u00famero (48) 99150-2025 &#8211; WhatsApp.<\/p>\n<p>Ademir tamb\u00e9m ir\u00e1 fazer uma correla\u00e7\u00e3o sobre pol\u00edtica nacional e os reflexos do envolvimento de Estados e seus reflexos sobre importa\u00e7\u00f5es e exporta\u00e7\u00f5es. Bolsa de valores, economia, o avan\u00e7o b\u00e9lico e tecnol\u00f3gico, a constante luta pelo poder e sociedades secretas tamb\u00e9m estar\u00e3o entre os assuntos abordados.<\/p>\n<p>\u201cA situa\u00e7\u00e3o ca\u00f3tica em que a humanidade vive me fez tentar entender e mergulhar no macrotema <strong>geopol\u00edtica<\/strong>, saber o porqu\u00ea de tantas guerras e disputas internas e externas nos pa\u00edses, e que acarretam sim no dia a dia de todos n\u00f3s\u201d, envolve Dias.<\/p>\n<p>Al\u00e9m de pesquisador e analista sobre pol\u00edtica mundial, Ademir, que \u00e9 bacharel em Direito e policial penal em Tubar\u00e3o, tamb\u00e9m atua no campo social. \u00c9 professor de jiu-j\u00edtsu e, sempre que pode, leciona a arte marcial a crian\u00e7as e adolescentes autistas na Cidade Azul.<\/p>\n<figure id=\"attachment_4304\" aria-describedby=\"caption-attachment-4304\" style=\"width: 1120px\" class=\"wp-caption aligncenter\"><img decoding=\"async\" class=\"size-full wp-image-4304\" src=\"http:\/\/sulsc.com\/wp-content\/uploads\/2023\/11\/Ademir-2.jpg\" alt=\"\" width=\"1120\" height=\"802\" srcset=\"https:\/\/sulsc.com\/wp-content\/uploads\/2023\/11\/Ademir-2.jpg 1120w, https:\/\/sulsc.com\/wp-content\/uploads\/2023\/11\/Ademir-2-300x215.jpg 300w, https:\/\/sulsc.com\/wp-content\/uploads\/2023\/11\/Ademir-2-1024x733.jpg 1024w, https:\/\/sulsc.com\/wp-content\/uploads\/2023\/11\/Ademir-2-768x550.jpg 768w\" sizes=\"(max-width: 1120px) 100vw, 1120px\" \/><figcaption id=\"caption-attachment-4304\" class=\"wp-caption-text\">Recente aula de jiu-j\u00edtsu a crian\u00e7as autistas, lecionada por Ademir Dias, em trabalho social que come\u00e7ou neste ano. Foto: Arquivo pessoal\/Sul SC<\/figcaption><\/figure>\n<p>Natural de Pelotas (RS), mora em Santa Catarina h\u00e1 23 anos. \u00c9 formado em Direito na Unisul no ano de 2012. Prestou o exame da Ordem dos Advogados do Brasil (OAB) no ano seguinte e, tamb\u00e9m em 2013, passou no concurso de ent\u00e3o agente penitenci\u00e1rio no Estado barriga-verde, hoje policial penal, fun\u00e7\u00e3o que exerce na atualidade.<\/p>\n<p><a href=\"https:\/\/www.instagram.com\/ademir.r.dias\/\">https:\/\/www.instagram.com\/ademir.r.dias\/<\/a><\/p>\n","protected":false},"excerpt":{"rendered":"<p>O time de colunistas do Sul SC ganha mais um nome de peso! O bacharel em Direito, policial penal e professor de jiu-j\u00edtsu, Ademir Dias, estreia, nesta ter\u00e7a-feira (28), a coluna GeoVis\u00e3o, que trar\u00e1 assuntos sobre a geopol\u00edtica e uma forte opini\u00e3o sobre as rela\u00e7\u00f5es internacionais e a atual conjuntura que se configura no mundo. &hellip;<\/p>\n<p class=\"read-more\"> <a class=\"\" href=\"https:\/\/sulsc.com\/index.php\/2023\/11\/27\/geovisao-ademir-dias-estreia-coluna-sobre-geopolitica-no-sul-sc\/\"> <span class=\"screen-reader-text\">GeoVis\u00e3o: Ademir Dias estreia coluna sobre geopol\u00edtica no Sul SC<\/span> Read More &raquo;<\/a><\/p>\n","protected":false},"author":3,"featured_media":4307,"comment_status":"open","ping_status":"open","sticky":false,"template":"","format":"standard","meta":{"site-sidebar-layout":"default","site-content-layout":"","ast-site-content-layout":"default","site-content-style":"default","site-sidebar-style":"default","ast-global-header-display":"","ast-banner-title-visibility":"","ast-main-header-display":"","ast-hfb-above-header-display":"","ast-hfb-below-header-display":"","ast-hfb-mobile-header-display":"","site-post-title":"","ast-breadcrumbs-content":"","ast-featured-img":"","footer-sml-layout":"","theme-transparent-header-meta":"default","adv-header-id-meta":"","stick-header-meta":"","header-above-stick-meta":"","header-main-stick-meta":"","header-below-stick-meta":"","astra-migrate-meta-layouts":"set","footnotes":""},"categories":[13],"tags":[63,114,113,112],"yoast_head":"<!-- This site is optimized with the Yoast SEO plugin v21.4 - https:\/\/yoast.com\/wordpress\/plugins\/seo\/ -->\n<title>GeoVis\u00e3o: Ademir Dias estreia coluna sobre geopol\u00edtica no Sul SC -<\/title>\n<meta name=\"description\" content=\"Al\u00e9m de pesquisador e analista sobre pol\u00edtica mundial, Ademir, que \u00e9 bacharel em Direito e policial penal em Tubar\u00e3o, tamb\u00e9m atua no campo social. \u00c9 professor de jiu-j\u00edtsu e, sempre que pode, leciona a arte marcial a crian\u00e7as e adolescentes autistas na Cidade Azul.\" \/>\n<meta name=\"robots\" content=\"index, follow, max-snippet:-1, max-image-preview:large, max-video-preview:-1\" \/>\n<link rel=\"canonical\" href=\"https:\/\/sulsc.com\/index.php\/2023\/11\/27\/geovisao-ademir-dias-estreia-coluna-sobre-geopolitica-no-sul-sc\/\" \/>\n<meta property=\"og:locale\" content=\"en_US\" \/>\n<meta property=\"og:type\" content=\"article\" \/>\n<meta property=\"og:title\" content=\"GeoVis\u00e3o: Ademir Dias estreia coluna sobre geopol\u00edtica no Sul SC -\" \/>\n<meta property=\"og:description\" content=\"Al\u00e9m de pesquisador e analista sobre pol\u00edtica mundial, Ademir, que \u00e9 bacharel em Direito e policial penal em Tubar\u00e3o, tamb\u00e9m atua no campo social. \u00c9 professor de jiu-j\u00edtsu e, sempre que pode, leciona a arte marcial a crian\u00e7as e adolescentes autistas na Cidade Azul.\" \/>\n<meta property=\"og:url\" content=\"https:\/\/sulsc.com\/index.php\/2023\/11\/27\/geovisao-ademir-dias-estreia-coluna-sobre-geopolitica-no-sul-sc\/\" \/>\n<meta property=\"article:author\" content=\"https:\/\/www.facebook.com\/profile.php?id=61559278119680\" \/>\n<meta property=\"article:published_time\" content=\"2023-11-27T16:41:41+00:00\" \/>\n<meta property=\"article:modified_time\" content=\"2023-11-27T17:00:35+00:00\" \/>\n<meta property=\"og:image\" content=\"http:\/\/sulsc.com\/wp-content\/uploads\/2023\/11\/1a.png\" \/>\n\t<meta property=\"og:image:width\" content=\"998\" \/>\n\t<meta property=\"og:image:height\" content=\"683\" \/>\n\t<meta property=\"og:image:type\" content=\"image\/png\" \/>\n<meta name=\"author\" content=\"Reda\u00e7\u00e3o Sul SC\" \/>\n<meta name=\"twitter:card\" content=\"summary_large_image\" \/>\n<meta name=\"twitter:creator\" content=\"@https:\/\/twitter.com\/PortalSulSC\" \/>\n<meta name=\"twitter:label1\" content=\"Written by\" \/>\n\t<meta name=\"twitter:data1\" content=\"Reda\u00e7\u00e3o Sul SC\" \/>\n\t<meta name=\"twitter:label2\" content=\"Est. reading time\" \/>\n\t<meta name=\"twitter:data2\" content=\"3 minutes\" \/>\n<script type=\"application\/ld+json\" class=\"yoast-schema-graph\">{\"@context\":\"https:\/\/schema.org\",\"@graph\":[{\"@type\":\"WebPage\",\"@id\":\"https:\/\/sulsc.com\/index.php\/2023\/11\/27\/geovisao-ademir-dias-estreia-coluna-sobre-geopolitica-no-sul-sc\/\",\"url\":\"https:\/\/sulsc.com\/index.php\/2023\/11\/27\/geovisao-ademir-dias-estreia-coluna-sobre-geopolitica-no-sul-sc\/\",\"name\":\"GeoVis\u00e3o: Ademir Dias estreia coluna sobre geopol\u00edtica no Sul SC -\",\"isPartOf\":{\"@id\":\"https:\/\/sulsc.com\/#website\"},\"datePublished\":\"2023-11-27T16:41:41+00:00\",\"dateModified\":\"2023-11-27T17:00:35+00:00\",\"author\":{\"@id\":\"https:\/\/sulsc.com\/#\/schema\/person\/84d2fc571684f6248ba83092f07750a3\"},\"description\":\"Al\u00e9m de pesquisador e analista sobre pol\u00edtica mundial, Ademir, que \u00e9 bacharel em Direito e policial penal em Tubar\u00e3o, tamb\u00e9m atua no campo social. \u00c9 professor de jiu-j\u00edtsu e, sempre que pode, leciona a arte marcial a crian\u00e7as e adolescentes autistas na Cidade Azul.\",\"breadcrumb\":{\"@id\":\"https:\/\/sulsc.com\/index.php\/2023\/11\/27\/geovisao-ademir-dias-estreia-coluna-sobre-geopolitica-no-sul-sc\/#breadcrumb\"},\"inLanguage\":\"en-US\",\"potentialAction\":[{\"@type\":\"ReadAction\",\"target\":[\"https:\/\/sulsc.com\/index.php\/2023\/11\/27\/geovisao-ademir-dias-estreia-coluna-sobre-geopolitica-no-sul-sc\/\"]}]},{\"@type\":\"BreadcrumbList\",\"@id\":\"https:\/\/sulsc.com\/index.php\/2023\/11\/27\/geovisao-ademir-dias-estreia-coluna-sobre-geopolitica-no-sul-sc\/#breadcrumb\",\"itemListElement\":[{\"@type\":\"ListItem\",\"position\":1,\"name\":\"In\u00edcio\",\"item\":\"https:\/\/sulsc.com\/\"},{\"@type\":\"ListItem\",\"position\":2,\"name\":\"GeoVis\u00e3o: Ademir Dias estreia coluna sobre geopol\u00edtica no Sul SC\"}]},{\"@type\":\"WebSite\",\"@id\":\"https:\/\/sulsc.com\/#website\",\"url\":\"https:\/\/sulsc.com\/\",\"name\":\"\",\"description\":\"\",\"potentialAction\":[{\"@type\":\"SearchAction\",\"target\":{\"@type\":\"EntryPoint\",\"urlTemplate\":\"https:\/\/sulsc.com\/?s={search_term_string}\"},\"query-input\":\"required name=search_term_string\"}],\"inLanguage\":\"en-US\"},{\"@type\":\"Person\",\"@id\":\"https:\/\/sulsc.com\/#\/schema\/person\/84d2fc571684f6248ba83092f07750a3\",\"name\":\"Reda\u00e7\u00e3o Sul SC\",\"image\":{\"@type\":\"ImageObject\",\"inLanguage\":\"en-US\",\"@id\":\"https:\/\/sulsc.com\/#\/schema\/person\/image\/e08d7fe2cc4ed596372063bbe852b8d0\",\"url\":\"https:\/\/sulsc.com\/wp-content\/uploads\/2023\/09\/redacao.png\",\"contentUrl\":\"https:\/\/sulsc.com\/wp-content\/uploads\/2023\/09\/redacao.png\",\"caption\":\"Reda\u00e7\u00e3o Sul SC\"},\"description\":\"Foco em um jornalismo imparcial, voltado \u00e0 qualidade dos seus conte\u00fados e, assim, levar informa\u00e7\u00e3o de valor que agregue \u00e0 vida dos leitores. Esta \u00e9 grande miss\u00e3o do Portal de Not\u00edcias Sul SC. N\u00e3o \u00e9 quantidade que muda o mundo, sempre foi e seguir\u00e1 sendo qualidade!\",\"sameAs\":[\"https:\/\/sulsc.com\/\",\"https:\/\/www.facebook.com\/profile.php?id=61559278119680\",\"https:\/\/www.instagram.com\/sulscportal\/?hl=pt-br\",\"https:\/\/twitter.com\/https:\/\/twitter.com\/PortalSulSC\",\"https:\/\/www.youtube.com\/channel\/UCv_BE8GeySluDov2n8qhVmw\"],\"url\":\"https:\/\/sulsc.com\/index.php\/author\/redacao\/\"}]}<\/script>\n<!-- \/ Yoast SEO plugin. -->","yoast_head_json":{"title":"GeoVis\u00e3o: Ademir Dias estreia coluna sobre geopol\u00edtica no Sul SC -","description":"Al\u00e9m de pesquisador e analista sobre pol\u00edtica mundial, Ademir, que \u00e9 bacharel em Direito e policial penal em Tubar\u00e3o, tamb\u00e9m atua no campo social. \u00c9 professor de jiu-j\u00edtsu e, sempre que pode, leciona a arte marcial a crian\u00e7as e adolescentes autistas na Cidade Azul.","robots":{"index":"index","follow":"follow","max-snippet":"max-snippet:-1","max-image-preview":"max-image-preview:large","max-video-preview":"max-video-preview:-1"},"canonical":"https:\/\/sulsc.com\/index.php\/2023\/11\/27\/geovisao-ademir-dias-estreia-coluna-sobre-geopolitica-no-sul-sc\/","og_locale":"en_US","og_type":"article","og_title":"GeoVis\u00e3o: Ademir Dias estreia coluna sobre geopol\u00edtica no Sul SC -","og_description":"Al\u00e9m de pesquisador e analista sobre pol\u00edtica mundial, Ademir, que \u00e9 bacharel em Direito e policial penal em Tubar\u00e3o, tamb\u00e9m atua no campo social. \u00c9 professor de jiu-j\u00edtsu e, sempre que pode, leciona a arte marcial a crian\u00e7as e adolescentes autistas na Cidade Azul.","og_url":"https:\/\/sulsc.com\/index.php\/2023\/11\/27\/geovisao-ademir-dias-estreia-coluna-sobre-geopolitica-no-sul-sc\/","article_author":"https:\/\/www.facebook.com\/profile.php?id=61559278119680","article_published_time":"2023-11-27T16:41:41+00:00","article_modified_time":"2023-11-27T17:00:35+00:00","og_image":[{"width":998,"height":683,"url":"http:\/\/sulsc.com\/wp-content\/uploads\/2023\/11\/1a.png","type":"image\/png"}],"author":"Reda\u00e7\u00e3o Sul SC","twitter_card":"summary_large_image","twitter_creator":"@https:\/\/twitter.com\/PortalSulSC","twitter_misc":{"Written by":"Reda\u00e7\u00e3o Sul SC","Est. reading time":"3 minutes"},"schema":{"@context":"https:\/\/schema.org","@graph":[{"@type":"WebPage","@id":"https:\/\/sulsc.com\/index.php\/2023\/11\/27\/geovisao-ademir-dias-estreia-coluna-sobre-geopolitica-no-sul-sc\/","url":"https:\/\/sulsc.com\/index.php\/2023\/11\/27\/geovisao-ademir-dias-estreia-coluna-sobre-geopolitica-no-sul-sc\/","name":"GeoVis\u00e3o: Ademir Dias estreia coluna sobre geopol\u00edtica no Sul SC -","isPartOf":{"@id":"https:\/\/sulsc.com\/#website"},"datePublished":"2023-11-27T16:41:41+00:00","dateModified":"2023-11-27T17:00:35+00:00","author":{"@id":"https:\/\/sulsc.com\/#\/schema\/person\/84d2fc571684f6248ba83092f07750a3"},"description":"Al\u00e9m de pesquisador e analista sobre pol\u00edtica mundial, Ademir, que \u00e9 bacharel em Direito e policial penal em Tubar\u00e3o, tamb\u00e9m atua no campo social. \u00c9 professor de jiu-j\u00edtsu e, sempre que pode, leciona a arte marcial a crian\u00e7as e adolescentes autistas na Cidade Azul.","breadcrumb":{"@id":"https:\/\/sulsc.com\/index.php\/2023\/11\/27\/geovisao-ademir-dias-estreia-coluna-sobre-geopolitica-no-sul-sc\/#breadcrumb"},"inLanguage":"en-US","potentialAction":[{"@type":"ReadAction","target":["https:\/\/sulsc.com\/index.php\/2023\/11\/27\/geovisao-ademir-dias-estreia-coluna-sobre-geopolitica-no-sul-sc\/"]}]},{"@type":"BreadcrumbList","@id":"https:\/\/sulsc.com\/index.php\/2023\/11\/27\/geovisao-ademir-dias-estreia-coluna-sobre-geopolitica-no-sul-sc\/#breadcrumb","itemListElement":[{"@type":"ListItem","position":1,"name":"In\u00edcio","item":"https:\/\/sulsc.com\/"},{"@type":"ListItem","position":2,"name":"GeoVis\u00e3o: Ademir Dias estreia coluna sobre geopol\u00edtica no Sul SC"}]},{"@type":"WebSite","@id":"https:\/\/sulsc.com\/#website","url":"https:\/\/sulsc.com\/","name":"","description":"","potentialAction":[{"@type":"SearchAction","target":{"@type":"EntryPoint","urlTemplate":"https:\/\/sulsc.com\/?s={search_term_string}"},"query-input":"required name=search_term_string"}],"inLanguage":"en-US"},{"@type":"Person","@id":"https:\/\/sulsc.com\/#\/schema\/person\/84d2fc571684f6248ba83092f07750a3","name":"Reda\u00e7\u00e3o Sul SC","image":{"@type":"ImageObject","inLanguage":"en-US","@id":"https:\/\/sulsc.com\/#\/schema\/person\/image\/e08d7fe2cc4ed596372063bbe852b8d0","url":"https:\/\/sulsc.com\/wp-content\/uploads\/2023\/09\/redacao.png","contentUrl":"https:\/\/sulsc.com\/wp-content\/uploads\/2023\/09\/redacao.png","caption":"Reda\u00e7\u00e3o Sul SC"},"description":"Foco em um jornalismo imparcial, voltado \u00e0 qualidade dos seus conte\u00fados e, assim, levar informa\u00e7\u00e3o de valor que agregue \u00e0 vida dos leitores. Esta \u00e9 grande miss\u00e3o do Portal de Not\u00edcias Sul SC. N\u00e3o \u00e9 quantidade que muda o mundo, sempre foi e seguir\u00e1 sendo qualidade!","sameAs":["https:\/\/sulsc.com\/","https:\/\/www.facebook.com\/profile.php?id=61559278119680","https:\/\/www.instagram.com\/sulscportal\/?hl=pt-br","https:\/\/twitter.com\/https:\/\/twitter.com\/PortalSulSC","https:\/\/www.youtube.com\/channel\/UCv_BE8GeySluDov2n8qhVmw"],"url":"https:\/\/sulsc.com\/index.php\/author\/redacao\/"}]}},"authors":[],"_links":{"self":[{"href":"https:\/\/sulsc.com\/index.php\/wp-json\/wp\/v2\/posts\/4302"}],"collection":[{"href":"https:\/\/sulsc.com\/index.php\/wp-json\/wp\/v2\/posts"}],"about":[{"href":"https:\/\/sulsc.com\/index.php\/wp-json\/wp\/v2\/types\/post"}],"author":[{"embeddable":true,"href":"https:\/\/sulsc.com\/index.php\/wp-json\/wp\/v2\/users\/3"}],"replies":[{"embeddable":true,"href":"https:\/\/sulsc.com\/index.php\/wp-json\/wp\/v2\/comments?post=4302"}],"version-history":[{"count":5,"href":"https:\/\/sulsc.com\/index.php\/wp-json\/wp\/v2\/posts\/4302\/revisions"}],"predecessor-version":[{"id":4310,"href":"https:\/\/sulsc.com\/index.php\/wp-json\/wp\/v2\/posts\/4302\/revisions\/4310"}],"wp:featuredmedia":[{"embeddable":true,"href":"https:\/\/sulsc.com\/index.php\/wp-json\/wp\/v2\/media\/4307"}],"wp:attachment":[{"href":"https:\/\/sulsc.com\/index.php\/wp-json\/wp\/v2\/media?parent=4302"}],"wp:term":[{"taxonomy":"category","embeddable":true,"href":"https:\/\/sulsc.com\/index.php\/wp-json\/wp\/v2\/categories?post=4302"},{"taxonomy":"post_tag","embeddable":true,"href":"https:\/\/sulsc.com\/index.php\/wp-json\/wp\/v2\/tags?post=4302"}],"curies":[{"name":"wp","href":"https:\/\/api.w.org\/{rel}","templated":true}]}}