{"id":4361,"date":"2023-11-28T15:08:40","date_gmt":"2023-11-28T18:08:40","guid":{"rendered":"https:\/\/sulsc.com\/?p=4361"},"modified":"2023-11-28T16:35:27","modified_gmt":"2023-11-28T19:35:27","slug":"aprovado-pl-que-garante-oculos-gratuitos-a-parte-da-populacao-de-cb","status":"publish","type":"post","link":"https:\/\/sulsc.com\/index.php\/2023\/11\/28\/aprovado-pl-que-garante-oculos-gratuitos-a-parte-da-populacao-de-cb\/","title":{"rendered":"Aprovado PL que garante \u00f3culos gratuitos \u00e0 parte da popula\u00e7\u00e3o de CB"},"content":{"rendered":"<figure id=\"attachment_4362\" aria-describedby=\"caption-attachment-4362\" style=\"width: 1500px\" class=\"wp-caption aligncenter\"><img fetchpriority=\"high\" decoding=\"async\" class=\"size-full wp-image-4362\" src=\"http:\/\/sulsc.com\/wp-content\/uploads\/2023\/11\/1a.jpg\" alt=\"\" width=\"1500\" height=\"1125\" srcset=\"https:\/\/sulsc.com\/wp-content\/uploads\/2023\/11\/1a.jpg 1500w, https:\/\/sulsc.com\/wp-content\/uploads\/2023\/11\/1a-300x225.jpg 300w, https:\/\/sulsc.com\/wp-content\/uploads\/2023\/11\/1a-1024x768.jpg 1024w, https:\/\/sulsc.com\/wp-content\/uploads\/2023\/11\/1a-768x576.jpg 768w\" sizes=\"(max-width: 1500px) 100vw, 1500px\" \/><figcaption id=\"caption-attachment-4362\" class=\"wp-caption-text\">Medida visa oferecer consultas com oftalmologistas e distribui\u00e7\u00e3o gratuita de \u00f3culos a estudantes e idosos do munic\u00edpio. Foto: Mariane Lidorio\/CMCB\/Sul SC<\/figcaption><\/figure>\n<p>Mais um importante projeto de lei foi aprovado pela C\u00e2mara de Capivari de Baixo, durante a sess\u00e3o ordin\u00e1ria da noite desta segunda-feira (27), por maioria simples, o PL n\u00ba 43\/2023, de autoria do Executivo, referente \u00e0 implementa\u00e7\u00e3o do Programa \u201cAl\u00e9m da Vis\u00e3o\u201d na cidade. A proposta \u00e9 oferecer exames oftalmol\u00f3gicos e doa\u00e7\u00e3o de \u00f3culos para alunos das escolas da rede p\u00fablica e idosos.<\/p>\n<p>Conforme dados apresentados pela prefeitura, a falta de vis\u00e3o surge como a terceira causa mais frequente de problemas de sa\u00fade na escola. A quase totalidade das crian\u00e7as brasileiras em idade escolar nunca passaram por exames oftalmol\u00f3gicos, sendo que menos de 10% dos menores que iniciam sua vida estudantil receberam este diagn\u00f3stico previamente.<\/p>\n<p>J\u00e1, de acordo com o Instituto Brasileiro de Geografia e Estat\u00edstica (IBGE), no Brasil, mais de 35 milh\u00f5es de pessoas, aproximadamente 19% da popula\u00e7\u00e3o, sendo pessoas de todas as classes sociais, possuem alguma defici\u00eancia visual. Desta forma, segundo a propositura apresentada, entre os requisitos para participar do programa Al\u00e9m da Vis\u00e3o est\u00e3o: alunos entre seis e 15 anos, cuja fam\u00edlia se encontre em situa\u00e7\u00e3o de risco, classificada como baixa renda ou cadastrada no Cad\u00danico, ou que a renda familiar n\u00e3o ultrapasse dois sal\u00e1rios m\u00ednimos; estar matriculado na rede de ensino municipal ou estadual de Capivari de Baixo; e idosos.<\/p>\n<p>Por meio do Programa Al\u00e9m da Vis\u00e3o ser\u00e1 oferecido a triagem, acuidade visual e anamnese prim\u00e1ria; consulta com m\u00e9dico oftalmol\u00f3gico ou optom\u00e9trico, quando constatada a necessidade; emiss\u00e3o de receitu\u00e1rio; escolha da arma\u00e7\u00e3o do \u00f3culos, que ser\u00e3o padronizados; retirada do mesmo, em conformidade com a necessidade do aluno ou idosos, realizando ajustes finais se necess\u00e1rio; e o acompanhamento da evolu\u00e7\u00e3o do tratamento.<\/p>\n<p>Para garantir o benef\u00edcio, a crian\u00e7a, adolescente ou idoso dever\u00e1 ser submetido a consultas e exames oftalmol\u00f3gicos realizados na rede municipal de sa\u00fade de Capivari de Baixo; ou por um profissional contratado para execu\u00e7\u00e3o do programa. A coordena\u00e7\u00e3o e gest\u00e3o deste projeto ser\u00e3o realizadas pelas secretarias municipais de Sa\u00fade, Educa\u00e7\u00e3o, Cultura, Esporte e Turismo e Desenvolvimento Social.<\/p>\n<p>Falta agora somente a san\u00e7\u00e3o da prefeita M\u00e1rcia Roberg Cargnin, o que dever\u00e1 ocorrer ainda nesta semana.<\/p>\n","protected":false},"excerpt":{"rendered":"<p>Mais um importante projeto de lei foi aprovado pela C\u00e2mara de Capivari de Baixo, durante a sess\u00e3o ordin\u00e1ria da noite desta segunda-feira (27), por maioria simples, o PL n\u00ba 43\/2023, de autoria do Executivo, referente \u00e0 implementa\u00e7\u00e3o do Programa \u201cAl\u00e9m da Vis\u00e3o\u201d na cidade. A proposta \u00e9 oferecer exames oftalmol\u00f3gicos e doa\u00e7\u00e3o de \u00f3culos para &hellip;<\/p>\n<p class=\"read-more\"> <a class=\"\" href=\"https:\/\/sulsc.com\/index.php\/2023\/11\/28\/aprovado-pl-que-garante-oculos-gratuitos-a-parte-da-populacao-de-cb\/\"> <span class=\"screen-reader-text\">Aprovado PL que garante \u00f3culos gratuitos \u00e0 parte da popula\u00e7\u00e3o de CB<\/span> Read More &raquo;<\/a><\/p>\n","protected":false},"author":3,"featured_media":4362,"comment_status":"open","ping_status":"open","sticky":false,"template":"","format":"standard","meta":{"site-sidebar-layout":"default","site-content-layout":"","ast-site-content-layout":"default","site-content-style":"default","site-sidebar-style":"default","ast-global-header-display":"","ast-banner-title-visibility":"","ast-main-header-display":"","ast-hfb-above-header-display":"","ast-hfb-below-header-display":"","ast-hfb-mobile-header-display":"","site-post-title":"","ast-breadcrumbs-content":"","ast-featured-img":"","footer-sml-layout":"","theme-transparent-header-meta":"default","adv-header-id-meta":"","stick-header-meta":"","header-above-stick-meta":"","header-main-stick-meta":"","header-below-stick-meta":"","astra-migrate-meta-layouts":"set","footnotes":""},"categories":[42,1],"tags":[66,104,126,127,128],"yoast_head":"<!-- This site is optimized with the Yoast SEO plugin v21.4 - https:\/\/yoast.com\/wordpress\/plugins\/seo\/ -->\n<title>Aprovado PL que garante \u00f3culos gratuitos \u00e0 parte da popula\u00e7\u00e3o de CB -<\/title>\n<meta name=\"description\" content=\"Programa \u201cAl\u00e9m da Vis\u00e3o\u201d pretende oferecer exames oftalmol\u00f3gicos gratuitos e doa\u00e7\u00e3o de \u00f3culos para alunos das escolas da rede p\u00fablica do munic\u00edpio e a todos os idosos da cidade termel\u00e9trica que necessitarem\" \/>\n<meta name=\"robots\" content=\"index, follow, max-snippet:-1, max-image-preview:large, max-video-preview:-1\" \/>\n<link rel=\"canonical\" href=\"https:\/\/sulsc.com\/index.php\/2023\/11\/28\/aprovado-pl-que-garante-oculos-gratuitos-a-parte-da-populacao-de-cb\/\" \/>\n<meta property=\"og:locale\" content=\"en_US\" \/>\n<meta property=\"og:type\" content=\"article\" \/>\n<meta property=\"og:title\" content=\"Aprovado PL que garante \u00f3culos gratuitos \u00e0 parte da popula\u00e7\u00e3o de CB -\" \/>\n<meta property=\"og:description\" content=\"Programa \u201cAl\u00e9m da Vis\u00e3o\u201d pretende oferecer exames oftalmol\u00f3gicos gratuitos e doa\u00e7\u00e3o de \u00f3culos para alunos das escolas da rede p\u00fablica do munic\u00edpio e a todos os idosos da cidade termel\u00e9trica que necessitarem\" \/>\n<meta property=\"og:url\" content=\"https:\/\/sulsc.com\/index.php\/2023\/11\/28\/aprovado-pl-que-garante-oculos-gratuitos-a-parte-da-populacao-de-cb\/\" \/>\n<meta property=\"article:author\" content=\"https:\/\/www.facebook.com\/profile.php?id=61559278119680\" \/>\n<meta property=\"article:published_time\" content=\"2023-11-28T18:08:40+00:00\" \/>\n<meta property=\"article:modified_time\" content=\"2023-11-28T19:35:27+00:00\" \/>\n<meta property=\"og:image\" content=\"http:\/\/sulsc.com\/wp-content\/uploads\/2023\/11\/1a.jpg\" \/>\n\t<meta property=\"og:image:width\" content=\"1500\" \/>\n\t<meta property=\"og:image:height\" content=\"1125\" \/>\n\t<meta property=\"og:image:type\" content=\"image\/jpeg\" \/>\n<meta name=\"author\" content=\"Reda\u00e7\u00e3o Sul SC\" \/>\n<meta name=\"twitter:card\" content=\"summary_large_image\" \/>\n<meta name=\"twitter:creator\" content=\"@https:\/\/twitter.com\/PortalSulSC\" \/>\n<meta name=\"twitter:label1\" content=\"Written by\" \/>\n\t<meta name=\"twitter:data1\" content=\"Reda\u00e7\u00e3o Sul SC\" \/>\n\t<meta name=\"twitter:label2\" content=\"Est. reading time\" \/>\n\t<meta name=\"twitter:data2\" content=\"3 minutes\" \/>\n<script type=\"application\/ld+json\" class=\"yoast-schema-graph\">{\"@context\":\"https:\/\/schema.org\",\"@graph\":[{\"@type\":\"WebPage\",\"@id\":\"https:\/\/sulsc.com\/index.php\/2023\/11\/28\/aprovado-pl-que-garante-oculos-gratuitos-a-parte-da-populacao-de-cb\/\",\"url\":\"https:\/\/sulsc.com\/index.php\/2023\/11\/28\/aprovado-pl-que-garante-oculos-gratuitos-a-parte-da-populacao-de-cb\/\",\"name\":\"Aprovado PL que garante \u00f3culos gratuitos \u00e0 parte da popula\u00e7\u00e3o de CB -\",\"isPartOf\":{\"@id\":\"https:\/\/sulsc.com\/#website\"},\"datePublished\":\"2023-11-28T18:08:40+00:00\",\"dateModified\":\"2023-11-28T19:35:27+00:00\",\"author\":{\"@id\":\"https:\/\/sulsc.com\/#\/schema\/person\/84d2fc571684f6248ba83092f07750a3\"},\"description\":\"Programa \u201cAl\u00e9m da Vis\u00e3o\u201d pretende oferecer exames oftalmol\u00f3gicos gratuitos e doa\u00e7\u00e3o de \u00f3culos para alunos das escolas da rede p\u00fablica do munic\u00edpio e a todos os idosos da cidade termel\u00e9trica que necessitarem\",\"breadcrumb\":{\"@id\":\"https:\/\/sulsc.com\/index.php\/2023\/11\/28\/aprovado-pl-que-garante-oculos-gratuitos-a-parte-da-populacao-de-cb\/#breadcrumb\"},\"inLanguage\":\"en-US\",\"potentialAction\":[{\"@type\":\"ReadAction\",\"target\":[\"https:\/\/sulsc.com\/index.php\/2023\/11\/28\/aprovado-pl-que-garante-oculos-gratuitos-a-parte-da-populacao-de-cb\/\"]}]},{\"@type\":\"BreadcrumbList\",\"@id\":\"https:\/\/sulsc.com\/index.php\/2023\/11\/28\/aprovado-pl-que-garante-oculos-gratuitos-a-parte-da-populacao-de-cb\/#breadcrumb\",\"itemListElement\":[{\"@type\":\"ListItem\",\"position\":1,\"name\":\"In\u00edcio\",\"item\":\"https:\/\/sulsc.com\/\"},{\"@type\":\"ListItem\",\"position\":2,\"name\":\"Aprovado PL que garante \u00f3culos gratuitos \u00e0 parte da popula\u00e7\u00e3o de CB\"}]},{\"@type\":\"WebSite\",\"@id\":\"https:\/\/sulsc.com\/#website\",\"url\":\"https:\/\/sulsc.com\/\",\"name\":\"\",\"description\":\"\",\"potentialAction\":[{\"@type\":\"SearchAction\",\"target\":{\"@type\":\"EntryPoint\",\"urlTemplate\":\"https:\/\/sulsc.com\/?s={search_term_string}\"},\"query-input\":\"required name=search_term_string\"}],\"inLanguage\":\"en-US\"},{\"@type\":\"Person\",\"@id\":\"https:\/\/sulsc.com\/#\/schema\/person\/84d2fc571684f6248ba83092f07750a3\",\"name\":\"Reda\u00e7\u00e3o Sul SC\",\"image\":{\"@type\":\"ImageObject\",\"inLanguage\":\"en-US\",\"@id\":\"https:\/\/sulsc.com\/#\/schema\/person\/image\/e08d7fe2cc4ed596372063bbe852b8d0\",\"url\":\"https:\/\/sulsc.com\/wp-content\/uploads\/2023\/09\/redacao.png\",\"contentUrl\":\"https:\/\/sulsc.com\/wp-content\/uploads\/2023\/09\/redacao.png\",\"caption\":\"Reda\u00e7\u00e3o Sul SC\"},\"description\":\"Foco em um jornalismo imparcial, voltado \u00e0 qualidade dos seus conte\u00fados e, assim, levar informa\u00e7\u00e3o de valor que agregue \u00e0 vida dos leitores. Esta \u00e9 grande miss\u00e3o do Portal de Not\u00edcias Sul SC. N\u00e3o \u00e9 quantidade que muda o mundo, sempre foi e seguir\u00e1 sendo qualidade!\",\"sameAs\":[\"https:\/\/sulsc.com\/\",\"https:\/\/www.facebook.com\/profile.php?id=61559278119680\",\"https:\/\/www.instagram.com\/sulscportal\/?hl=pt-br\",\"https:\/\/twitter.com\/https:\/\/twitter.com\/PortalSulSC\",\"https:\/\/www.youtube.com\/channel\/UCv_BE8GeySluDov2n8qhVmw\"],\"url\":\"https:\/\/sulsc.com\/index.php\/author\/redacao\/\"}]}<\/script>\n<!-- \/ Yoast SEO plugin. -->","yoast_head_json":{"title":"Aprovado PL que garante \u00f3culos gratuitos \u00e0 parte da popula\u00e7\u00e3o de CB -","description":"Programa \u201cAl\u00e9m da Vis\u00e3o\u201d pretende oferecer exames oftalmol\u00f3gicos gratuitos e doa\u00e7\u00e3o de \u00f3culos para alunos das escolas da rede p\u00fablica do munic\u00edpio e a todos os idosos da cidade termel\u00e9trica que necessitarem","robots":{"index":"index","follow":"follow","max-snippet":"max-snippet:-1","max-image-preview":"max-image-preview:large","max-video-preview":"max-video-preview:-1"},"canonical":"https:\/\/sulsc.com\/index.php\/2023\/11\/28\/aprovado-pl-que-garante-oculos-gratuitos-a-parte-da-populacao-de-cb\/","og_locale":"en_US","og_type":"article","og_title":"Aprovado PL que garante \u00f3culos gratuitos \u00e0 parte da popula\u00e7\u00e3o de CB -","og_description":"Programa \u201cAl\u00e9m da Vis\u00e3o\u201d pretende oferecer exames oftalmol\u00f3gicos gratuitos e doa\u00e7\u00e3o de \u00f3culos para alunos das escolas da rede p\u00fablica do munic\u00edpio e a todos os idosos da cidade termel\u00e9trica que necessitarem","og_url":"https:\/\/sulsc.com\/index.php\/2023\/11\/28\/aprovado-pl-que-garante-oculos-gratuitos-a-parte-da-populacao-de-cb\/","article_author":"https:\/\/www.facebook.com\/profile.php?id=61559278119680","article_published_time":"2023-11-28T18:08:40+00:00","article_modified_time":"2023-11-28T19:35:27+00:00","og_image":[{"width":1500,"height":1125,"url":"http:\/\/sulsc.com\/wp-content\/uploads\/2023\/11\/1a.jpg","type":"image\/jpeg"}],"author":"Reda\u00e7\u00e3o Sul SC","twitter_card":"summary_large_image","twitter_creator":"@https:\/\/twitter.com\/PortalSulSC","twitter_misc":{"Written by":"Reda\u00e7\u00e3o Sul SC","Est. reading time":"3 minutes"},"schema":{"@context":"https:\/\/schema.org","@graph":[{"@type":"WebPage","@id":"https:\/\/sulsc.com\/index.php\/2023\/11\/28\/aprovado-pl-que-garante-oculos-gratuitos-a-parte-da-populacao-de-cb\/","url":"https:\/\/sulsc.com\/index.php\/2023\/11\/28\/aprovado-pl-que-garante-oculos-gratuitos-a-parte-da-populacao-de-cb\/","name":"Aprovado PL que garante \u00f3culos gratuitos \u00e0 parte da popula\u00e7\u00e3o de CB -","isPartOf":{"@id":"https:\/\/sulsc.com\/#website"},"datePublished":"2023-11-28T18:08:40+00:00","dateModified":"2023-11-28T19:35:27+00:00","author":{"@id":"https:\/\/sulsc.com\/#\/schema\/person\/84d2fc571684f6248ba83092f07750a3"},"description":"Programa \u201cAl\u00e9m da Vis\u00e3o\u201d pretende oferecer exames oftalmol\u00f3gicos gratuitos e doa\u00e7\u00e3o de \u00f3culos para alunos das escolas da rede p\u00fablica do munic\u00edpio e a todos os idosos da cidade termel\u00e9trica que necessitarem","breadcrumb":{"@id":"https:\/\/sulsc.com\/index.php\/2023\/11\/28\/aprovado-pl-que-garante-oculos-gratuitos-a-parte-da-populacao-de-cb\/#breadcrumb"},"inLanguage":"en-US","potentialAction":[{"@type":"ReadAction","target":["https:\/\/sulsc.com\/index.php\/2023\/11\/28\/aprovado-pl-que-garante-oculos-gratuitos-a-parte-da-populacao-de-cb\/"]}]},{"@type":"BreadcrumbList","@id":"https:\/\/sulsc.com\/index.php\/2023\/11\/28\/aprovado-pl-que-garante-oculos-gratuitos-a-parte-da-populacao-de-cb\/#breadcrumb","itemListElement":[{"@type":"ListItem","position":1,"name":"In\u00edcio","item":"https:\/\/sulsc.com\/"},{"@type":"ListItem","position":2,"name":"Aprovado PL que garante \u00f3culos gratuitos \u00e0 parte da popula\u00e7\u00e3o de CB"}]},{"@type":"WebSite","@id":"https:\/\/sulsc.com\/#website","url":"https:\/\/sulsc.com\/","name":"","description":"","potentialAction":[{"@type":"SearchAction","target":{"@type":"EntryPoint","urlTemplate":"https:\/\/sulsc.com\/?s={search_term_string}"},"query-input":"required name=search_term_string"}],"inLanguage":"en-US"},{"@type":"Person","@id":"https:\/\/sulsc.com\/#\/schema\/person\/84d2fc571684f6248ba83092f07750a3","name":"Reda\u00e7\u00e3o Sul SC","image":{"@type":"ImageObject","inLanguage":"en-US","@id":"https:\/\/sulsc.com\/#\/schema\/person\/image\/e08d7fe2cc4ed596372063bbe852b8d0","url":"https:\/\/sulsc.com\/wp-content\/uploads\/2023\/09\/redacao.png","contentUrl":"https:\/\/sulsc.com\/wp-content\/uploads\/2023\/09\/redacao.png","caption":"Reda\u00e7\u00e3o Sul SC"},"description":"Foco em um jornalismo imparcial, voltado \u00e0 qualidade dos seus conte\u00fados e, assim, levar informa\u00e7\u00e3o de valor que agregue \u00e0 vida dos leitores. Esta \u00e9 grande miss\u00e3o do Portal de Not\u00edcias Sul SC. N\u00e3o \u00e9 quantidade que muda o mundo, sempre foi e seguir\u00e1 sendo qualidade!","sameAs":["https:\/\/sulsc.com\/","https:\/\/www.facebook.com\/profile.php?id=61559278119680","https:\/\/www.instagram.com\/sulscportal\/?hl=pt-br","https:\/\/twitter.com\/https:\/\/twitter.com\/PortalSulSC","https:\/\/www.youtube.com\/channel\/UCv_BE8GeySluDov2n8qhVmw"],"url":"https:\/\/sulsc.com\/index.php\/author\/redacao\/"}]}},"authors":[],"_links":{"self":[{"href":"https:\/\/sulsc.com\/index.php\/wp-json\/wp\/v2\/posts\/4361"}],"collection":[{"href":"https:\/\/sulsc.com\/index.php\/wp-json\/wp\/v2\/posts"}],"about":[{"href":"https:\/\/sulsc.com\/index.php\/wp-json\/wp\/v2\/types\/post"}],"author":[{"embeddable":true,"href":"https:\/\/sulsc.com\/index.php\/wp-json\/wp\/v2\/users\/3"}],"replies":[{"embeddable":true,"href":"https:\/\/sulsc.com\/index.php\/wp-json\/wp\/v2\/comments?post=4361"}],"version-history":[{"count":2,"href":"https:\/\/sulsc.com\/index.php\/wp-json\/wp\/v2\/posts\/4361\/revisions"}],"predecessor-version":[{"id":4364,"href":"https:\/\/sulsc.com\/index.php\/wp-json\/wp\/v2\/posts\/4361\/revisions\/4364"}],"wp:featuredmedia":[{"embeddable":true,"href":"https:\/\/sulsc.com\/index.php\/wp-json\/wp\/v2\/media\/4362"}],"wp:attachment":[{"href":"https:\/\/sulsc.com\/index.php\/wp-json\/wp\/v2\/media?parent=4361"}],"wp:term":[{"taxonomy":"category","embeddable":true,"href":"https:\/\/sulsc.com\/index.php\/wp-json\/wp\/v2\/categories?post=4361"},{"taxonomy":"post_tag","embeddable":true,"href":"https:\/\/sulsc.com\/index.php\/wp-json\/wp\/v2\/tags?post=4361"}],"curies":[{"name":"wp","href":"https:\/\/api.w.org\/{rel}","templated":true}]}}