{"id":4365,"date":"2023-11-28T17:01:12","date_gmt":"2023-11-28T20:01:12","guid":{"rendered":"https:\/\/sulsc.com\/?p=4365"},"modified":"2023-11-28T17:01:12","modified_gmt":"2023-11-28T20:01:12","slug":"funcionario-que-perdeu-visao-por-tampa-de-refrigerante-sera-indenizado","status":"publish","type":"post","link":"https:\/\/sulsc.com\/index.php\/2023\/11\/28\/funcionario-que-perdeu-visao-por-tampa-de-refrigerante-sera-indenizado\/","title":{"rendered":"Funcion\u00e1rio que perdeu vis\u00e3o por tampa de refrigerante ser\u00e1 indenizado"},"content":{"rendered":"<figure id=\"attachment_4367\" aria-describedby=\"caption-attachment-4367\" style=\"width: 2560px\" class=\"wp-caption aligncenter\"><img fetchpriority=\"high\" decoding=\"async\" class=\"size-full wp-image-4367\" src=\"http:\/\/sulsc.com\/wp-content\/uploads\/2023\/11\/11-scaled.jpg\" alt=\"\" width=\"2560\" height=\"2560\" srcset=\"https:\/\/sulsc.com\/wp-content\/uploads\/2023\/11\/11-scaled.jpg 2560w, https:\/\/sulsc.com\/wp-content\/uploads\/2023\/11\/11-300x300.jpg 300w, https:\/\/sulsc.com\/wp-content\/uploads\/2023\/11\/11-1024x1024.jpg 1024w, https:\/\/sulsc.com\/wp-content\/uploads\/2023\/11\/11-150x150.jpg 150w, https:\/\/sulsc.com\/wp-content\/uploads\/2023\/11\/11-768x768.jpg 768w, https:\/\/sulsc.com\/wp-content\/uploads\/2023\/11\/11-1536x1536.jpg 1536w, https:\/\/sulsc.com\/wp-content\/uploads\/2023\/11\/11-2048x2048.jpg 2048w\" sizes=\"(max-width: 2560px) 100vw, 2560px\" \/><figcaption id=\"caption-attachment-4367\" class=\"wp-caption-text\">Imagem meramente ilustrativa. Foto: Freepik\/Sul SC<\/figcaption><\/figure>\n<p>A decis\u00e3o de origem foi da 2\u00aa Vara C\u00edvel da comarca de Rio do Sul e a v\u00edtima ser\u00e1 indeniza\u00e7\u00e3o em apenas<strong> R$ 10 mil<\/strong>. A 3\u00aa C\u00e2mara Civil do Tribunal de Justi\u00e7a de Santa Catarina manteve a senten\u00e7a que condenou a fabricante de refrigerantes a indenizar o homem que foi atingido no olho por tampa pl\u00e1stica ap\u00f3s garrafa que continha o produto explodir.<\/p>\n<p>Ele trabalhava em uma lanchonete e realizava a reposi\u00e7\u00e3o do estoque quando um dos recipientes estourou e a tampa atingiu seu olho esquerdo. O acidente fez com que sua c\u00f3rnea fosse lesionada. Com isso, ele necessitou levar nove pontos de sutura, o que ocasionou na perda parcial da vis\u00e3o.<\/p>\n<p>A empresa requerida entrou com recurso de apela\u00e7\u00e3o e defendeu sua falta de responsabilidade pelo acidente. Pontuou que n\u00e3o existem provas que havia defeito de fabrica\u00e7\u00e3o. O desembargador relator da a\u00e7\u00e3o anotou que: \u201cNo caso em apre\u00e7o, por mais eficiente que tenha sido a recupera\u00e7\u00e3o do autor ap\u00f3s o acidente ocorrido, tal fato n\u00e3o apaga a dor, ang\u00fastia e o desespero que esteve sujeito nos momentos que imediatamente sucederam \u00e0 les\u00e3o que, a bem da verdade, poderia ter-lhe retirado a vis\u00e3o por completo de um dos olhos, fazendo jus, inegavelmente, \u00e0 indeniza\u00e7\u00e3o pelo abalo moral\u201d.<\/p>\n","protected":false},"excerpt":{"rendered":"<p>A decis\u00e3o de origem foi da 2\u00aa Vara C\u00edvel da comarca de Rio do Sul e a v\u00edtima ser\u00e1 indeniza\u00e7\u00e3o em apenas R$ 10 mil. A 3\u00aa C\u00e2mara Civil do Tribunal de Justi\u00e7a de Santa Catarina manteve a senten\u00e7a que condenou a fabricante de refrigerantes a indenizar o homem que foi atingido no olho por &hellip;<\/p>\n<p class=\"read-more\"> <a class=\"\" href=\"https:\/\/sulsc.com\/index.php\/2023\/11\/28\/funcionario-que-perdeu-visao-por-tampa-de-refrigerante-sera-indenizado\/\"> <span class=\"screen-reader-text\">Funcion\u00e1rio que perdeu vis\u00e3o por tampa de refrigerante ser\u00e1 indenizado<\/span> Read More &raquo;<\/a><\/p>\n","protected":false},"author":3,"featured_media":4367,"comment_status":"open","ping_status":"open","sticky":false,"template":"","format":"standard","meta":{"site-sidebar-layout":"default","site-content-layout":"","ast-site-content-layout":"default","site-content-style":"default","site-sidebar-style":"default","ast-global-header-display":"","ast-banner-title-visibility":"","ast-main-header-display":"","ast-hfb-above-header-display":"","ast-hfb-below-header-display":"","ast-hfb-mobile-header-display":"","site-post-title":"","ast-breadcrumbs-content":"","ast-featured-img":"","footer-sml-layout":"","theme-transparent-header-meta":"default","adv-header-id-meta":"","stick-header-meta":"","header-above-stick-meta":"","header-main-stick-meta":"","header-below-stick-meta":"","astra-migrate-meta-layouts":"set","footnotes":""},"categories":[14],"tags":[132,130,131,129],"yoast_head":"<!-- This site is optimized with the Yoast SEO plugin v21.4 - https:\/\/yoast.com\/wordpress\/plugins\/seo\/ -->\n<title>Funcion\u00e1rio que perdeu vis\u00e3o por tampa de refrigerante ser\u00e1 indenizado -<\/title>\n<meta name=\"description\" content=\"Ele trabalhava em uma lanchonete e realizava a reposi\u00e7\u00e3o do estoque quando um dos recipientes estourou e a tampa atingiu seu olho esquerdo. O acidente fez com que sua c\u00f3rnea fosse lesionada\" \/>\n<meta name=\"robots\" content=\"index, follow, max-snippet:-1, max-image-preview:large, max-video-preview:-1\" \/>\n<link rel=\"canonical\" href=\"https:\/\/sulsc.com\/index.php\/2023\/11\/28\/funcionario-que-perdeu-visao-por-tampa-de-refrigerante-sera-indenizado\/\" \/>\n<meta property=\"og:locale\" content=\"en_US\" \/>\n<meta property=\"og:type\" content=\"article\" \/>\n<meta property=\"og:title\" content=\"Funcion\u00e1rio que perdeu vis\u00e3o por tampa de refrigerante ser\u00e1 indenizado -\" \/>\n<meta property=\"og:description\" content=\"Ele trabalhava em uma lanchonete e realizava a reposi\u00e7\u00e3o do estoque quando um dos recipientes estourou e a tampa atingiu seu olho esquerdo. O acidente fez com que sua c\u00f3rnea fosse lesionada\" \/>\n<meta property=\"og:url\" content=\"https:\/\/sulsc.com\/index.php\/2023\/11\/28\/funcionario-que-perdeu-visao-por-tampa-de-refrigerante-sera-indenizado\/\" \/>\n<meta property=\"article:author\" content=\"https:\/\/www.facebook.com\/profile.php?id=61559278119680\" \/>\n<meta property=\"article:published_time\" content=\"2023-11-28T20:01:12+00:00\" \/>\n<meta property=\"og:image\" content=\"http:\/\/sulsc.com\/wp-content\/uploads\/2023\/11\/11-scaled.jpg\" \/>\n\t<meta property=\"og:image:width\" content=\"2560\" \/>\n\t<meta property=\"og:image:height\" content=\"2560\" \/>\n\t<meta property=\"og:image:type\" content=\"image\/jpeg\" \/>\n<meta name=\"author\" content=\"Reda\u00e7\u00e3o Sul SC\" \/>\n<meta name=\"twitter:card\" content=\"summary_large_image\" \/>\n<meta name=\"twitter:creator\" content=\"@https:\/\/twitter.com\/PortalSulSC\" \/>\n<meta name=\"twitter:label1\" content=\"Written by\" \/>\n\t<meta name=\"twitter:data1\" content=\"Reda\u00e7\u00e3o Sul SC\" \/>\n\t<meta name=\"twitter:label2\" content=\"Est. reading time\" \/>\n\t<meta name=\"twitter:data2\" content=\"2 minutes\" \/>\n<script type=\"application\/ld+json\" class=\"yoast-schema-graph\">{\"@context\":\"https:\/\/schema.org\",\"@graph\":[{\"@type\":\"WebPage\",\"@id\":\"https:\/\/sulsc.com\/index.php\/2023\/11\/28\/funcionario-que-perdeu-visao-por-tampa-de-refrigerante-sera-indenizado\/\",\"url\":\"https:\/\/sulsc.com\/index.php\/2023\/11\/28\/funcionario-que-perdeu-visao-por-tampa-de-refrigerante-sera-indenizado\/\",\"name\":\"Funcion\u00e1rio que perdeu vis\u00e3o por tampa de refrigerante ser\u00e1 indenizado -\",\"isPartOf\":{\"@id\":\"https:\/\/sulsc.com\/#website\"},\"datePublished\":\"2023-11-28T20:01:12+00:00\",\"dateModified\":\"2023-11-28T20:01:12+00:00\",\"author\":{\"@id\":\"https:\/\/sulsc.com\/#\/schema\/person\/84d2fc571684f6248ba83092f07750a3\"},\"description\":\"Ele trabalhava em uma lanchonete e realizava a reposi\u00e7\u00e3o do estoque quando um dos recipientes estourou e a tampa atingiu seu olho esquerdo. O acidente fez com que sua c\u00f3rnea fosse lesionada\",\"breadcrumb\":{\"@id\":\"https:\/\/sulsc.com\/index.php\/2023\/11\/28\/funcionario-que-perdeu-visao-por-tampa-de-refrigerante-sera-indenizado\/#breadcrumb\"},\"inLanguage\":\"en-US\",\"potentialAction\":[{\"@type\":\"ReadAction\",\"target\":[\"https:\/\/sulsc.com\/index.php\/2023\/11\/28\/funcionario-que-perdeu-visao-por-tampa-de-refrigerante-sera-indenizado\/\"]}]},{\"@type\":\"BreadcrumbList\",\"@id\":\"https:\/\/sulsc.com\/index.php\/2023\/11\/28\/funcionario-que-perdeu-visao-por-tampa-de-refrigerante-sera-indenizado\/#breadcrumb\",\"itemListElement\":[{\"@type\":\"ListItem\",\"position\":1,\"name\":\"In\u00edcio\",\"item\":\"https:\/\/sulsc.com\/\"},{\"@type\":\"ListItem\",\"position\":2,\"name\":\"Funcion\u00e1rio que perdeu vis\u00e3o por tampa de refrigerante ser\u00e1 indenizado\"}]},{\"@type\":\"WebSite\",\"@id\":\"https:\/\/sulsc.com\/#website\",\"url\":\"https:\/\/sulsc.com\/\",\"name\":\"\",\"description\":\"\",\"potentialAction\":[{\"@type\":\"SearchAction\",\"target\":{\"@type\":\"EntryPoint\",\"urlTemplate\":\"https:\/\/sulsc.com\/?s={search_term_string}\"},\"query-input\":\"required name=search_term_string\"}],\"inLanguage\":\"en-US\"},{\"@type\":\"Person\",\"@id\":\"https:\/\/sulsc.com\/#\/schema\/person\/84d2fc571684f6248ba83092f07750a3\",\"name\":\"Reda\u00e7\u00e3o Sul SC\",\"image\":{\"@type\":\"ImageObject\",\"inLanguage\":\"en-US\",\"@id\":\"https:\/\/sulsc.com\/#\/schema\/person\/image\/e08d7fe2cc4ed596372063bbe852b8d0\",\"url\":\"https:\/\/sulsc.com\/wp-content\/uploads\/2023\/09\/redacao.png\",\"contentUrl\":\"https:\/\/sulsc.com\/wp-content\/uploads\/2023\/09\/redacao.png\",\"caption\":\"Reda\u00e7\u00e3o Sul SC\"},\"description\":\"Foco em um jornalismo imparcial, voltado \u00e0 qualidade dos seus conte\u00fados e, assim, levar informa\u00e7\u00e3o de valor que agregue \u00e0 vida dos leitores. Esta \u00e9 grande miss\u00e3o do Portal de Not\u00edcias Sul SC. N\u00e3o \u00e9 quantidade que muda o mundo, sempre foi e seguir\u00e1 sendo qualidade!\",\"sameAs\":[\"https:\/\/sulsc.com\/\",\"https:\/\/www.facebook.com\/profile.php?id=61559278119680\",\"https:\/\/www.instagram.com\/sulscportal\/?hl=pt-br\",\"https:\/\/twitter.com\/https:\/\/twitter.com\/PortalSulSC\",\"https:\/\/www.youtube.com\/channel\/UCv_BE8GeySluDov2n8qhVmw\"],\"url\":\"https:\/\/sulsc.com\/index.php\/author\/redacao\/\"}]}<\/script>\n<!-- \/ Yoast SEO plugin. -->","yoast_head_json":{"title":"Funcion\u00e1rio que perdeu vis\u00e3o por tampa de refrigerante ser\u00e1 indenizado -","description":"Ele trabalhava em uma lanchonete e realizava a reposi\u00e7\u00e3o do estoque quando um dos recipientes estourou e a tampa atingiu seu olho esquerdo. O acidente fez com que sua c\u00f3rnea fosse lesionada","robots":{"index":"index","follow":"follow","max-snippet":"max-snippet:-1","max-image-preview":"max-image-preview:large","max-video-preview":"max-video-preview:-1"},"canonical":"https:\/\/sulsc.com\/index.php\/2023\/11\/28\/funcionario-que-perdeu-visao-por-tampa-de-refrigerante-sera-indenizado\/","og_locale":"en_US","og_type":"article","og_title":"Funcion\u00e1rio que perdeu vis\u00e3o por tampa de refrigerante ser\u00e1 indenizado -","og_description":"Ele trabalhava em uma lanchonete e realizava a reposi\u00e7\u00e3o do estoque quando um dos recipientes estourou e a tampa atingiu seu olho esquerdo. O acidente fez com que sua c\u00f3rnea fosse lesionada","og_url":"https:\/\/sulsc.com\/index.php\/2023\/11\/28\/funcionario-que-perdeu-visao-por-tampa-de-refrigerante-sera-indenizado\/","article_author":"https:\/\/www.facebook.com\/profile.php?id=61559278119680","article_published_time":"2023-11-28T20:01:12+00:00","og_image":[{"width":2560,"height":2560,"url":"http:\/\/sulsc.com\/wp-content\/uploads\/2023\/11\/11-scaled.jpg","type":"image\/jpeg"}],"author":"Reda\u00e7\u00e3o Sul SC","twitter_card":"summary_large_image","twitter_creator":"@https:\/\/twitter.com\/PortalSulSC","twitter_misc":{"Written by":"Reda\u00e7\u00e3o Sul SC","Est. reading time":"2 minutes"},"schema":{"@context":"https:\/\/schema.org","@graph":[{"@type":"WebPage","@id":"https:\/\/sulsc.com\/index.php\/2023\/11\/28\/funcionario-que-perdeu-visao-por-tampa-de-refrigerante-sera-indenizado\/","url":"https:\/\/sulsc.com\/index.php\/2023\/11\/28\/funcionario-que-perdeu-visao-por-tampa-de-refrigerante-sera-indenizado\/","name":"Funcion\u00e1rio que perdeu vis\u00e3o por tampa de refrigerante ser\u00e1 indenizado -","isPartOf":{"@id":"https:\/\/sulsc.com\/#website"},"datePublished":"2023-11-28T20:01:12+00:00","dateModified":"2023-11-28T20:01:12+00:00","author":{"@id":"https:\/\/sulsc.com\/#\/schema\/person\/84d2fc571684f6248ba83092f07750a3"},"description":"Ele trabalhava em uma lanchonete e realizava a reposi\u00e7\u00e3o do estoque quando um dos recipientes estourou e a tampa atingiu seu olho esquerdo. O acidente fez com que sua c\u00f3rnea fosse lesionada","breadcrumb":{"@id":"https:\/\/sulsc.com\/index.php\/2023\/11\/28\/funcionario-que-perdeu-visao-por-tampa-de-refrigerante-sera-indenizado\/#breadcrumb"},"inLanguage":"en-US","potentialAction":[{"@type":"ReadAction","target":["https:\/\/sulsc.com\/index.php\/2023\/11\/28\/funcionario-que-perdeu-visao-por-tampa-de-refrigerante-sera-indenizado\/"]}]},{"@type":"BreadcrumbList","@id":"https:\/\/sulsc.com\/index.php\/2023\/11\/28\/funcionario-que-perdeu-visao-por-tampa-de-refrigerante-sera-indenizado\/#breadcrumb","itemListElement":[{"@type":"ListItem","position":1,"name":"In\u00edcio","item":"https:\/\/sulsc.com\/"},{"@type":"ListItem","position":2,"name":"Funcion\u00e1rio que perdeu vis\u00e3o por tampa de refrigerante ser\u00e1 indenizado"}]},{"@type":"WebSite","@id":"https:\/\/sulsc.com\/#website","url":"https:\/\/sulsc.com\/","name":"","description":"","potentialAction":[{"@type":"SearchAction","target":{"@type":"EntryPoint","urlTemplate":"https:\/\/sulsc.com\/?s={search_term_string}"},"query-input":"required name=search_term_string"}],"inLanguage":"en-US"},{"@type":"Person","@id":"https:\/\/sulsc.com\/#\/schema\/person\/84d2fc571684f6248ba83092f07750a3","name":"Reda\u00e7\u00e3o Sul SC","image":{"@type":"ImageObject","inLanguage":"en-US","@id":"https:\/\/sulsc.com\/#\/schema\/person\/image\/e08d7fe2cc4ed596372063bbe852b8d0","url":"https:\/\/sulsc.com\/wp-content\/uploads\/2023\/09\/redacao.png","contentUrl":"https:\/\/sulsc.com\/wp-content\/uploads\/2023\/09\/redacao.png","caption":"Reda\u00e7\u00e3o Sul SC"},"description":"Foco em um jornalismo imparcial, voltado \u00e0 qualidade dos seus conte\u00fados e, assim, levar informa\u00e7\u00e3o de valor que agregue \u00e0 vida dos leitores. Esta \u00e9 grande miss\u00e3o do Portal de Not\u00edcias Sul SC. N\u00e3o \u00e9 quantidade que muda o mundo, sempre foi e seguir\u00e1 sendo qualidade!","sameAs":["https:\/\/sulsc.com\/","https:\/\/www.facebook.com\/profile.php?id=61559278119680","https:\/\/www.instagram.com\/sulscportal\/?hl=pt-br","https:\/\/twitter.com\/https:\/\/twitter.com\/PortalSulSC","https:\/\/www.youtube.com\/channel\/UCv_BE8GeySluDov2n8qhVmw"],"url":"https:\/\/sulsc.com\/index.php\/author\/redacao\/"}]}},"authors":[],"_links":{"self":[{"href":"https:\/\/sulsc.com\/index.php\/wp-json\/wp\/v2\/posts\/4365"}],"collection":[{"href":"https:\/\/sulsc.com\/index.php\/wp-json\/wp\/v2\/posts"}],"about":[{"href":"https:\/\/sulsc.com\/index.php\/wp-json\/wp\/v2\/types\/post"}],"author":[{"embeddable":true,"href":"https:\/\/sulsc.com\/index.php\/wp-json\/wp\/v2\/users\/3"}],"replies":[{"embeddable":true,"href":"https:\/\/sulsc.com\/index.php\/wp-json\/wp\/v2\/comments?post=4365"}],"version-history":[{"count":1,"href":"https:\/\/sulsc.com\/index.php\/wp-json\/wp\/v2\/posts\/4365\/revisions"}],"predecessor-version":[{"id":4368,"href":"https:\/\/sulsc.com\/index.php\/wp-json\/wp\/v2\/posts\/4365\/revisions\/4368"}],"wp:featuredmedia":[{"embeddable":true,"href":"https:\/\/sulsc.com\/index.php\/wp-json\/wp\/v2\/media\/4367"}],"wp:attachment":[{"href":"https:\/\/sulsc.com\/index.php\/wp-json\/wp\/v2\/media?parent=4365"}],"wp:term":[{"taxonomy":"category","embeddable":true,"href":"https:\/\/sulsc.com\/index.php\/wp-json\/wp\/v2\/categories?post=4365"},{"taxonomy":"post_tag","embeddable":true,"href":"https:\/\/sulsc.com\/index.php\/wp-json\/wp\/v2\/tags?post=4365"}],"curies":[{"name":"wp","href":"https:\/\/api.w.org\/{rel}","templated":true}]}}