{"id":4378,"date":"2023-11-29T08:10:27","date_gmt":"2023-11-29T11:10:27","guid":{"rendered":"https:\/\/sulsc.com\/?p=4378"},"modified":"2023-11-29T08:21:59","modified_gmt":"2023-11-29T11:21:59","slug":"mpsc-firma-convenio-com-celesc-para-contratacao-de-energia-renovavel","status":"publish","type":"post","link":"https:\/\/sulsc.com\/index.php\/2023\/11\/29\/mpsc-firma-convenio-com-celesc-para-contratacao-de-energia-renovavel\/","title":{"rendered":"MPSC firma conv\u00eanio com Celesc para contrata\u00e7\u00e3o de energia renov\u00e1vel"},"content":{"rendered":"<p><img fetchpriority=\"high\" decoding=\"async\" class=\"size-full wp-image-4381 alignleft\" src=\"http:\/\/sulsc.com\/wp-content\/uploads\/2023\/11\/MPSC-firma-convenio-com-Celesc-para-contratacao-de-energia-renovavel-01.png\" alt=\"\" width=\"434\" height=\"248\" srcset=\"https:\/\/sulsc.com\/wp-content\/uploads\/2023\/11\/MPSC-firma-convenio-com-Celesc-para-contratacao-de-energia-renovavel-01.png 434w, https:\/\/sulsc.com\/wp-content\/uploads\/2023\/11\/MPSC-firma-convenio-com-Celesc-para-contratacao-de-energia-renovavel-01-300x171.png 300w\" sizes=\"(max-width: 434px) 100vw, 434px\" \/>Um novo modelo de contrata\u00e7\u00e3o de energia el\u00e9trica para todas as suas sedes \u00e9 iniciada pelo Minist\u00e9rio P\u00fablico de Santa Catarina (MPSC). Nesta ter\u00e7a-feira (28) foi assinado um conv\u00eanio com a Celesc Distribui\u00e7\u00e3o S.A., mais sustent\u00e1vel e com maior economia, para uso de energia renov\u00e1vel no modelo solar fotovoltaico.<\/p>\n<p>O conv\u00eanio foi assinado pelo Procurador-Geral de Justi\u00e7a, F\u00e1bio de Souza Trajano, e por Tarc\u00edsio Estefano Rosa e Pedro Augusto Schmidt de Carvalho J\u00fanior, respectivamente Diretor-Presidente e Diretor de Regula\u00e7\u00e3o e Gest\u00e3o de Energia da Celesc, na sede da empresa, em Florian\u00f3polis. O Governador Jorginho Mello tamb\u00e9m participou da solenidade.<\/p>\n<p>Al\u00e9m de representar um avan\u00e7o consider\u00e1vel em termos de sustentabilidade administrativa do Minist\u00e9rio P\u00fablico catarinense, a nova contrata\u00e7\u00e3o trar\u00e1 uma economia aproximada de 10% nos gastos mensais com energia da institui\u00e7\u00e3o, o que representa, segundo o Procurador-Geral de Justi\u00e7a, cerca de R$ 300 mil por ano.<\/p>\n<p><img decoding=\"async\" class=\"size-full wp-image-4380 alignright\" src=\"http:\/\/sulsc.com\/wp-content\/uploads\/2023\/11\/MPSC-firma-convenio-com-Celesc-para-contratacao-de-energia-renovavel-02.png\" alt=\"\" width=\"434\" height=\"248\" srcset=\"https:\/\/sulsc.com\/wp-content\/uploads\/2023\/11\/MPSC-firma-convenio-com-Celesc-para-contratacao-de-energia-renovavel-02.png 434w, https:\/\/sulsc.com\/wp-content\/uploads\/2023\/11\/MPSC-firma-convenio-com-Celesc-para-contratacao-de-energia-renovavel-02-300x171.png 300w\" sizes=\"(max-width: 434px) 100vw, 434px\" \/>&#8220;Todas as unidades do Minist\u00e9rio P\u00fablico ir\u00e3o consumir uma energia limpa, uma energia renov\u00e1vel, gerada com uso de placas solares. Ent\u00e3o, com isso, o Minist\u00e9rio P\u00fablico contribui para a sustentabilidade, para o desenvolvimento com qualidade. Medidas nessa natureza tamb\u00e9m s\u00e3o importantes para que, at\u00e9 em raz\u00e3o de todas essas transforma\u00e7\u00f5es clim\u00e1ticas que o mundo passa, n\u00f3s tenhamos um meio ambiente e uma qualidade de vida melhores&#8221;, considerou Trajano na solenidade de assinatura do documento.<\/p>\n<p>Com o conv\u00eanio, a Celesc implantar\u00e1 uma usina de minigera\u00e7\u00e3o de energia de fonte solar fotovoltaica no Munic\u00edpio de Campos Novos, em terreno da empresa, cuja energia ser\u00e1 destinada a todos os pr\u00e9dios pr\u00f3prios do MPSC. A previs\u00e3o \u00e9 que a instala\u00e7\u00e3o da usina ocorra no in\u00edcio de 2024. &#8220;N\u00f3s temos agora uma usina que em seguida vai fornecer energia para o Minist\u00e9rio P\u00fablico, de uma fonte alternativa, energia limpa. Este \u00e9 o caminho&#8221;, resumiu o Diretor-Presidente da Celesc.<\/p>\n<p>A Celesc ficar\u00e1 com o investimento inicial para a implanta\u00e7\u00e3o da usina solar, de R$ 4,8 milh\u00f5es, e o MPSC arcar\u00e1 com os custos da utiliza\u00e7\u00e3o dos equipamentos da usina solar fotovoltaica e com os custos de opera\u00e7\u00e3o e manuten\u00e7\u00e3o da usina, em valor equivalente a 90% do benef\u00edcio financeiro dos cr\u00e9ditos contabilizados nas faturas de energia proporcionado pela energia injetada na rede pela usina.<\/p>\n<p><img decoding=\"async\" class=\"size-full wp-image-4379 alignleft\" src=\"http:\/\/sulsc.com\/wp-content\/uploads\/2023\/11\/MPSC-firma-convenio-com-Celesc-para-contratacao-de-energia-renovavel-03.png\" alt=\"\" width=\"434\" height=\"248\" srcset=\"https:\/\/sulsc.com\/wp-content\/uploads\/2023\/11\/MPSC-firma-convenio-com-Celesc-para-contratacao-de-energia-renovavel-03.png 434w, https:\/\/sulsc.com\/wp-content\/uploads\/2023\/11\/MPSC-firma-convenio-com-Celesc-para-contratacao-de-energia-renovavel-03-300x171.png 300w\" sizes=\"(max-width: 434px) 100vw, 434px\" \/>O Procurador-Geral de Justi\u00e7a destacou, ainda, as tratativas conduzidas pela Subprocuradora-Geral de Justi\u00e7a para Assuntos Administrativos, Ariadne Clarissa Klein Sartori, que culminaram na celebra\u00e7\u00e3o do conv\u00eanio, motivo de muito orgulho para o MPSC. &#8220;N\u00f3s vamos poder dizer aos nossos filhos, para a sociedade, para os nossos colaboradores, que a energia usada pelo Minist\u00e9rio P\u00fablico \u00e9 uma energia limpa fornecida pela Celesc, uma energia que vem de fonte solar. N\u00f3s estamos contribuindo para a preserva\u00e7\u00e3o do meio ambiente, para o desenvolvimento da nossa sociedade e, quem sabe, para deixar um estado melhor para as futuras gera\u00e7\u00f5es&#8221;, concluiu Trajano.<\/p>\n<p>&nbsp;<\/p>\n<p>Fonte: PMSC<\/p>\n","protected":false},"excerpt":{"rendered":"<p>Um novo modelo de contrata\u00e7\u00e3o de energia el\u00e9trica para todas as suas sedes \u00e9 iniciada pelo Minist\u00e9rio P\u00fablico de Santa Catarina (MPSC). Nesta ter\u00e7a-feira (28) foi assinado um conv\u00eanio com a Celesc Distribui\u00e7\u00e3o S.A., mais sustent\u00e1vel e com maior economia, para uso de energia renov\u00e1vel no modelo solar fotovoltaico. O conv\u00eanio foi assinado pelo Procurador-Geral &hellip;<\/p>\n<p class=\"read-more\"> <a class=\"\" href=\"https:\/\/sulsc.com\/index.php\/2023\/11\/29\/mpsc-firma-convenio-com-celesc-para-contratacao-de-energia-renovavel\/\"> <span class=\"screen-reader-text\">MPSC firma conv\u00eanio com Celesc para contrata\u00e7\u00e3o de energia renov\u00e1vel<\/span> Read More &raquo;<\/a><\/p>\n","protected":false},"author":3,"featured_media":4381,"comment_status":"open","ping_status":"open","sticky":false,"template":"","format":"standard","meta":{"site-sidebar-layout":"default","site-content-layout":"","ast-site-content-layout":"default","site-content-style":"default","site-sidebar-style":"default","ast-global-header-display":"","ast-banner-title-visibility":"","ast-main-header-display":"","ast-hfb-above-header-display":"","ast-hfb-below-header-display":"","ast-hfb-mobile-header-display":"","site-post-title":"","ast-breadcrumbs-content":"","ast-featured-img":"","footer-sml-layout":"","theme-transparent-header-meta":"default","adv-header-id-meta":"","stick-header-meta":"","header-above-stick-meta":"","header-main-stick-meta":"","header-below-stick-meta":"","astra-migrate-meta-layouts":"set","footnotes":""},"categories":[17],"tags":[],"yoast_head":"<!-- This site is optimized with the Yoast SEO plugin v21.4 - https:\/\/yoast.com\/wordpress\/plugins\/seo\/ -->\n<title>MPSC firma conv\u00eanio com Celesc para contrata\u00e7\u00e3o de energia renov\u00e1vel -<\/title>\n<meta name=\"description\" content=\"Al\u00e9m de ser sustent\u00e1vel, a implanta\u00e7\u00e3o da usina solar para gera\u00e7\u00e3o de energia a todos os pr\u00e9dios do MPSC trar\u00e1 uma economia aproximada de pelo menos 10%\" \/>\n<meta name=\"robots\" content=\"index, follow, max-snippet:-1, max-image-preview:large, max-video-preview:-1\" \/>\n<link rel=\"canonical\" href=\"https:\/\/sulsc.com\/index.php\/2023\/11\/29\/mpsc-firma-convenio-com-celesc-para-contratacao-de-energia-renovavel\/\" \/>\n<meta property=\"og:locale\" content=\"en_US\" \/>\n<meta property=\"og:type\" content=\"article\" \/>\n<meta property=\"og:title\" content=\"MPSC firma conv\u00eanio com Celesc para contrata\u00e7\u00e3o de energia renov\u00e1vel -\" \/>\n<meta property=\"og:description\" content=\"Al\u00e9m de ser sustent\u00e1vel, a implanta\u00e7\u00e3o da usina solar para gera\u00e7\u00e3o de energia a todos os pr\u00e9dios do MPSC trar\u00e1 uma economia aproximada de pelo menos 10%\" \/>\n<meta property=\"og:url\" content=\"https:\/\/sulsc.com\/index.php\/2023\/11\/29\/mpsc-firma-convenio-com-celesc-para-contratacao-de-energia-renovavel\/\" \/>\n<meta property=\"article:author\" content=\"https:\/\/www.facebook.com\/profile.php?id=61559278119680\" \/>\n<meta property=\"article:published_time\" content=\"2023-11-29T11:10:27+00:00\" \/>\n<meta property=\"article:modified_time\" content=\"2023-11-29T11:21:59+00:00\" \/>\n<meta property=\"og:image\" content=\"http:\/\/sulsc.com\/wp-content\/uploads\/2023\/11\/MPSC-firma-convenio-com-Celesc-para-contratacao-de-energia-renovavel-01.png\" \/>\n\t<meta property=\"og:image:width\" content=\"434\" \/>\n\t<meta property=\"og:image:height\" content=\"248\" \/>\n\t<meta property=\"og:image:type\" content=\"image\/png\" \/>\n<meta name=\"author\" content=\"Reda\u00e7\u00e3o Sul SC\" \/>\n<meta name=\"twitter:card\" content=\"summary_large_image\" \/>\n<meta name=\"twitter:creator\" content=\"@https:\/\/twitter.com\/PortalSulSC\" \/>\n<meta name=\"twitter:label1\" content=\"Written by\" \/>\n\t<meta name=\"twitter:data1\" content=\"Reda\u00e7\u00e3o Sul SC\" \/>\n\t<meta name=\"twitter:label2\" content=\"Est. reading time\" \/>\n\t<meta name=\"twitter:data2\" content=\"4 minutes\" \/>\n<script type=\"application\/ld+json\" class=\"yoast-schema-graph\">{\"@context\":\"https:\/\/schema.org\",\"@graph\":[{\"@type\":\"WebPage\",\"@id\":\"https:\/\/sulsc.com\/index.php\/2023\/11\/29\/mpsc-firma-convenio-com-celesc-para-contratacao-de-energia-renovavel\/\",\"url\":\"https:\/\/sulsc.com\/index.php\/2023\/11\/29\/mpsc-firma-convenio-com-celesc-para-contratacao-de-energia-renovavel\/\",\"name\":\"MPSC firma conv\u00eanio com Celesc para contrata\u00e7\u00e3o de energia renov\u00e1vel -\",\"isPartOf\":{\"@id\":\"https:\/\/sulsc.com\/#website\"},\"datePublished\":\"2023-11-29T11:10:27+00:00\",\"dateModified\":\"2023-11-29T11:21:59+00:00\",\"author\":{\"@id\":\"https:\/\/sulsc.com\/#\/schema\/person\/84d2fc571684f6248ba83092f07750a3\"},\"description\":\"Al\u00e9m de ser sustent\u00e1vel, a implanta\u00e7\u00e3o da usina solar para gera\u00e7\u00e3o de energia a todos os pr\u00e9dios do MPSC trar\u00e1 uma economia aproximada de pelo menos 10%\",\"breadcrumb\":{\"@id\":\"https:\/\/sulsc.com\/index.php\/2023\/11\/29\/mpsc-firma-convenio-com-celesc-para-contratacao-de-energia-renovavel\/#breadcrumb\"},\"inLanguage\":\"en-US\",\"potentialAction\":[{\"@type\":\"ReadAction\",\"target\":[\"https:\/\/sulsc.com\/index.php\/2023\/11\/29\/mpsc-firma-convenio-com-celesc-para-contratacao-de-energia-renovavel\/\"]}]},{\"@type\":\"BreadcrumbList\",\"@id\":\"https:\/\/sulsc.com\/index.php\/2023\/11\/29\/mpsc-firma-convenio-com-celesc-para-contratacao-de-energia-renovavel\/#breadcrumb\",\"itemListElement\":[{\"@type\":\"ListItem\",\"position\":1,\"name\":\"In\u00edcio\",\"item\":\"https:\/\/sulsc.com\/\"},{\"@type\":\"ListItem\",\"position\":2,\"name\":\"MPSC firma conv\u00eanio com Celesc para contrata\u00e7\u00e3o de energia renov\u00e1vel\"}]},{\"@type\":\"WebSite\",\"@id\":\"https:\/\/sulsc.com\/#website\",\"url\":\"https:\/\/sulsc.com\/\",\"name\":\"\",\"description\":\"\",\"potentialAction\":[{\"@type\":\"SearchAction\",\"target\":{\"@type\":\"EntryPoint\",\"urlTemplate\":\"https:\/\/sulsc.com\/?s={search_term_string}\"},\"query-input\":\"required name=search_term_string\"}],\"inLanguage\":\"en-US\"},{\"@type\":\"Person\",\"@id\":\"https:\/\/sulsc.com\/#\/schema\/person\/84d2fc571684f6248ba83092f07750a3\",\"name\":\"Reda\u00e7\u00e3o Sul SC\",\"image\":{\"@type\":\"ImageObject\",\"inLanguage\":\"en-US\",\"@id\":\"https:\/\/sulsc.com\/#\/schema\/person\/image\/e08d7fe2cc4ed596372063bbe852b8d0\",\"url\":\"https:\/\/sulsc.com\/wp-content\/uploads\/2023\/09\/redacao.png\",\"contentUrl\":\"https:\/\/sulsc.com\/wp-content\/uploads\/2023\/09\/redacao.png\",\"caption\":\"Reda\u00e7\u00e3o Sul SC\"},\"description\":\"Foco em um jornalismo imparcial, voltado \u00e0 qualidade dos seus conte\u00fados e, assim, levar informa\u00e7\u00e3o de valor que agregue \u00e0 vida dos leitores. Esta \u00e9 grande miss\u00e3o do Portal de Not\u00edcias Sul SC. N\u00e3o \u00e9 quantidade que muda o mundo, sempre foi e seguir\u00e1 sendo qualidade!\",\"sameAs\":[\"https:\/\/sulsc.com\/\",\"https:\/\/www.facebook.com\/profile.php?id=61559278119680\",\"https:\/\/www.instagram.com\/sulscportal\/?hl=pt-br\",\"https:\/\/twitter.com\/https:\/\/twitter.com\/PortalSulSC\",\"https:\/\/www.youtube.com\/channel\/UCv_BE8GeySluDov2n8qhVmw\"],\"url\":\"https:\/\/sulsc.com\/index.php\/author\/redacao\/\"}]}<\/script>\n<!-- \/ Yoast SEO plugin. -->","yoast_head_json":{"title":"MPSC firma conv\u00eanio com Celesc para contrata\u00e7\u00e3o de energia renov\u00e1vel -","description":"Al\u00e9m de ser sustent\u00e1vel, a implanta\u00e7\u00e3o da usina solar para gera\u00e7\u00e3o de energia a todos os pr\u00e9dios do MPSC trar\u00e1 uma economia aproximada de pelo menos 10%","robots":{"index":"index","follow":"follow","max-snippet":"max-snippet:-1","max-image-preview":"max-image-preview:large","max-video-preview":"max-video-preview:-1"},"canonical":"https:\/\/sulsc.com\/index.php\/2023\/11\/29\/mpsc-firma-convenio-com-celesc-para-contratacao-de-energia-renovavel\/","og_locale":"en_US","og_type":"article","og_title":"MPSC firma conv\u00eanio com Celesc para contrata\u00e7\u00e3o de energia renov\u00e1vel -","og_description":"Al\u00e9m de ser sustent\u00e1vel, a implanta\u00e7\u00e3o da usina solar para gera\u00e7\u00e3o de energia a todos os pr\u00e9dios do MPSC trar\u00e1 uma economia aproximada de pelo menos 10%","og_url":"https:\/\/sulsc.com\/index.php\/2023\/11\/29\/mpsc-firma-convenio-com-celesc-para-contratacao-de-energia-renovavel\/","article_author":"https:\/\/www.facebook.com\/profile.php?id=61559278119680","article_published_time":"2023-11-29T11:10:27+00:00","article_modified_time":"2023-11-29T11:21:59+00:00","og_image":[{"width":434,"height":248,"url":"http:\/\/sulsc.com\/wp-content\/uploads\/2023\/11\/MPSC-firma-convenio-com-Celesc-para-contratacao-de-energia-renovavel-01.png","type":"image\/png"}],"author":"Reda\u00e7\u00e3o Sul SC","twitter_card":"summary_large_image","twitter_creator":"@https:\/\/twitter.com\/PortalSulSC","twitter_misc":{"Written by":"Reda\u00e7\u00e3o Sul SC","Est. reading time":"4 minutes"},"schema":{"@context":"https:\/\/schema.org","@graph":[{"@type":"WebPage","@id":"https:\/\/sulsc.com\/index.php\/2023\/11\/29\/mpsc-firma-convenio-com-celesc-para-contratacao-de-energia-renovavel\/","url":"https:\/\/sulsc.com\/index.php\/2023\/11\/29\/mpsc-firma-convenio-com-celesc-para-contratacao-de-energia-renovavel\/","name":"MPSC firma conv\u00eanio com Celesc para contrata\u00e7\u00e3o de energia renov\u00e1vel -","isPartOf":{"@id":"https:\/\/sulsc.com\/#website"},"datePublished":"2023-11-29T11:10:27+00:00","dateModified":"2023-11-29T11:21:59+00:00","author":{"@id":"https:\/\/sulsc.com\/#\/schema\/person\/84d2fc571684f6248ba83092f07750a3"},"description":"Al\u00e9m de ser sustent\u00e1vel, a implanta\u00e7\u00e3o da usina solar para gera\u00e7\u00e3o de energia a todos os pr\u00e9dios do MPSC trar\u00e1 uma economia aproximada de pelo menos 10%","breadcrumb":{"@id":"https:\/\/sulsc.com\/index.php\/2023\/11\/29\/mpsc-firma-convenio-com-celesc-para-contratacao-de-energia-renovavel\/#breadcrumb"},"inLanguage":"en-US","potentialAction":[{"@type":"ReadAction","target":["https:\/\/sulsc.com\/index.php\/2023\/11\/29\/mpsc-firma-convenio-com-celesc-para-contratacao-de-energia-renovavel\/"]}]},{"@type":"BreadcrumbList","@id":"https:\/\/sulsc.com\/index.php\/2023\/11\/29\/mpsc-firma-convenio-com-celesc-para-contratacao-de-energia-renovavel\/#breadcrumb","itemListElement":[{"@type":"ListItem","position":1,"name":"In\u00edcio","item":"https:\/\/sulsc.com\/"},{"@type":"ListItem","position":2,"name":"MPSC firma conv\u00eanio com Celesc para contrata\u00e7\u00e3o de energia renov\u00e1vel"}]},{"@type":"WebSite","@id":"https:\/\/sulsc.com\/#website","url":"https:\/\/sulsc.com\/","name":"","description":"","potentialAction":[{"@type":"SearchAction","target":{"@type":"EntryPoint","urlTemplate":"https:\/\/sulsc.com\/?s={search_term_string}"},"query-input":"required name=search_term_string"}],"inLanguage":"en-US"},{"@type":"Person","@id":"https:\/\/sulsc.com\/#\/schema\/person\/84d2fc571684f6248ba83092f07750a3","name":"Reda\u00e7\u00e3o Sul SC","image":{"@type":"ImageObject","inLanguage":"en-US","@id":"https:\/\/sulsc.com\/#\/schema\/person\/image\/e08d7fe2cc4ed596372063bbe852b8d0","url":"https:\/\/sulsc.com\/wp-content\/uploads\/2023\/09\/redacao.png","contentUrl":"https:\/\/sulsc.com\/wp-content\/uploads\/2023\/09\/redacao.png","caption":"Reda\u00e7\u00e3o Sul SC"},"description":"Foco em um jornalismo imparcial, voltado \u00e0 qualidade dos seus conte\u00fados e, assim, levar informa\u00e7\u00e3o de valor que agregue \u00e0 vida dos leitores. Esta \u00e9 grande miss\u00e3o do Portal de Not\u00edcias Sul SC. N\u00e3o \u00e9 quantidade que muda o mundo, sempre foi e seguir\u00e1 sendo qualidade!","sameAs":["https:\/\/sulsc.com\/","https:\/\/www.facebook.com\/profile.php?id=61559278119680","https:\/\/www.instagram.com\/sulscportal\/?hl=pt-br","https:\/\/twitter.com\/https:\/\/twitter.com\/PortalSulSC","https:\/\/www.youtube.com\/channel\/UCv_BE8GeySluDov2n8qhVmw"],"url":"https:\/\/sulsc.com\/index.php\/author\/redacao\/"}]}},"authors":[],"_links":{"self":[{"href":"https:\/\/sulsc.com\/index.php\/wp-json\/wp\/v2\/posts\/4378"}],"collection":[{"href":"https:\/\/sulsc.com\/index.php\/wp-json\/wp\/v2\/posts"}],"about":[{"href":"https:\/\/sulsc.com\/index.php\/wp-json\/wp\/v2\/types\/post"}],"author":[{"embeddable":true,"href":"https:\/\/sulsc.com\/index.php\/wp-json\/wp\/v2\/users\/3"}],"replies":[{"embeddable":true,"href":"https:\/\/sulsc.com\/index.php\/wp-json\/wp\/v2\/comments?post=4378"}],"version-history":[{"count":1,"href":"https:\/\/sulsc.com\/index.php\/wp-json\/wp\/v2\/posts\/4378\/revisions"}],"predecessor-version":[{"id":4382,"href":"https:\/\/sulsc.com\/index.php\/wp-json\/wp\/v2\/posts\/4378\/revisions\/4382"}],"wp:featuredmedia":[{"embeddable":true,"href":"https:\/\/sulsc.com\/index.php\/wp-json\/wp\/v2\/media\/4381"}],"wp:attachment":[{"href":"https:\/\/sulsc.com\/index.php\/wp-json\/wp\/v2\/media?parent=4378"}],"wp:term":[{"taxonomy":"category","embeddable":true,"href":"https:\/\/sulsc.com\/index.php\/wp-json\/wp\/v2\/categories?post=4378"},{"taxonomy":"post_tag","embeddable":true,"href":"https:\/\/sulsc.com\/index.php\/wp-json\/wp\/v2\/tags?post=4378"}],"curies":[{"name":"wp","href":"https:\/\/api.w.org\/{rel}","templated":true}]}}