{"id":4420,"date":"2023-11-30T06:40:42","date_gmt":"2023-11-30T09:40:42","guid":{"rendered":"https:\/\/sulsc.com\/?p=4420"},"modified":"2023-11-30T06:52:41","modified_gmt":"2023-11-30T09:52:41","slug":"sol-deve-predominar-nesta-quinta-feira-30-em-todas-as-regioes-de-sc","status":"publish","type":"post","link":"https:\/\/sulsc.com\/index.php\/2023\/11\/30\/sol-deve-predominar-nesta-quinta-feira-30-em-todas-as-regioes-de-sc\/","title":{"rendered":"Sol deve predominar nesta quinta-feira (30) em todas as regi\u00f5es de SC"},"content":{"rendered":"<p>A quinta-feira (30) come\u00e7a com condi\u00e7\u00f5es favor\u00e1veis para forma\u00e7\u00e3o de nevoeiros, mas no decorrer da manh\u00e3 o sol passa a predominar em todas as regi\u00f5es. Ocorr\u00eancia por influ\u00eancia de um sistema de alta press\u00e3o.<\/p>\n<p>De acordo com a Defesa Civil, entre a tarde e a noite n\u00e3o se descarta a chance de pancadas isoladas de chuva com trovoadas no oeste, devido ao calor e a instabilidade presente no sul do Paraguai. <span style=\"font-size: 16px;\">O risco \u00e9 baixo para ocorr\u00eancias associadas \u00e0s trovoadas. <\/span><\/p>\n<p><span style=\"font-size: 16px;\">O vento predomina de sudoeste\/sul fraco a moderado. \u00c0 tarde faz calor e as temperaturas m\u00e1ximas se aproximam dos 30\u00b0C em todas as regi\u00f5es, chegando aos 35\u00b0C no Extremo Oeste, Vale do Itaja\u00ed e Litoral Norte.<\/span><\/p>\n<p><img fetchpriority=\"high\" decoding=\"async\" class=\"alignnone size-full wp-image-4421\" src=\"http:\/\/sulsc.com\/wp-content\/uploads\/2023\/11\/1-8.png\" alt=\"\" width=\"883\" height=\"604\" srcset=\"https:\/\/sulsc.com\/wp-content\/uploads\/2023\/11\/1-8.png 883w, https:\/\/sulsc.com\/wp-content\/uploads\/2023\/11\/1-8-300x205.png 300w, https:\/\/sulsc.com\/wp-content\/uploads\/2023\/11\/1-8-768x525.png 768w\" sizes=\"(max-width: 883px) 100vw, 883px\" \/><\/p>\n","protected":false},"excerpt":{"rendered":"<p>A quinta-feira (30) come\u00e7a com condi\u00e7\u00f5es favor\u00e1veis para forma\u00e7\u00e3o de nevoeiros, mas no decorrer da manh\u00e3 o sol passa a predominar em todas as regi\u00f5es. Ocorr\u00eancia por influ\u00eancia de um sistema de alta press\u00e3o. De acordo com a Defesa Civil, entre a tarde e a noite n\u00e3o se descarta a chance de pancadas isoladas de &hellip;<\/p>\n<p class=\"read-more\"> <a class=\"\" href=\"https:\/\/sulsc.com\/index.php\/2023\/11\/30\/sol-deve-predominar-nesta-quinta-feira-30-em-todas-as-regioes-de-sc\/\"> <span class=\"screen-reader-text\">Sol deve predominar nesta quinta-feira (30) em todas as regi\u00f5es de SC<\/span> Read More &raquo;<\/a><\/p>\n","protected":false},"author":3,"featured_media":937,"comment_status":"open","ping_status":"open","sticky":false,"template":"","format":"standard","meta":{"site-sidebar-layout":"default","site-content-layout":"","ast-site-content-layout":"default","site-content-style":"default","site-sidebar-style":"default","ast-global-header-display":"","ast-banner-title-visibility":"","ast-main-header-display":"","ast-hfb-above-header-display":"","ast-hfb-below-header-display":"","ast-hfb-mobile-header-display":"","site-post-title":"","ast-breadcrumbs-content":"","ast-featured-img":"","footer-sml-layout":"","theme-transparent-header-meta":"default","adv-header-id-meta":"","stick-header-meta":"","header-above-stick-meta":"","header-main-stick-meta":"","header-below-stick-meta":"","astra-migrate-meta-layouts":"set","footnotes":""},"categories":[38],"tags":[],"yoast_head":"<!-- This site is optimized with the Yoast SEO plugin v21.4 - https:\/\/yoast.com\/wordpress\/plugins\/seo\/ -->\n<title>Sol deve predominar nesta quinta-feira (30) em todas as regi\u00f5es de SC -<\/title>\n<meta name=\"robots\" content=\"index, follow, max-snippet:-1, max-image-preview:large, max-video-preview:-1\" \/>\n<link rel=\"canonical\" href=\"https:\/\/sulsc.com\/index.php\/2023\/11\/30\/sol-deve-predominar-nesta-quinta-feira-30-em-todas-as-regioes-de-sc\/\" \/>\n<meta property=\"og:locale\" content=\"en_US\" \/>\n<meta property=\"og:type\" content=\"article\" \/>\n<meta property=\"og:title\" content=\"Sol deve predominar nesta quinta-feira (30) em todas as regi\u00f5es de SC -\" \/>\n<meta property=\"og:description\" content=\"A quinta-feira (30) come\u00e7a com condi\u00e7\u00f5es favor\u00e1veis para forma\u00e7\u00e3o de nevoeiros, mas no decorrer da manh\u00e3 o sol passa a predominar em todas as regi\u00f5es. Ocorr\u00eancia por influ\u00eancia de um sistema de alta press\u00e3o. De acordo com a Defesa Civil, entre a tarde e a noite n\u00e3o se descarta a chance de pancadas isoladas de &hellip; Sol deve predominar nesta quinta-feira (30) em todas as regi\u00f5es de SC Read More &raquo;\" \/>\n<meta property=\"og:url\" content=\"https:\/\/sulsc.com\/index.php\/2023\/11\/30\/sol-deve-predominar-nesta-quinta-feira-30-em-todas-as-regioes-de-sc\/\" \/>\n<meta property=\"article:author\" content=\"https:\/\/www.facebook.com\/profile.php?id=61559278119680\" \/>\n<meta property=\"article:published_time\" content=\"2023-11-30T09:40:42+00:00\" \/>\n<meta property=\"article:modified_time\" content=\"2023-11-30T09:52:41+00:00\" \/>\n<meta property=\"og:image\" content=\"http:\/\/sulsc.com\/wp-content\/uploads\/2023\/09\/sol-e-nuvens-scaled.jpg\" \/>\n\t<meta property=\"og:image:width\" content=\"2560\" \/>\n\t<meta property=\"og:image:height\" content=\"1714\" \/>\n\t<meta property=\"og:image:type\" content=\"image\/jpeg\" \/>\n<meta name=\"author\" content=\"Reda\u00e7\u00e3o Sul SC\" \/>\n<meta name=\"twitter:card\" content=\"summary_large_image\" \/>\n<meta name=\"twitter:creator\" content=\"@https:\/\/twitter.com\/PortalSulSC\" \/>\n<meta name=\"twitter:label1\" content=\"Written by\" \/>\n\t<meta name=\"twitter:data1\" content=\"Reda\u00e7\u00e3o Sul SC\" \/>\n\t<meta name=\"twitter:label2\" content=\"Est. reading time\" \/>\n\t<meta name=\"twitter:data2\" content=\"1 minute\" \/>\n<script type=\"application\/ld+json\" class=\"yoast-schema-graph\">{\"@context\":\"https:\/\/schema.org\",\"@graph\":[{\"@type\":\"WebPage\",\"@id\":\"https:\/\/sulsc.com\/index.php\/2023\/11\/30\/sol-deve-predominar-nesta-quinta-feira-30-em-todas-as-regioes-de-sc\/\",\"url\":\"https:\/\/sulsc.com\/index.php\/2023\/11\/30\/sol-deve-predominar-nesta-quinta-feira-30-em-todas-as-regioes-de-sc\/\",\"name\":\"Sol deve predominar nesta quinta-feira (30) em todas as regi\u00f5es de SC -\",\"isPartOf\":{\"@id\":\"https:\/\/sulsc.com\/#website\"},\"datePublished\":\"2023-11-30T09:40:42+00:00\",\"dateModified\":\"2023-11-30T09:52:41+00:00\",\"author\":{\"@id\":\"https:\/\/sulsc.com\/#\/schema\/person\/84d2fc571684f6248ba83092f07750a3\"},\"breadcrumb\":{\"@id\":\"https:\/\/sulsc.com\/index.php\/2023\/11\/30\/sol-deve-predominar-nesta-quinta-feira-30-em-todas-as-regioes-de-sc\/#breadcrumb\"},\"inLanguage\":\"en-US\",\"potentialAction\":[{\"@type\":\"ReadAction\",\"target\":[\"https:\/\/sulsc.com\/index.php\/2023\/11\/30\/sol-deve-predominar-nesta-quinta-feira-30-em-todas-as-regioes-de-sc\/\"]}]},{\"@type\":\"BreadcrumbList\",\"@id\":\"https:\/\/sulsc.com\/index.php\/2023\/11\/30\/sol-deve-predominar-nesta-quinta-feira-30-em-todas-as-regioes-de-sc\/#breadcrumb\",\"itemListElement\":[{\"@type\":\"ListItem\",\"position\":1,\"name\":\"In\u00edcio\",\"item\":\"https:\/\/sulsc.com\/\"},{\"@type\":\"ListItem\",\"position\":2,\"name\":\"Sol deve predominar nesta quinta-feira (30) em todas as regi\u00f5es de SC\"}]},{\"@type\":\"WebSite\",\"@id\":\"https:\/\/sulsc.com\/#website\",\"url\":\"https:\/\/sulsc.com\/\",\"name\":\"\",\"description\":\"\",\"potentialAction\":[{\"@type\":\"SearchAction\",\"target\":{\"@type\":\"EntryPoint\",\"urlTemplate\":\"https:\/\/sulsc.com\/?s={search_term_string}\"},\"query-input\":\"required name=search_term_string\"}],\"inLanguage\":\"en-US\"},{\"@type\":\"Person\",\"@id\":\"https:\/\/sulsc.com\/#\/schema\/person\/84d2fc571684f6248ba83092f07750a3\",\"name\":\"Reda\u00e7\u00e3o Sul SC\",\"image\":{\"@type\":\"ImageObject\",\"inLanguage\":\"en-US\",\"@id\":\"https:\/\/sulsc.com\/#\/schema\/person\/image\/e08d7fe2cc4ed596372063bbe852b8d0\",\"url\":\"https:\/\/sulsc.com\/wp-content\/uploads\/2023\/09\/redacao.png\",\"contentUrl\":\"https:\/\/sulsc.com\/wp-content\/uploads\/2023\/09\/redacao.png\",\"caption\":\"Reda\u00e7\u00e3o Sul SC\"},\"description\":\"Foco em um jornalismo imparcial, voltado \u00e0 qualidade dos seus conte\u00fados e, assim, levar informa\u00e7\u00e3o de valor que agregue \u00e0 vida dos leitores. Esta \u00e9 grande miss\u00e3o do Portal de Not\u00edcias Sul SC. N\u00e3o \u00e9 quantidade que muda o mundo, sempre foi e seguir\u00e1 sendo qualidade!\",\"sameAs\":[\"https:\/\/sulsc.com\/\",\"https:\/\/www.facebook.com\/profile.php?id=61559278119680\",\"https:\/\/www.instagram.com\/sulscportal\/?hl=pt-br\",\"https:\/\/twitter.com\/https:\/\/twitter.com\/PortalSulSC\",\"https:\/\/www.youtube.com\/channel\/UCv_BE8GeySluDov2n8qhVmw\"],\"url\":\"https:\/\/sulsc.com\/index.php\/author\/redacao\/\"}]}<\/script>\n<!-- \/ Yoast SEO plugin. -->","yoast_head_json":{"title":"Sol deve predominar nesta quinta-feira (30) em todas as regi\u00f5es de SC -","robots":{"index":"index","follow":"follow","max-snippet":"max-snippet:-1","max-image-preview":"max-image-preview:large","max-video-preview":"max-video-preview:-1"},"canonical":"https:\/\/sulsc.com\/index.php\/2023\/11\/30\/sol-deve-predominar-nesta-quinta-feira-30-em-todas-as-regioes-de-sc\/","og_locale":"en_US","og_type":"article","og_title":"Sol deve predominar nesta quinta-feira (30) em todas as regi\u00f5es de SC -","og_description":"A quinta-feira (30) come\u00e7a com condi\u00e7\u00f5es favor\u00e1veis para forma\u00e7\u00e3o de nevoeiros, mas no decorrer da manh\u00e3 o sol passa a predominar em todas as regi\u00f5es. Ocorr\u00eancia por influ\u00eancia de um sistema de alta press\u00e3o. De acordo com a Defesa Civil, entre a tarde e a noite n\u00e3o se descarta a chance de pancadas isoladas de &hellip; Sol deve predominar nesta quinta-feira (30) em todas as regi\u00f5es de SC Read More &raquo;","og_url":"https:\/\/sulsc.com\/index.php\/2023\/11\/30\/sol-deve-predominar-nesta-quinta-feira-30-em-todas-as-regioes-de-sc\/","article_author":"https:\/\/www.facebook.com\/profile.php?id=61559278119680","article_published_time":"2023-11-30T09:40:42+00:00","article_modified_time":"2023-11-30T09:52:41+00:00","og_image":[{"width":2560,"height":1714,"url":"http:\/\/sulsc.com\/wp-content\/uploads\/2023\/09\/sol-e-nuvens-scaled.jpg","type":"image\/jpeg"}],"author":"Reda\u00e7\u00e3o Sul SC","twitter_card":"summary_large_image","twitter_creator":"@https:\/\/twitter.com\/PortalSulSC","twitter_misc":{"Written by":"Reda\u00e7\u00e3o Sul SC","Est. reading time":"1 minute"},"schema":{"@context":"https:\/\/schema.org","@graph":[{"@type":"WebPage","@id":"https:\/\/sulsc.com\/index.php\/2023\/11\/30\/sol-deve-predominar-nesta-quinta-feira-30-em-todas-as-regioes-de-sc\/","url":"https:\/\/sulsc.com\/index.php\/2023\/11\/30\/sol-deve-predominar-nesta-quinta-feira-30-em-todas-as-regioes-de-sc\/","name":"Sol deve predominar nesta quinta-feira (30) em todas as regi\u00f5es de SC -","isPartOf":{"@id":"https:\/\/sulsc.com\/#website"},"datePublished":"2023-11-30T09:40:42+00:00","dateModified":"2023-11-30T09:52:41+00:00","author":{"@id":"https:\/\/sulsc.com\/#\/schema\/person\/84d2fc571684f6248ba83092f07750a3"},"breadcrumb":{"@id":"https:\/\/sulsc.com\/index.php\/2023\/11\/30\/sol-deve-predominar-nesta-quinta-feira-30-em-todas-as-regioes-de-sc\/#breadcrumb"},"inLanguage":"en-US","potentialAction":[{"@type":"ReadAction","target":["https:\/\/sulsc.com\/index.php\/2023\/11\/30\/sol-deve-predominar-nesta-quinta-feira-30-em-todas-as-regioes-de-sc\/"]}]},{"@type":"BreadcrumbList","@id":"https:\/\/sulsc.com\/index.php\/2023\/11\/30\/sol-deve-predominar-nesta-quinta-feira-30-em-todas-as-regioes-de-sc\/#breadcrumb","itemListElement":[{"@type":"ListItem","position":1,"name":"In\u00edcio","item":"https:\/\/sulsc.com\/"},{"@type":"ListItem","position":2,"name":"Sol deve predominar nesta quinta-feira (30) em todas as regi\u00f5es de SC"}]},{"@type":"WebSite","@id":"https:\/\/sulsc.com\/#website","url":"https:\/\/sulsc.com\/","name":"","description":"","potentialAction":[{"@type":"SearchAction","target":{"@type":"EntryPoint","urlTemplate":"https:\/\/sulsc.com\/?s={search_term_string}"},"query-input":"required name=search_term_string"}],"inLanguage":"en-US"},{"@type":"Person","@id":"https:\/\/sulsc.com\/#\/schema\/person\/84d2fc571684f6248ba83092f07750a3","name":"Reda\u00e7\u00e3o Sul SC","image":{"@type":"ImageObject","inLanguage":"en-US","@id":"https:\/\/sulsc.com\/#\/schema\/person\/image\/e08d7fe2cc4ed596372063bbe852b8d0","url":"https:\/\/sulsc.com\/wp-content\/uploads\/2023\/09\/redacao.png","contentUrl":"https:\/\/sulsc.com\/wp-content\/uploads\/2023\/09\/redacao.png","caption":"Reda\u00e7\u00e3o Sul SC"},"description":"Foco em um jornalismo imparcial, voltado \u00e0 qualidade dos seus conte\u00fados e, assim, levar informa\u00e7\u00e3o de valor que agregue \u00e0 vida dos leitores. Esta \u00e9 grande miss\u00e3o do Portal de Not\u00edcias Sul SC. N\u00e3o \u00e9 quantidade que muda o mundo, sempre foi e seguir\u00e1 sendo qualidade!","sameAs":["https:\/\/sulsc.com\/","https:\/\/www.facebook.com\/profile.php?id=61559278119680","https:\/\/www.instagram.com\/sulscportal\/?hl=pt-br","https:\/\/twitter.com\/https:\/\/twitter.com\/PortalSulSC","https:\/\/www.youtube.com\/channel\/UCv_BE8GeySluDov2n8qhVmw"],"url":"https:\/\/sulsc.com\/index.php\/author\/redacao\/"}]}},"authors":[],"_links":{"self":[{"href":"https:\/\/sulsc.com\/index.php\/wp-json\/wp\/v2\/posts\/4420"}],"collection":[{"href":"https:\/\/sulsc.com\/index.php\/wp-json\/wp\/v2\/posts"}],"about":[{"href":"https:\/\/sulsc.com\/index.php\/wp-json\/wp\/v2\/types\/post"}],"author":[{"embeddable":true,"href":"https:\/\/sulsc.com\/index.php\/wp-json\/wp\/v2\/users\/3"}],"replies":[{"embeddable":true,"href":"https:\/\/sulsc.com\/index.php\/wp-json\/wp\/v2\/comments?post=4420"}],"version-history":[{"count":1,"href":"https:\/\/sulsc.com\/index.php\/wp-json\/wp\/v2\/posts\/4420\/revisions"}],"predecessor-version":[{"id":4422,"href":"https:\/\/sulsc.com\/index.php\/wp-json\/wp\/v2\/posts\/4420\/revisions\/4422"}],"wp:featuredmedia":[{"embeddable":true,"href":"https:\/\/sulsc.com\/index.php\/wp-json\/wp\/v2\/media\/937"}],"wp:attachment":[{"href":"https:\/\/sulsc.com\/index.php\/wp-json\/wp\/v2\/media?parent=4420"}],"wp:term":[{"taxonomy":"category","embeddable":true,"href":"https:\/\/sulsc.com\/index.php\/wp-json\/wp\/v2\/categories?post=4420"},{"taxonomy":"post_tag","embeddable":true,"href":"https:\/\/sulsc.com\/index.php\/wp-json\/wp\/v2\/tags?post=4420"}],"curies":[{"name":"wp","href":"https:\/\/api.w.org\/{rel}","templated":true}]}}