{"id":4435,"date":"2023-11-30T10:40:00","date_gmt":"2023-11-30T13:40:00","guid":{"rendered":"https:\/\/sulsc.com\/?p=4435"},"modified":"2023-11-30T10:55:58","modified_gmt":"2023-11-30T13:55:58","slug":"branding-com-identidade-visual-do-centro-de-tubarao-e-apresentado","status":"publish","type":"post","link":"https:\/\/sulsc.com\/index.php\/2023\/11\/30\/branding-com-identidade-visual-do-centro-de-tubarao-e-apresentado\/","title":{"rendered":"Branding com identidade visual do centro de Tubar\u00e3o \u00e9 apresentado"},"content":{"rendered":"<figure id=\"attachment_4436\" aria-describedby=\"caption-attachment-4436\" style=\"width: 971px\" class=\"wp-caption aligncenter\"><img fetchpriority=\"high\" decoding=\"async\" class=\"wp-image-4436\" src=\"http:\/\/sulsc.com\/wp-content\/uploads\/2023\/11\/1a-1.jpg\" alt=\"\" width=\"971\" height=\"620\" \/><figcaption id=\"caption-attachment-4436\" class=\"wp-caption-text\">Foto: Marcelo Rabello\/CDL\/Sul SC<\/figcaption><\/figure>\n<p>O branding do Centro de Tubar\u00e3o foi apresentado na noite desta quarta-feira (29), durante assembleia festiva da CDL. At\u00e9 ent\u00e3o mantida em segredo, a identidade visual tem o cora\u00e7\u00e3o como elemento principal e o slogan \u201cno cora\u00e7\u00e3o de tudo\u201d.<\/p>\n<p>O projeto envolveu empres\u00e1rios, CDL, prefeitura e Sebrae. Lembrando que branding \u00e9 o conjunto de a\u00e7\u00f5es alinhadas ao posicionamento, prop\u00f3sito e valores da marca. Na pr\u00e1tica, indica os planejamentos e investimentos necess\u00e1rios para melhorar uma determinada regi\u00e3o.<\/p>\n<p>\u201cQuando a gente pensa no Centro de Tubar\u00e3o, o que nos vem \u00e0 mente? Como queremos ser percebidos e lembrados? Foi o que definimos com o branding. Foi uma constru\u00e7\u00e3o feita a dezenas de m\u00e3os\u201d, explica a consultora do Sebrae Gisella Sim\u00f5es.<\/p>\n<p>Nove vias do Centro fazem parte do projeto: as avenidas Marcolino Martins Cabral, Marechal Deodoro e Rodovalho, e as ruas Coronel Colla\u00e7o, Lauro M\u00fcller, Esteves J\u00fanior, Padre Bernardo Freuser e Tubalcain Faraco.<\/p>\n","protected":false},"excerpt":{"rendered":"<p>Noves vias do Centro fazem parte do projeto: as avenidas Marcolino Martins Cabral, Marechal Deodoro e Rodovalho, e as ruas Coronel Colla\u00e7o, Lauro M\u00fcller, Esteves J\u00fanior, Padre Bernardo Freuser e Tubalcain Faraco.<\/p>\n","protected":false},"author":3,"featured_media":4436,"comment_status":"open","ping_status":"open","sticky":false,"template":"","format":"standard","meta":{"site-sidebar-layout":"default","site-content-layout":"","ast-site-content-layout":"default","site-content-style":"default","site-sidebar-style":"default","ast-global-header-display":"","ast-banner-title-visibility":"","ast-main-header-display":"","ast-hfb-above-header-display":"","ast-hfb-below-header-display":"","ast-hfb-mobile-header-display":"","site-post-title":"","ast-breadcrumbs-content":"","ast-featured-img":"","footer-sml-layout":"","theme-transparent-header-meta":"default","adv-header-id-meta":"","stick-header-meta":"","header-above-stick-meta":"","header-main-stick-meta":"","header-below-stick-meta":"","astra-migrate-meta-layouts":"set","footnotes":""},"categories":[18],"tags":[137,138,139,136,72],"yoast_head":"<!-- This site is optimized with the Yoast SEO plugin v21.4 - https:\/\/yoast.com\/wordpress\/plugins\/seo\/ -->\n<title>Branding com identidade visual do centro de Tubar\u00e3o \u00e9 apresentado -<\/title>\n<meta name=\"description\" content=\"Nove vias do Centro fazem parte do projeto: as avenidas Marcolino Martins Cabral, Marechal Deodoro e Rodovalho, e as ruas Coronel Colla\u00e7o, Lauro M\u00fcller, Esteves J\u00fanior, Padre Bernardo Freuser e Tubalcain Faraco.\" \/>\n<meta name=\"robots\" content=\"index, follow, max-snippet:-1, max-image-preview:large, max-video-preview:-1\" \/>\n<link rel=\"canonical\" href=\"https:\/\/sulsc.com\/index.php\/2023\/11\/30\/branding-com-identidade-visual-do-centro-de-tubarao-e-apresentado\/\" \/>\n<meta property=\"og:locale\" content=\"en_US\" \/>\n<meta property=\"og:type\" content=\"article\" \/>\n<meta property=\"og:title\" content=\"Branding com identidade visual do centro de Tubar\u00e3o \u00e9 apresentado -\" \/>\n<meta property=\"og:description\" content=\"Nove vias do Centro fazem parte do projeto: as avenidas Marcolino Martins Cabral, Marechal Deodoro e Rodovalho, e as ruas Coronel Colla\u00e7o, Lauro M\u00fcller, Esteves J\u00fanior, Padre Bernardo Freuser e Tubalcain Faraco.\" \/>\n<meta property=\"og:url\" content=\"https:\/\/sulsc.com\/index.php\/2023\/11\/30\/branding-com-identidade-visual-do-centro-de-tubarao-e-apresentado\/\" \/>\n<meta property=\"article:author\" content=\"https:\/\/www.facebook.com\/profile.php?id=61559278119680\" \/>\n<meta property=\"article:published_time\" content=\"2023-11-30T13:40:00+00:00\" \/>\n<meta property=\"article:modified_time\" content=\"2023-11-30T13:55:58+00:00\" \/>\n<meta property=\"og:image\" content=\"http:\/\/sulsc.com\/wp-content\/uploads\/2023\/11\/1a-1.jpg\" \/>\n\t<meta property=\"og:image:width\" content=\"1600\" \/>\n\t<meta property=\"og:image:height\" content=\"1066\" \/>\n\t<meta property=\"og:image:type\" content=\"image\/jpeg\" \/>\n<meta name=\"author\" content=\"Reda\u00e7\u00e3o Sul SC\" \/>\n<meta name=\"twitter:card\" content=\"summary_large_image\" \/>\n<meta name=\"twitter:creator\" content=\"@https:\/\/twitter.com\/PortalSulSC\" \/>\n<meta name=\"twitter:label1\" content=\"Written by\" \/>\n\t<meta name=\"twitter:data1\" content=\"Reda\u00e7\u00e3o Sul SC\" \/>\n\t<meta name=\"twitter:label2\" content=\"Est. reading time\" \/>\n\t<meta name=\"twitter:data2\" content=\"2 minutes\" \/>\n<script type=\"application\/ld+json\" class=\"yoast-schema-graph\">{\"@context\":\"https:\/\/schema.org\",\"@graph\":[{\"@type\":\"WebPage\",\"@id\":\"https:\/\/sulsc.com\/index.php\/2023\/11\/30\/branding-com-identidade-visual-do-centro-de-tubarao-e-apresentado\/\",\"url\":\"https:\/\/sulsc.com\/index.php\/2023\/11\/30\/branding-com-identidade-visual-do-centro-de-tubarao-e-apresentado\/\",\"name\":\"Branding com identidade visual do centro de Tubar\u00e3o \u00e9 apresentado -\",\"isPartOf\":{\"@id\":\"https:\/\/sulsc.com\/#website\"},\"datePublished\":\"2023-11-30T13:40:00+00:00\",\"dateModified\":\"2023-11-30T13:55:58+00:00\",\"author\":{\"@id\":\"https:\/\/sulsc.com\/#\/schema\/person\/84d2fc571684f6248ba83092f07750a3\"},\"description\":\"Nove vias do Centro fazem parte do projeto: as avenidas Marcolino Martins Cabral, Marechal Deodoro e Rodovalho, e as ruas Coronel Colla\u00e7o, Lauro M\u00fcller, Esteves J\u00fanior, Padre Bernardo Freuser e Tubalcain Faraco.\",\"breadcrumb\":{\"@id\":\"https:\/\/sulsc.com\/index.php\/2023\/11\/30\/branding-com-identidade-visual-do-centro-de-tubarao-e-apresentado\/#breadcrumb\"},\"inLanguage\":\"en-US\",\"potentialAction\":[{\"@type\":\"ReadAction\",\"target\":[\"https:\/\/sulsc.com\/index.php\/2023\/11\/30\/branding-com-identidade-visual-do-centro-de-tubarao-e-apresentado\/\"]}]},{\"@type\":\"BreadcrumbList\",\"@id\":\"https:\/\/sulsc.com\/index.php\/2023\/11\/30\/branding-com-identidade-visual-do-centro-de-tubarao-e-apresentado\/#breadcrumb\",\"itemListElement\":[{\"@type\":\"ListItem\",\"position\":1,\"name\":\"In\u00edcio\",\"item\":\"https:\/\/sulsc.com\/\"},{\"@type\":\"ListItem\",\"position\":2,\"name\":\"Branding com identidade visual do centro de Tubar\u00e3o \u00e9 apresentado\"}]},{\"@type\":\"WebSite\",\"@id\":\"https:\/\/sulsc.com\/#website\",\"url\":\"https:\/\/sulsc.com\/\",\"name\":\"\",\"description\":\"\",\"potentialAction\":[{\"@type\":\"SearchAction\",\"target\":{\"@type\":\"EntryPoint\",\"urlTemplate\":\"https:\/\/sulsc.com\/?s={search_term_string}\"},\"query-input\":\"required name=search_term_string\"}],\"inLanguage\":\"en-US\"},{\"@type\":\"Person\",\"@id\":\"https:\/\/sulsc.com\/#\/schema\/person\/84d2fc571684f6248ba83092f07750a3\",\"name\":\"Reda\u00e7\u00e3o Sul SC\",\"image\":{\"@type\":\"ImageObject\",\"inLanguage\":\"en-US\",\"@id\":\"https:\/\/sulsc.com\/#\/schema\/person\/image\/e08d7fe2cc4ed596372063bbe852b8d0\",\"url\":\"https:\/\/sulsc.com\/wp-content\/uploads\/2023\/09\/redacao.png\",\"contentUrl\":\"https:\/\/sulsc.com\/wp-content\/uploads\/2023\/09\/redacao.png\",\"caption\":\"Reda\u00e7\u00e3o Sul SC\"},\"description\":\"Foco em um jornalismo imparcial, voltado \u00e0 qualidade dos seus conte\u00fados e, assim, levar informa\u00e7\u00e3o de valor que agregue \u00e0 vida dos leitores. Esta \u00e9 grande miss\u00e3o do Portal de Not\u00edcias Sul SC. N\u00e3o \u00e9 quantidade que muda o mundo, sempre foi e seguir\u00e1 sendo qualidade!\",\"sameAs\":[\"https:\/\/sulsc.com\/\",\"https:\/\/www.facebook.com\/profile.php?id=61559278119680\",\"https:\/\/www.instagram.com\/sulscportal\/?hl=pt-br\",\"https:\/\/twitter.com\/https:\/\/twitter.com\/PortalSulSC\",\"https:\/\/www.youtube.com\/channel\/UCv_BE8GeySluDov2n8qhVmw\"],\"url\":\"https:\/\/sulsc.com\/index.php\/author\/redacao\/\"}]}<\/script>\n<!-- \/ Yoast SEO plugin. -->","yoast_head_json":{"title":"Branding com identidade visual do centro de Tubar\u00e3o \u00e9 apresentado -","description":"Nove vias do Centro fazem parte do projeto: as avenidas Marcolino Martins Cabral, Marechal Deodoro e Rodovalho, e as ruas Coronel Colla\u00e7o, Lauro M\u00fcller, Esteves J\u00fanior, Padre Bernardo Freuser e Tubalcain Faraco.","robots":{"index":"index","follow":"follow","max-snippet":"max-snippet:-1","max-image-preview":"max-image-preview:large","max-video-preview":"max-video-preview:-1"},"canonical":"https:\/\/sulsc.com\/index.php\/2023\/11\/30\/branding-com-identidade-visual-do-centro-de-tubarao-e-apresentado\/","og_locale":"en_US","og_type":"article","og_title":"Branding com identidade visual do centro de Tubar\u00e3o \u00e9 apresentado -","og_description":"Nove vias do Centro fazem parte do projeto: as avenidas Marcolino Martins Cabral, Marechal Deodoro e Rodovalho, e as ruas Coronel Colla\u00e7o, Lauro M\u00fcller, Esteves J\u00fanior, Padre Bernardo Freuser e Tubalcain Faraco.","og_url":"https:\/\/sulsc.com\/index.php\/2023\/11\/30\/branding-com-identidade-visual-do-centro-de-tubarao-e-apresentado\/","article_author":"https:\/\/www.facebook.com\/profile.php?id=61559278119680","article_published_time":"2023-11-30T13:40:00+00:00","article_modified_time":"2023-11-30T13:55:58+00:00","og_image":[{"width":1600,"height":1066,"url":"http:\/\/sulsc.com\/wp-content\/uploads\/2023\/11\/1a-1.jpg","type":"image\/jpeg"}],"author":"Reda\u00e7\u00e3o Sul SC","twitter_card":"summary_large_image","twitter_creator":"@https:\/\/twitter.com\/PortalSulSC","twitter_misc":{"Written by":"Reda\u00e7\u00e3o Sul SC","Est. reading time":"2 minutes"},"schema":{"@context":"https:\/\/schema.org","@graph":[{"@type":"WebPage","@id":"https:\/\/sulsc.com\/index.php\/2023\/11\/30\/branding-com-identidade-visual-do-centro-de-tubarao-e-apresentado\/","url":"https:\/\/sulsc.com\/index.php\/2023\/11\/30\/branding-com-identidade-visual-do-centro-de-tubarao-e-apresentado\/","name":"Branding com identidade visual do centro de Tubar\u00e3o \u00e9 apresentado -","isPartOf":{"@id":"https:\/\/sulsc.com\/#website"},"datePublished":"2023-11-30T13:40:00+00:00","dateModified":"2023-11-30T13:55:58+00:00","author":{"@id":"https:\/\/sulsc.com\/#\/schema\/person\/84d2fc571684f6248ba83092f07750a3"},"description":"Nove vias do Centro fazem parte do projeto: as avenidas Marcolino Martins Cabral, Marechal Deodoro e Rodovalho, e as ruas Coronel Colla\u00e7o, Lauro M\u00fcller, Esteves J\u00fanior, Padre Bernardo Freuser e Tubalcain Faraco.","breadcrumb":{"@id":"https:\/\/sulsc.com\/index.php\/2023\/11\/30\/branding-com-identidade-visual-do-centro-de-tubarao-e-apresentado\/#breadcrumb"},"inLanguage":"en-US","potentialAction":[{"@type":"ReadAction","target":["https:\/\/sulsc.com\/index.php\/2023\/11\/30\/branding-com-identidade-visual-do-centro-de-tubarao-e-apresentado\/"]}]},{"@type":"BreadcrumbList","@id":"https:\/\/sulsc.com\/index.php\/2023\/11\/30\/branding-com-identidade-visual-do-centro-de-tubarao-e-apresentado\/#breadcrumb","itemListElement":[{"@type":"ListItem","position":1,"name":"In\u00edcio","item":"https:\/\/sulsc.com\/"},{"@type":"ListItem","position":2,"name":"Branding com identidade visual do centro de Tubar\u00e3o \u00e9 apresentado"}]},{"@type":"WebSite","@id":"https:\/\/sulsc.com\/#website","url":"https:\/\/sulsc.com\/","name":"","description":"","potentialAction":[{"@type":"SearchAction","target":{"@type":"EntryPoint","urlTemplate":"https:\/\/sulsc.com\/?s={search_term_string}"},"query-input":"required name=search_term_string"}],"inLanguage":"en-US"},{"@type":"Person","@id":"https:\/\/sulsc.com\/#\/schema\/person\/84d2fc571684f6248ba83092f07750a3","name":"Reda\u00e7\u00e3o Sul SC","image":{"@type":"ImageObject","inLanguage":"en-US","@id":"https:\/\/sulsc.com\/#\/schema\/person\/image\/e08d7fe2cc4ed596372063bbe852b8d0","url":"https:\/\/sulsc.com\/wp-content\/uploads\/2023\/09\/redacao.png","contentUrl":"https:\/\/sulsc.com\/wp-content\/uploads\/2023\/09\/redacao.png","caption":"Reda\u00e7\u00e3o Sul SC"},"description":"Foco em um jornalismo imparcial, voltado \u00e0 qualidade dos seus conte\u00fados e, assim, levar informa\u00e7\u00e3o de valor que agregue \u00e0 vida dos leitores. Esta \u00e9 grande miss\u00e3o do Portal de Not\u00edcias Sul SC. N\u00e3o \u00e9 quantidade que muda o mundo, sempre foi e seguir\u00e1 sendo qualidade!","sameAs":["https:\/\/sulsc.com\/","https:\/\/www.facebook.com\/profile.php?id=61559278119680","https:\/\/www.instagram.com\/sulscportal\/?hl=pt-br","https:\/\/twitter.com\/https:\/\/twitter.com\/PortalSulSC","https:\/\/www.youtube.com\/channel\/UCv_BE8GeySluDov2n8qhVmw"],"url":"https:\/\/sulsc.com\/index.php\/author\/redacao\/"}]}},"authors":[],"_links":{"self":[{"href":"https:\/\/sulsc.com\/index.php\/wp-json\/wp\/v2\/posts\/4435"}],"collection":[{"href":"https:\/\/sulsc.com\/index.php\/wp-json\/wp\/v2\/posts"}],"about":[{"href":"https:\/\/sulsc.com\/index.php\/wp-json\/wp\/v2\/types\/post"}],"author":[{"embeddable":true,"href":"https:\/\/sulsc.com\/index.php\/wp-json\/wp\/v2\/users\/3"}],"replies":[{"embeddable":true,"href":"https:\/\/sulsc.com\/index.php\/wp-json\/wp\/v2\/comments?post=4435"}],"version-history":[{"count":2,"href":"https:\/\/sulsc.com\/index.php\/wp-json\/wp\/v2\/posts\/4435\/revisions"}],"predecessor-version":[{"id":4441,"href":"https:\/\/sulsc.com\/index.php\/wp-json\/wp\/v2\/posts\/4435\/revisions\/4441"}],"wp:featuredmedia":[{"embeddable":true,"href":"https:\/\/sulsc.com\/index.php\/wp-json\/wp\/v2\/media\/4436"}],"wp:attachment":[{"href":"https:\/\/sulsc.com\/index.php\/wp-json\/wp\/v2\/media?parent=4435"}],"wp:term":[{"taxonomy":"category","embeddable":true,"href":"https:\/\/sulsc.com\/index.php\/wp-json\/wp\/v2\/categories?post=4435"},{"taxonomy":"post_tag","embeddable":true,"href":"https:\/\/sulsc.com\/index.php\/wp-json\/wp\/v2\/tags?post=4435"}],"curies":[{"name":"wp","href":"https:\/\/api.w.org\/{rel}","templated":true}]}}