{"id":4449,"date":"2023-11-30T12:07:33","date_gmt":"2023-11-30T15:07:33","guid":{"rendered":"https:\/\/sulsc.com\/?p=4449"},"modified":"2023-11-30T12:17:46","modified_gmt":"2023-11-30T15:17:46","slug":"r-123-milhoes-serao-injetados-para-socorrer-a-agricultura-de-sc","status":"publish","type":"post","link":"https:\/\/sulsc.com\/index.php\/2023\/11\/30\/r-123-milhoes-serao-injetados-para-socorrer-a-agricultura-de-sc\/","title":{"rendered":"R$ 123 milh\u00f5es ser\u00e3o injetados para &#8216;socorrer&#8217; a agricultura de SC"},"content":{"rendered":"<figure id=\"attachment_4450\" aria-describedby=\"caption-attachment-4450\" style=\"width: 1054px\" class=\"wp-caption aligncenter\"><img fetchpriority=\"high\" decoding=\"async\" class=\"wp-image-4450\" src=\"http:\/\/sulsc.com\/wp-content\/uploads\/2023\/11\/Governador.jpg\" alt=\"\" width=\"1054\" height=\"712\" \/><figcaption id=\"caption-attachment-4450\" class=\"wp-caption-text\">Governador Jorginho Mello informa que os preju\u00edzos atingem 176 munic\u00edpios catarinenses e 52.736 estabelecimentos, principalmente os pequenos e m\u00e9dios produtores. As maiores perdas foram registradas em lavouras tempor\u00e1rias, com destaque para as culturas de fumo e cebola, trigo e arroz, milho, soja e das hortali\u00e7as e fruticulturas. Fotos: Roberto Zacarias\/ Secom Gov. SC\/Sul SC<\/figcaption><\/figure>\n<p>As chuvas intensas, vendavais e granizos ocorridos em outubro e novembro provocaram preju\u00edzos de aproximadamente R$ 3 bilh\u00f5es nas propriedades rurais. Para amenizar as perdas e estimular a perman\u00eancia dos agricultores no campo, o Governo do Estado de Santa Catarina lan\u00e7ou nesta quarta-feira, 29, o Recupera SC &#8211; 2\u00aa etapa, que na \u00e1rea da agricultura contempla a prorroga\u00e7\u00e3o de parcelas do Fundo Estadual de Desenvolvimento Rural (FDR), amplia\u00e7\u00e3o do Programa Terra Boa, Pronampe Agro Emergencial, Reconstr\u00f3i SC e Indeniza\u00e7\u00e3o de animais mortos nas enchentes. Os recursos totalizam R$ 123,4 milh\u00f5es.<\/p>\n<p>Os agricultores poder\u00e3o solicitar a prorroga\u00e7\u00e3o de parcelas de financiamento do FDR, envolvendo os programas Fomento Agro SC, Prosolo e \u00c1gua SC, Reconstr\u00f3i SC, Realiza e Conecta Agro, com prorroga\u00e7\u00e3o das parcelas com vencimento no per\u00edodo de 1\u00ba de outubro de 2023 a 31 de mar\u00e7o de 2024.<\/p>\n<p>Foram realocados recursos do Projeto Calc\u00e1rio para o Projeto Sementes de Milho, isso representa um acr\u00e9scimo de 50 mil sacas para atendimento de aproximadamente 12 mil agricultores, e replantio de 50 mil hectares. Tamb\u00e9m est\u00e3o sendo disponibilizadas 12 mil sacas de semente de arroz para atender em at\u00e9 30 sacas por agricultor, beneficiando no m\u00ednimo 400 produtores e replantio de 2 mil hectares de lavouras.<\/p>\n<p>O Estado liberou recursos que chegam a R$ 50 milh\u00f5es para implementa\u00e7\u00e3o do Programa Pronampe Agro Emergencial, com a subven\u00e7\u00e3o dos juros dos financiamentos. Por meio do FDR\/SAR, a subven\u00e7\u00e3o ser\u00e1 de 3% sob a opera\u00e7\u00e3o de cr\u00e9dito contratada pelos agricultores. O programa ser\u00e1 operado em duas linhas, projetos de custeio e projetos de investimento.<\/p>\n<p>Na subven\u00e7\u00e3o a projetos de custeio, o valor de enquadramento de projeto ser\u00e1 de at\u00e9 R$ 50 mil por propriedade rural. A subven\u00e7\u00e3o de juros ser\u00e1 concedida para o per\u00edodo limitado a um ano, com valor atualizado para o valor presente e pago em parcela \u00fanica, na vig\u00eancia do contrato, atendendo cerca de 13.400 produtores. Para subven\u00e7\u00e3o a projetos de investimento, o valor de enquadramento de projeto ser\u00e1 de at\u00e9 R$ 100 mil por propriedade rural. O prazo de pagamento ser\u00e1 de at\u00e9 dois anos, beneficiando cerca de 12.500 fam\u00edlias.<\/p>\n<figure class=\"wp-block-image size-full\"><img decoding=\"async\" class=\"alignleft wp-image-270842\" src=\"https:\/\/estado.sc.gov.br\/noticias\/wp-content\/uploads\/sites\/3\/2023\/11\/53364235181_c92f56ec6a_k.jpg\" alt=\"\" width=\"485\" height=\"256\" \/><\/figure>\n<p>Ser\u00e3o destinados R$ 50 milh\u00f5es para o Programa Reconstr\u00f3i SC, verba do financiamento para atendimento emergencial \u00e0s propriedades rurais e pesqueiras de <span style=\"font-size: 16px;\">Santa Catarina, em munic\u00edpios com decreto de emerg\u00eancia ou calamidade p\u00fablica. O programa financia investimentos para recupera\u00e7\u00e3o de estruturas, m\u00e1quinas ou equipamentos, destru\u00eddos ou danificados por evento clim\u00e1tico extremo. Atende \u00e0s fam\u00edlias que se enquadram no Pronaf, o limite \u00e9 de at\u00e9 R$ 12 mil por fam\u00edlia, com prazo de pagamento de at\u00e9 5 anos, com 50% de desconto para pagamento das parcelas em dia, sem juros.<\/span><\/p>\n<p>O Fundo de Defesa Sanit\u00e1ria Animal (Fundesa), da Secretaria de Estado da Agricultura vai indenizar os criadores que comunicarem perdas de animais nas enchentes, por afogamento ou soterramento. O aporte de recursos \u00e9 de R$ 2 milh\u00f5es.<\/p>\n<p>Para acessar os programas os produtores devem procurar o escrit\u00f3rio local da Epagri para receber as orienta\u00e7\u00f5es. Os preju\u00edzos atingem 176 munic\u00edpios catarinenses e 52.736 estabelecimentos, principalmente aos pequenos e m\u00e9dios produtores atingindo. As maiores perdas foram registradas em lavouras tempor\u00e1rias, com destaque para as culturas de fumo e cebola, trigo e arroz, milho, soja e das hortali\u00e7as e fruticulturas.<\/p>\n","protected":false},"excerpt":{"rendered":"<p>Os agricultores poder\u00e3o solicitar a prorroga\u00e7\u00e3o de parcelas de financiamento do FDR, envolvendo os programas Fomento Agro SC, Prosolo e \u00c1gua SC, Reconstr\u00f3i SC, Realiza e Conecta Agro, com prorroga\u00e7\u00e3o das parcelas com vencimento no per\u00edodo de 1\u00ba de outubro de 2023 a 31 de mar\u00e7o de 2024.<\/p>\n","protected":false},"author":3,"featured_media":4450,"comment_status":"open","ping_status":"open","sticky":false,"template":"","format":"standard","meta":{"site-sidebar-layout":"default","site-content-layout":"","ast-site-content-layout":"default","site-content-style":"default","site-sidebar-style":"default","ast-global-header-display":"","ast-banner-title-visibility":"","ast-main-header-display":"","ast-hfb-above-header-display":"","ast-hfb-below-header-display":"","ast-hfb-mobile-header-display":"","site-post-title":"","ast-breadcrumbs-content":"","ast-featured-img":"","footer-sml-layout":"","theme-transparent-header-meta":"default","adv-header-id-meta":"","stick-header-meta":"","header-above-stick-meta":"","header-main-stick-meta":"","header-below-stick-meta":"","astra-migrate-meta-layouts":"set","footnotes":""},"categories":[40],"tags":[140,142,143,141],"yoast_head":"<!-- This site is optimized with the Yoast SEO plugin v21.4 - https:\/\/yoast.com\/wordpress\/plugins\/seo\/ -->\n<title>R$ 123 milh\u00f5es ser\u00e3o injetados para &#039;socorrer&#039; a agricultura de SC -<\/title>\n<meta name=\"description\" content=\"Os agricultores poder\u00e3o solicitar a prorroga\u00e7\u00e3o de parcelas de financiamento do FDR, envolvendo os programas Fomento Agro SC, Prosolo e \u00c1gua SC, Reconstr\u00f3i SC, Realiza e Conecta Agro, com prorroga\u00e7\u00e3o das parcelas com vencimento no per\u00edodo de 1\u00ba de outubro de 2023 a 31 de mar\u00e7o de 2024.\" \/>\n<meta name=\"robots\" content=\"index, follow, max-snippet:-1, max-image-preview:large, max-video-preview:-1\" \/>\n<link rel=\"canonical\" href=\"https:\/\/sulsc.com\/index.php\/2023\/11\/30\/r-123-milhoes-serao-injetados-para-socorrer-a-agricultura-de-sc\/\" \/>\n<meta property=\"og:locale\" content=\"en_US\" \/>\n<meta property=\"og:type\" content=\"article\" \/>\n<meta property=\"og:title\" content=\"R$ 123 milh\u00f5es ser\u00e3o injetados para &#039;socorrer&#039; a agricultura de SC -\" \/>\n<meta property=\"og:description\" content=\"Os agricultores poder\u00e3o solicitar a prorroga\u00e7\u00e3o de parcelas de financiamento do FDR, envolvendo os programas Fomento Agro SC, Prosolo e \u00c1gua SC, Reconstr\u00f3i SC, Realiza e Conecta Agro, com prorroga\u00e7\u00e3o das parcelas com vencimento no per\u00edodo de 1\u00ba de outubro de 2023 a 31 de mar\u00e7o de 2024.\" \/>\n<meta property=\"og:url\" content=\"https:\/\/sulsc.com\/index.php\/2023\/11\/30\/r-123-milhoes-serao-injetados-para-socorrer-a-agricultura-de-sc\/\" \/>\n<meta property=\"article:author\" content=\"https:\/\/www.facebook.com\/profile.php?id=61559278119680\" \/>\n<meta property=\"article:published_time\" content=\"2023-11-30T15:07:33+00:00\" \/>\n<meta property=\"article:modified_time\" content=\"2023-11-30T15:17:46+00:00\" \/>\n<meta property=\"og:image\" content=\"http:\/\/sulsc.com\/wp-content\/uploads\/2023\/11\/Governador.jpg\" \/>\n\t<meta property=\"og:image:width\" content=\"799\" \/>\n\t<meta property=\"og:image:height\" content=\"533\" \/>\n\t<meta property=\"og:image:type\" content=\"image\/jpeg\" \/>\n<meta name=\"author\" content=\"Reda\u00e7\u00e3o Sul SC\" \/>\n<meta name=\"twitter:card\" content=\"summary_large_image\" \/>\n<meta name=\"twitter:creator\" content=\"@https:\/\/twitter.com\/PortalSulSC\" \/>\n<meta name=\"twitter:label1\" content=\"Written by\" \/>\n\t<meta name=\"twitter:data1\" content=\"Reda\u00e7\u00e3o Sul SC\" \/>\n\t<meta name=\"twitter:label2\" content=\"Est. reading time\" \/>\n\t<meta name=\"twitter:data2\" content=\"4 minutes\" \/>\n<script type=\"application\/ld+json\" class=\"yoast-schema-graph\">{\"@context\":\"https:\/\/schema.org\",\"@graph\":[{\"@type\":\"WebPage\",\"@id\":\"https:\/\/sulsc.com\/index.php\/2023\/11\/30\/r-123-milhoes-serao-injetados-para-socorrer-a-agricultura-de-sc\/\",\"url\":\"https:\/\/sulsc.com\/index.php\/2023\/11\/30\/r-123-milhoes-serao-injetados-para-socorrer-a-agricultura-de-sc\/\",\"name\":\"R$ 123 milh\u00f5es ser\u00e3o injetados para 'socorrer' a agricultura de SC -\",\"isPartOf\":{\"@id\":\"https:\/\/sulsc.com\/#website\"},\"datePublished\":\"2023-11-30T15:07:33+00:00\",\"dateModified\":\"2023-11-30T15:17:46+00:00\",\"author\":{\"@id\":\"https:\/\/sulsc.com\/#\/schema\/person\/84d2fc571684f6248ba83092f07750a3\"},\"description\":\"Os agricultores poder\u00e3o solicitar a prorroga\u00e7\u00e3o de parcelas de financiamento do FDR, envolvendo os programas Fomento Agro SC, Prosolo e \u00c1gua SC, Reconstr\u00f3i SC, Realiza e Conecta Agro, com prorroga\u00e7\u00e3o das parcelas com vencimento no per\u00edodo de 1\u00ba de outubro de 2023 a 31 de mar\u00e7o de 2024.\",\"breadcrumb\":{\"@id\":\"https:\/\/sulsc.com\/index.php\/2023\/11\/30\/r-123-milhoes-serao-injetados-para-socorrer-a-agricultura-de-sc\/#breadcrumb\"},\"inLanguage\":\"en-US\",\"potentialAction\":[{\"@type\":\"ReadAction\",\"target\":[\"https:\/\/sulsc.com\/index.php\/2023\/11\/30\/r-123-milhoes-serao-injetados-para-socorrer-a-agricultura-de-sc\/\"]}]},{\"@type\":\"BreadcrumbList\",\"@id\":\"https:\/\/sulsc.com\/index.php\/2023\/11\/30\/r-123-milhoes-serao-injetados-para-socorrer-a-agricultura-de-sc\/#breadcrumb\",\"itemListElement\":[{\"@type\":\"ListItem\",\"position\":1,\"name\":\"In\u00edcio\",\"item\":\"https:\/\/sulsc.com\/\"},{\"@type\":\"ListItem\",\"position\":2,\"name\":\"R$ 123 milh\u00f5es ser\u00e3o injetados para &#8216;socorrer&#8217; a agricultura de SC\"}]},{\"@type\":\"WebSite\",\"@id\":\"https:\/\/sulsc.com\/#website\",\"url\":\"https:\/\/sulsc.com\/\",\"name\":\"\",\"description\":\"\",\"potentialAction\":[{\"@type\":\"SearchAction\",\"target\":{\"@type\":\"EntryPoint\",\"urlTemplate\":\"https:\/\/sulsc.com\/?s={search_term_string}\"},\"query-input\":\"required name=search_term_string\"}],\"inLanguage\":\"en-US\"},{\"@type\":\"Person\",\"@id\":\"https:\/\/sulsc.com\/#\/schema\/person\/84d2fc571684f6248ba83092f07750a3\",\"name\":\"Reda\u00e7\u00e3o Sul SC\",\"image\":{\"@type\":\"ImageObject\",\"inLanguage\":\"en-US\",\"@id\":\"https:\/\/sulsc.com\/#\/schema\/person\/image\/e08d7fe2cc4ed596372063bbe852b8d0\",\"url\":\"https:\/\/sulsc.com\/wp-content\/uploads\/2023\/09\/redacao.png\",\"contentUrl\":\"https:\/\/sulsc.com\/wp-content\/uploads\/2023\/09\/redacao.png\",\"caption\":\"Reda\u00e7\u00e3o Sul SC\"},\"description\":\"Foco em um jornalismo imparcial, voltado \u00e0 qualidade dos seus conte\u00fados e, assim, levar informa\u00e7\u00e3o de valor que agregue \u00e0 vida dos leitores. Esta \u00e9 grande miss\u00e3o do Portal de Not\u00edcias Sul SC. N\u00e3o \u00e9 quantidade que muda o mundo, sempre foi e seguir\u00e1 sendo qualidade!\",\"sameAs\":[\"https:\/\/sulsc.com\/\",\"https:\/\/www.facebook.com\/profile.php?id=61559278119680\",\"https:\/\/www.instagram.com\/sulscportal\/?hl=pt-br\",\"https:\/\/twitter.com\/https:\/\/twitter.com\/PortalSulSC\",\"https:\/\/www.youtube.com\/channel\/UCv_BE8GeySluDov2n8qhVmw\"],\"url\":\"https:\/\/sulsc.com\/index.php\/author\/redacao\/\"}]}<\/script>\n<!-- \/ Yoast SEO plugin. -->","yoast_head_json":{"title":"R$ 123 milh\u00f5es ser\u00e3o injetados para 'socorrer' a agricultura de SC -","description":"Os agricultores poder\u00e3o solicitar a prorroga\u00e7\u00e3o de parcelas de financiamento do FDR, envolvendo os programas Fomento Agro SC, Prosolo e \u00c1gua SC, Reconstr\u00f3i SC, Realiza e Conecta Agro, com prorroga\u00e7\u00e3o das parcelas com vencimento no per\u00edodo de 1\u00ba de outubro de 2023 a 31 de mar\u00e7o de 2024.","robots":{"index":"index","follow":"follow","max-snippet":"max-snippet:-1","max-image-preview":"max-image-preview:large","max-video-preview":"max-video-preview:-1"},"canonical":"https:\/\/sulsc.com\/index.php\/2023\/11\/30\/r-123-milhoes-serao-injetados-para-socorrer-a-agricultura-de-sc\/","og_locale":"en_US","og_type":"article","og_title":"R$ 123 milh\u00f5es ser\u00e3o injetados para 'socorrer' a agricultura de SC -","og_description":"Os agricultores poder\u00e3o solicitar a prorroga\u00e7\u00e3o de parcelas de financiamento do FDR, envolvendo os programas Fomento Agro SC, Prosolo e \u00c1gua SC, Reconstr\u00f3i SC, Realiza e Conecta Agro, com prorroga\u00e7\u00e3o das parcelas com vencimento no per\u00edodo de 1\u00ba de outubro de 2023 a 31 de mar\u00e7o de 2024.","og_url":"https:\/\/sulsc.com\/index.php\/2023\/11\/30\/r-123-milhoes-serao-injetados-para-socorrer-a-agricultura-de-sc\/","article_author":"https:\/\/www.facebook.com\/profile.php?id=61559278119680","article_published_time":"2023-11-30T15:07:33+00:00","article_modified_time":"2023-11-30T15:17:46+00:00","og_image":[{"width":799,"height":533,"url":"http:\/\/sulsc.com\/wp-content\/uploads\/2023\/11\/Governador.jpg","type":"image\/jpeg"}],"author":"Reda\u00e7\u00e3o Sul SC","twitter_card":"summary_large_image","twitter_creator":"@https:\/\/twitter.com\/PortalSulSC","twitter_misc":{"Written by":"Reda\u00e7\u00e3o Sul SC","Est. reading time":"4 minutes"},"schema":{"@context":"https:\/\/schema.org","@graph":[{"@type":"WebPage","@id":"https:\/\/sulsc.com\/index.php\/2023\/11\/30\/r-123-milhoes-serao-injetados-para-socorrer-a-agricultura-de-sc\/","url":"https:\/\/sulsc.com\/index.php\/2023\/11\/30\/r-123-milhoes-serao-injetados-para-socorrer-a-agricultura-de-sc\/","name":"R$ 123 milh\u00f5es ser\u00e3o injetados para 'socorrer' a agricultura de SC -","isPartOf":{"@id":"https:\/\/sulsc.com\/#website"},"datePublished":"2023-11-30T15:07:33+00:00","dateModified":"2023-11-30T15:17:46+00:00","author":{"@id":"https:\/\/sulsc.com\/#\/schema\/person\/84d2fc571684f6248ba83092f07750a3"},"description":"Os agricultores poder\u00e3o solicitar a prorroga\u00e7\u00e3o de parcelas de financiamento do FDR, envolvendo os programas Fomento Agro SC, Prosolo e \u00c1gua SC, Reconstr\u00f3i SC, Realiza e Conecta Agro, com prorroga\u00e7\u00e3o das parcelas com vencimento no per\u00edodo de 1\u00ba de outubro de 2023 a 31 de mar\u00e7o de 2024.","breadcrumb":{"@id":"https:\/\/sulsc.com\/index.php\/2023\/11\/30\/r-123-milhoes-serao-injetados-para-socorrer-a-agricultura-de-sc\/#breadcrumb"},"inLanguage":"en-US","potentialAction":[{"@type":"ReadAction","target":["https:\/\/sulsc.com\/index.php\/2023\/11\/30\/r-123-milhoes-serao-injetados-para-socorrer-a-agricultura-de-sc\/"]}]},{"@type":"BreadcrumbList","@id":"https:\/\/sulsc.com\/index.php\/2023\/11\/30\/r-123-milhoes-serao-injetados-para-socorrer-a-agricultura-de-sc\/#breadcrumb","itemListElement":[{"@type":"ListItem","position":1,"name":"In\u00edcio","item":"https:\/\/sulsc.com\/"},{"@type":"ListItem","position":2,"name":"R$ 123 milh\u00f5es ser\u00e3o injetados para &#8216;socorrer&#8217; a agricultura de SC"}]},{"@type":"WebSite","@id":"https:\/\/sulsc.com\/#website","url":"https:\/\/sulsc.com\/","name":"","description":"","potentialAction":[{"@type":"SearchAction","target":{"@type":"EntryPoint","urlTemplate":"https:\/\/sulsc.com\/?s={search_term_string}"},"query-input":"required name=search_term_string"}],"inLanguage":"en-US"},{"@type":"Person","@id":"https:\/\/sulsc.com\/#\/schema\/person\/84d2fc571684f6248ba83092f07750a3","name":"Reda\u00e7\u00e3o Sul SC","image":{"@type":"ImageObject","inLanguage":"en-US","@id":"https:\/\/sulsc.com\/#\/schema\/person\/image\/e08d7fe2cc4ed596372063bbe852b8d0","url":"https:\/\/sulsc.com\/wp-content\/uploads\/2023\/09\/redacao.png","contentUrl":"https:\/\/sulsc.com\/wp-content\/uploads\/2023\/09\/redacao.png","caption":"Reda\u00e7\u00e3o Sul SC"},"description":"Foco em um jornalismo imparcial, voltado \u00e0 qualidade dos seus conte\u00fados e, assim, levar informa\u00e7\u00e3o de valor que agregue \u00e0 vida dos leitores. Esta \u00e9 grande miss\u00e3o do Portal de Not\u00edcias Sul SC. N\u00e3o \u00e9 quantidade que muda o mundo, sempre foi e seguir\u00e1 sendo qualidade!","sameAs":["https:\/\/sulsc.com\/","https:\/\/www.facebook.com\/profile.php?id=61559278119680","https:\/\/www.instagram.com\/sulscportal\/?hl=pt-br","https:\/\/twitter.com\/https:\/\/twitter.com\/PortalSulSC","https:\/\/www.youtube.com\/channel\/UCv_BE8GeySluDov2n8qhVmw"],"url":"https:\/\/sulsc.com\/index.php\/author\/redacao\/"}]}},"authors":[],"_links":{"self":[{"href":"https:\/\/sulsc.com\/index.php\/wp-json\/wp\/v2\/posts\/4449"}],"collection":[{"href":"https:\/\/sulsc.com\/index.php\/wp-json\/wp\/v2\/posts"}],"about":[{"href":"https:\/\/sulsc.com\/index.php\/wp-json\/wp\/v2\/types\/post"}],"author":[{"embeddable":true,"href":"https:\/\/sulsc.com\/index.php\/wp-json\/wp\/v2\/users\/3"}],"replies":[{"embeddable":true,"href":"https:\/\/sulsc.com\/index.php\/wp-json\/wp\/v2\/comments?post=4449"}],"version-history":[{"count":5,"href":"https:\/\/sulsc.com\/index.php\/wp-json\/wp\/v2\/posts\/4449\/revisions"}],"predecessor-version":[{"id":4455,"href":"https:\/\/sulsc.com\/index.php\/wp-json\/wp\/v2\/posts\/4449\/revisions\/4455"}],"wp:featuredmedia":[{"embeddable":true,"href":"https:\/\/sulsc.com\/index.php\/wp-json\/wp\/v2\/media\/4450"}],"wp:attachment":[{"href":"https:\/\/sulsc.com\/index.php\/wp-json\/wp\/v2\/media?parent=4449"}],"wp:term":[{"taxonomy":"category","embeddable":true,"href":"https:\/\/sulsc.com\/index.php\/wp-json\/wp\/v2\/categories?post=4449"},{"taxonomy":"post_tag","embeddable":true,"href":"https:\/\/sulsc.com\/index.php\/wp-json\/wp\/v2\/tags?post=4449"}],"curies":[{"name":"wp","href":"https:\/\/api.w.org\/{rel}","templated":true}]}}