{"id":4507,"date":"2023-12-01T20:17:23","date_gmt":"2023-12-01T23:17:23","guid":{"rendered":"https:\/\/sulsc.com\/?p=4507"},"modified":"2023-12-01T20:33:02","modified_gmt":"2023-12-01T23:33:02","slug":"laguna-pegando-fogo-imbituba-deve-rachar-tubarao-da-velha-guarda-tio-pinho-moreira","status":"publish","type":"post","link":"https:\/\/sulsc.com\/index.php\/2023\/12\/01\/laguna-pegando-fogo-imbituba-deve-rachar-tubarao-da-velha-guarda-tio-pinho-moreira\/","title":{"rendered":"Laguna pegando fogo; Imbituba deve rachar; Tubar\u00e3o da velha guarda; &#8216;Tio&#8217; Pinho Moreira"},"content":{"rendered":"<figure id=\"attachment_4510\" aria-describedby=\"caption-attachment-4510\" style=\"width: 748px\" class=\"wp-caption aligncenter\"><img fetchpriority=\"high\" decoding=\"async\" class=\" wp-image-4510\" src=\"http:\/\/sulsc.com\/wp-content\/uploads\/2023\/12\/q1.png\" alt=\"Vetor\/Imagem meramente ilustrativa de eleitores. Cr\u00e9dito: depositphotos.com\/Sul SC\" width=\"748\" height=\"344\" \/><figcaption id=\"caption-attachment-4510\" class=\"wp-caption-text\">Vetor\/Imagem meramente ilustrativa de eleitores. Cr\u00e9dito: depositphotos.com\/Sul SC<\/figcaption><\/figure>\n<p><strong>De malas prontas<\/strong><br \/>\nO suplente de vereador de Laguna, <strong>Alexandre Tomazelli<\/strong> (PSDB), est\u00e1 se movimentando para, nos pr\u00f3ximos dias, deixar o ninho tucano. Tomazelli, que \u00e9 uns dos nomes como op\u00e7\u00e3o de voto para uma vaga na C\u00e2mara de Vereadores em 2024, analisa convites que recebeu de algumas siglas para a disputa do pr\u00f3ximo ano. O partido que est\u00e1 muito pr\u00f3ximo de Alexandre \u00e9 o Cidadania, presidido pelo <strong>Dr. Roberto de Bem<\/strong>, que, inclusive e por algumas ocasi\u00f5es, j\u00e1 se reuniu o parlamentar lagunense.<\/p>\n<p><strong>Em destaque!<\/strong><br \/>\nOutro nome que aparece como forte op\u00e7\u00e3o de voto para vereador na pr\u00f3xima elei\u00e7\u00e3o de Laguna \u00e9 o do advogado <strong>Gilberto Pinho<\/strong>, que hoje preside o Psol na cidade e vem, h\u00e1 algum tempo, destacando-se pelas fiscaliza\u00e7\u00f5es na m\u00e1 administra\u00e7\u00e3o dos atuais gestores, o prefeito <strong>Samir Ahmad<\/strong> e seu vice,<strong> Rog\u00e9rio Medeiros<\/strong>. O que \u00e9 n\u00edtido \u00e9 que Gilberto caiu na gra\u00e7a do povo como uma nova e boa op\u00e7\u00e3o nas elei\u00e7\u00f5es municipais.<\/p>\n<p><strong>Chega pra l\u00e1!<\/strong><br \/>\nO MDB de Tubar\u00e3o, que estava sendo habilmente conduzido pelo vereador <strong>Jos\u00e9 Luiz Tancredo<\/strong>, enfrentou uma reviravolta significativa. Tancredo, que buscava trazer novas lideran\u00e7as, pr\u00e9-candidatos a verean\u00e7a e at\u00e9 empres\u00e1rios renomados para fortalecer o partido em uma poss\u00edvel elei\u00e7\u00e3o \u00e0 majorit\u00e1ria, viu seu trabalho sofrer um duro golpe!<\/p>\n<p><strong>O \u2018Espalha Bolo\u2019<\/strong><br \/>\nNesta semana, <strong>Jo\u00e3o Marcelo Fretta Zapellini, o Joma<\/strong>, e outros membros do MDB, agiram de forma isolada e sem alinhamento partid\u00e1rio, deixando de lado todo trabalho do vereador Jos\u00e9 Luiz Tancredo na reformula\u00e7\u00e3o da sigla. Joma n\u00e3o perdeu tempo se lan\u00e7ando como pr\u00e9-candidato a prefeito, mas acontece que esse movimento inesperado coloca o MDB de volta \u00e0 estaca zero, desestabilizando o trabalho cuidadoso do edil. Al\u00e9m disso, as novas lideran\u00e7as que estavam se aproximando, agora parecem estar recuando.<\/p>\n<p>A desarticula\u00e7\u00e3o partid\u00e1ria de Joma, mais uma vez, deixa o MDB em uma posi\u00e7\u00e3o isolada, demonstrando os desafios internos e a falta de coes\u00e3o. Resta ao vereador Tancredo, com sua brilhante lideran\u00e7a, recome\u00e7ar o \u00e1rduo trabalho de reestrutura\u00e7\u00e3o e reconstru\u00e7\u00e3o do partido. O tabuleiro pol\u00edtico em Tubar\u00e3o est\u00e1 em constante movimento, e as pr\u00f3ximas jogadas ser\u00e3o cruciais para o destino do MDB na cidade.<\/p>\n<p><strong>Sem chance<\/strong><br \/>\nNesta semana, nas rodas pol\u00edticas tubaronenses, ouviu-se falar de uma poss\u00edvel aproxima\u00e7\u00e3o de <strong>Dion\u00edsio de Quadros<\/strong>, vice-presidente do Cidadania, a <strong>Flavio Alves<\/strong>, presidente da Comiss\u00e3o Provis\u00f3ria do Uni\u00e3o Brasil. Rumores apontavam que Dionisio estaria sendo assediado para estar engrossando as fileiras do Uni\u00e3o Brasil, mas o vice-presidente do Cidadania nos garantiu que n\u00e3o passou de boataria, e ainda fez quest\u00e3o de deixar claro que n\u00e3o existe a menor possibilidade. De Quadros frisou: \u201cSem chance\u201d qualquer projeto pol\u00edtico atual ou futuro onde estiver Alves.<\/p>\n<p><strong>Candidat\u00edssimo <\/strong><br \/>\nUma entrevista em Imbituba, nesta quinta-feira (30) \u00e0 noite, trouxe revela\u00e7\u00f5es impactantes sobre o cen\u00e1rio pol\u00edtico local. O vice-prefeito, <strong>Cl\u00e9sio do Marc\u00e3o<\/strong>, de forma decidida, anunciou sua inten\u00e7\u00e3o de concorrer \u00e0 prefeitura nas pr\u00f3ximas elei\u00e7\u00f5es. Ele expressou seu esfor\u00e7o para ser o candidato do governo, mas, caso essa expectativa n\u00e3o se concretize, afirmou que seguir\u00e1 adiante como postulante, mesmo que isso signifique um poss\u00edvel racha na gest\u00e3o. Essa declara\u00e7\u00e3o sinaliza uma poss\u00edvel sa\u00edda dos Progressistas do atual governo, gerando uma reviravolta na pol\u00edtica local.<\/p>\n<p>Na mesma entrevista, o novo presidente do PSD local, <strong>Anderson Teixeira<\/strong>, admitiu abertamente que o partido est\u00e1 em conversas com <strong>Michel Peninha<\/strong>, do PL. Ele destacou a forte possibilidade de uma aproxima\u00e7\u00e3o, mas tamb\u00e9m reconheceu que Michel n\u00e3o est\u00e1 alcan\u00e7ando as expectativas nas pesquisas, necessitando de um crescimento significativo para ganhar viabilidade. Anderson ressaltou que Cristiano j\u00e1 n\u00e3o \u00e9 visto como o nome ideal do partido para as pr\u00f3ximas elei\u00e7\u00f5es, e o PSD, alinhado com lideran\u00e7as estaduais, est\u00e1 aberto a novas negocia\u00e7\u00f5es e tratativas.<\/p>\n<p><strong>Estadual<\/strong><br \/>\nO PSD estadual, comandado por figuras como <strong>Eron Giordani<\/strong>, <strong>J\u00falio Garcia<\/strong> e o prefeito de Chapec\u00f3, <strong>Jo\u00e3o Rodrigues<\/strong>, passa por forte reestrutura\u00e7\u00e3o para enfrentar o PL de <strong>Jorginho Mello<\/strong> no futuro. No entanto, a poss\u00edvel composi\u00e7\u00e3o entre PSD e PL em Imbituba, \u00e0 luz das informa\u00e7\u00f5es apresentadas, parece estar enfrentando desafios significativos que podem influenciar o desenrolar dos eventos pol\u00edticos na cidade. O tabuleiro pol\u00edtico est\u00e1 sendo agitado, e as pr\u00f3ximas jogadas prometem ser decisivas.<\/p>\n<p><strong>Corre \u00e0 Boca Pequena:<\/strong> Que o lan\u00e7amento da pr\u00e9-candidatura de Jo\u00e3o Marcelo, o Joma, no MDB de Tubar\u00e3o, nem que o &#8216;tio&#8217; <strong>Eduardo Pinho Moreira<\/strong> queira, ir\u00e1 conseguir emplacar.<\/p>\n","protected":false},"excerpt":{"rendered":"<p>Acompanhe os bastidores da semana na pol\u00edtica em Laguna, Tubar\u00e3o e Imbituba, al\u00e9m do embate de tit\u00e3s entre PSD e PL em n\u00edvel estadual. A corrida e a dan\u00e7a das cadeiras visando a disputa \u00e0s elei\u00e7\u00f5es de 2024 j\u00e1 est\u00e3o fervendo fora dos refletores da maioria<\/p>\n","protected":false},"author":9,"featured_media":4513,"comment_status":"open","ping_status":"open","sticky":false,"template":"","format":"standard","meta":{"site-sidebar-layout":"default","site-content-layout":"","ast-site-content-layout":"default","site-content-style":"default","site-sidebar-style":"default","ast-global-header-display":"","ast-banner-title-visibility":"","ast-main-header-display":"","ast-hfb-above-header-display":"","ast-hfb-below-header-display":"","ast-hfb-mobile-header-display":"","site-post-title":"","ast-breadcrumbs-content":"","ast-featured-img":"","footer-sml-layout":"","theme-transparent-header-meta":"default","adv-header-id-meta":"","stick-header-meta":"","header-above-stick-meta":"","header-main-stick-meta":"","header-below-stick-meta":"","astra-migrate-meta-layouts":"set","footnotes":""},"categories":[13],"tags":[172,62,63,133,65,88,72],"yoast_head":"<!-- This site is optimized with the Yoast SEO plugin v21.4 - https:\/\/yoast.com\/wordpress\/plugins\/seo\/ -->\n<title>Laguna pegando fogo; Imbituba deve rachar; Tubar\u00e3o da velha guarda; &#039;Tio&#039; Pinho Moreira -<\/title>\n<meta name=\"description\" content=\"Acompanhe os bastidores da semana na pol\u00edtica em Laguna, Tubar\u00e3o e Imbituba, al\u00e9m do embate de tit\u00e3s entre PSD e PL em n\u00edvel estadual. A corrida e a dan\u00e7a das cadeiras visando a disputa \u00e0s elei\u00e7\u00f5es de 2024 j\u00e1 est\u00e3o fervendo fora dos refletores da maioria\" \/>\n<meta name=\"robots\" content=\"index, follow, max-snippet:-1, max-image-preview:large, max-video-preview:-1\" \/>\n<link rel=\"canonical\" href=\"https:\/\/sulsc.com\/index.php\/2023\/12\/01\/laguna-pegando-fogo-imbituba-deve-rachar-tubarao-da-velha-guarda-tio-pinho-moreira\/\" \/>\n<meta property=\"og:locale\" content=\"en_US\" \/>\n<meta property=\"og:type\" content=\"article\" \/>\n<meta property=\"og:title\" content=\"Laguna pegando fogo; Imbituba deve rachar; Tubar\u00e3o da velha guarda; &#039;Tio&#039; Pinho Moreira -\" \/>\n<meta property=\"og:description\" content=\"Acompanhe os bastidores da semana na pol\u00edtica em Laguna, Tubar\u00e3o e Imbituba, al\u00e9m do embate de tit\u00e3s entre PSD e PL em n\u00edvel estadual. A corrida e a dan\u00e7a das cadeiras visando a disputa \u00e0s elei\u00e7\u00f5es de 2024 j\u00e1 est\u00e3o fervendo fora dos refletores da maioria\" \/>\n<meta property=\"og:url\" content=\"https:\/\/sulsc.com\/index.php\/2023\/12\/01\/laguna-pegando-fogo-imbituba-deve-rachar-tubarao-da-velha-guarda-tio-pinho-moreira\/\" \/>\n<meta property=\"article:published_time\" content=\"2023-12-01T23:17:23+00:00\" \/>\n<meta property=\"article:modified_time\" content=\"2023-12-01T23:33:02+00:00\" \/>\n<meta property=\"og:image\" content=\"http:\/\/sulsc.com\/wp-content\/uploads\/2023\/12\/Simples-assim-por-Barnney-Netto-portal.png\" \/>\n\t<meta property=\"og:image:width\" content=\"1080\" \/>\n\t<meta property=\"og:image:height\" content=\"1080\" \/>\n\t<meta property=\"og:image:type\" content=\"image\/png\" \/>\n<meta name=\"author\" content=\"Barnney Netto\" \/>\n<meta name=\"twitter:card\" content=\"summary_large_image\" \/>\n<meta name=\"twitter:label1\" content=\"Written by\" \/>\n\t<meta name=\"twitter:data1\" content=\"Barnney Netto\" \/>\n\t<meta name=\"twitter:label2\" content=\"Est. reading time\" \/>\n\t<meta name=\"twitter:data2\" content=\"5 minutes\" \/>\n<script type=\"application\/ld+json\" class=\"yoast-schema-graph\">{\"@context\":\"https:\/\/schema.org\",\"@graph\":[{\"@type\":\"WebPage\",\"@id\":\"https:\/\/sulsc.com\/index.php\/2023\/12\/01\/laguna-pegando-fogo-imbituba-deve-rachar-tubarao-da-velha-guarda-tio-pinho-moreira\/\",\"url\":\"https:\/\/sulsc.com\/index.php\/2023\/12\/01\/laguna-pegando-fogo-imbituba-deve-rachar-tubarao-da-velha-guarda-tio-pinho-moreira\/\",\"name\":\"Laguna pegando fogo; Imbituba deve rachar; Tubar\u00e3o da velha guarda; 'Tio' Pinho Moreira -\",\"isPartOf\":{\"@id\":\"https:\/\/sulsc.com\/#website\"},\"datePublished\":\"2023-12-01T23:17:23+00:00\",\"dateModified\":\"2023-12-01T23:33:02+00:00\",\"author\":{\"@id\":\"https:\/\/sulsc.com\/#\/schema\/person\/fe4478fb3906e8eff7a933b2da6a5261\"},\"description\":\"Acompanhe os bastidores da semana na pol\u00edtica em Laguna, Tubar\u00e3o e Imbituba, al\u00e9m do embate de tit\u00e3s entre PSD e PL em n\u00edvel estadual. A corrida e a dan\u00e7a das cadeiras visando a disputa \u00e0s elei\u00e7\u00f5es de 2024 j\u00e1 est\u00e3o fervendo fora dos refletores da maioria\",\"breadcrumb\":{\"@id\":\"https:\/\/sulsc.com\/index.php\/2023\/12\/01\/laguna-pegando-fogo-imbituba-deve-rachar-tubarao-da-velha-guarda-tio-pinho-moreira\/#breadcrumb\"},\"inLanguage\":\"en-US\",\"potentialAction\":[{\"@type\":\"ReadAction\",\"target\":[\"https:\/\/sulsc.com\/index.php\/2023\/12\/01\/laguna-pegando-fogo-imbituba-deve-rachar-tubarao-da-velha-guarda-tio-pinho-moreira\/\"]}]},{\"@type\":\"BreadcrumbList\",\"@id\":\"https:\/\/sulsc.com\/index.php\/2023\/12\/01\/laguna-pegando-fogo-imbituba-deve-rachar-tubarao-da-velha-guarda-tio-pinho-moreira\/#breadcrumb\",\"itemListElement\":[{\"@type\":\"ListItem\",\"position\":1,\"name\":\"In\u00edcio\",\"item\":\"https:\/\/sulsc.com\/\"},{\"@type\":\"ListItem\",\"position\":2,\"name\":\"Laguna pegando fogo; Imbituba deve rachar; Tubar\u00e3o da velha guarda; &#8216;Tio&#8217; Pinho Moreira\"}]},{\"@type\":\"WebSite\",\"@id\":\"https:\/\/sulsc.com\/#website\",\"url\":\"https:\/\/sulsc.com\/\",\"name\":\"\",\"description\":\"\",\"potentialAction\":[{\"@type\":\"SearchAction\",\"target\":{\"@type\":\"EntryPoint\",\"urlTemplate\":\"https:\/\/sulsc.com\/?s={search_term_string}\"},\"query-input\":\"required name=search_term_string\"}],\"inLanguage\":\"en-US\"},{\"@type\":\"Person\",\"@id\":\"https:\/\/sulsc.com\/#\/schema\/person\/fe4478fb3906e8eff7a933b2da6a5261\",\"name\":\"Barnney Netto\",\"image\":{\"@type\":\"ImageObject\",\"inLanguage\":\"en-US\",\"@id\":\"https:\/\/sulsc.com\/#\/schema\/person\/image\/9e6f1765ae4529a028677df8fe67c737\",\"url\":\"https:\/\/sulsc.com\/wp-content\/uploads\/2024\/06\/Colunistas-icones.png\",\"contentUrl\":\"https:\/\/sulsc.com\/wp-content\/uploads\/2024\/06\/Colunistas-icones.png\",\"caption\":\"Barnney Netto\"},\"url\":\"https:\/\/sulsc.com\/index.php\/author\/barnney-netto\/\"}]}<\/script>\n<!-- \/ Yoast SEO plugin. -->","yoast_head_json":{"title":"Laguna pegando fogo; Imbituba deve rachar; Tubar\u00e3o da velha guarda; 'Tio' Pinho Moreira -","description":"Acompanhe os bastidores da semana na pol\u00edtica em Laguna, Tubar\u00e3o e Imbituba, al\u00e9m do embate de tit\u00e3s entre PSD e PL em n\u00edvel estadual. A corrida e a dan\u00e7a das cadeiras visando a disputa \u00e0s elei\u00e7\u00f5es de 2024 j\u00e1 est\u00e3o fervendo fora dos refletores da maioria","robots":{"index":"index","follow":"follow","max-snippet":"max-snippet:-1","max-image-preview":"max-image-preview:large","max-video-preview":"max-video-preview:-1"},"canonical":"https:\/\/sulsc.com\/index.php\/2023\/12\/01\/laguna-pegando-fogo-imbituba-deve-rachar-tubarao-da-velha-guarda-tio-pinho-moreira\/","og_locale":"en_US","og_type":"article","og_title":"Laguna pegando fogo; Imbituba deve rachar; Tubar\u00e3o da velha guarda; 'Tio' Pinho Moreira -","og_description":"Acompanhe os bastidores da semana na pol\u00edtica em Laguna, Tubar\u00e3o e Imbituba, al\u00e9m do embate de tit\u00e3s entre PSD e PL em n\u00edvel estadual. A corrida e a dan\u00e7a das cadeiras visando a disputa \u00e0s elei\u00e7\u00f5es de 2024 j\u00e1 est\u00e3o fervendo fora dos refletores da maioria","og_url":"https:\/\/sulsc.com\/index.php\/2023\/12\/01\/laguna-pegando-fogo-imbituba-deve-rachar-tubarao-da-velha-guarda-tio-pinho-moreira\/","article_published_time":"2023-12-01T23:17:23+00:00","article_modified_time":"2023-12-01T23:33:02+00:00","og_image":[{"width":1080,"height":1080,"url":"http:\/\/sulsc.com\/wp-content\/uploads\/2023\/12\/Simples-assim-por-Barnney-Netto-portal.png","type":"image\/png"}],"author":"Barnney Netto","twitter_card":"summary_large_image","twitter_misc":{"Written by":"Barnney Netto","Est. reading time":"5 minutes"},"schema":{"@context":"https:\/\/schema.org","@graph":[{"@type":"WebPage","@id":"https:\/\/sulsc.com\/index.php\/2023\/12\/01\/laguna-pegando-fogo-imbituba-deve-rachar-tubarao-da-velha-guarda-tio-pinho-moreira\/","url":"https:\/\/sulsc.com\/index.php\/2023\/12\/01\/laguna-pegando-fogo-imbituba-deve-rachar-tubarao-da-velha-guarda-tio-pinho-moreira\/","name":"Laguna pegando fogo; Imbituba deve rachar; Tubar\u00e3o da velha guarda; 'Tio' Pinho Moreira -","isPartOf":{"@id":"https:\/\/sulsc.com\/#website"},"datePublished":"2023-12-01T23:17:23+00:00","dateModified":"2023-12-01T23:33:02+00:00","author":{"@id":"https:\/\/sulsc.com\/#\/schema\/person\/fe4478fb3906e8eff7a933b2da6a5261"},"description":"Acompanhe os bastidores da semana na pol\u00edtica em Laguna, Tubar\u00e3o e Imbituba, al\u00e9m do embate de tit\u00e3s entre PSD e PL em n\u00edvel estadual. A corrida e a dan\u00e7a das cadeiras visando a disputa \u00e0s elei\u00e7\u00f5es de 2024 j\u00e1 est\u00e3o fervendo fora dos refletores da maioria","breadcrumb":{"@id":"https:\/\/sulsc.com\/index.php\/2023\/12\/01\/laguna-pegando-fogo-imbituba-deve-rachar-tubarao-da-velha-guarda-tio-pinho-moreira\/#breadcrumb"},"inLanguage":"en-US","potentialAction":[{"@type":"ReadAction","target":["https:\/\/sulsc.com\/index.php\/2023\/12\/01\/laguna-pegando-fogo-imbituba-deve-rachar-tubarao-da-velha-guarda-tio-pinho-moreira\/"]}]},{"@type":"BreadcrumbList","@id":"https:\/\/sulsc.com\/index.php\/2023\/12\/01\/laguna-pegando-fogo-imbituba-deve-rachar-tubarao-da-velha-guarda-tio-pinho-moreira\/#breadcrumb","itemListElement":[{"@type":"ListItem","position":1,"name":"In\u00edcio","item":"https:\/\/sulsc.com\/"},{"@type":"ListItem","position":2,"name":"Laguna pegando fogo; Imbituba deve rachar; Tubar\u00e3o da velha guarda; &#8216;Tio&#8217; Pinho Moreira"}]},{"@type":"WebSite","@id":"https:\/\/sulsc.com\/#website","url":"https:\/\/sulsc.com\/","name":"","description":"","potentialAction":[{"@type":"SearchAction","target":{"@type":"EntryPoint","urlTemplate":"https:\/\/sulsc.com\/?s={search_term_string}"},"query-input":"required name=search_term_string"}],"inLanguage":"en-US"},{"@type":"Person","@id":"https:\/\/sulsc.com\/#\/schema\/person\/fe4478fb3906e8eff7a933b2da6a5261","name":"Barnney Netto","image":{"@type":"ImageObject","inLanguage":"en-US","@id":"https:\/\/sulsc.com\/#\/schema\/person\/image\/9e6f1765ae4529a028677df8fe67c737","url":"https:\/\/sulsc.com\/wp-content\/uploads\/2024\/06\/Colunistas-icones.png","contentUrl":"https:\/\/sulsc.com\/wp-content\/uploads\/2024\/06\/Colunistas-icones.png","caption":"Barnney Netto"},"url":"https:\/\/sulsc.com\/index.php\/author\/barnney-netto\/"}]}},"authors":[],"_links":{"self":[{"href":"https:\/\/sulsc.com\/index.php\/wp-json\/wp\/v2\/posts\/4507"}],"collection":[{"href":"https:\/\/sulsc.com\/index.php\/wp-json\/wp\/v2\/posts"}],"about":[{"href":"https:\/\/sulsc.com\/index.php\/wp-json\/wp\/v2\/types\/post"}],"author":[{"embeddable":true,"href":"https:\/\/sulsc.com\/index.php\/wp-json\/wp\/v2\/users\/9"}],"replies":[{"embeddable":true,"href":"https:\/\/sulsc.com\/index.php\/wp-json\/wp\/v2\/comments?post=4507"}],"version-history":[{"count":2,"href":"https:\/\/sulsc.com\/index.php\/wp-json\/wp\/v2\/posts\/4507\/revisions"}],"predecessor-version":[{"id":4512,"href":"https:\/\/sulsc.com\/index.php\/wp-json\/wp\/v2\/posts\/4507\/revisions\/4512"}],"wp:featuredmedia":[{"embeddable":true,"href":"https:\/\/sulsc.com\/index.php\/wp-json\/wp\/v2\/media\/4513"}],"wp:attachment":[{"href":"https:\/\/sulsc.com\/index.php\/wp-json\/wp\/v2\/media?parent=4507"}],"wp:term":[{"taxonomy":"category","embeddable":true,"href":"https:\/\/sulsc.com\/index.php\/wp-json\/wp\/v2\/categories?post=4507"},{"taxonomy":"post_tag","embeddable":true,"href":"https:\/\/sulsc.com\/index.php\/wp-json\/wp\/v2\/tags?post=4507"}],"curies":[{"name":"wp","href":"https:\/\/api.w.org\/{rel}","templated":true}]}}