{"id":4605,"date":"2023-12-03T15:40:48","date_gmt":"2023-12-03T18:40:48","guid":{"rendered":"https:\/\/sulsc.com\/?p=4605"},"modified":"2023-12-03T15:40:48","modified_gmt":"2023-12-03T18:40:48","slug":"urussanga-vitima-de-acidente-com-morte-e-identificada","status":"publish","type":"post","link":"https:\/\/sulsc.com\/index.php\/2023\/12\/03\/urussanga-vitima-de-acidente-com-morte-e-identificada\/","title":{"rendered":"Urussanga: V\u00edtima de acidente com morte \u00e9 identificada"},"content":{"rendered":"<figure id=\"attachment_4606\" aria-describedby=\"caption-attachment-4606\" style=\"width: 636px\" class=\"wp-caption aligncenter\"><img fetchpriority=\"high\" decoding=\"async\" class=\"wp-image-4606 \" src=\"http:\/\/sulsc.com\/wp-content\/uploads\/2023\/12\/7-1.png\" alt=\"\" width=\"636\" height=\"619\" \/><figcaption id=\"caption-attachment-4606\" class=\"wp-caption-text\">Ismael Mattia da Silva tinha 35 anos. Foto: Arquivo pessoal\/Sul SC<\/figcaption><\/figure>\n<p>Ismael Mattia da Silva, de 35 anos, morreu neste domingo (3), ap\u00f3s bater a moto em que conduzia em um poste na rodovia Giovanni Baldessaro, no bairro Pirago, em Urussanga.<\/p>\n<p>Os bombeiros chegaram a ser acionados por volta das 7h50 e empenharam-se na ocorr\u00eancia com a viatura ASU-394. A v\u00edtima j\u00e1 estava inconsciente quando o socorro chegou. No local, foi constatado Ismael ca\u00eddo ao lado de um poste, em dec\u00fabito ventral, sem sinais vitais, apresentando fratura no cr\u00e2nio, com perda de massa encef\u00e1lica.<\/p>\n<p>Pr\u00f3ximo dele, o ve\u00edculo, uma moto Suzuki Intruder. Ap\u00f3s a constata\u00e7\u00e3o da morte, foi acionada a Pol\u00edcia Cient\u00edfica e IML para recolher o corpo. A PM realizou o registro oficial do acidente.<\/p>\n<blockquote class=\"wp-embedded-content\" data-secret=\"BEHGMhTFwp\"><p><a href=\"https:\/\/sulsc.com\/index.php\/2023\/12\/03\/motociclista-de-34-anos-bate-em-poste-e-morre-em-rodovia-de-urussanga\/\">Motociclista de 34 anos bate em poste e morre em rodovia de Urussanga<\/a><\/p><\/blockquote>\n<p><iframe class=\"wp-embedded-content\" sandbox=\"allow-scripts\" security=\"restricted\" style=\"position: absolute; clip: rect(1px, 1px, 1px, 1px);\" title=\"&#8220;Motociclista de 34 anos bate em poste e morre em rodovia de Urussanga&#8221; &#8212; \" src=\"https:\/\/sulsc.com\/index.php\/2023\/12\/03\/motociclista-de-34-anos-bate-em-poste-e-morre-em-rodovia-de-urussanga\/embed\/#?secret=lJPOkcrf3w#?secret=BEHGMhTFwp\" data-secret=\"BEHGMhTFwp\" width=\"500\" height=\"282\" frameborder=\"0\" marginwidth=\"0\" marginheight=\"0\" scrolling=\"no\"><\/iframe><\/p>\n","protected":false},"excerpt":{"rendered":"<p>Ismael Mattia da Silva, de 35 anos, morreu neste domingo (3), ap\u00f3s bater a moto em que conduzia em um poste na rodovia Giovanni Baldessaro, no bairro Pirago, em Urussanga. Os bombeiros chegaram a ser acionados por volta das 7h50 e empenharam-se na ocorr\u00eancia com a viatura ASU-394. A v\u00edtima j\u00e1 estava inconsciente quando o &hellip;<\/p>\n<p class=\"read-more\"> <a class=\"\" href=\"https:\/\/sulsc.com\/index.php\/2023\/12\/03\/urussanga-vitima-de-acidente-com-morte-e-identificada\/\"> <span class=\"screen-reader-text\">Urussanga: V\u00edtima de acidente com morte \u00e9 identificada<\/span> Read More &raquo;<\/a><\/p>\n","protected":false},"author":3,"featured_media":4607,"comment_status":"open","ping_status":"open","sticky":false,"template":"","format":"standard","meta":{"site-sidebar-layout":"default","site-content-layout":"","ast-site-content-layout":"default","site-content-style":"default","site-sidebar-style":"default","ast-global-header-display":"","ast-banner-title-visibility":"","ast-main-header-display":"","ast-hfb-above-header-display":"","ast-hfb-below-header-display":"","ast-hfb-mobile-header-display":"","site-post-title":"","ast-breadcrumbs-content":"","ast-featured-img":"","footer-sml-layout":"","theme-transparent-header-meta":"default","adv-header-id-meta":"","stick-header-meta":"","header-above-stick-meta":"","header-main-stick-meta":"","header-below-stick-meta":"","astra-migrate-meta-layouts":"set","footnotes":""},"categories":[8],"tags":[224,223,219,217],"yoast_head":"<!-- This site is optimized with the Yoast SEO plugin v21.4 - https:\/\/yoast.com\/wordpress\/plugins\/seo\/ -->\n<title>Urussanga: V\u00edtima de acidente com morte \u00e9 identificada -<\/title>\n<meta name=\"description\" content=\"Ismael Mattia da Silva, de 35 anos, morreu neste domingo (3), ap\u00f3s bater a moto em que conduzia em um poste na rodovia Giovanni Baldessaro, no bairro Pirago, em Urussanga.\" \/>\n<meta name=\"robots\" content=\"index, follow, max-snippet:-1, max-image-preview:large, max-video-preview:-1\" \/>\n<link rel=\"canonical\" href=\"https:\/\/sulsc.com\/index.php\/2023\/12\/03\/urussanga-vitima-de-acidente-com-morte-e-identificada\/\" \/>\n<meta property=\"og:locale\" content=\"en_US\" \/>\n<meta property=\"og:type\" content=\"article\" \/>\n<meta property=\"og:title\" content=\"Urussanga: V\u00edtima de acidente com morte \u00e9 identificada -\" \/>\n<meta property=\"og:description\" content=\"Ismael Mattia da Silva, de 35 anos, morreu neste domingo (3), ap\u00f3s bater a moto em que conduzia em um poste na rodovia Giovanni Baldessaro, no bairro Pirago, em Urussanga.\" \/>\n<meta property=\"og:url\" content=\"https:\/\/sulsc.com\/index.php\/2023\/12\/03\/urussanga-vitima-de-acidente-com-morte-e-identificada\/\" \/>\n<meta property=\"article:author\" content=\"https:\/\/www.facebook.com\/profile.php?id=61559278119680\" \/>\n<meta property=\"article:published_time\" content=\"2023-12-03T18:40:48+00:00\" \/>\n<meta property=\"og:image\" content=\"http:\/\/sulsc.com\/wp-content\/uploads\/2023\/12\/7-2.png\" \/>\n\t<meta property=\"og:image:width\" content=\"621\" \/>\n\t<meta property=\"og:image:height\" content=\"472\" \/>\n\t<meta property=\"og:image:type\" content=\"image\/png\" \/>\n<meta name=\"author\" content=\"Reda\u00e7\u00e3o Sul SC\" \/>\n<meta name=\"twitter:card\" content=\"summary_large_image\" \/>\n<meta name=\"twitter:creator\" content=\"@https:\/\/twitter.com\/PortalSulSC\" \/>\n<meta name=\"twitter:label1\" content=\"Written by\" \/>\n\t<meta name=\"twitter:data1\" content=\"Reda\u00e7\u00e3o Sul SC\" \/>\n\t<meta name=\"twitter:label2\" content=\"Est. reading time\" \/>\n\t<meta name=\"twitter:data2\" content=\"1 minute\" \/>\n<script type=\"application\/ld+json\" class=\"yoast-schema-graph\">{\"@context\":\"https:\/\/schema.org\",\"@graph\":[{\"@type\":\"WebPage\",\"@id\":\"https:\/\/sulsc.com\/index.php\/2023\/12\/03\/urussanga-vitima-de-acidente-com-morte-e-identificada\/\",\"url\":\"https:\/\/sulsc.com\/index.php\/2023\/12\/03\/urussanga-vitima-de-acidente-com-morte-e-identificada\/\",\"name\":\"Urussanga: V\u00edtima de acidente com morte \u00e9 identificada -\",\"isPartOf\":{\"@id\":\"https:\/\/sulsc.com\/#website\"},\"datePublished\":\"2023-12-03T18:40:48+00:00\",\"dateModified\":\"2023-12-03T18:40:48+00:00\",\"author\":{\"@id\":\"https:\/\/sulsc.com\/#\/schema\/person\/84d2fc571684f6248ba83092f07750a3\"},\"description\":\"Ismael Mattia da Silva, de 35 anos, morreu neste domingo (3), ap\u00f3s bater a moto em que conduzia em um poste na rodovia Giovanni Baldessaro, no bairro Pirago, em Urussanga.\",\"breadcrumb\":{\"@id\":\"https:\/\/sulsc.com\/index.php\/2023\/12\/03\/urussanga-vitima-de-acidente-com-morte-e-identificada\/#breadcrumb\"},\"inLanguage\":\"en-US\",\"potentialAction\":[{\"@type\":\"ReadAction\",\"target\":[\"https:\/\/sulsc.com\/index.php\/2023\/12\/03\/urussanga-vitima-de-acidente-com-morte-e-identificada\/\"]}]},{\"@type\":\"BreadcrumbList\",\"@id\":\"https:\/\/sulsc.com\/index.php\/2023\/12\/03\/urussanga-vitima-de-acidente-com-morte-e-identificada\/#breadcrumb\",\"itemListElement\":[{\"@type\":\"ListItem\",\"position\":1,\"name\":\"In\u00edcio\",\"item\":\"https:\/\/sulsc.com\/\"},{\"@type\":\"ListItem\",\"position\":2,\"name\":\"Urussanga: V\u00edtima de acidente com morte \u00e9 identificada\"}]},{\"@type\":\"WebSite\",\"@id\":\"https:\/\/sulsc.com\/#website\",\"url\":\"https:\/\/sulsc.com\/\",\"name\":\"\",\"description\":\"\",\"potentialAction\":[{\"@type\":\"SearchAction\",\"target\":{\"@type\":\"EntryPoint\",\"urlTemplate\":\"https:\/\/sulsc.com\/?s={search_term_string}\"},\"query-input\":\"required name=search_term_string\"}],\"inLanguage\":\"en-US\"},{\"@type\":\"Person\",\"@id\":\"https:\/\/sulsc.com\/#\/schema\/person\/84d2fc571684f6248ba83092f07750a3\",\"name\":\"Reda\u00e7\u00e3o Sul SC\",\"image\":{\"@type\":\"ImageObject\",\"inLanguage\":\"en-US\",\"@id\":\"https:\/\/sulsc.com\/#\/schema\/person\/image\/e08d7fe2cc4ed596372063bbe852b8d0\",\"url\":\"https:\/\/sulsc.com\/wp-content\/uploads\/2023\/09\/redacao.png\",\"contentUrl\":\"https:\/\/sulsc.com\/wp-content\/uploads\/2023\/09\/redacao.png\",\"caption\":\"Reda\u00e7\u00e3o Sul SC\"},\"description\":\"Foco em um jornalismo imparcial, voltado \u00e0 qualidade dos seus conte\u00fados e, assim, levar informa\u00e7\u00e3o de valor que agregue \u00e0 vida dos leitores. Esta \u00e9 grande miss\u00e3o do Portal de Not\u00edcias Sul SC. N\u00e3o \u00e9 quantidade que muda o mundo, sempre foi e seguir\u00e1 sendo qualidade!\",\"sameAs\":[\"https:\/\/sulsc.com\/\",\"https:\/\/www.facebook.com\/profile.php?id=61559278119680\",\"https:\/\/www.instagram.com\/sulscportal\/?hl=pt-br\",\"https:\/\/twitter.com\/https:\/\/twitter.com\/PortalSulSC\",\"https:\/\/www.youtube.com\/channel\/UCv_BE8GeySluDov2n8qhVmw\"],\"url\":\"https:\/\/sulsc.com\/index.php\/author\/redacao\/\"}]}<\/script>\n<!-- \/ Yoast SEO plugin. -->","yoast_head_json":{"title":"Urussanga: V\u00edtima de acidente com morte \u00e9 identificada -","description":"Ismael Mattia da Silva, de 35 anos, morreu neste domingo (3), ap\u00f3s bater a moto em que conduzia em um poste na rodovia Giovanni Baldessaro, no bairro Pirago, em Urussanga.","robots":{"index":"index","follow":"follow","max-snippet":"max-snippet:-1","max-image-preview":"max-image-preview:large","max-video-preview":"max-video-preview:-1"},"canonical":"https:\/\/sulsc.com\/index.php\/2023\/12\/03\/urussanga-vitima-de-acidente-com-morte-e-identificada\/","og_locale":"en_US","og_type":"article","og_title":"Urussanga: V\u00edtima de acidente com morte \u00e9 identificada -","og_description":"Ismael Mattia da Silva, de 35 anos, morreu neste domingo (3), ap\u00f3s bater a moto em que conduzia em um poste na rodovia Giovanni Baldessaro, no bairro Pirago, em Urussanga.","og_url":"https:\/\/sulsc.com\/index.php\/2023\/12\/03\/urussanga-vitima-de-acidente-com-morte-e-identificada\/","article_author":"https:\/\/www.facebook.com\/profile.php?id=61559278119680","article_published_time":"2023-12-03T18:40:48+00:00","og_image":[{"width":621,"height":472,"url":"http:\/\/sulsc.com\/wp-content\/uploads\/2023\/12\/7-2.png","type":"image\/png"}],"author":"Reda\u00e7\u00e3o Sul SC","twitter_card":"summary_large_image","twitter_creator":"@https:\/\/twitter.com\/PortalSulSC","twitter_misc":{"Written by":"Reda\u00e7\u00e3o Sul SC","Est. reading time":"1 minute"},"schema":{"@context":"https:\/\/schema.org","@graph":[{"@type":"WebPage","@id":"https:\/\/sulsc.com\/index.php\/2023\/12\/03\/urussanga-vitima-de-acidente-com-morte-e-identificada\/","url":"https:\/\/sulsc.com\/index.php\/2023\/12\/03\/urussanga-vitima-de-acidente-com-morte-e-identificada\/","name":"Urussanga: V\u00edtima de acidente com morte \u00e9 identificada -","isPartOf":{"@id":"https:\/\/sulsc.com\/#website"},"datePublished":"2023-12-03T18:40:48+00:00","dateModified":"2023-12-03T18:40:48+00:00","author":{"@id":"https:\/\/sulsc.com\/#\/schema\/person\/84d2fc571684f6248ba83092f07750a3"},"description":"Ismael Mattia da Silva, de 35 anos, morreu neste domingo (3), ap\u00f3s bater a moto em que conduzia em um poste na rodovia Giovanni Baldessaro, no bairro Pirago, em Urussanga.","breadcrumb":{"@id":"https:\/\/sulsc.com\/index.php\/2023\/12\/03\/urussanga-vitima-de-acidente-com-morte-e-identificada\/#breadcrumb"},"inLanguage":"en-US","potentialAction":[{"@type":"ReadAction","target":["https:\/\/sulsc.com\/index.php\/2023\/12\/03\/urussanga-vitima-de-acidente-com-morte-e-identificada\/"]}]},{"@type":"BreadcrumbList","@id":"https:\/\/sulsc.com\/index.php\/2023\/12\/03\/urussanga-vitima-de-acidente-com-morte-e-identificada\/#breadcrumb","itemListElement":[{"@type":"ListItem","position":1,"name":"In\u00edcio","item":"https:\/\/sulsc.com\/"},{"@type":"ListItem","position":2,"name":"Urussanga: V\u00edtima de acidente com morte \u00e9 identificada"}]},{"@type":"WebSite","@id":"https:\/\/sulsc.com\/#website","url":"https:\/\/sulsc.com\/","name":"","description":"","potentialAction":[{"@type":"SearchAction","target":{"@type":"EntryPoint","urlTemplate":"https:\/\/sulsc.com\/?s={search_term_string}"},"query-input":"required name=search_term_string"}],"inLanguage":"en-US"},{"@type":"Person","@id":"https:\/\/sulsc.com\/#\/schema\/person\/84d2fc571684f6248ba83092f07750a3","name":"Reda\u00e7\u00e3o Sul SC","image":{"@type":"ImageObject","inLanguage":"en-US","@id":"https:\/\/sulsc.com\/#\/schema\/person\/image\/e08d7fe2cc4ed596372063bbe852b8d0","url":"https:\/\/sulsc.com\/wp-content\/uploads\/2023\/09\/redacao.png","contentUrl":"https:\/\/sulsc.com\/wp-content\/uploads\/2023\/09\/redacao.png","caption":"Reda\u00e7\u00e3o Sul SC"},"description":"Foco em um jornalismo imparcial, voltado \u00e0 qualidade dos seus conte\u00fados e, assim, levar informa\u00e7\u00e3o de valor que agregue \u00e0 vida dos leitores. Esta \u00e9 grande miss\u00e3o do Portal de Not\u00edcias Sul SC. N\u00e3o \u00e9 quantidade que muda o mundo, sempre foi e seguir\u00e1 sendo qualidade!","sameAs":["https:\/\/sulsc.com\/","https:\/\/www.facebook.com\/profile.php?id=61559278119680","https:\/\/www.instagram.com\/sulscportal\/?hl=pt-br","https:\/\/twitter.com\/https:\/\/twitter.com\/PortalSulSC","https:\/\/www.youtube.com\/channel\/UCv_BE8GeySluDov2n8qhVmw"],"url":"https:\/\/sulsc.com\/index.php\/author\/redacao\/"}]}},"authors":[],"_links":{"self":[{"href":"https:\/\/sulsc.com\/index.php\/wp-json\/wp\/v2\/posts\/4605"}],"collection":[{"href":"https:\/\/sulsc.com\/index.php\/wp-json\/wp\/v2\/posts"}],"about":[{"href":"https:\/\/sulsc.com\/index.php\/wp-json\/wp\/v2\/types\/post"}],"author":[{"embeddable":true,"href":"https:\/\/sulsc.com\/index.php\/wp-json\/wp\/v2\/users\/3"}],"replies":[{"embeddable":true,"href":"https:\/\/sulsc.com\/index.php\/wp-json\/wp\/v2\/comments?post=4605"}],"version-history":[{"count":1,"href":"https:\/\/sulsc.com\/index.php\/wp-json\/wp\/v2\/posts\/4605\/revisions"}],"predecessor-version":[{"id":4608,"href":"https:\/\/sulsc.com\/index.php\/wp-json\/wp\/v2\/posts\/4605\/revisions\/4608"}],"wp:featuredmedia":[{"embeddable":true,"href":"https:\/\/sulsc.com\/index.php\/wp-json\/wp\/v2\/media\/4607"}],"wp:attachment":[{"href":"https:\/\/sulsc.com\/index.php\/wp-json\/wp\/v2\/media?parent=4605"}],"wp:term":[{"taxonomy":"category","embeddable":true,"href":"https:\/\/sulsc.com\/index.php\/wp-json\/wp\/v2\/categories?post=4605"},{"taxonomy":"post_tag","embeddable":true,"href":"https:\/\/sulsc.com\/index.php\/wp-json\/wp\/v2\/tags?post=4605"}],"curies":[{"name":"wp","href":"https:\/\/api.w.org\/{rel}","templated":true}]}}