{"id":4678,"date":"2023-12-05T17:40:25","date_gmt":"2023-12-05T20:40:25","guid":{"rendered":"https:\/\/sulsc.com\/?p=4678"},"modified":"2023-12-05T17:41:13","modified_gmt":"2023-12-05T20:41:13","slug":"franca-joga-balde-de-agua-fria-em-acordo-de-livre-comercio-entre-mercosul-e-ue","status":"publish","type":"post","link":"https:\/\/sulsc.com\/index.php\/2023\/12\/05\/franca-joga-balde-de-agua-fria-em-acordo-de-livre-comercio-entre-mercosul-e-ue\/","title":{"rendered":"Fran\u00e7a joga balde de \u00e1gua fria em acordo de livre com\u00e9rcio entre Mercosul e UE"},"content":{"rendered":"<figure id=\"attachment_4679\" aria-describedby=\"caption-attachment-4679\" style=\"width: 528px\" class=\"wp-caption aligncenter\"><img fetchpriority=\"high\" decoding=\"async\" class=\"size-full wp-image-4679\" src=\"http:\/\/sulsc.com\/wp-content\/uploads\/2023\/12\/Coluna.png\" alt=\"\" width=\"528\" height=\"394\" srcset=\"https:\/\/sulsc.com\/wp-content\/uploads\/2023\/12\/Coluna.png 528w, https:\/\/sulsc.com\/wp-content\/uploads\/2023\/12\/Coluna-300x224.png 300w\" sizes=\"(max-width: 528px) 100vw, 528px\" \/><figcaption id=\"caption-attachment-4679\" class=\"wp-caption-text\">Imagem meramente ilustrativa\/Sul SC<\/figcaption><\/figure>\n<p>O que nunca foi novidade para ningu\u00e9m, pegou o presidente <strong>Luiz In\u00e1cio Lula da Silva<\/strong> de surpresa, o protecionismo europeu, em especial a Fran\u00e7a do presidente <strong>Emmanuel Macron<\/strong>.<\/p>\n<p>Os devaneios amorosos de Lula por Macron foram colocados \u00e0 prova essa semana durante uma reuni\u00e3o bilateral entre os chefes de Estado, onde Macron se postou contra os acordos comerciais, pois, segundo o presidente franc\u00eas, esse acordo \u201cestaria mal remendado\u201d, e classificou como \u201cantiquado\u201d, e que ele n\u00e3o \u00e9 \u201cbom para ningu\u00e9m\u201d.<\/p>\n<p>Seria de uma ingenuidade \u00edmpar achar que a UE, com destaque \u00e0 Fran\u00e7a, iriam abrir as portas para importa\u00e7\u00f5es sabendo o tamanho da produtividade e a qualidade dos produtos latinos t\u00eam sobre aqueles. Ainda, segundo o mandat\u00e1rio franc\u00eas, o acordo n\u00e3o respeita a biodiversidade e o clima.<\/p>\n<p>Esse impasse diplom\u00e1tico tem um vil\u00e3o, uma verdadeira pedra no sapato franc\u00eas, a carne latina, o gado Franc\u00eas pasta somente oito meses no ano, devido ao clima frio, bem como a capacidade de cria\u00e7\u00e3o em larga escala dos produtos latinos, levando em conta extensas por\u00e7\u00f5es territoriais, tamb\u00e9m para igualar a cria\u00e7\u00e3o de bovinos, dentro dos termos do acordo estaria a exporta\u00e7\u00e3o de soja para solo franc\u00eas para o consumo destes. N\u00e3o ficando atr\u00e1s da cria\u00e7\u00e3o de bovinos, outra grande for\u00e7a nos pa\u00edses integrantes do Mercosul \u00e9 a cria\u00e7\u00e3o de aves e su\u00ednos.<\/p>\n<p>Outro impasse criado, segundo associa\u00e7\u00f5es francesas de produtores, os pecuaristas pertencentes ao Mercosul abusam de defensivos agr\u00edcolas, e que em seu pa\u00eds o controle \u00e9 muito mais rigoroso. Em r\u00e9plica, os pecuaristas latinos afirmam que o clima tropical daqui favorece o surgimento de insetos, o que justificaria o uso de agrot\u00f3xicos, n\u00e3o \u00e0 toa, essa assinatura vem sendo protelada a d\u00e9cadas.<\/p>\n<p>Fato curioso, que salta aos olhos de qualquer ambientalista \u00e9 a preocupa\u00e7\u00e3o da Fran\u00e7a na fauna e na flora amaz\u00f4nica, se por de tr\u00e1s desse obscuro zelo n\u00e3o existisse uma Fran\u00e7a colonialista, que mant\u00e9m 14 pa\u00edses sob seu jugo, com acordos extrativistas. Essa mesma Fran\u00e7a que financia a guerra por meio de golpes de Estado e sangra o solo africano com a extra\u00e7\u00e3o de ur\u00e2nio, ouro, diamantes e mangan\u00eas. Enquanto isso nas m\u00eddias pipocam financiamentos de milh\u00f5es vindos da Fran\u00e7a em parceria com ONGs, para \u201csalvar\u201d a Amaz\u00f4nia, c\u00f4mico se n\u00e3o fosse tr\u00e1gico.<\/p>\n<p>Essas narrativas de defesa do meio ambiente visam pura e t\u00e3o somente criar dificuldades para pa\u00edses integrantes do Mercosul e pol\u00edticas protecionistas para produtores europeus. A carga tribut\u00e1ria brasileira e a superioridade tecnol\u00f3gica de pa\u00edses e a UE causam temor nos pequenos produtores nacionais que n\u00e3o teriam competitividade, tamanha superioridade tecnol\u00f3gica e acesso a cr\u00e9ditos banc\u00e1rios o que torna temeroso a assinatura desse acordo.<\/p>\n<p>Ent\u00e3o qual a ess\u00eancia do acerto? A abertura quase total do mercado brasileiro, via elimina\u00e7\u00e3o dos impostos de importa\u00e7\u00e3o, a uma concorr\u00eancia desigual, ou seja, um contrato Leonino que vem a onerar somente uma das partes contratantes.<\/p>\n<p><a href=\"https:\/\/www.instagram.com\/ademir.r.dias\/\">https:\/\/www.instagram.com\/ademir.r.dias\/<\/a><\/p>\n","protected":false},"excerpt":{"rendered":"<p>O que nunca foi novidade para ningu\u00e9m, pegou o presidente Luiz In\u00e1cio Lula da Silva de surpresa, o protecionismo europeu, em especial a Fran\u00e7a do presidente Emmanuel Macron. Os devaneios amorosos de Lula por Macron foram colocados \u00e0 prova essa semana durante uma reuni\u00e3o bilateral entre os chefes de Estado, onde Macron se postou contra &hellip;<\/p>\n<p class=\"read-more\"> <a class=\"\" href=\"https:\/\/sulsc.com\/index.php\/2023\/12\/05\/franca-joga-balde-de-agua-fria-em-acordo-de-livre-comercio-entre-mercosul-e-ue\/\"> <span class=\"screen-reader-text\">Fran\u00e7a joga balde de \u00e1gua fria em acordo de livre com\u00e9rcio entre Mercosul e UE<\/span> Read More &raquo;<\/a><\/p>\n","protected":false},"author":15,"featured_media":4680,"comment_status":"open","ping_status":"open","sticky":false,"template":"","format":"standard","meta":{"site-sidebar-layout":"default","site-content-layout":"","ast-site-content-layout":"default","site-content-style":"default","site-sidebar-style":"default","ast-global-header-display":"","ast-banner-title-visibility":"","ast-main-header-display":"","ast-hfb-above-header-display":"","ast-hfb-below-header-display":"","ast-hfb-mobile-header-display":"","site-post-title":"","ast-breadcrumbs-content":"","ast-featured-img":"","footer-sml-layout":"","theme-transparent-header-meta":"default","adv-header-id-meta":"","stick-header-meta":"","header-above-stick-meta":"","header-main-stick-meta":"","header-below-stick-meta":"","astra-migrate-meta-layouts":"set","footnotes":""},"categories":[13],"tags":[125,62,63],"yoast_head":"<!-- This site is optimized with the Yoast SEO plugin v21.4 - https:\/\/yoast.com\/wordpress\/plugins\/seo\/ -->\n<title>Fran\u00e7a joga balde de \u00e1gua fria em acordo de livre com\u00e9rcio entre Mercosul e UE -<\/title>\n<meta name=\"description\" content=\"Essa mesma Fran\u00e7a que financia a guerra por meio de golpes de Estado e sangra o solo africano com a extra\u00e7\u00e3o de ur\u00e2nio, ouro, diamantes e mangan\u00eas\" \/>\n<meta name=\"robots\" content=\"index, follow, max-snippet:-1, max-image-preview:large, max-video-preview:-1\" \/>\n<link rel=\"canonical\" href=\"https:\/\/sulsc.com\/index.php\/2023\/12\/05\/franca-joga-balde-de-agua-fria-em-acordo-de-livre-comercio-entre-mercosul-e-ue\/\" \/>\n<meta property=\"og:locale\" content=\"en_US\" \/>\n<meta property=\"og:type\" content=\"article\" \/>\n<meta property=\"og:title\" content=\"Fran\u00e7a joga balde de \u00e1gua fria em acordo de livre com\u00e9rcio entre Mercosul e UE -\" \/>\n<meta property=\"og:description\" content=\"Essa mesma Fran\u00e7a que financia a guerra por meio de golpes de Estado e sangra o solo africano com a extra\u00e7\u00e3o de ur\u00e2nio, ouro, diamantes e mangan\u00eas\" \/>\n<meta property=\"og:url\" content=\"https:\/\/sulsc.com\/index.php\/2023\/12\/05\/franca-joga-balde-de-agua-fria-em-acordo-de-livre-comercio-entre-mercosul-e-ue\/\" \/>\n<meta property=\"article:published_time\" content=\"2023-12-05T20:40:25+00:00\" \/>\n<meta property=\"article:modified_time\" content=\"2023-12-05T20:41:13+00:00\" \/>\n<meta property=\"og:image\" content=\"http:\/\/sulsc.com\/wp-content\/uploads\/2023\/12\/GeoVisao-por-Ademir-Dias-Portal.png\" \/>\n\t<meta property=\"og:image:width\" content=\"1080\" \/>\n\t<meta property=\"og:image:height\" content=\"1080\" \/>\n\t<meta property=\"og:image:type\" content=\"image\/png\" \/>\n<meta name=\"author\" content=\"GeoVis\u00e3o por Ademir Dias\" \/>\n<meta name=\"twitter:card\" content=\"summary_large_image\" \/>\n<meta name=\"twitter:label1\" content=\"Written by\" \/>\n\t<meta name=\"twitter:data1\" content=\"GeoVis\u00e3o por Ademir Dias\" \/>\n\t<meta name=\"twitter:label2\" content=\"Est. reading time\" \/>\n\t<meta name=\"twitter:data2\" content=\"3 minutes\" \/>\n<script type=\"application\/ld+json\" class=\"yoast-schema-graph\">{\"@context\":\"https:\/\/schema.org\",\"@graph\":[{\"@type\":\"WebPage\",\"@id\":\"https:\/\/sulsc.com\/index.php\/2023\/12\/05\/franca-joga-balde-de-agua-fria-em-acordo-de-livre-comercio-entre-mercosul-e-ue\/\",\"url\":\"https:\/\/sulsc.com\/index.php\/2023\/12\/05\/franca-joga-balde-de-agua-fria-em-acordo-de-livre-comercio-entre-mercosul-e-ue\/\",\"name\":\"Fran\u00e7a joga balde de \u00e1gua fria em acordo de livre com\u00e9rcio entre Mercosul e UE -\",\"isPartOf\":{\"@id\":\"https:\/\/sulsc.com\/#website\"},\"datePublished\":\"2023-12-05T20:40:25+00:00\",\"dateModified\":\"2023-12-05T20:41:13+00:00\",\"author\":{\"@id\":\"https:\/\/sulsc.com\/#\/schema\/person\/9d216f8a6bc25b94f6eab5acf83ba9de\"},\"description\":\"Essa mesma Fran\u00e7a que financia a guerra por meio de golpes de Estado e sangra o solo africano com a extra\u00e7\u00e3o de ur\u00e2nio, ouro, diamantes e mangan\u00eas\",\"breadcrumb\":{\"@id\":\"https:\/\/sulsc.com\/index.php\/2023\/12\/05\/franca-joga-balde-de-agua-fria-em-acordo-de-livre-comercio-entre-mercosul-e-ue\/#breadcrumb\"},\"inLanguage\":\"en-US\",\"potentialAction\":[{\"@type\":\"ReadAction\",\"target\":[\"https:\/\/sulsc.com\/index.php\/2023\/12\/05\/franca-joga-balde-de-agua-fria-em-acordo-de-livre-comercio-entre-mercosul-e-ue\/\"]}]},{\"@type\":\"BreadcrumbList\",\"@id\":\"https:\/\/sulsc.com\/index.php\/2023\/12\/05\/franca-joga-balde-de-agua-fria-em-acordo-de-livre-comercio-entre-mercosul-e-ue\/#breadcrumb\",\"itemListElement\":[{\"@type\":\"ListItem\",\"position\":1,\"name\":\"In\u00edcio\",\"item\":\"https:\/\/sulsc.com\/\"},{\"@type\":\"ListItem\",\"position\":2,\"name\":\"Fran\u00e7a joga balde de \u00e1gua fria em acordo de livre com\u00e9rcio entre Mercosul e UE\"}]},{\"@type\":\"WebSite\",\"@id\":\"https:\/\/sulsc.com\/#website\",\"url\":\"https:\/\/sulsc.com\/\",\"name\":\"\",\"description\":\"\",\"potentialAction\":[{\"@type\":\"SearchAction\",\"target\":{\"@type\":\"EntryPoint\",\"urlTemplate\":\"https:\/\/sulsc.com\/?s={search_term_string}\"},\"query-input\":\"required name=search_term_string\"}],\"inLanguage\":\"en-US\"},{\"@type\":\"Person\",\"@id\":\"https:\/\/sulsc.com\/#\/schema\/person\/9d216f8a6bc25b94f6eab5acf83ba9de\",\"name\":\"GeoVis\u00e3o por Ademir Dias\",\"image\":{\"@type\":\"ImageObject\",\"inLanguage\":\"en-US\",\"@id\":\"https:\/\/sulsc.com\/#\/schema\/person\/image\/4bd023fa2091f43aa3f33f8953646246\",\"url\":\"https:\/\/sulsc.com\/wp-content\/uploads\/2023\/11\/Ademir-Dias-1.png\",\"contentUrl\":\"https:\/\/sulsc.com\/wp-content\/uploads\/2023\/11\/Ademir-Dias-1.png\",\"caption\":\"GeoVis\u00e3o por Ademir Dias\"},\"description\":\"Al\u00e9m de pesquisador e analista da pol\u00edtica mundial, Ademir \u00e9 bacharel em Direito e policial penal em Tubar\u00e3o. Tamb\u00e9m atua no campo social. \u00c9 professor de jiu-j\u00edtsu e leciona a arte marcial a crian\u00e7as e adolescentes autistas na Cidade Azul de forma volunt\u00e1ria.\",\"url\":\"https:\/\/sulsc.com\/index.php\/author\/ademir-ademir\/\"}]}<\/script>\n<!-- \/ Yoast SEO plugin. -->","yoast_head_json":{"title":"Fran\u00e7a joga balde de \u00e1gua fria em acordo de livre com\u00e9rcio entre Mercosul e UE -","description":"Essa mesma Fran\u00e7a que financia a guerra por meio de golpes de Estado e sangra o solo africano com a extra\u00e7\u00e3o de ur\u00e2nio, ouro, diamantes e mangan\u00eas","robots":{"index":"index","follow":"follow","max-snippet":"max-snippet:-1","max-image-preview":"max-image-preview:large","max-video-preview":"max-video-preview:-1"},"canonical":"https:\/\/sulsc.com\/index.php\/2023\/12\/05\/franca-joga-balde-de-agua-fria-em-acordo-de-livre-comercio-entre-mercosul-e-ue\/","og_locale":"en_US","og_type":"article","og_title":"Fran\u00e7a joga balde de \u00e1gua fria em acordo de livre com\u00e9rcio entre Mercosul e UE -","og_description":"Essa mesma Fran\u00e7a que financia a guerra por meio de golpes de Estado e sangra o solo africano com a extra\u00e7\u00e3o de ur\u00e2nio, ouro, diamantes e mangan\u00eas","og_url":"https:\/\/sulsc.com\/index.php\/2023\/12\/05\/franca-joga-balde-de-agua-fria-em-acordo-de-livre-comercio-entre-mercosul-e-ue\/","article_published_time":"2023-12-05T20:40:25+00:00","article_modified_time":"2023-12-05T20:41:13+00:00","og_image":[{"width":1080,"height":1080,"url":"http:\/\/sulsc.com\/wp-content\/uploads\/2023\/12\/GeoVisao-por-Ademir-Dias-Portal.png","type":"image\/png"}],"author":"GeoVis\u00e3o por Ademir Dias","twitter_card":"summary_large_image","twitter_misc":{"Written by":"GeoVis\u00e3o por Ademir Dias","Est. reading time":"3 minutes"},"schema":{"@context":"https:\/\/schema.org","@graph":[{"@type":"WebPage","@id":"https:\/\/sulsc.com\/index.php\/2023\/12\/05\/franca-joga-balde-de-agua-fria-em-acordo-de-livre-comercio-entre-mercosul-e-ue\/","url":"https:\/\/sulsc.com\/index.php\/2023\/12\/05\/franca-joga-balde-de-agua-fria-em-acordo-de-livre-comercio-entre-mercosul-e-ue\/","name":"Fran\u00e7a joga balde de \u00e1gua fria em acordo de livre com\u00e9rcio entre Mercosul e UE -","isPartOf":{"@id":"https:\/\/sulsc.com\/#website"},"datePublished":"2023-12-05T20:40:25+00:00","dateModified":"2023-12-05T20:41:13+00:00","author":{"@id":"https:\/\/sulsc.com\/#\/schema\/person\/9d216f8a6bc25b94f6eab5acf83ba9de"},"description":"Essa mesma Fran\u00e7a que financia a guerra por meio de golpes de Estado e sangra o solo africano com a extra\u00e7\u00e3o de ur\u00e2nio, ouro, diamantes e mangan\u00eas","breadcrumb":{"@id":"https:\/\/sulsc.com\/index.php\/2023\/12\/05\/franca-joga-balde-de-agua-fria-em-acordo-de-livre-comercio-entre-mercosul-e-ue\/#breadcrumb"},"inLanguage":"en-US","potentialAction":[{"@type":"ReadAction","target":["https:\/\/sulsc.com\/index.php\/2023\/12\/05\/franca-joga-balde-de-agua-fria-em-acordo-de-livre-comercio-entre-mercosul-e-ue\/"]}]},{"@type":"BreadcrumbList","@id":"https:\/\/sulsc.com\/index.php\/2023\/12\/05\/franca-joga-balde-de-agua-fria-em-acordo-de-livre-comercio-entre-mercosul-e-ue\/#breadcrumb","itemListElement":[{"@type":"ListItem","position":1,"name":"In\u00edcio","item":"https:\/\/sulsc.com\/"},{"@type":"ListItem","position":2,"name":"Fran\u00e7a joga balde de \u00e1gua fria em acordo de livre com\u00e9rcio entre Mercosul e UE"}]},{"@type":"WebSite","@id":"https:\/\/sulsc.com\/#website","url":"https:\/\/sulsc.com\/","name":"","description":"","potentialAction":[{"@type":"SearchAction","target":{"@type":"EntryPoint","urlTemplate":"https:\/\/sulsc.com\/?s={search_term_string}"},"query-input":"required name=search_term_string"}],"inLanguage":"en-US"},{"@type":"Person","@id":"https:\/\/sulsc.com\/#\/schema\/person\/9d216f8a6bc25b94f6eab5acf83ba9de","name":"GeoVis\u00e3o por Ademir Dias","image":{"@type":"ImageObject","inLanguage":"en-US","@id":"https:\/\/sulsc.com\/#\/schema\/person\/image\/4bd023fa2091f43aa3f33f8953646246","url":"https:\/\/sulsc.com\/wp-content\/uploads\/2023\/11\/Ademir-Dias-1.png","contentUrl":"https:\/\/sulsc.com\/wp-content\/uploads\/2023\/11\/Ademir-Dias-1.png","caption":"GeoVis\u00e3o por Ademir Dias"},"description":"Al\u00e9m de pesquisador e analista da pol\u00edtica mundial, Ademir \u00e9 bacharel em Direito e policial penal em Tubar\u00e3o. Tamb\u00e9m atua no campo social. \u00c9 professor de jiu-j\u00edtsu e leciona a arte marcial a crian\u00e7as e adolescentes autistas na Cidade Azul de forma volunt\u00e1ria.","url":"https:\/\/sulsc.com\/index.php\/author\/ademir-ademir\/"}]}},"authors":[],"_links":{"self":[{"href":"https:\/\/sulsc.com\/index.php\/wp-json\/wp\/v2\/posts\/4678"}],"collection":[{"href":"https:\/\/sulsc.com\/index.php\/wp-json\/wp\/v2\/posts"}],"about":[{"href":"https:\/\/sulsc.com\/index.php\/wp-json\/wp\/v2\/types\/post"}],"author":[{"embeddable":true,"href":"https:\/\/sulsc.com\/index.php\/wp-json\/wp\/v2\/users\/15"}],"replies":[{"embeddable":true,"href":"https:\/\/sulsc.com\/index.php\/wp-json\/wp\/v2\/comments?post=4678"}],"version-history":[{"count":2,"href":"https:\/\/sulsc.com\/index.php\/wp-json\/wp\/v2\/posts\/4678\/revisions"}],"predecessor-version":[{"id":4682,"href":"https:\/\/sulsc.com\/index.php\/wp-json\/wp\/v2\/posts\/4678\/revisions\/4682"}],"wp:featuredmedia":[{"embeddable":true,"href":"https:\/\/sulsc.com\/index.php\/wp-json\/wp\/v2\/media\/4680"}],"wp:attachment":[{"href":"https:\/\/sulsc.com\/index.php\/wp-json\/wp\/v2\/media?parent=4678"}],"wp:term":[{"taxonomy":"category","embeddable":true,"href":"https:\/\/sulsc.com\/index.php\/wp-json\/wp\/v2\/categories?post=4678"},{"taxonomy":"post_tag","embeddable":true,"href":"https:\/\/sulsc.com\/index.php\/wp-json\/wp\/v2\/tags?post=4678"}],"curies":[{"name":"wp","href":"https:\/\/api.w.org\/{rel}","templated":true}]}}