{"id":4694,"date":"2023-12-06T08:09:05","date_gmt":"2023-12-06T11:09:05","guid":{"rendered":"https:\/\/sulsc.com\/?p=4694"},"modified":"2023-12-06T08:09:05","modified_gmt":"2023-12-06T11:09:05","slug":"hnsc-tem-projeto-aprovado-no-1o-edital-do-instituto-genesio-a-mendes","status":"publish","type":"post","link":"https:\/\/sulsc.com\/index.php\/2023\/12\/06\/hnsc-tem-projeto-aprovado-no-1o-edital-do-instituto-genesio-a-mendes\/","title":{"rendered":"HNSC tem projeto aprovado no 1\u00ba Edital do Instituto Gen\u00e9sio A. Mendes"},"content":{"rendered":"<p><img fetchpriority=\"high\" decoding=\"async\" class=\"alignnone size-full wp-image-4695\" src=\"http:\/\/sulsc.com\/wp-content\/uploads\/2023\/12\/WhatsApp-Image-2023-12-06-at-08.00.51.jpeg\" alt=\"\" width=\"554\" height=\"387\" srcset=\"https:\/\/sulsc.com\/wp-content\/uploads\/2023\/12\/WhatsApp-Image-2023-12-06-at-08.00.51.jpeg 554w, https:\/\/sulsc.com\/wp-content\/uploads\/2023\/12\/WhatsApp-Image-2023-12-06-at-08.00.51-300x210.jpeg 300w\" sizes=\"(max-width: 554px) 100vw, 554px\" \/><\/p>\n<p>O projeto com o t\u00edtulo &#8220;Servi\u00e7o de Quimioterapia do HNSC: Acolhendo e Cuidando com Dignidade, Qualidade e Humaniza\u00e7\u00e3o&#8221;, ficou entre os tr\u00eas primeiros aprovados no 1\u00ba Edital do Instituto Gen\u00e9sio A. Mendes (IGAM). A informa\u00e7\u00e3o foi divulgada pelo Hospital Nossa Senhora da Concei\u00e7\u00e3o de Tubar\u00e3o, nesta ter\u00e7a-feira (5), por meio de rede social.<\/p>\n<p>O objetivo \u00e9 beneficiar o servi\u00e7o de oncologia da institui\u00e7\u00e3o com a aquisi\u00e7\u00e3o de mobili\u00e1rio e itens hospitalares para viabilizar a implanta\u00e7\u00e3o de um leito de tratamento quimioter\u00e1pico no Setor de Quimioterapia.\u00a0Com a execu\u00e7\u00e3o do projeto, a informa\u00e7\u00e3o \u00e9 de que ser\u00e1 garantido um espa\u00e7o mais adequado, acolhedor e humanizado aos pacientes oncol\u00f3gicos mais graves, que realizam quimioterapia no leito.<\/p>\n<p>O HNSC parabeniza o IGAM pelo lan\u00e7amento do seu 1\u00ba Edital, que beneficiou v\u00e1rias OSCs da regi\u00e3o, e agradece por todas as a\u00e7\u00f5es estrat\u00e9gicas para capacitar e preparar as pessoas que atuam nas organiza\u00e7\u00f5es, causando grande impacto e transforma\u00e7\u00e3o na sociedade.<\/p>\n","protected":false},"excerpt":{"rendered":"<p>O projeto com o t\u00edtulo &#8220;Servi\u00e7o de Quimioterapia do HNSC: Acolhendo e Cuidando com Dignidade, Qualidade e Humaniza\u00e7\u00e3o&#8221;, ficou entre os tr\u00eas primeiros aprovados no 1\u00ba Edital do Instituto Gen\u00e9sio A. Mendes (IGAM). A informa\u00e7\u00e3o foi divulgada pelo Hospital Nossa Senhora da Concei\u00e7\u00e3o de Tubar\u00e3o, nesta ter\u00e7a-feira (5), por meio de rede social. O objetivo &hellip;<\/p>\n<p class=\"read-more\"> <a class=\"\" href=\"https:\/\/sulsc.com\/index.php\/2023\/12\/06\/hnsc-tem-projeto-aprovado-no-1o-edital-do-instituto-genesio-a-mendes\/\"> <span class=\"screen-reader-text\">HNSC tem projeto aprovado no 1\u00ba Edital do Instituto Gen\u00e9sio A. Mendes<\/span> Read More &raquo;<\/a><\/p>\n","protected":false},"author":3,"featured_media":4695,"comment_status":"open","ping_status":"open","sticky":false,"template":"","format":"standard","meta":{"site-sidebar-layout":"default","site-content-layout":"","ast-site-content-layout":"default","site-content-style":"default","site-sidebar-style":"default","ast-global-header-display":"","ast-banner-title-visibility":"","ast-main-header-display":"","ast-hfb-above-header-display":"","ast-hfb-below-header-display":"","ast-hfb-mobile-header-display":"","site-post-title":"","ast-breadcrumbs-content":"","ast-featured-img":"","footer-sml-layout":"","theme-transparent-header-meta":"default","adv-header-id-meta":"","stick-header-meta":"","header-above-stick-meta":"","header-main-stick-meta":"","header-below-stick-meta":"","astra-migrate-meta-layouts":"set","footnotes":""},"categories":[21],"tags":[188,241],"yoast_head":"<!-- This site is optimized with the Yoast SEO plugin v21.4 - https:\/\/yoast.com\/wordpress\/plugins\/seo\/ -->\n<title>HNSC tem projeto aprovado no 1\u00ba Edital do Instituto Gen\u00e9sio A. Mendes -<\/title>\n<meta name=\"description\" content=\"O objetivo \u00e9 beneficiar o servi\u00e7o de oncologia da institui\u00e7\u00e3o e viabilizar a implanta\u00e7\u00e3o de um leito de tratamento quimioter\u00e1pico no Setor de Quimioterapia\" \/>\n<meta name=\"robots\" content=\"index, follow, max-snippet:-1, max-image-preview:large, max-video-preview:-1\" \/>\n<link rel=\"canonical\" href=\"https:\/\/sulsc.com\/index.php\/2023\/12\/06\/hnsc-tem-projeto-aprovado-no-1o-edital-do-instituto-genesio-a-mendes\/\" \/>\n<meta property=\"og:locale\" content=\"en_US\" \/>\n<meta property=\"og:type\" content=\"article\" \/>\n<meta property=\"og:title\" content=\"HNSC tem projeto aprovado no 1\u00ba Edital do Instituto Gen\u00e9sio A. Mendes -\" \/>\n<meta property=\"og:description\" content=\"O objetivo \u00e9 beneficiar o servi\u00e7o de oncologia da institui\u00e7\u00e3o e viabilizar a implanta\u00e7\u00e3o de um leito de tratamento quimioter\u00e1pico no Setor de Quimioterapia\" \/>\n<meta property=\"og:url\" content=\"https:\/\/sulsc.com\/index.php\/2023\/12\/06\/hnsc-tem-projeto-aprovado-no-1o-edital-do-instituto-genesio-a-mendes\/\" \/>\n<meta property=\"article:author\" content=\"https:\/\/www.facebook.com\/profile.php?id=61559278119680\" \/>\n<meta property=\"article:published_time\" content=\"2023-12-06T11:09:05+00:00\" \/>\n<meta property=\"og:image\" content=\"http:\/\/sulsc.com\/wp-content\/uploads\/2023\/12\/WhatsApp-Image-2023-12-06-at-08.00.51.jpeg\" \/>\n\t<meta property=\"og:image:width\" content=\"554\" \/>\n\t<meta property=\"og:image:height\" content=\"387\" \/>\n\t<meta property=\"og:image:type\" content=\"image\/jpeg\" \/>\n<meta name=\"author\" content=\"Reda\u00e7\u00e3o Sul SC\" \/>\n<meta name=\"twitter:card\" content=\"summary_large_image\" \/>\n<meta name=\"twitter:creator\" content=\"@https:\/\/twitter.com\/PortalSulSC\" \/>\n<meta name=\"twitter:label1\" content=\"Written by\" \/>\n\t<meta name=\"twitter:data1\" content=\"Reda\u00e7\u00e3o Sul SC\" \/>\n\t<meta name=\"twitter:label2\" content=\"Est. reading time\" \/>\n\t<meta name=\"twitter:data2\" content=\"1 minute\" \/>\n<script type=\"application\/ld+json\" class=\"yoast-schema-graph\">{\"@context\":\"https:\/\/schema.org\",\"@graph\":[{\"@type\":\"WebPage\",\"@id\":\"https:\/\/sulsc.com\/index.php\/2023\/12\/06\/hnsc-tem-projeto-aprovado-no-1o-edital-do-instituto-genesio-a-mendes\/\",\"url\":\"https:\/\/sulsc.com\/index.php\/2023\/12\/06\/hnsc-tem-projeto-aprovado-no-1o-edital-do-instituto-genesio-a-mendes\/\",\"name\":\"HNSC tem projeto aprovado no 1\u00ba Edital do Instituto Gen\u00e9sio A. Mendes -\",\"isPartOf\":{\"@id\":\"https:\/\/sulsc.com\/#website\"},\"datePublished\":\"2023-12-06T11:09:05+00:00\",\"dateModified\":\"2023-12-06T11:09:05+00:00\",\"author\":{\"@id\":\"https:\/\/sulsc.com\/#\/schema\/person\/84d2fc571684f6248ba83092f07750a3\"},\"description\":\"O objetivo \u00e9 beneficiar o servi\u00e7o de oncologia da institui\u00e7\u00e3o e viabilizar a implanta\u00e7\u00e3o de um leito de tratamento quimioter\u00e1pico no Setor de Quimioterapia\",\"breadcrumb\":{\"@id\":\"https:\/\/sulsc.com\/index.php\/2023\/12\/06\/hnsc-tem-projeto-aprovado-no-1o-edital-do-instituto-genesio-a-mendes\/#breadcrumb\"},\"inLanguage\":\"en-US\",\"potentialAction\":[{\"@type\":\"ReadAction\",\"target\":[\"https:\/\/sulsc.com\/index.php\/2023\/12\/06\/hnsc-tem-projeto-aprovado-no-1o-edital-do-instituto-genesio-a-mendes\/\"]}]},{\"@type\":\"BreadcrumbList\",\"@id\":\"https:\/\/sulsc.com\/index.php\/2023\/12\/06\/hnsc-tem-projeto-aprovado-no-1o-edital-do-instituto-genesio-a-mendes\/#breadcrumb\",\"itemListElement\":[{\"@type\":\"ListItem\",\"position\":1,\"name\":\"In\u00edcio\",\"item\":\"https:\/\/sulsc.com\/\"},{\"@type\":\"ListItem\",\"position\":2,\"name\":\"HNSC tem projeto aprovado no 1\u00ba Edital do Instituto Gen\u00e9sio A. Mendes\"}]},{\"@type\":\"WebSite\",\"@id\":\"https:\/\/sulsc.com\/#website\",\"url\":\"https:\/\/sulsc.com\/\",\"name\":\"\",\"description\":\"\",\"potentialAction\":[{\"@type\":\"SearchAction\",\"target\":{\"@type\":\"EntryPoint\",\"urlTemplate\":\"https:\/\/sulsc.com\/?s={search_term_string}\"},\"query-input\":\"required name=search_term_string\"}],\"inLanguage\":\"en-US\"},{\"@type\":\"Person\",\"@id\":\"https:\/\/sulsc.com\/#\/schema\/person\/84d2fc571684f6248ba83092f07750a3\",\"name\":\"Reda\u00e7\u00e3o Sul SC\",\"image\":{\"@type\":\"ImageObject\",\"inLanguage\":\"en-US\",\"@id\":\"https:\/\/sulsc.com\/#\/schema\/person\/image\/e08d7fe2cc4ed596372063bbe852b8d0\",\"url\":\"https:\/\/sulsc.com\/wp-content\/uploads\/2023\/09\/redacao.png\",\"contentUrl\":\"https:\/\/sulsc.com\/wp-content\/uploads\/2023\/09\/redacao.png\",\"caption\":\"Reda\u00e7\u00e3o Sul SC\"},\"description\":\"Foco em um jornalismo imparcial, voltado \u00e0 qualidade dos seus conte\u00fados e, assim, levar informa\u00e7\u00e3o de valor que agregue \u00e0 vida dos leitores. Esta \u00e9 grande miss\u00e3o do Portal de Not\u00edcias Sul SC. N\u00e3o \u00e9 quantidade que muda o mundo, sempre foi e seguir\u00e1 sendo qualidade!\",\"sameAs\":[\"https:\/\/sulsc.com\/\",\"https:\/\/www.facebook.com\/profile.php?id=61559278119680\",\"https:\/\/www.instagram.com\/sulscportal\/?hl=pt-br\",\"https:\/\/twitter.com\/https:\/\/twitter.com\/PortalSulSC\",\"https:\/\/www.youtube.com\/channel\/UCv_BE8GeySluDov2n8qhVmw\"],\"url\":\"https:\/\/sulsc.com\/index.php\/author\/redacao\/\"}]}<\/script>\n<!-- \/ Yoast SEO plugin. -->","yoast_head_json":{"title":"HNSC tem projeto aprovado no 1\u00ba Edital do Instituto Gen\u00e9sio A. Mendes -","description":"O objetivo \u00e9 beneficiar o servi\u00e7o de oncologia da institui\u00e7\u00e3o e viabilizar a implanta\u00e7\u00e3o de um leito de tratamento quimioter\u00e1pico no Setor de Quimioterapia","robots":{"index":"index","follow":"follow","max-snippet":"max-snippet:-1","max-image-preview":"max-image-preview:large","max-video-preview":"max-video-preview:-1"},"canonical":"https:\/\/sulsc.com\/index.php\/2023\/12\/06\/hnsc-tem-projeto-aprovado-no-1o-edital-do-instituto-genesio-a-mendes\/","og_locale":"en_US","og_type":"article","og_title":"HNSC tem projeto aprovado no 1\u00ba Edital do Instituto Gen\u00e9sio A. Mendes -","og_description":"O objetivo \u00e9 beneficiar o servi\u00e7o de oncologia da institui\u00e7\u00e3o e viabilizar a implanta\u00e7\u00e3o de um leito de tratamento quimioter\u00e1pico no Setor de Quimioterapia","og_url":"https:\/\/sulsc.com\/index.php\/2023\/12\/06\/hnsc-tem-projeto-aprovado-no-1o-edital-do-instituto-genesio-a-mendes\/","article_author":"https:\/\/www.facebook.com\/profile.php?id=61559278119680","article_published_time":"2023-12-06T11:09:05+00:00","og_image":[{"width":554,"height":387,"url":"http:\/\/sulsc.com\/wp-content\/uploads\/2023\/12\/WhatsApp-Image-2023-12-06-at-08.00.51.jpeg","type":"image\/jpeg"}],"author":"Reda\u00e7\u00e3o Sul SC","twitter_card":"summary_large_image","twitter_creator":"@https:\/\/twitter.com\/PortalSulSC","twitter_misc":{"Written by":"Reda\u00e7\u00e3o Sul SC","Est. reading time":"1 minute"},"schema":{"@context":"https:\/\/schema.org","@graph":[{"@type":"WebPage","@id":"https:\/\/sulsc.com\/index.php\/2023\/12\/06\/hnsc-tem-projeto-aprovado-no-1o-edital-do-instituto-genesio-a-mendes\/","url":"https:\/\/sulsc.com\/index.php\/2023\/12\/06\/hnsc-tem-projeto-aprovado-no-1o-edital-do-instituto-genesio-a-mendes\/","name":"HNSC tem projeto aprovado no 1\u00ba Edital do Instituto Gen\u00e9sio A. Mendes -","isPartOf":{"@id":"https:\/\/sulsc.com\/#website"},"datePublished":"2023-12-06T11:09:05+00:00","dateModified":"2023-12-06T11:09:05+00:00","author":{"@id":"https:\/\/sulsc.com\/#\/schema\/person\/84d2fc571684f6248ba83092f07750a3"},"description":"O objetivo \u00e9 beneficiar o servi\u00e7o de oncologia da institui\u00e7\u00e3o e viabilizar a implanta\u00e7\u00e3o de um leito de tratamento quimioter\u00e1pico no Setor de Quimioterapia","breadcrumb":{"@id":"https:\/\/sulsc.com\/index.php\/2023\/12\/06\/hnsc-tem-projeto-aprovado-no-1o-edital-do-instituto-genesio-a-mendes\/#breadcrumb"},"inLanguage":"en-US","potentialAction":[{"@type":"ReadAction","target":["https:\/\/sulsc.com\/index.php\/2023\/12\/06\/hnsc-tem-projeto-aprovado-no-1o-edital-do-instituto-genesio-a-mendes\/"]}]},{"@type":"BreadcrumbList","@id":"https:\/\/sulsc.com\/index.php\/2023\/12\/06\/hnsc-tem-projeto-aprovado-no-1o-edital-do-instituto-genesio-a-mendes\/#breadcrumb","itemListElement":[{"@type":"ListItem","position":1,"name":"In\u00edcio","item":"https:\/\/sulsc.com\/"},{"@type":"ListItem","position":2,"name":"HNSC tem projeto aprovado no 1\u00ba Edital do Instituto Gen\u00e9sio A. Mendes"}]},{"@type":"WebSite","@id":"https:\/\/sulsc.com\/#website","url":"https:\/\/sulsc.com\/","name":"","description":"","potentialAction":[{"@type":"SearchAction","target":{"@type":"EntryPoint","urlTemplate":"https:\/\/sulsc.com\/?s={search_term_string}"},"query-input":"required name=search_term_string"}],"inLanguage":"en-US"},{"@type":"Person","@id":"https:\/\/sulsc.com\/#\/schema\/person\/84d2fc571684f6248ba83092f07750a3","name":"Reda\u00e7\u00e3o Sul SC","image":{"@type":"ImageObject","inLanguage":"en-US","@id":"https:\/\/sulsc.com\/#\/schema\/person\/image\/e08d7fe2cc4ed596372063bbe852b8d0","url":"https:\/\/sulsc.com\/wp-content\/uploads\/2023\/09\/redacao.png","contentUrl":"https:\/\/sulsc.com\/wp-content\/uploads\/2023\/09\/redacao.png","caption":"Reda\u00e7\u00e3o Sul SC"},"description":"Foco em um jornalismo imparcial, voltado \u00e0 qualidade dos seus conte\u00fados e, assim, levar informa\u00e7\u00e3o de valor que agregue \u00e0 vida dos leitores. Esta \u00e9 grande miss\u00e3o do Portal de Not\u00edcias Sul SC. N\u00e3o \u00e9 quantidade que muda o mundo, sempre foi e seguir\u00e1 sendo qualidade!","sameAs":["https:\/\/sulsc.com\/","https:\/\/www.facebook.com\/profile.php?id=61559278119680","https:\/\/www.instagram.com\/sulscportal\/?hl=pt-br","https:\/\/twitter.com\/https:\/\/twitter.com\/PortalSulSC","https:\/\/www.youtube.com\/channel\/UCv_BE8GeySluDov2n8qhVmw"],"url":"https:\/\/sulsc.com\/index.php\/author\/redacao\/"}]}},"authors":[],"_links":{"self":[{"href":"https:\/\/sulsc.com\/index.php\/wp-json\/wp\/v2\/posts\/4694"}],"collection":[{"href":"https:\/\/sulsc.com\/index.php\/wp-json\/wp\/v2\/posts"}],"about":[{"href":"https:\/\/sulsc.com\/index.php\/wp-json\/wp\/v2\/types\/post"}],"author":[{"embeddable":true,"href":"https:\/\/sulsc.com\/index.php\/wp-json\/wp\/v2\/users\/3"}],"replies":[{"embeddable":true,"href":"https:\/\/sulsc.com\/index.php\/wp-json\/wp\/v2\/comments?post=4694"}],"version-history":[{"count":1,"href":"https:\/\/sulsc.com\/index.php\/wp-json\/wp\/v2\/posts\/4694\/revisions"}],"predecessor-version":[{"id":4696,"href":"https:\/\/sulsc.com\/index.php\/wp-json\/wp\/v2\/posts\/4694\/revisions\/4696"}],"wp:featuredmedia":[{"embeddable":true,"href":"https:\/\/sulsc.com\/index.php\/wp-json\/wp\/v2\/media\/4695"}],"wp:attachment":[{"href":"https:\/\/sulsc.com\/index.php\/wp-json\/wp\/v2\/media?parent=4694"}],"wp:term":[{"taxonomy":"category","embeddable":true,"href":"https:\/\/sulsc.com\/index.php\/wp-json\/wp\/v2\/categories?post=4694"},{"taxonomy":"post_tag","embeddable":true,"href":"https:\/\/sulsc.com\/index.php\/wp-json\/wp\/v2\/tags?post=4694"}],"curies":[{"name":"wp","href":"https:\/\/api.w.org\/{rel}","templated":true}]}}