{"id":4703,"date":"2023-12-06T10:20:45","date_gmt":"2023-12-06T13:20:45","guid":{"rendered":"https:\/\/sulsc.com\/?p=4703"},"modified":"2023-12-06T10:03:05","modified_gmt":"2023-12-06T13:03:05","slug":"prefeitura-de-criciuma-antecipa-salarios-de-janeiro-dos-servidores","status":"publish","type":"post","link":"https:\/\/sulsc.com\/index.php\/2023\/12\/06\/prefeitura-de-criciuma-antecipa-salarios-de-janeiro-dos-servidores\/","title":{"rendered":"Prefeitura de Crici\u00fama antecipa sal\u00e1rios de janeiro dos servidores"},"content":{"rendered":"<p><img fetchpriority=\"high\" decoding=\"async\" class=\"alignnone size-large wp-image-4704\" src=\"http:\/\/sulsc.com\/wp-content\/uploads\/2023\/12\/aerea-criciuma-1024x573.jpeg\" alt=\"\" width=\"1024\" height=\"573\" srcset=\"https:\/\/sulsc.com\/wp-content\/uploads\/2023\/12\/aerea-criciuma-1024x573.jpeg 1024w, https:\/\/sulsc.com\/wp-content\/uploads\/2023\/12\/aerea-criciuma-300x168.jpeg 300w, https:\/\/sulsc.com\/wp-content\/uploads\/2023\/12\/aerea-criciuma-768x430.jpeg 768w, https:\/\/sulsc.com\/wp-content\/uploads\/2023\/12\/aerea-criciuma-1536x860.jpeg 1536w, https:\/\/sulsc.com\/wp-content\/uploads\/2023\/12\/aerea-criciuma.jpeg 1584w\" sizes=\"(max-width: 1024px) 100vw, 1024px\" \/><\/p>\n<p>Na busca de fomentar a economia local, a Prefeitura de Crici\u00fama realizar\u00e1 o pagamento antecipado dos sal\u00e1rios de janeiro de 2024 dos servidores municipais. No dia 20 de dezembro, mais de 4,2 mil funcion\u00e1rios receber\u00e3o o adiantamento. O dep\u00f3sito ser\u00e1 de aproximadamente R$ 24 milh\u00f5es. A expectativa \u00e9 de que, em menos de 20 dias, seja injetado em torno de R$ 36 milh\u00f5es na economia local.<\/p>\n<p>\u201cComo presente de Natal, ap\u00f3s um ano de muito trabalho, nada mais justo do que anteciparmos o pagamento dos servidores, para que eles possam investir os recursos nas compras de fim de ano. Vamos terminar o ano de maneira positiva, impulsionando a economia local\u201d, ressalta o prefeito de Crici\u00fama, Cl\u00e9sio Salvaro.<\/p>\n<p>Segundo o secret\u00e1rio municipal da Fazenda, Vagner Esp\u00edndola, durante o m\u00eas de dezembro, o Governo de Crici\u00fama destinar\u00e1, ainda, cerca de R$12,5 milh\u00f5es para o pagamento da segunda parcela do 13\u00b0 sal\u00e1rio dos servidores, que ser\u00e1 efetuado nesta sexta-feira (8). \u201cA antecipa\u00e7\u00e3o do sal\u00e1rio e o pagamento do 13\u00b0 v\u00e3o aquecer o com\u00e9rcio de Crici\u00fama, aumentando o poder de consumo, contribuindo para o desenvolvimento local\u201d, afirma.<\/p>\n","protected":false},"excerpt":{"rendered":"<p>Na busca de fomentar a economia local, a Prefeitura de Crici\u00fama realizar\u00e1 o pagamento antecipado dos sal\u00e1rios de janeiro de 2024 dos servidores municipais. No dia 20 de dezembro, mais de 4,2 mil funcion\u00e1rios receber\u00e3o o adiantamento. O dep\u00f3sito ser\u00e1 de aproximadamente R$ 24 milh\u00f5es. A expectativa \u00e9 de que, em menos de 20 dias, &hellip;<\/p>\n<p class=\"read-more\"> <a class=\"\" href=\"https:\/\/sulsc.com\/index.php\/2023\/12\/06\/prefeitura-de-criciuma-antecipa-salarios-de-janeiro-dos-servidores\/\"> <span class=\"screen-reader-text\">Prefeitura de Crici\u00fama antecipa sal\u00e1rios de janeiro dos servidores<\/span> Read More &raquo;<\/a><\/p>\n","protected":false},"author":3,"featured_media":4704,"comment_status":"open","ping_status":"open","sticky":false,"template":"","format":"standard","meta":{"site-sidebar-layout":"default","site-content-layout":"","ast-site-content-layout":"default","site-content-style":"default","site-sidebar-style":"default","ast-global-header-display":"","ast-banner-title-visibility":"","ast-main-header-display":"","ast-hfb-above-header-display":"","ast-hfb-below-header-display":"","ast-hfb-mobile-header-display":"","site-post-title":"","ast-breadcrumbs-content":"","ast-featured-img":"","footer-sml-layout":"","theme-transparent-header-meta":"default","adv-header-id-meta":"","stick-header-meta":"","header-above-stick-meta":"","header-main-stick-meta":"","header-below-stick-meta":"","astra-migrate-meta-layouts":"set","footnotes":""},"categories":[23,11],"tags":[92,79],"yoast_head":"<!-- This site is optimized with the Yoast SEO plugin v21.4 - https:\/\/yoast.com\/wordpress\/plugins\/seo\/ -->\n<title>Prefeitura de Crici\u00fama antecipa sal\u00e1rios de janeiro dos servidores -<\/title>\n<meta name=\"description\" content=\"A expectativa \u00e9 de que, em menos de 20 dias, seja injetado em torno de R$ 36 milh\u00f5es na economia local\" \/>\n<meta name=\"robots\" content=\"index, follow, max-snippet:-1, max-image-preview:large, max-video-preview:-1\" \/>\n<link rel=\"canonical\" href=\"https:\/\/sulsc.com\/index.php\/2023\/12\/06\/prefeitura-de-criciuma-antecipa-salarios-de-janeiro-dos-servidores\/\" \/>\n<meta property=\"og:locale\" content=\"en_US\" \/>\n<meta property=\"og:type\" content=\"article\" \/>\n<meta property=\"og:title\" content=\"Prefeitura de Crici\u00fama antecipa sal\u00e1rios de janeiro dos servidores -\" \/>\n<meta property=\"og:description\" content=\"A expectativa \u00e9 de que, em menos de 20 dias, seja injetado em torno de R$ 36 milh\u00f5es na economia local\" \/>\n<meta property=\"og:url\" content=\"https:\/\/sulsc.com\/index.php\/2023\/12\/06\/prefeitura-de-criciuma-antecipa-salarios-de-janeiro-dos-servidores\/\" \/>\n<meta property=\"article:author\" content=\"https:\/\/www.facebook.com\/profile.php?id=61559278119680\" \/>\n<meta property=\"article:published_time\" content=\"2023-12-06T13:20:45+00:00\" \/>\n<meta property=\"article:modified_time\" content=\"2023-12-06T13:03:05+00:00\" \/>\n<meta property=\"og:image\" content=\"https:\/\/sulsc.com\/wp-content\/uploads\/2023\/12\/aerea-criciuma.jpeg\" \/>\n\t<meta property=\"og:image:width\" content=\"1584\" \/>\n\t<meta property=\"og:image:height\" content=\"887\" \/>\n\t<meta property=\"og:image:type\" content=\"image\/jpeg\" \/>\n<meta name=\"author\" content=\"Reda\u00e7\u00e3o Sul SC\" \/>\n<meta name=\"twitter:card\" content=\"summary_large_image\" \/>\n<meta name=\"twitter:creator\" content=\"@https:\/\/twitter.com\/PortalSulSC\" \/>\n<meta name=\"twitter:label1\" content=\"Written by\" \/>\n\t<meta name=\"twitter:data1\" content=\"Reda\u00e7\u00e3o Sul SC\" \/>\n\t<meta name=\"twitter:label2\" content=\"Est. reading time\" \/>\n\t<meta name=\"twitter:data2\" content=\"2 minutes\" \/>\n<script type=\"application\/ld+json\" class=\"yoast-schema-graph\">{\"@context\":\"https:\/\/schema.org\",\"@graph\":[{\"@type\":\"WebPage\",\"@id\":\"https:\/\/sulsc.com\/index.php\/2023\/12\/06\/prefeitura-de-criciuma-antecipa-salarios-de-janeiro-dos-servidores\/\",\"url\":\"https:\/\/sulsc.com\/index.php\/2023\/12\/06\/prefeitura-de-criciuma-antecipa-salarios-de-janeiro-dos-servidores\/\",\"name\":\"Prefeitura de Crici\u00fama antecipa sal\u00e1rios de janeiro dos servidores -\",\"isPartOf\":{\"@id\":\"https:\/\/sulsc.com\/#website\"},\"datePublished\":\"2023-12-06T13:20:45+00:00\",\"dateModified\":\"2023-12-06T13:03:05+00:00\",\"author\":{\"@id\":\"https:\/\/sulsc.com\/#\/schema\/person\/84d2fc571684f6248ba83092f07750a3\"},\"description\":\"A expectativa \u00e9 de que, em menos de 20 dias, seja injetado em torno de R$ 36 milh\u00f5es na economia local\",\"breadcrumb\":{\"@id\":\"https:\/\/sulsc.com\/index.php\/2023\/12\/06\/prefeitura-de-criciuma-antecipa-salarios-de-janeiro-dos-servidores\/#breadcrumb\"},\"inLanguage\":\"en-US\",\"potentialAction\":[{\"@type\":\"ReadAction\",\"target\":[\"https:\/\/sulsc.com\/index.php\/2023\/12\/06\/prefeitura-de-criciuma-antecipa-salarios-de-janeiro-dos-servidores\/\"]}]},{\"@type\":\"BreadcrumbList\",\"@id\":\"https:\/\/sulsc.com\/index.php\/2023\/12\/06\/prefeitura-de-criciuma-antecipa-salarios-de-janeiro-dos-servidores\/#breadcrumb\",\"itemListElement\":[{\"@type\":\"ListItem\",\"position\":1,\"name\":\"In\u00edcio\",\"item\":\"https:\/\/sulsc.com\/\"},{\"@type\":\"ListItem\",\"position\":2,\"name\":\"Prefeitura de Crici\u00fama antecipa sal\u00e1rios de janeiro dos servidores\"}]},{\"@type\":\"WebSite\",\"@id\":\"https:\/\/sulsc.com\/#website\",\"url\":\"https:\/\/sulsc.com\/\",\"name\":\"\",\"description\":\"\",\"potentialAction\":[{\"@type\":\"SearchAction\",\"target\":{\"@type\":\"EntryPoint\",\"urlTemplate\":\"https:\/\/sulsc.com\/?s={search_term_string}\"},\"query-input\":\"required name=search_term_string\"}],\"inLanguage\":\"en-US\"},{\"@type\":\"Person\",\"@id\":\"https:\/\/sulsc.com\/#\/schema\/person\/84d2fc571684f6248ba83092f07750a3\",\"name\":\"Reda\u00e7\u00e3o Sul SC\",\"image\":{\"@type\":\"ImageObject\",\"inLanguage\":\"en-US\",\"@id\":\"https:\/\/sulsc.com\/#\/schema\/person\/image\/e08d7fe2cc4ed596372063bbe852b8d0\",\"url\":\"https:\/\/sulsc.com\/wp-content\/uploads\/2023\/09\/redacao.png\",\"contentUrl\":\"https:\/\/sulsc.com\/wp-content\/uploads\/2023\/09\/redacao.png\",\"caption\":\"Reda\u00e7\u00e3o Sul SC\"},\"description\":\"Foco em um jornalismo imparcial, voltado \u00e0 qualidade dos seus conte\u00fados e, assim, levar informa\u00e7\u00e3o de valor que agregue \u00e0 vida dos leitores. Esta \u00e9 grande miss\u00e3o do Portal de Not\u00edcias Sul SC. N\u00e3o \u00e9 quantidade que muda o mundo, sempre foi e seguir\u00e1 sendo qualidade!\",\"sameAs\":[\"https:\/\/sulsc.com\/\",\"https:\/\/www.facebook.com\/profile.php?id=61559278119680\",\"https:\/\/www.instagram.com\/sulscportal\/?hl=pt-br\",\"https:\/\/twitter.com\/https:\/\/twitter.com\/PortalSulSC\",\"https:\/\/www.youtube.com\/channel\/UCv_BE8GeySluDov2n8qhVmw\"],\"url\":\"https:\/\/sulsc.com\/index.php\/author\/redacao\/\"}]}<\/script>\n<!-- \/ Yoast SEO plugin. -->","yoast_head_json":{"title":"Prefeitura de Crici\u00fama antecipa sal\u00e1rios de janeiro dos servidores -","description":"A expectativa \u00e9 de que, em menos de 20 dias, seja injetado em torno de R$ 36 milh\u00f5es na economia local","robots":{"index":"index","follow":"follow","max-snippet":"max-snippet:-1","max-image-preview":"max-image-preview:large","max-video-preview":"max-video-preview:-1"},"canonical":"https:\/\/sulsc.com\/index.php\/2023\/12\/06\/prefeitura-de-criciuma-antecipa-salarios-de-janeiro-dos-servidores\/","og_locale":"en_US","og_type":"article","og_title":"Prefeitura de Crici\u00fama antecipa sal\u00e1rios de janeiro dos servidores -","og_description":"A expectativa \u00e9 de que, em menos de 20 dias, seja injetado em torno de R$ 36 milh\u00f5es na economia local","og_url":"https:\/\/sulsc.com\/index.php\/2023\/12\/06\/prefeitura-de-criciuma-antecipa-salarios-de-janeiro-dos-servidores\/","article_author":"https:\/\/www.facebook.com\/profile.php?id=61559278119680","article_published_time":"2023-12-06T13:20:45+00:00","article_modified_time":"2023-12-06T13:03:05+00:00","og_image":[{"width":1584,"height":887,"url":"https:\/\/sulsc.com\/wp-content\/uploads\/2023\/12\/aerea-criciuma.jpeg","type":"image\/jpeg"}],"author":"Reda\u00e7\u00e3o Sul SC","twitter_card":"summary_large_image","twitter_creator":"@https:\/\/twitter.com\/PortalSulSC","twitter_misc":{"Written by":"Reda\u00e7\u00e3o Sul SC","Est. reading time":"2 minutes"},"schema":{"@context":"https:\/\/schema.org","@graph":[{"@type":"WebPage","@id":"https:\/\/sulsc.com\/index.php\/2023\/12\/06\/prefeitura-de-criciuma-antecipa-salarios-de-janeiro-dos-servidores\/","url":"https:\/\/sulsc.com\/index.php\/2023\/12\/06\/prefeitura-de-criciuma-antecipa-salarios-de-janeiro-dos-servidores\/","name":"Prefeitura de Crici\u00fama antecipa sal\u00e1rios de janeiro dos servidores -","isPartOf":{"@id":"https:\/\/sulsc.com\/#website"},"datePublished":"2023-12-06T13:20:45+00:00","dateModified":"2023-12-06T13:03:05+00:00","author":{"@id":"https:\/\/sulsc.com\/#\/schema\/person\/84d2fc571684f6248ba83092f07750a3"},"description":"A expectativa \u00e9 de que, em menos de 20 dias, seja injetado em torno de R$ 36 milh\u00f5es na economia local","breadcrumb":{"@id":"https:\/\/sulsc.com\/index.php\/2023\/12\/06\/prefeitura-de-criciuma-antecipa-salarios-de-janeiro-dos-servidores\/#breadcrumb"},"inLanguage":"en-US","potentialAction":[{"@type":"ReadAction","target":["https:\/\/sulsc.com\/index.php\/2023\/12\/06\/prefeitura-de-criciuma-antecipa-salarios-de-janeiro-dos-servidores\/"]}]},{"@type":"BreadcrumbList","@id":"https:\/\/sulsc.com\/index.php\/2023\/12\/06\/prefeitura-de-criciuma-antecipa-salarios-de-janeiro-dos-servidores\/#breadcrumb","itemListElement":[{"@type":"ListItem","position":1,"name":"In\u00edcio","item":"https:\/\/sulsc.com\/"},{"@type":"ListItem","position":2,"name":"Prefeitura de Crici\u00fama antecipa sal\u00e1rios de janeiro dos servidores"}]},{"@type":"WebSite","@id":"https:\/\/sulsc.com\/#website","url":"https:\/\/sulsc.com\/","name":"","description":"","potentialAction":[{"@type":"SearchAction","target":{"@type":"EntryPoint","urlTemplate":"https:\/\/sulsc.com\/?s={search_term_string}"},"query-input":"required name=search_term_string"}],"inLanguage":"en-US"},{"@type":"Person","@id":"https:\/\/sulsc.com\/#\/schema\/person\/84d2fc571684f6248ba83092f07750a3","name":"Reda\u00e7\u00e3o Sul SC","image":{"@type":"ImageObject","inLanguage":"en-US","@id":"https:\/\/sulsc.com\/#\/schema\/person\/image\/e08d7fe2cc4ed596372063bbe852b8d0","url":"https:\/\/sulsc.com\/wp-content\/uploads\/2023\/09\/redacao.png","contentUrl":"https:\/\/sulsc.com\/wp-content\/uploads\/2023\/09\/redacao.png","caption":"Reda\u00e7\u00e3o Sul SC"},"description":"Foco em um jornalismo imparcial, voltado \u00e0 qualidade dos seus conte\u00fados e, assim, levar informa\u00e7\u00e3o de valor que agregue \u00e0 vida dos leitores. Esta \u00e9 grande miss\u00e3o do Portal de Not\u00edcias Sul SC. N\u00e3o \u00e9 quantidade que muda o mundo, sempre foi e seguir\u00e1 sendo qualidade!","sameAs":["https:\/\/sulsc.com\/","https:\/\/www.facebook.com\/profile.php?id=61559278119680","https:\/\/www.instagram.com\/sulscportal\/?hl=pt-br","https:\/\/twitter.com\/https:\/\/twitter.com\/PortalSulSC","https:\/\/www.youtube.com\/channel\/UCv_BE8GeySluDov2n8qhVmw"],"url":"https:\/\/sulsc.com\/index.php\/author\/redacao\/"}]}},"authors":[],"_links":{"self":[{"href":"https:\/\/sulsc.com\/index.php\/wp-json\/wp\/v2\/posts\/4703"}],"collection":[{"href":"https:\/\/sulsc.com\/index.php\/wp-json\/wp\/v2\/posts"}],"about":[{"href":"https:\/\/sulsc.com\/index.php\/wp-json\/wp\/v2\/types\/post"}],"author":[{"embeddable":true,"href":"https:\/\/sulsc.com\/index.php\/wp-json\/wp\/v2\/users\/3"}],"replies":[{"embeddable":true,"href":"https:\/\/sulsc.com\/index.php\/wp-json\/wp\/v2\/comments?post=4703"}],"version-history":[{"count":1,"href":"https:\/\/sulsc.com\/index.php\/wp-json\/wp\/v2\/posts\/4703\/revisions"}],"predecessor-version":[{"id":4705,"href":"https:\/\/sulsc.com\/index.php\/wp-json\/wp\/v2\/posts\/4703\/revisions\/4705"}],"wp:featuredmedia":[{"embeddable":true,"href":"https:\/\/sulsc.com\/index.php\/wp-json\/wp\/v2\/media\/4704"}],"wp:attachment":[{"href":"https:\/\/sulsc.com\/index.php\/wp-json\/wp\/v2\/media?parent=4703"}],"wp:term":[{"taxonomy":"category","embeddable":true,"href":"https:\/\/sulsc.com\/index.php\/wp-json\/wp\/v2\/categories?post=4703"},{"taxonomy":"post_tag","embeddable":true,"href":"https:\/\/sulsc.com\/index.php\/wp-json\/wp\/v2\/tags?post=4703"}],"curies":[{"name":"wp","href":"https:\/\/api.w.org\/{rel}","templated":true}]}}