{"id":4714,"date":"2023-12-06T12:40:10","date_gmt":"2023-12-06T15:40:10","guid":{"rendered":"https:\/\/sulsc.com\/?p=4714"},"modified":"2023-12-06T12:30:02","modified_gmt":"2023-12-06T15:30:02","slug":"situacao-dos-hospitais-de-laguna-e-braco-do-norte-sao-discutidas","status":"publish","type":"post","link":"https:\/\/sulsc.com\/index.php\/2023\/12\/06\/situacao-dos-hospitais-de-laguna-e-braco-do-norte-sao-discutidas\/","title":{"rendered":"Situa\u00e7\u00e3o dos hospitais de Laguna e Bra\u00e7o do Norte s\u00e3o discutidas"},"content":{"rendered":"<figure id=\"attachment_4716\" aria-describedby=\"caption-attachment-4716\" style=\"width: 1024px\" class=\"wp-caption alignnone\"><img fetchpriority=\"high\" decoding=\"async\" class=\"size-large wp-image-4716\" src=\"http:\/\/sulsc.com\/wp-content\/uploads\/2023\/12\/WhatsApp-Image-2023-12-06-at-09.08.37-1024x682.jpeg\" alt=\"\" width=\"1024\" height=\"682\" srcset=\"https:\/\/sulsc.com\/wp-content\/uploads\/2023\/12\/WhatsApp-Image-2023-12-06-at-09.08.37-1024x682.jpeg 1024w, https:\/\/sulsc.com\/wp-content\/uploads\/2023\/12\/WhatsApp-Image-2023-12-06-at-09.08.37-300x200.jpeg 300w, https:\/\/sulsc.com\/wp-content\/uploads\/2023\/12\/WhatsApp-Image-2023-12-06-at-09.08.37-768x512.jpeg 768w, https:\/\/sulsc.com\/wp-content\/uploads\/2023\/12\/WhatsApp-Image-2023-12-06-at-09.08.37-1536x1023.jpeg 1536w, https:\/\/sulsc.com\/wp-content\/uploads\/2023\/12\/WhatsApp-Image-2023-12-06-at-09.08.37.jpeg 1600w\" sizes=\"(max-width: 1024px) 100vw, 1024px\" \/><figcaption id=\"caption-attachment-4716\" class=\"wp-caption-text\">Fotos: Vicente Schmitt\/Ag\u00eancia AL<\/figcaption><\/figure>\n<p>O Hospital de Caridade Senhor Bom Jesus dos Passos, de Laguna, enfrenta dificuldades financeiras. A institui\u00e7\u00e3o possu\u00eda um conv\u00eanio com o governo estadual que auxiliava no custeio mensal dos servi\u00e7os, mas o conv\u00eanio terminou, em dezembro de 2022, e desde ent\u00e3o acumula d\u00edvidas que est\u00e3o afetando o funcionamento e a manuten\u00e7\u00e3o dos servi\u00e7os.<\/p>\n<p>Os representantes do hospital solicitaram aos deputados e ao governo R$ 3,3 milh\u00f5es para o pagamento das d\u00edvidas.\u00a0A secret\u00e1ria de Estado da Sa\u00fade, Carmen Zanotto, afirmou que n\u00e3o poder\u00e1 ajudar na d\u00edvida passada e refor\u00e7ou que as portas est\u00e3o abertas para novos projetos.<\/p>\n<p>J\u00e1 sobre o Hospital Santa Teresinha, de Bra\u00e7o do Norte, a pauta foi as obras de amplia\u00e7\u00e3o, que geraram a necessidade de mais recursos. A constru\u00e7\u00e3o inclui a expans\u00e3o da Unidade de Terapia Intensiva (UTI), iniciada em junho de 2022.<\/p>\n<p>O hospital solicitou \u00e0 Bancada R$ 3,7 milh\u00f5es para a conclus\u00e3o das obras, j\u00e1 que houve uma mudan\u00e7a de norma sanit\u00e1ria alterando toda a climatiza\u00e7\u00e3o do projeto, o que acarretou um aumento de 40% no valor total.<\/p>\n<p>A secret\u00e1ria Carmem explicou que a quest\u00e3o das climatiza\u00e7\u00f5es dos hospitais \u00e9 um problema de v\u00e1rios hospitais e que \u00e9 uma medida sanit\u00e1ria que est\u00e1 sendo debatida a n\u00edvel federal.<\/p>\n<p>\u201cSabe-se da urg\u00eancia dos recursos para ambos os hospitais. S\u00e3o situa\u00e7\u00f5es diferentes que necessitam da nossa aten\u00e7\u00e3o. \u00c9 nosso dever estudar possibilidades para viabilizar recursos em conjunto para um setor que tanto precisa\u201d, destacou o deputado Pep\u00ea Colla\u00e7o, coordenador da Bancada do Sul, que se comprometeu em avaliar possibilidades para viabilizar recursos para os dois hospitais em formatos diferentes.<\/p>\n","protected":false},"excerpt":{"rendered":"<p>O Hospital de Caridade Senhor Bom Jesus dos Passos, de Laguna, enfrenta dificuldades financeiras. A institui\u00e7\u00e3o possu\u00eda um conv\u00eanio com o governo estadual que auxiliava no custeio mensal dos servi\u00e7os, mas o conv\u00eanio terminou, em dezembro de 2022, e desde ent\u00e3o acumula d\u00edvidas que est\u00e3o afetando o funcionamento e a manuten\u00e7\u00e3o dos servi\u00e7os. Os representantes &hellip;<\/p>\n<p class=\"read-more\"> <a class=\"\" href=\"https:\/\/sulsc.com\/index.php\/2023\/12\/06\/situacao-dos-hospitais-de-laguna-e-braco-do-norte-sao-discutidas\/\"> <span class=\"screen-reader-text\">Situa\u00e7\u00e3o dos hospitais de Laguna e Bra\u00e7o do Norte s\u00e3o discutidas<\/span> Read More &raquo;<\/a><\/p>\n","protected":false},"author":3,"featured_media":4716,"comment_status":"open","ping_status":"open","sticky":false,"template":"","format":"standard","meta":{"site-sidebar-layout":"default","site-content-layout":"","ast-site-content-layout":"default","site-content-style":"default","site-sidebar-style":"default","ast-global-header-display":"","ast-banner-title-visibility":"","ast-main-header-display":"","ast-hfb-above-header-display":"","ast-hfb-below-header-display":"","ast-hfb-mobile-header-display":"","site-post-title":"","ast-breadcrumbs-content":"","ast-featured-img":"","footer-sml-layout":"","theme-transparent-header-meta":"default","adv-header-id-meta":"","stick-header-meta":"","header-above-stick-meta":"","header-main-stick-meta":"","header-below-stick-meta":"","astra-migrate-meta-layouts":"set","footnotes":""},"categories":[1],"tags":[],"yoast_head":"<!-- This site is optimized with the Yoast SEO plugin v21.4 - https:\/\/yoast.com\/wordpress\/plugins\/seo\/ -->\n<title>Situa\u00e7\u00e3o dos hospitais de Laguna e Bra\u00e7o do Norte s\u00e3o discutidas -<\/title>\n<meta name=\"description\" content=\"O Hospital de Caridade Senhor Bom Jesus dos Passos, de Laguna, enfrenta dificuldades financeiras. J\u00e1 sobre o Hospital Santa Teresinha, de Bra\u00e7o do Norte, a pauta foi as obras de amplia\u00e7\u00e3o\" \/>\n<meta name=\"robots\" content=\"index, follow, max-snippet:-1, max-image-preview:large, max-video-preview:-1\" \/>\n<link rel=\"canonical\" href=\"https:\/\/sulsc.com\/index.php\/2023\/12\/06\/situacao-dos-hospitais-de-laguna-e-braco-do-norte-sao-discutidas\/\" \/>\n<meta property=\"og:locale\" content=\"en_US\" \/>\n<meta property=\"og:type\" content=\"article\" \/>\n<meta property=\"og:title\" content=\"Situa\u00e7\u00e3o dos hospitais de Laguna e Bra\u00e7o do Norte s\u00e3o discutidas -\" \/>\n<meta property=\"og:description\" content=\"O Hospital de Caridade Senhor Bom Jesus dos Passos, de Laguna, enfrenta dificuldades financeiras. J\u00e1 sobre o Hospital Santa Teresinha, de Bra\u00e7o do Norte, a pauta foi as obras de amplia\u00e7\u00e3o\" \/>\n<meta property=\"og:url\" content=\"https:\/\/sulsc.com\/index.php\/2023\/12\/06\/situacao-dos-hospitais-de-laguna-e-braco-do-norte-sao-discutidas\/\" \/>\n<meta property=\"article:author\" content=\"https:\/\/www.facebook.com\/profile.php?id=61559278119680\" \/>\n<meta property=\"article:published_time\" content=\"2023-12-06T15:40:10+00:00\" \/>\n<meta property=\"article:modified_time\" content=\"2023-12-06T15:30:02+00:00\" \/>\n<meta property=\"og:image\" content=\"https:\/\/sulsc.com\/wp-content\/uploads\/2023\/12\/WhatsApp-Image-2023-12-06-at-09.08.37.jpeg\" \/>\n\t<meta property=\"og:image:width\" content=\"1600\" \/>\n\t<meta property=\"og:image:height\" content=\"1066\" \/>\n\t<meta property=\"og:image:type\" content=\"image\/jpeg\" \/>\n<meta name=\"author\" content=\"Reda\u00e7\u00e3o Sul SC\" \/>\n<meta name=\"twitter:card\" content=\"summary_large_image\" \/>\n<meta name=\"twitter:creator\" content=\"@https:\/\/twitter.com\/PortalSulSC\" \/>\n<meta name=\"twitter:label1\" content=\"Written by\" \/>\n\t<meta name=\"twitter:data1\" content=\"Reda\u00e7\u00e3o Sul SC\" \/>\n\t<meta name=\"twitter:label2\" content=\"Est. reading time\" \/>\n\t<meta name=\"twitter:data2\" content=\"2 minutes\" \/>\n<script type=\"application\/ld+json\" class=\"yoast-schema-graph\">{\"@context\":\"https:\/\/schema.org\",\"@graph\":[{\"@type\":\"WebPage\",\"@id\":\"https:\/\/sulsc.com\/index.php\/2023\/12\/06\/situacao-dos-hospitais-de-laguna-e-braco-do-norte-sao-discutidas\/\",\"url\":\"https:\/\/sulsc.com\/index.php\/2023\/12\/06\/situacao-dos-hospitais-de-laguna-e-braco-do-norte-sao-discutidas\/\",\"name\":\"Situa\u00e7\u00e3o dos hospitais de Laguna e Bra\u00e7o do Norte s\u00e3o discutidas -\",\"isPartOf\":{\"@id\":\"https:\/\/sulsc.com\/#website\"},\"datePublished\":\"2023-12-06T15:40:10+00:00\",\"dateModified\":\"2023-12-06T15:30:02+00:00\",\"author\":{\"@id\":\"https:\/\/sulsc.com\/#\/schema\/person\/84d2fc571684f6248ba83092f07750a3\"},\"description\":\"O Hospital de Caridade Senhor Bom Jesus dos Passos, de Laguna, enfrenta dificuldades financeiras. J\u00e1 sobre o Hospital Santa Teresinha, de Bra\u00e7o do Norte, a pauta foi as obras de amplia\u00e7\u00e3o\",\"breadcrumb\":{\"@id\":\"https:\/\/sulsc.com\/index.php\/2023\/12\/06\/situacao-dos-hospitais-de-laguna-e-braco-do-norte-sao-discutidas\/#breadcrumb\"},\"inLanguage\":\"en-US\",\"potentialAction\":[{\"@type\":\"ReadAction\",\"target\":[\"https:\/\/sulsc.com\/index.php\/2023\/12\/06\/situacao-dos-hospitais-de-laguna-e-braco-do-norte-sao-discutidas\/\"]}]},{\"@type\":\"BreadcrumbList\",\"@id\":\"https:\/\/sulsc.com\/index.php\/2023\/12\/06\/situacao-dos-hospitais-de-laguna-e-braco-do-norte-sao-discutidas\/#breadcrumb\",\"itemListElement\":[{\"@type\":\"ListItem\",\"position\":1,\"name\":\"In\u00edcio\",\"item\":\"https:\/\/sulsc.com\/\"},{\"@type\":\"ListItem\",\"position\":2,\"name\":\"Situa\u00e7\u00e3o dos hospitais de Laguna e Bra\u00e7o do Norte s\u00e3o discutidas\"}]},{\"@type\":\"WebSite\",\"@id\":\"https:\/\/sulsc.com\/#website\",\"url\":\"https:\/\/sulsc.com\/\",\"name\":\"\",\"description\":\"\",\"potentialAction\":[{\"@type\":\"SearchAction\",\"target\":{\"@type\":\"EntryPoint\",\"urlTemplate\":\"https:\/\/sulsc.com\/?s={search_term_string}\"},\"query-input\":\"required name=search_term_string\"}],\"inLanguage\":\"en-US\"},{\"@type\":\"Person\",\"@id\":\"https:\/\/sulsc.com\/#\/schema\/person\/84d2fc571684f6248ba83092f07750a3\",\"name\":\"Reda\u00e7\u00e3o Sul SC\",\"image\":{\"@type\":\"ImageObject\",\"inLanguage\":\"en-US\",\"@id\":\"https:\/\/sulsc.com\/#\/schema\/person\/image\/e08d7fe2cc4ed596372063bbe852b8d0\",\"url\":\"https:\/\/sulsc.com\/wp-content\/uploads\/2023\/09\/redacao.png\",\"contentUrl\":\"https:\/\/sulsc.com\/wp-content\/uploads\/2023\/09\/redacao.png\",\"caption\":\"Reda\u00e7\u00e3o Sul SC\"},\"description\":\"Foco em um jornalismo imparcial, voltado \u00e0 qualidade dos seus conte\u00fados e, assim, levar informa\u00e7\u00e3o de valor que agregue \u00e0 vida dos leitores. Esta \u00e9 grande miss\u00e3o do Portal de Not\u00edcias Sul SC. N\u00e3o \u00e9 quantidade que muda o mundo, sempre foi e seguir\u00e1 sendo qualidade!\",\"sameAs\":[\"https:\/\/sulsc.com\/\",\"https:\/\/www.facebook.com\/profile.php?id=61559278119680\",\"https:\/\/www.instagram.com\/sulscportal\/?hl=pt-br\",\"https:\/\/twitter.com\/https:\/\/twitter.com\/PortalSulSC\",\"https:\/\/www.youtube.com\/channel\/UCv_BE8GeySluDov2n8qhVmw\"],\"url\":\"https:\/\/sulsc.com\/index.php\/author\/redacao\/\"}]}<\/script>\n<!-- \/ Yoast SEO plugin. -->","yoast_head_json":{"title":"Situa\u00e7\u00e3o dos hospitais de Laguna e Bra\u00e7o do Norte s\u00e3o discutidas -","description":"O Hospital de Caridade Senhor Bom Jesus dos Passos, de Laguna, enfrenta dificuldades financeiras. J\u00e1 sobre o Hospital Santa Teresinha, de Bra\u00e7o do Norte, a pauta foi as obras de amplia\u00e7\u00e3o","robots":{"index":"index","follow":"follow","max-snippet":"max-snippet:-1","max-image-preview":"max-image-preview:large","max-video-preview":"max-video-preview:-1"},"canonical":"https:\/\/sulsc.com\/index.php\/2023\/12\/06\/situacao-dos-hospitais-de-laguna-e-braco-do-norte-sao-discutidas\/","og_locale":"en_US","og_type":"article","og_title":"Situa\u00e7\u00e3o dos hospitais de Laguna e Bra\u00e7o do Norte s\u00e3o discutidas -","og_description":"O Hospital de Caridade Senhor Bom Jesus dos Passos, de Laguna, enfrenta dificuldades financeiras. J\u00e1 sobre o Hospital Santa Teresinha, de Bra\u00e7o do Norte, a pauta foi as obras de amplia\u00e7\u00e3o","og_url":"https:\/\/sulsc.com\/index.php\/2023\/12\/06\/situacao-dos-hospitais-de-laguna-e-braco-do-norte-sao-discutidas\/","article_author":"https:\/\/www.facebook.com\/profile.php?id=61559278119680","article_published_time":"2023-12-06T15:40:10+00:00","article_modified_time":"2023-12-06T15:30:02+00:00","og_image":[{"width":1600,"height":1066,"url":"https:\/\/sulsc.com\/wp-content\/uploads\/2023\/12\/WhatsApp-Image-2023-12-06-at-09.08.37.jpeg","type":"image\/jpeg"}],"author":"Reda\u00e7\u00e3o Sul SC","twitter_card":"summary_large_image","twitter_creator":"@https:\/\/twitter.com\/PortalSulSC","twitter_misc":{"Written by":"Reda\u00e7\u00e3o Sul SC","Est. reading time":"2 minutes"},"schema":{"@context":"https:\/\/schema.org","@graph":[{"@type":"WebPage","@id":"https:\/\/sulsc.com\/index.php\/2023\/12\/06\/situacao-dos-hospitais-de-laguna-e-braco-do-norte-sao-discutidas\/","url":"https:\/\/sulsc.com\/index.php\/2023\/12\/06\/situacao-dos-hospitais-de-laguna-e-braco-do-norte-sao-discutidas\/","name":"Situa\u00e7\u00e3o dos hospitais de Laguna e Bra\u00e7o do Norte s\u00e3o discutidas -","isPartOf":{"@id":"https:\/\/sulsc.com\/#website"},"datePublished":"2023-12-06T15:40:10+00:00","dateModified":"2023-12-06T15:30:02+00:00","author":{"@id":"https:\/\/sulsc.com\/#\/schema\/person\/84d2fc571684f6248ba83092f07750a3"},"description":"O Hospital de Caridade Senhor Bom Jesus dos Passos, de Laguna, enfrenta dificuldades financeiras. J\u00e1 sobre o Hospital Santa Teresinha, de Bra\u00e7o do Norte, a pauta foi as obras de amplia\u00e7\u00e3o","breadcrumb":{"@id":"https:\/\/sulsc.com\/index.php\/2023\/12\/06\/situacao-dos-hospitais-de-laguna-e-braco-do-norte-sao-discutidas\/#breadcrumb"},"inLanguage":"en-US","potentialAction":[{"@type":"ReadAction","target":["https:\/\/sulsc.com\/index.php\/2023\/12\/06\/situacao-dos-hospitais-de-laguna-e-braco-do-norte-sao-discutidas\/"]}]},{"@type":"BreadcrumbList","@id":"https:\/\/sulsc.com\/index.php\/2023\/12\/06\/situacao-dos-hospitais-de-laguna-e-braco-do-norte-sao-discutidas\/#breadcrumb","itemListElement":[{"@type":"ListItem","position":1,"name":"In\u00edcio","item":"https:\/\/sulsc.com\/"},{"@type":"ListItem","position":2,"name":"Situa\u00e7\u00e3o dos hospitais de Laguna e Bra\u00e7o do Norte s\u00e3o discutidas"}]},{"@type":"WebSite","@id":"https:\/\/sulsc.com\/#website","url":"https:\/\/sulsc.com\/","name":"","description":"","potentialAction":[{"@type":"SearchAction","target":{"@type":"EntryPoint","urlTemplate":"https:\/\/sulsc.com\/?s={search_term_string}"},"query-input":"required name=search_term_string"}],"inLanguage":"en-US"},{"@type":"Person","@id":"https:\/\/sulsc.com\/#\/schema\/person\/84d2fc571684f6248ba83092f07750a3","name":"Reda\u00e7\u00e3o Sul SC","image":{"@type":"ImageObject","inLanguage":"en-US","@id":"https:\/\/sulsc.com\/#\/schema\/person\/image\/e08d7fe2cc4ed596372063bbe852b8d0","url":"https:\/\/sulsc.com\/wp-content\/uploads\/2023\/09\/redacao.png","contentUrl":"https:\/\/sulsc.com\/wp-content\/uploads\/2023\/09\/redacao.png","caption":"Reda\u00e7\u00e3o Sul SC"},"description":"Foco em um jornalismo imparcial, voltado \u00e0 qualidade dos seus conte\u00fados e, assim, levar informa\u00e7\u00e3o de valor que agregue \u00e0 vida dos leitores. Esta \u00e9 grande miss\u00e3o do Portal de Not\u00edcias Sul SC. N\u00e3o \u00e9 quantidade que muda o mundo, sempre foi e seguir\u00e1 sendo qualidade!","sameAs":["https:\/\/sulsc.com\/","https:\/\/www.facebook.com\/profile.php?id=61559278119680","https:\/\/www.instagram.com\/sulscportal\/?hl=pt-br","https:\/\/twitter.com\/https:\/\/twitter.com\/PortalSulSC","https:\/\/www.youtube.com\/channel\/UCv_BE8GeySluDov2n8qhVmw"],"url":"https:\/\/sulsc.com\/index.php\/author\/redacao\/"}]}},"authors":[],"_links":{"self":[{"href":"https:\/\/sulsc.com\/index.php\/wp-json\/wp\/v2\/posts\/4714"}],"collection":[{"href":"https:\/\/sulsc.com\/index.php\/wp-json\/wp\/v2\/posts"}],"about":[{"href":"https:\/\/sulsc.com\/index.php\/wp-json\/wp\/v2\/types\/post"}],"author":[{"embeddable":true,"href":"https:\/\/sulsc.com\/index.php\/wp-json\/wp\/v2\/users\/3"}],"replies":[{"embeddable":true,"href":"https:\/\/sulsc.com\/index.php\/wp-json\/wp\/v2\/comments?post=4714"}],"version-history":[{"count":2,"href":"https:\/\/sulsc.com\/index.php\/wp-json\/wp\/v2\/posts\/4714\/revisions"}],"predecessor-version":[{"id":4717,"href":"https:\/\/sulsc.com\/index.php\/wp-json\/wp\/v2\/posts\/4714\/revisions\/4717"}],"wp:featuredmedia":[{"embeddable":true,"href":"https:\/\/sulsc.com\/index.php\/wp-json\/wp\/v2\/media\/4716"}],"wp:attachment":[{"href":"https:\/\/sulsc.com\/index.php\/wp-json\/wp\/v2\/media?parent=4714"}],"wp:term":[{"taxonomy":"category","embeddable":true,"href":"https:\/\/sulsc.com\/index.php\/wp-json\/wp\/v2\/categories?post=4714"},{"taxonomy":"post_tag","embeddable":true,"href":"https:\/\/sulsc.com\/index.php\/wp-json\/wp\/v2\/tags?post=4714"}],"curies":[{"name":"wp","href":"https:\/\/api.w.org\/{rel}","templated":true}]}}