{"id":4719,"date":"2023-12-06T13:20:49","date_gmt":"2023-12-06T16:20:49","guid":{"rendered":"https:\/\/sulsc.com\/?p=4719"},"modified":"2023-12-06T13:15:12","modified_gmt":"2023-12-06T16:15:12","slug":"chegada-do-papai-noel-sera-nesta-sexta-feira-8-em-tubarao","status":"publish","type":"post","link":"https:\/\/sulsc.com\/index.php\/2023\/12\/06\/chegada-do-papai-noel-sera-nesta-sexta-feira-8-em-tubarao\/","title":{"rendered":"Chegada do Papai Noel ser\u00e1 nesta sexta-feira (8), em Tubar\u00e3o"},"content":{"rendered":"<p>Ap\u00f3s o adiamento da chegada do Papai Noel, que inicialmente estava programada para a noite desta ter\u00e7a-feira (5), em Tubar\u00e3o, ficou definido que ocorrer\u00e1 na sexta-feira (8), no Centro. A decis\u00e3o foi tomada pelos envolvidos da organiza\u00e7\u00e3o ainda na tarde da ter\u00e7a por conta da chuva.<\/p>\n<p>A previs\u00e3o do tempo indica que deve chover at\u00e9 quinta-feira (7). O Bom Velhinho participa do Desfile de Natal junto com alunos de escolas do munic\u00edpio, entidades, grupos folcl\u00f3ricos e art\u00edsticos. A caravana ter\u00e1 sa\u00edda da antiga rodovi\u00e1ria, \u00e0s 19 horas.<\/p>\n<p>O percurso, como ocorre tradicionalmente, ser\u00e1 pela Avenida Marcolino Martins Cabral, at\u00e9 a Casa da Cidadania. No local foi montado o palco para a programa\u00e7\u00e3o cultural natalina, que segue at\u00e9 o dia 22 de dezembro. Na ocasi\u00e3o, Noel receber\u00e1 a chave da cidade.<\/p>\n<p>&nbsp;<\/p>\n","protected":false},"excerpt":{"rendered":"<p>Ap\u00f3s o adiamento da chegada do Papai Noel, que inicialmente estava programada para a noite desta ter\u00e7a-feira (5), em Tubar\u00e3o, ficou definido que ocorrer\u00e1 na sexta-feira (8), no Centro. A decis\u00e3o foi tomada pelos envolvidos da organiza\u00e7\u00e3o ainda na tarde da ter\u00e7a por conta da chuva. A previs\u00e3o do tempo indica que deve chover at\u00e9 &hellip;<\/p>\n<p class=\"read-more\"> <a class=\"\" href=\"https:\/\/sulsc.com\/index.php\/2023\/12\/06\/chegada-do-papai-noel-sera-nesta-sexta-feira-8-em-tubarao\/\"> <span class=\"screen-reader-text\">Chegada do Papai Noel ser\u00e1 nesta sexta-feira (8), em Tubar\u00e3o<\/span> Read More &raquo;<\/a><\/p>\n","protected":false},"author":3,"featured_media":4672,"comment_status":"open","ping_status":"open","sticky":false,"template":"","format":"standard","meta":{"site-sidebar-layout":"default","site-content-layout":"","ast-site-content-layout":"default","site-content-style":"default","site-sidebar-style":"default","ast-global-header-display":"","ast-banner-title-visibility":"","ast-main-header-display":"","ast-hfb-above-header-display":"","ast-hfb-below-header-display":"","ast-hfb-mobile-header-display":"","site-post-title":"","ast-breadcrumbs-content":"","ast-featured-img":"","footer-sml-layout":"","theme-transparent-header-meta":"default","adv-header-id-meta":"","stick-header-meta":"","header-above-stick-meta":"","header-main-stick-meta":"","header-below-stick-meta":"","astra-migrate-meta-layouts":"set","footnotes":""},"categories":[21],"tags":[136,244],"yoast_head":"<!-- This site is optimized with the Yoast SEO plugin v21.4 - https:\/\/yoast.com\/wordpress\/plugins\/seo\/ -->\n<title>Chegada do Papai Noel ser\u00e1 nesta sexta-feira (8), em Tubar\u00e3o -<\/title>\n<meta name=\"description\" content=\"Na ocasi\u00e3o, Noel receber\u00e1 a chave da cidade\" \/>\n<meta name=\"robots\" content=\"index, follow, max-snippet:-1, max-image-preview:large, max-video-preview:-1\" \/>\n<link rel=\"canonical\" href=\"https:\/\/sulsc.com\/index.php\/2023\/12\/06\/chegada-do-papai-noel-sera-nesta-sexta-feira-8-em-tubarao\/\" \/>\n<meta property=\"og:locale\" content=\"en_US\" \/>\n<meta property=\"og:type\" content=\"article\" \/>\n<meta property=\"og:title\" content=\"Chegada do Papai Noel ser\u00e1 nesta sexta-feira (8), em Tubar\u00e3o -\" \/>\n<meta property=\"og:description\" content=\"Na ocasi\u00e3o, Noel receber\u00e1 a chave da cidade\" \/>\n<meta property=\"og:url\" content=\"https:\/\/sulsc.com\/index.php\/2023\/12\/06\/chegada-do-papai-noel-sera-nesta-sexta-feira-8-em-tubarao\/\" \/>\n<meta property=\"article:author\" content=\"https:\/\/www.facebook.com\/profile.php?id=61559278119680\" \/>\n<meta property=\"article:published_time\" content=\"2023-12-06T16:20:49+00:00\" \/>\n<meta property=\"article:modified_time\" content=\"2023-12-06T16:15:12+00:00\" \/>\n<meta property=\"og:image\" content=\"https:\/\/sulsc.com\/wp-content\/uploads\/2023\/12\/Natal-Tubarao.jpg\" \/>\n\t<meta property=\"og:image:width\" content=\"700\" \/>\n\t<meta property=\"og:image:height\" content=\"525\" \/>\n\t<meta property=\"og:image:type\" content=\"image\/jpeg\" \/>\n<meta name=\"author\" content=\"Reda\u00e7\u00e3o Sul SC\" \/>\n<meta name=\"twitter:card\" content=\"summary_large_image\" \/>\n<meta name=\"twitter:creator\" content=\"@https:\/\/twitter.com\/PortalSulSC\" \/>\n<meta name=\"twitter:label1\" content=\"Written by\" \/>\n\t<meta name=\"twitter:data1\" content=\"Reda\u00e7\u00e3o Sul SC\" \/>\n\t<meta name=\"twitter:label2\" content=\"Est. reading time\" \/>\n\t<meta name=\"twitter:data2\" content=\"1 minute\" \/>\n<script type=\"application\/ld+json\" class=\"yoast-schema-graph\">{\"@context\":\"https:\/\/schema.org\",\"@graph\":[{\"@type\":\"WebPage\",\"@id\":\"https:\/\/sulsc.com\/index.php\/2023\/12\/06\/chegada-do-papai-noel-sera-nesta-sexta-feira-8-em-tubarao\/\",\"url\":\"https:\/\/sulsc.com\/index.php\/2023\/12\/06\/chegada-do-papai-noel-sera-nesta-sexta-feira-8-em-tubarao\/\",\"name\":\"Chegada do Papai Noel ser\u00e1 nesta sexta-feira (8), em Tubar\u00e3o -\",\"isPartOf\":{\"@id\":\"https:\/\/sulsc.com\/#website\"},\"datePublished\":\"2023-12-06T16:20:49+00:00\",\"dateModified\":\"2023-12-06T16:15:12+00:00\",\"author\":{\"@id\":\"https:\/\/sulsc.com\/#\/schema\/person\/84d2fc571684f6248ba83092f07750a3\"},\"description\":\"Na ocasi\u00e3o, Noel receber\u00e1 a chave da cidade\",\"breadcrumb\":{\"@id\":\"https:\/\/sulsc.com\/index.php\/2023\/12\/06\/chegada-do-papai-noel-sera-nesta-sexta-feira-8-em-tubarao\/#breadcrumb\"},\"inLanguage\":\"en-US\",\"potentialAction\":[{\"@type\":\"ReadAction\",\"target\":[\"https:\/\/sulsc.com\/index.php\/2023\/12\/06\/chegada-do-papai-noel-sera-nesta-sexta-feira-8-em-tubarao\/\"]}]},{\"@type\":\"BreadcrumbList\",\"@id\":\"https:\/\/sulsc.com\/index.php\/2023\/12\/06\/chegada-do-papai-noel-sera-nesta-sexta-feira-8-em-tubarao\/#breadcrumb\",\"itemListElement\":[{\"@type\":\"ListItem\",\"position\":1,\"name\":\"In\u00edcio\",\"item\":\"https:\/\/sulsc.com\/\"},{\"@type\":\"ListItem\",\"position\":2,\"name\":\"Chegada do Papai Noel ser\u00e1 nesta sexta-feira (8), em Tubar\u00e3o\"}]},{\"@type\":\"WebSite\",\"@id\":\"https:\/\/sulsc.com\/#website\",\"url\":\"https:\/\/sulsc.com\/\",\"name\":\"\",\"description\":\"\",\"potentialAction\":[{\"@type\":\"SearchAction\",\"target\":{\"@type\":\"EntryPoint\",\"urlTemplate\":\"https:\/\/sulsc.com\/?s={search_term_string}\"},\"query-input\":\"required name=search_term_string\"}],\"inLanguage\":\"en-US\"},{\"@type\":\"Person\",\"@id\":\"https:\/\/sulsc.com\/#\/schema\/person\/84d2fc571684f6248ba83092f07750a3\",\"name\":\"Reda\u00e7\u00e3o Sul SC\",\"image\":{\"@type\":\"ImageObject\",\"inLanguage\":\"en-US\",\"@id\":\"https:\/\/sulsc.com\/#\/schema\/person\/image\/e08d7fe2cc4ed596372063bbe852b8d0\",\"url\":\"https:\/\/sulsc.com\/wp-content\/uploads\/2023\/09\/redacao.png\",\"contentUrl\":\"https:\/\/sulsc.com\/wp-content\/uploads\/2023\/09\/redacao.png\",\"caption\":\"Reda\u00e7\u00e3o Sul SC\"},\"description\":\"Foco em um jornalismo imparcial, voltado \u00e0 qualidade dos seus conte\u00fados e, assim, levar informa\u00e7\u00e3o de valor que agregue \u00e0 vida dos leitores. Esta \u00e9 grande miss\u00e3o do Portal de Not\u00edcias Sul SC. N\u00e3o \u00e9 quantidade que muda o mundo, sempre foi e seguir\u00e1 sendo qualidade!\",\"sameAs\":[\"https:\/\/sulsc.com\/\",\"https:\/\/www.facebook.com\/profile.php?id=61559278119680\",\"https:\/\/www.instagram.com\/sulscportal\/?hl=pt-br\",\"https:\/\/twitter.com\/https:\/\/twitter.com\/PortalSulSC\",\"https:\/\/www.youtube.com\/channel\/UCv_BE8GeySluDov2n8qhVmw\"],\"url\":\"https:\/\/sulsc.com\/index.php\/author\/redacao\/\"}]}<\/script>\n<!-- \/ Yoast SEO plugin. -->","yoast_head_json":{"title":"Chegada do Papai Noel ser\u00e1 nesta sexta-feira (8), em Tubar\u00e3o -","description":"Na ocasi\u00e3o, Noel receber\u00e1 a chave da cidade","robots":{"index":"index","follow":"follow","max-snippet":"max-snippet:-1","max-image-preview":"max-image-preview:large","max-video-preview":"max-video-preview:-1"},"canonical":"https:\/\/sulsc.com\/index.php\/2023\/12\/06\/chegada-do-papai-noel-sera-nesta-sexta-feira-8-em-tubarao\/","og_locale":"en_US","og_type":"article","og_title":"Chegada do Papai Noel ser\u00e1 nesta sexta-feira (8), em Tubar\u00e3o -","og_description":"Na ocasi\u00e3o, Noel receber\u00e1 a chave da cidade","og_url":"https:\/\/sulsc.com\/index.php\/2023\/12\/06\/chegada-do-papai-noel-sera-nesta-sexta-feira-8-em-tubarao\/","article_author":"https:\/\/www.facebook.com\/profile.php?id=61559278119680","article_published_time":"2023-12-06T16:20:49+00:00","article_modified_time":"2023-12-06T16:15:12+00:00","og_image":[{"width":700,"height":525,"url":"https:\/\/sulsc.com\/wp-content\/uploads\/2023\/12\/Natal-Tubarao.jpg","type":"image\/jpeg"}],"author":"Reda\u00e7\u00e3o Sul SC","twitter_card":"summary_large_image","twitter_creator":"@https:\/\/twitter.com\/PortalSulSC","twitter_misc":{"Written by":"Reda\u00e7\u00e3o Sul SC","Est. reading time":"1 minute"},"schema":{"@context":"https:\/\/schema.org","@graph":[{"@type":"WebPage","@id":"https:\/\/sulsc.com\/index.php\/2023\/12\/06\/chegada-do-papai-noel-sera-nesta-sexta-feira-8-em-tubarao\/","url":"https:\/\/sulsc.com\/index.php\/2023\/12\/06\/chegada-do-papai-noel-sera-nesta-sexta-feira-8-em-tubarao\/","name":"Chegada do Papai Noel ser\u00e1 nesta sexta-feira (8), em Tubar\u00e3o -","isPartOf":{"@id":"https:\/\/sulsc.com\/#website"},"datePublished":"2023-12-06T16:20:49+00:00","dateModified":"2023-12-06T16:15:12+00:00","author":{"@id":"https:\/\/sulsc.com\/#\/schema\/person\/84d2fc571684f6248ba83092f07750a3"},"description":"Na ocasi\u00e3o, Noel receber\u00e1 a chave da cidade","breadcrumb":{"@id":"https:\/\/sulsc.com\/index.php\/2023\/12\/06\/chegada-do-papai-noel-sera-nesta-sexta-feira-8-em-tubarao\/#breadcrumb"},"inLanguage":"en-US","potentialAction":[{"@type":"ReadAction","target":["https:\/\/sulsc.com\/index.php\/2023\/12\/06\/chegada-do-papai-noel-sera-nesta-sexta-feira-8-em-tubarao\/"]}]},{"@type":"BreadcrumbList","@id":"https:\/\/sulsc.com\/index.php\/2023\/12\/06\/chegada-do-papai-noel-sera-nesta-sexta-feira-8-em-tubarao\/#breadcrumb","itemListElement":[{"@type":"ListItem","position":1,"name":"In\u00edcio","item":"https:\/\/sulsc.com\/"},{"@type":"ListItem","position":2,"name":"Chegada do Papai Noel ser\u00e1 nesta sexta-feira (8), em Tubar\u00e3o"}]},{"@type":"WebSite","@id":"https:\/\/sulsc.com\/#website","url":"https:\/\/sulsc.com\/","name":"","description":"","potentialAction":[{"@type":"SearchAction","target":{"@type":"EntryPoint","urlTemplate":"https:\/\/sulsc.com\/?s={search_term_string}"},"query-input":"required name=search_term_string"}],"inLanguage":"en-US"},{"@type":"Person","@id":"https:\/\/sulsc.com\/#\/schema\/person\/84d2fc571684f6248ba83092f07750a3","name":"Reda\u00e7\u00e3o Sul SC","image":{"@type":"ImageObject","inLanguage":"en-US","@id":"https:\/\/sulsc.com\/#\/schema\/person\/image\/e08d7fe2cc4ed596372063bbe852b8d0","url":"https:\/\/sulsc.com\/wp-content\/uploads\/2023\/09\/redacao.png","contentUrl":"https:\/\/sulsc.com\/wp-content\/uploads\/2023\/09\/redacao.png","caption":"Reda\u00e7\u00e3o Sul SC"},"description":"Foco em um jornalismo imparcial, voltado \u00e0 qualidade dos seus conte\u00fados e, assim, levar informa\u00e7\u00e3o de valor que agregue \u00e0 vida dos leitores. Esta \u00e9 grande miss\u00e3o do Portal de Not\u00edcias Sul SC. N\u00e3o \u00e9 quantidade que muda o mundo, sempre foi e seguir\u00e1 sendo qualidade!","sameAs":["https:\/\/sulsc.com\/","https:\/\/www.facebook.com\/profile.php?id=61559278119680","https:\/\/www.instagram.com\/sulscportal\/?hl=pt-br","https:\/\/twitter.com\/https:\/\/twitter.com\/PortalSulSC","https:\/\/www.youtube.com\/channel\/UCv_BE8GeySluDov2n8qhVmw"],"url":"https:\/\/sulsc.com\/index.php\/author\/redacao\/"}]}},"authors":[],"_links":{"self":[{"href":"https:\/\/sulsc.com\/index.php\/wp-json\/wp\/v2\/posts\/4719"}],"collection":[{"href":"https:\/\/sulsc.com\/index.php\/wp-json\/wp\/v2\/posts"}],"about":[{"href":"https:\/\/sulsc.com\/index.php\/wp-json\/wp\/v2\/types\/post"}],"author":[{"embeddable":true,"href":"https:\/\/sulsc.com\/index.php\/wp-json\/wp\/v2\/users\/3"}],"replies":[{"embeddable":true,"href":"https:\/\/sulsc.com\/index.php\/wp-json\/wp\/v2\/comments?post=4719"}],"version-history":[{"count":1,"href":"https:\/\/sulsc.com\/index.php\/wp-json\/wp\/v2\/posts\/4719\/revisions"}],"predecessor-version":[{"id":4720,"href":"https:\/\/sulsc.com\/index.php\/wp-json\/wp\/v2\/posts\/4719\/revisions\/4720"}],"wp:featuredmedia":[{"embeddable":true,"href":"https:\/\/sulsc.com\/index.php\/wp-json\/wp\/v2\/media\/4672"}],"wp:attachment":[{"href":"https:\/\/sulsc.com\/index.php\/wp-json\/wp\/v2\/media?parent=4719"}],"wp:term":[{"taxonomy":"category","embeddable":true,"href":"https:\/\/sulsc.com\/index.php\/wp-json\/wp\/v2\/categories?post=4719"},{"taxonomy":"post_tag","embeddable":true,"href":"https:\/\/sulsc.com\/index.php\/wp-json\/wp\/v2\/tags?post=4719"}],"curies":[{"name":"wp","href":"https:\/\/api.w.org\/{rel}","templated":true}]}}