{"id":4721,"date":"2023-12-06T14:00:22","date_gmt":"2023-12-06T17:00:22","guid":{"rendered":"https:\/\/sulsc.com\/?p=4721"},"modified":"2023-12-06T13:24:16","modified_gmt":"2023-12-06T16:24:16","slug":"em-capivari-de-baixo-programacao-inicia-nesta-sexta-feira-8-com-caravana-natalina-e-chegada-do-papai-noel","status":"publish","type":"post","link":"https:\/\/sulsc.com\/index.php\/2023\/12\/06\/em-capivari-de-baixo-programacao-inicia-nesta-sexta-feira-8-com-caravana-natalina-e-chegada-do-papai-noel\/","title":{"rendered":"Em Capivari de Baixo, programa\u00e7\u00e3o inicia nesta sexta-feira (8) com caravana natalina e chegada do Papai Noel"},"content":{"rendered":"<div id=\"primary\">\n<div class=\"theiaStickySidebar\">\n<div id=\"content\" class=\"clearfix \">\n<article id=\"post-86447\" class=\"post-86447 post type-post status-publish format-standard has-post-thumbnail hentry category-noticias tag-natal tag-programacao-natalina\">\n<div class=\"article-content clearfix\">\n<div class=\"entry-content clearfix\">\n<p>A ilumina\u00e7\u00e3o e a decora\u00e7\u00e3o natalina j\u00e1 encantam os moradores nas ruas e pra\u00e7as de Capivari de Baixo. A Administra\u00e7\u00e3o Municipal e entidades locais organizaram uma programa\u00e7\u00e3o especial que tornar\u00e1 as pr\u00f3ximas semanas ainda mais m\u00e1gicas. Todos os eventos s\u00e3o gratuitos.<\/p>\n<p>A Prefeitura realizou a instala\u00e7\u00e3o das luzes e decora\u00e7\u00f5es de Natal em diversos pontos do munic\u00edpio. A avenida General Osvaldo Pinto da Veiga e as ruas Machado de Assis e Jo\u00e3o Rodrigues Martins receberam um varal de luzes com milhares de l\u00e2mpadas. Pra\u00e7as, canteiros e o Elevado Brasilino Ant\u00f4nio Alves tamb\u00e9m foram decorados.<\/p>\n<p>A Casa do Papai Noel, instalada em frete ao Gin\u00e1sio Juan Manuel dos Santos, promete encantar os visitantes mais uma vez. O local foi decorado com diversos artigos natalinos. A partir desta sexta-feira (8), o Bom Velhinho receber\u00e1 o p\u00fablico todas as noites.<\/p>\n<p>Nessa ter\u00e7a-feira (5), o com\u00e9rcio de Capivari de Baixo passou a atender em hor\u00e1rio especial. As lojas ficar\u00e3o abertas at\u00e9 mais tarde, ampliando o hor\u00e1rio a cada semana, at\u00e9 o dia 24 de dezembro. (<em>Confira o cronograma completo abaixo<\/em>). O calend\u00e1rio foi definido pelo Sindilojas e a C\u00e2mara de Dirigentes Lojistas (CDL).<\/p>\n<figure id=\"attachment_4722\" aria-describedby=\"caption-attachment-4722\" style=\"width: 768px\" class=\"wp-caption alignnone\"><img fetchpriority=\"high\" decoding=\"async\" class=\"size-large wp-image-4722\" src=\"http:\/\/sulsc.com\/wp-content\/uploads\/2023\/12\/Natal-Capivari-de-Baixo-768x1024.jpeg\" alt=\"\" width=\"768\" height=\"1024\" srcset=\"https:\/\/sulsc.com\/wp-content\/uploads\/2023\/12\/Natal-Capivari-de-Baixo-768x1024.jpeg 768w, https:\/\/sulsc.com\/wp-content\/uploads\/2023\/12\/Natal-Capivari-de-Baixo-225x300.jpeg 225w, https:\/\/sulsc.com\/wp-content\/uploads\/2023\/12\/Natal-Capivari-de-Baixo.jpeg 960w\" sizes=\"(max-width: 768px) 100vw, 768px\" \/><figcaption id=\"caption-attachment-4722\" class=\"wp-caption-text\">Casa do Papai Noel tem decora\u00e7\u00e3o especial. Foto: PMCB<\/figcaption><\/figure>\n<p class=\"has-medium-font-size\"><strong>Caravana de Natal e chegada do Papai Noel<\/strong><\/p>\n<p>Para abrir a programa\u00e7\u00e3o natalina a Administra\u00e7\u00e3o Municipal, em parceria com a UNITVSC, realizam a Caravana de Natal e chegada do Papai Noel ao Centro da cidade.\u00a0O evento inicia \u00e0s 18h30. Haver\u00e1 um desfile com a participa\u00e7\u00e3o de escolas e entidades do munic\u00edpio pela avenida General Osvaldo Pinto da Veiga.<\/p>\n<p>A caravana sair\u00e1 da Pra\u00e7a da Bandeira e seguir\u00e1 at\u00e9 o Gin\u00e1sio Juan Manuel dos Santos, onde estar\u00e1 montado o palco central.\u00a0O Papai Noel vai desfilar em carro aberto e, em seguida, receber\u00e1 as chaves da cidade da prefeita M\u00e1rcia Roberg Cargnin. Logo depois, o cantor Wellinton Pedro far\u00e1 o show de encerramento.<\/p>\n<p>No s\u00e1bado (9), durante a tarde, um mini trio com o Papai Noel vai percorrer os bairros e levar a magia natalina a v\u00e1rios pontos do munic\u00edpio. A programa\u00e7\u00e3o especial segue nos dias seguintes com uma s\u00e9rie de atividades organizadas pela CDL de Capivari de Baixo. Entre elas, haver\u00e1 espet\u00e1culos de Pres\u00e9pio Vivo e de dan\u00e7a com as companhias Micaela Martins e Alex Martins, e apresenta\u00e7\u00f5es do CEI Sementinha do Saber e da Escola de M\u00fasica S\u00e3o Jo\u00e3o Batista.<\/p>\n<p>&nbsp;<\/p>\n<p class=\"has-medium-font-size\"><strong>Programa\u00e7\u00e3o de Natal em Capivari de Baixo<\/strong><\/p>\n<ul>\n<li>08\/12 (sexta-feira), \u00e0s 18h30 \u2013 Caravana de Natal e chegada do Papai Noel;<\/li>\n<li>12\/12 (ter\u00e7a-feira), \u00e0s 19h \u2013 Pres\u00e9pio Vivo;<\/li>\n<li>13\/12 (quarta-feira), \u00e0s 19h \u2013 Apresenta\u00e7\u00e3o Sementinha do Saber e Escola de M\u00fasica S\u00e3o Jo\u00e3o Batista ;<\/li>\n<li>14\/12 (quinta-feira), \u00e0s 19h \u2013 Apresenta\u00e7\u00e3o Micaela Martins;<\/li>\n<li>15\/12 (sexta-feira), \u00e0s 19h \u2013 Apresenta\u00e7\u00e3o Micaela Martins;<\/li>\n<li>17\/12 (domingo), \u00e0s 17h \u2013 A\u00e7\u00e3o M\u00e3os Amigas (a confirmar);<\/li>\n<li>21\/12 (quinta-feira), \u00e0s 19h \u2013 Apresenta\u00e7\u00e3o Alex Martins, Papai Noel da Cond\u00e3o Produ\u00e7\u00f5es e Duende.<\/li>\n<\/ul>\n<p>As apresenta\u00e7\u00f5es ocorrem em frente ao Gin\u00e1sio Juan Manuel dos Santos. O Bom Velhinho atender\u00e1 todas as noites na casa do Papai Noel.<\/p>\n<p class=\"has-medium-font-size\"><strong>Hor\u00e1rio especial no com\u00e9rcio<\/strong><\/p>\n<ul>\n<li>Dias 5, 6 e 7 \u2013 das 9h \u00e0s 20h<\/li>\n<li>Dias 8, 11, 12, 13, 14 e 15 \u2013 das 9h \u00e0s 21h<\/li>\n<li>Dias 18, 19, 20, 21 e 22 \u2013 das 9h \u00e0s 22h<\/li>\n<li>Dias 9, 16, 23 e 24 \u2013 das 9h \u00e0s 17h<\/li>\n<li>Dias 10 e 17 \u2013 das 17h \u00e0s 22h.<\/li>\n<\/ul>\n<\/div>\n<\/div>\n<\/article>\n<\/div>\n<\/div>\n<\/div>\n<div id=\"secondary\">\n<div class=\"theiaStickySidebar\"><\/div>\n<\/div>\n","protected":false},"excerpt":{"rendered":"<p>A ilumina\u00e7\u00e3o e a decora\u00e7\u00e3o natalina j\u00e1 encantam os moradores nas ruas e pra\u00e7as de Capivari de Baixo. A Administra\u00e7\u00e3o Municipal e entidades locais organizaram uma programa\u00e7\u00e3o especial que tornar\u00e1 as pr\u00f3ximas semanas ainda mais m\u00e1gicas. Todos os eventos s\u00e3o gratuitos. A Prefeitura realizou a instala\u00e7\u00e3o das luzes e decora\u00e7\u00f5es de Natal em diversos pontos &hellip;<\/p>\n<p class=\"read-more\"> <a class=\"\" href=\"https:\/\/sulsc.com\/index.php\/2023\/12\/06\/em-capivari-de-baixo-programacao-inicia-nesta-sexta-feira-8-com-caravana-natalina-e-chegada-do-papai-noel\/\"> <span class=\"screen-reader-text\">Em Capivari de Baixo, programa\u00e7\u00e3o inicia nesta sexta-feira (8) com caravana natalina e chegada do Papai Noel<\/span> Read More &raquo;<\/a><\/p>\n","protected":false},"author":3,"featured_media":4722,"comment_status":"open","ping_status":"open","sticky":false,"template":"","format":"standard","meta":{"site-sidebar-layout":"default","site-content-layout":"","ast-site-content-layout":"default","site-content-style":"default","site-sidebar-style":"default","ast-global-header-display":"","ast-banner-title-visibility":"","ast-main-header-display":"","ast-hfb-above-header-display":"","ast-hfb-below-header-display":"","ast-hfb-mobile-header-display":"","site-post-title":"","ast-breadcrumbs-content":"","ast-featured-img":"","footer-sml-layout":"","theme-transparent-header-meta":"default","adv-header-id-meta":"","stick-header-meta":"","header-above-stick-meta":"","header-main-stick-meta":"","header-below-stick-meta":"","astra-migrate-meta-layouts":"set","footnotes":""},"categories":[42],"tags":[],"yoast_head":"<!-- This site is optimized with the Yoast SEO plugin v21.4 - https:\/\/yoast.com\/wordpress\/plugins\/seo\/ -->\n<title>Em Capivari de Baixo, programa\u00e7\u00e3o inicia nesta sexta-feira (8) com caravana natalina e chegada do Papai Noel -<\/title>\n<meta name=\"robots\" content=\"index, follow, max-snippet:-1, max-image-preview:large, max-video-preview:-1\" \/>\n<link rel=\"canonical\" href=\"https:\/\/sulsc.com\/index.php\/2023\/12\/06\/em-capivari-de-baixo-programacao-inicia-nesta-sexta-feira-8-com-caravana-natalina-e-chegada-do-papai-noel\/\" \/>\n<meta property=\"og:locale\" content=\"en_US\" \/>\n<meta property=\"og:type\" content=\"article\" \/>\n<meta property=\"og:title\" content=\"Em Capivari de Baixo, programa\u00e7\u00e3o inicia nesta sexta-feira (8) com caravana natalina e chegada do Papai Noel -\" \/>\n<meta property=\"og:description\" content=\"A ilumina\u00e7\u00e3o e a decora\u00e7\u00e3o natalina j\u00e1 encantam os moradores nas ruas e pra\u00e7as de Capivari de Baixo. A Administra\u00e7\u00e3o Municipal e entidades locais organizaram uma programa\u00e7\u00e3o especial que tornar\u00e1 as pr\u00f3ximas semanas ainda mais m\u00e1gicas. Todos os eventos s\u00e3o gratuitos. A Prefeitura realizou a instala\u00e7\u00e3o das luzes e decora\u00e7\u00f5es de Natal em diversos pontos &hellip; Em Capivari de Baixo, programa\u00e7\u00e3o inicia nesta sexta-feira (8) com caravana natalina e chegada do Papai Noel Read More &raquo;\" \/>\n<meta property=\"og:url\" content=\"https:\/\/sulsc.com\/index.php\/2023\/12\/06\/em-capivari-de-baixo-programacao-inicia-nesta-sexta-feira-8-com-caravana-natalina-e-chegada-do-papai-noel\/\" \/>\n<meta property=\"article:author\" content=\"https:\/\/www.facebook.com\/profile.php?id=61559278119680\" \/>\n<meta property=\"article:published_time\" content=\"2023-12-06T17:00:22+00:00\" \/>\n<meta property=\"article:modified_time\" content=\"2023-12-06T16:24:16+00:00\" \/>\n<meta property=\"og:image\" content=\"https:\/\/sulsc.com\/wp-content\/uploads\/2023\/12\/Natal-Capivari-de-Baixo.jpeg\" \/>\n\t<meta property=\"og:image:width\" content=\"960\" \/>\n\t<meta property=\"og:image:height\" content=\"1280\" \/>\n\t<meta property=\"og:image:type\" content=\"image\/jpeg\" \/>\n<meta name=\"author\" content=\"Reda\u00e7\u00e3o Sul SC\" \/>\n<meta name=\"twitter:card\" content=\"summary_large_image\" \/>\n<meta name=\"twitter:creator\" content=\"@https:\/\/twitter.com\/PortalSulSC\" \/>\n<meta name=\"twitter:label1\" content=\"Written by\" \/>\n\t<meta name=\"twitter:data1\" content=\"Reda\u00e7\u00e3o Sul SC\" \/>\n\t<meta name=\"twitter:label2\" content=\"Est. reading time\" \/>\n\t<meta name=\"twitter:data2\" content=\"4 minutes\" \/>\n<script type=\"application\/ld+json\" class=\"yoast-schema-graph\">{\"@context\":\"https:\/\/schema.org\",\"@graph\":[{\"@type\":\"WebPage\",\"@id\":\"https:\/\/sulsc.com\/index.php\/2023\/12\/06\/em-capivari-de-baixo-programacao-inicia-nesta-sexta-feira-8-com-caravana-natalina-e-chegada-do-papai-noel\/\",\"url\":\"https:\/\/sulsc.com\/index.php\/2023\/12\/06\/em-capivari-de-baixo-programacao-inicia-nesta-sexta-feira-8-com-caravana-natalina-e-chegada-do-papai-noel\/\",\"name\":\"Em Capivari de Baixo, programa\u00e7\u00e3o inicia nesta sexta-feira (8) com caravana natalina e chegada do Papai Noel -\",\"isPartOf\":{\"@id\":\"https:\/\/sulsc.com\/#website\"},\"datePublished\":\"2023-12-06T17:00:22+00:00\",\"dateModified\":\"2023-12-06T16:24:16+00:00\",\"author\":{\"@id\":\"https:\/\/sulsc.com\/#\/schema\/person\/84d2fc571684f6248ba83092f07750a3\"},\"breadcrumb\":{\"@id\":\"https:\/\/sulsc.com\/index.php\/2023\/12\/06\/em-capivari-de-baixo-programacao-inicia-nesta-sexta-feira-8-com-caravana-natalina-e-chegada-do-papai-noel\/#breadcrumb\"},\"inLanguage\":\"en-US\",\"potentialAction\":[{\"@type\":\"ReadAction\",\"target\":[\"https:\/\/sulsc.com\/index.php\/2023\/12\/06\/em-capivari-de-baixo-programacao-inicia-nesta-sexta-feira-8-com-caravana-natalina-e-chegada-do-papai-noel\/\"]}]},{\"@type\":\"BreadcrumbList\",\"@id\":\"https:\/\/sulsc.com\/index.php\/2023\/12\/06\/em-capivari-de-baixo-programacao-inicia-nesta-sexta-feira-8-com-caravana-natalina-e-chegada-do-papai-noel\/#breadcrumb\",\"itemListElement\":[{\"@type\":\"ListItem\",\"position\":1,\"name\":\"In\u00edcio\",\"item\":\"https:\/\/sulsc.com\/\"},{\"@type\":\"ListItem\",\"position\":2,\"name\":\"Em Capivari de Baixo, programa\u00e7\u00e3o inicia nesta sexta-feira (8) com caravana natalina e chegada do Papai Noel\"}]},{\"@type\":\"WebSite\",\"@id\":\"https:\/\/sulsc.com\/#website\",\"url\":\"https:\/\/sulsc.com\/\",\"name\":\"\",\"description\":\"\",\"potentialAction\":[{\"@type\":\"SearchAction\",\"target\":{\"@type\":\"EntryPoint\",\"urlTemplate\":\"https:\/\/sulsc.com\/?s={search_term_string}\"},\"query-input\":\"required name=search_term_string\"}],\"inLanguage\":\"en-US\"},{\"@type\":\"Person\",\"@id\":\"https:\/\/sulsc.com\/#\/schema\/person\/84d2fc571684f6248ba83092f07750a3\",\"name\":\"Reda\u00e7\u00e3o Sul SC\",\"image\":{\"@type\":\"ImageObject\",\"inLanguage\":\"en-US\",\"@id\":\"https:\/\/sulsc.com\/#\/schema\/person\/image\/e08d7fe2cc4ed596372063bbe852b8d0\",\"url\":\"https:\/\/sulsc.com\/wp-content\/uploads\/2023\/09\/redacao.png\",\"contentUrl\":\"https:\/\/sulsc.com\/wp-content\/uploads\/2023\/09\/redacao.png\",\"caption\":\"Reda\u00e7\u00e3o Sul SC\"},\"description\":\"Foco em um jornalismo imparcial, voltado \u00e0 qualidade dos seus conte\u00fados e, assim, levar informa\u00e7\u00e3o de valor que agregue \u00e0 vida dos leitores. Esta \u00e9 grande miss\u00e3o do Portal de Not\u00edcias Sul SC. N\u00e3o \u00e9 quantidade que muda o mundo, sempre foi e seguir\u00e1 sendo qualidade!\",\"sameAs\":[\"https:\/\/sulsc.com\/\",\"https:\/\/www.facebook.com\/profile.php?id=61559278119680\",\"https:\/\/www.instagram.com\/sulscportal\/?hl=pt-br\",\"https:\/\/twitter.com\/https:\/\/twitter.com\/PortalSulSC\",\"https:\/\/www.youtube.com\/channel\/UCv_BE8GeySluDov2n8qhVmw\"],\"url\":\"https:\/\/sulsc.com\/index.php\/author\/redacao\/\"}]}<\/script>\n<!-- \/ Yoast SEO plugin. -->","yoast_head_json":{"title":"Em Capivari de Baixo, programa\u00e7\u00e3o inicia nesta sexta-feira (8) com caravana natalina e chegada do Papai Noel -","robots":{"index":"index","follow":"follow","max-snippet":"max-snippet:-1","max-image-preview":"max-image-preview:large","max-video-preview":"max-video-preview:-1"},"canonical":"https:\/\/sulsc.com\/index.php\/2023\/12\/06\/em-capivari-de-baixo-programacao-inicia-nesta-sexta-feira-8-com-caravana-natalina-e-chegada-do-papai-noel\/","og_locale":"en_US","og_type":"article","og_title":"Em Capivari de Baixo, programa\u00e7\u00e3o inicia nesta sexta-feira (8) com caravana natalina e chegada do Papai Noel -","og_description":"A ilumina\u00e7\u00e3o e a decora\u00e7\u00e3o natalina j\u00e1 encantam os moradores nas ruas e pra\u00e7as de Capivari de Baixo. A Administra\u00e7\u00e3o Municipal e entidades locais organizaram uma programa\u00e7\u00e3o especial que tornar\u00e1 as pr\u00f3ximas semanas ainda mais m\u00e1gicas. Todos os eventos s\u00e3o gratuitos. A Prefeitura realizou a instala\u00e7\u00e3o das luzes e decora\u00e7\u00f5es de Natal em diversos pontos &hellip; Em Capivari de Baixo, programa\u00e7\u00e3o inicia nesta sexta-feira (8) com caravana natalina e chegada do Papai Noel Read More &raquo;","og_url":"https:\/\/sulsc.com\/index.php\/2023\/12\/06\/em-capivari-de-baixo-programacao-inicia-nesta-sexta-feira-8-com-caravana-natalina-e-chegada-do-papai-noel\/","article_author":"https:\/\/www.facebook.com\/profile.php?id=61559278119680","article_published_time":"2023-12-06T17:00:22+00:00","article_modified_time":"2023-12-06T16:24:16+00:00","og_image":[{"width":960,"height":1280,"url":"https:\/\/sulsc.com\/wp-content\/uploads\/2023\/12\/Natal-Capivari-de-Baixo.jpeg","type":"image\/jpeg"}],"author":"Reda\u00e7\u00e3o Sul SC","twitter_card":"summary_large_image","twitter_creator":"@https:\/\/twitter.com\/PortalSulSC","twitter_misc":{"Written by":"Reda\u00e7\u00e3o Sul SC","Est. reading time":"4 minutes"},"schema":{"@context":"https:\/\/schema.org","@graph":[{"@type":"WebPage","@id":"https:\/\/sulsc.com\/index.php\/2023\/12\/06\/em-capivari-de-baixo-programacao-inicia-nesta-sexta-feira-8-com-caravana-natalina-e-chegada-do-papai-noel\/","url":"https:\/\/sulsc.com\/index.php\/2023\/12\/06\/em-capivari-de-baixo-programacao-inicia-nesta-sexta-feira-8-com-caravana-natalina-e-chegada-do-papai-noel\/","name":"Em Capivari de Baixo, programa\u00e7\u00e3o inicia nesta sexta-feira (8) com caravana natalina e chegada do Papai Noel -","isPartOf":{"@id":"https:\/\/sulsc.com\/#website"},"datePublished":"2023-12-06T17:00:22+00:00","dateModified":"2023-12-06T16:24:16+00:00","author":{"@id":"https:\/\/sulsc.com\/#\/schema\/person\/84d2fc571684f6248ba83092f07750a3"},"breadcrumb":{"@id":"https:\/\/sulsc.com\/index.php\/2023\/12\/06\/em-capivari-de-baixo-programacao-inicia-nesta-sexta-feira-8-com-caravana-natalina-e-chegada-do-papai-noel\/#breadcrumb"},"inLanguage":"en-US","potentialAction":[{"@type":"ReadAction","target":["https:\/\/sulsc.com\/index.php\/2023\/12\/06\/em-capivari-de-baixo-programacao-inicia-nesta-sexta-feira-8-com-caravana-natalina-e-chegada-do-papai-noel\/"]}]},{"@type":"BreadcrumbList","@id":"https:\/\/sulsc.com\/index.php\/2023\/12\/06\/em-capivari-de-baixo-programacao-inicia-nesta-sexta-feira-8-com-caravana-natalina-e-chegada-do-papai-noel\/#breadcrumb","itemListElement":[{"@type":"ListItem","position":1,"name":"In\u00edcio","item":"https:\/\/sulsc.com\/"},{"@type":"ListItem","position":2,"name":"Em Capivari de Baixo, programa\u00e7\u00e3o inicia nesta sexta-feira (8) com caravana natalina e chegada do Papai Noel"}]},{"@type":"WebSite","@id":"https:\/\/sulsc.com\/#website","url":"https:\/\/sulsc.com\/","name":"","description":"","potentialAction":[{"@type":"SearchAction","target":{"@type":"EntryPoint","urlTemplate":"https:\/\/sulsc.com\/?s={search_term_string}"},"query-input":"required name=search_term_string"}],"inLanguage":"en-US"},{"@type":"Person","@id":"https:\/\/sulsc.com\/#\/schema\/person\/84d2fc571684f6248ba83092f07750a3","name":"Reda\u00e7\u00e3o Sul SC","image":{"@type":"ImageObject","inLanguage":"en-US","@id":"https:\/\/sulsc.com\/#\/schema\/person\/image\/e08d7fe2cc4ed596372063bbe852b8d0","url":"https:\/\/sulsc.com\/wp-content\/uploads\/2023\/09\/redacao.png","contentUrl":"https:\/\/sulsc.com\/wp-content\/uploads\/2023\/09\/redacao.png","caption":"Reda\u00e7\u00e3o Sul SC"},"description":"Foco em um jornalismo imparcial, voltado \u00e0 qualidade dos seus conte\u00fados e, assim, levar informa\u00e7\u00e3o de valor que agregue \u00e0 vida dos leitores. Esta \u00e9 grande miss\u00e3o do Portal de Not\u00edcias Sul SC. N\u00e3o \u00e9 quantidade que muda o mundo, sempre foi e seguir\u00e1 sendo qualidade!","sameAs":["https:\/\/sulsc.com\/","https:\/\/www.facebook.com\/profile.php?id=61559278119680","https:\/\/www.instagram.com\/sulscportal\/?hl=pt-br","https:\/\/twitter.com\/https:\/\/twitter.com\/PortalSulSC","https:\/\/www.youtube.com\/channel\/UCv_BE8GeySluDov2n8qhVmw"],"url":"https:\/\/sulsc.com\/index.php\/author\/redacao\/"}]}},"authors":[],"_links":{"self":[{"href":"https:\/\/sulsc.com\/index.php\/wp-json\/wp\/v2\/posts\/4721"}],"collection":[{"href":"https:\/\/sulsc.com\/index.php\/wp-json\/wp\/v2\/posts"}],"about":[{"href":"https:\/\/sulsc.com\/index.php\/wp-json\/wp\/v2\/types\/post"}],"author":[{"embeddable":true,"href":"https:\/\/sulsc.com\/index.php\/wp-json\/wp\/v2\/users\/3"}],"replies":[{"embeddable":true,"href":"https:\/\/sulsc.com\/index.php\/wp-json\/wp\/v2\/comments?post=4721"}],"version-history":[{"count":1,"href":"https:\/\/sulsc.com\/index.php\/wp-json\/wp\/v2\/posts\/4721\/revisions"}],"predecessor-version":[{"id":4723,"href":"https:\/\/sulsc.com\/index.php\/wp-json\/wp\/v2\/posts\/4721\/revisions\/4723"}],"wp:featuredmedia":[{"embeddable":true,"href":"https:\/\/sulsc.com\/index.php\/wp-json\/wp\/v2\/media\/4722"}],"wp:attachment":[{"href":"https:\/\/sulsc.com\/index.php\/wp-json\/wp\/v2\/media?parent=4721"}],"wp:term":[{"taxonomy":"category","embeddable":true,"href":"https:\/\/sulsc.com\/index.php\/wp-json\/wp\/v2\/categories?post=4721"},{"taxonomy":"post_tag","embeddable":true,"href":"https:\/\/sulsc.com\/index.php\/wp-json\/wp\/v2\/tags?post=4721"}],"curies":[{"name":"wp","href":"https:\/\/api.w.org\/{rel}","templated":true}]}}