{"id":4724,"date":"2023-12-06T15:14:20","date_gmt":"2023-12-06T18:14:20","guid":{"rendered":"https:\/\/sulsc.com\/?p=4724"},"modified":"2023-12-06T15:14:55","modified_gmt":"2023-12-06T18:14:55","slug":"projeto-golfinho-forma-mais-de-90-criancas-em-sao-joao-do-sul","status":"publish","type":"post","link":"https:\/\/sulsc.com\/index.php\/2023\/12\/06\/projeto-golfinho-forma-mais-de-90-criancas-em-sao-joao-do-sul\/","title":{"rendered":"Projeto Golfinho forma mais de 90 crian\u00e7as em S\u00e3o Jo\u00e3o do Sul"},"content":{"rendered":"<figure id=\"attachment_4726\" aria-describedby=\"caption-attachment-4726\" style=\"width: 983px\" class=\"wp-caption aligncenter\"><img fetchpriority=\"high\" decoding=\"async\" class=\"size-full wp-image-4726\" src=\"http:\/\/sulsc.com\/wp-content\/uploads\/2023\/12\/1-6.jpg\" alt=\"\" width=\"983\" height=\"776\" srcset=\"https:\/\/sulsc.com\/wp-content\/uploads\/2023\/12\/1-6.jpg 983w, https:\/\/sulsc.com\/wp-content\/uploads\/2023\/12\/1-6-300x237.jpg 300w, https:\/\/sulsc.com\/wp-content\/uploads\/2023\/12\/1-6-768x606.jpg 768w\" sizes=\"(max-width: 983px) 100vw, 983px\" \/><figcaption id=\"caption-attachment-4726\" class=\"wp-caption-text\">Famosa formatura com o banho tradicional aplicado pelos bombeiros. Fotos: CBMSC<\/figcaption><\/figure>\n<p>O 4\u00ba Batalh\u00e3o de Bombeiros Militar (4\u00ba BBM) de Crici\u00fama, realizou mais uma formatura do <strong>Projeto Golfinho<\/strong> na tarde desta ter\u00e7a-feira (5), em <strong>S\u00e3o Jo\u00e3o do Sul,<\/strong> na Escola Prefeito Quintiliano Jo\u00e3o Pacheco. Ao todo, 94 crian\u00e7as de tr\u00eas escolas municipais foram contempladas pelo projeto, que tem como objetivo fornecer os conhecimentos essenciais sobre os cuidados necess\u00e1rios em ambientes aqu\u00e1ticos.<\/p>\n<p>De acordo com o comandante do 4\u00ba BBM, tenente-coronel Henrique Piovezam da Silveira, mais de duas mil crian\u00e7as devem se formar ainda neste ano por meio do projeto. \u201cEsse projeto era aplicado nas temporadas de ver\u00e3o nas praias, e neste ano conseguimos levar a a\u00e7\u00e3o para as 25 cidades do 4\u00b0 BBM. Al\u00e9m de divertir os pequenos, eles tamb\u00e9m ganham muito conhecimento, que pode um dia salvar suas vidas e tamb\u00e9m de outras pessoas\u201d, refor\u00e7a.<\/p>\n<p>Os conceitos do projeto s\u00e3o transmitidos por meio de brincadeiras, proporcionando um aumento significativo no interesse das crian\u00e7as pelo processo de aprendizado. A expectativa para o ano de 2024 \u00e9 aumentar ainda mais essa rede de preven\u00e7\u00e3o.<\/p>\n<p><img decoding=\"async\" class=\"aligncenter size-large wp-image-4725\" src=\"http:\/\/sulsc.com\/wp-content\/uploads\/2023\/12\/2-4-1024x627.jpg\" alt=\"\" width=\"1024\" height=\"627\" srcset=\"https:\/\/sulsc.com\/wp-content\/uploads\/2023\/12\/2-4-1024x627.jpg 1024w, https:\/\/sulsc.com\/wp-content\/uploads\/2023\/12\/2-4-300x184.jpg 300w, https:\/\/sulsc.com\/wp-content\/uploads\/2023\/12\/2-4-768x471.jpg 768w, https:\/\/sulsc.com\/wp-content\/uploads\/2023\/12\/2-4.jpg 1513w\" sizes=\"(max-width: 1024px) 100vw, 1024px\" \/><\/p>\n<p><img decoding=\"async\" class=\"aligncenter size-large wp-image-4728\" src=\"http:\/\/sulsc.com\/wp-content\/uploads\/2023\/12\/3-1-1024x594.jpg\" alt=\"\" width=\"1024\" height=\"594\" srcset=\"https:\/\/sulsc.com\/wp-content\/uploads\/2023\/12\/3-1-1024x594.jpg 1024w, https:\/\/sulsc.com\/wp-content\/uploads\/2023\/12\/3-1-300x174.jpg 300w, https:\/\/sulsc.com\/wp-content\/uploads\/2023\/12\/3-1-768x446.jpg 768w, https:\/\/sulsc.com\/wp-content\/uploads\/2023\/12\/3-1.jpg 1351w\" sizes=\"(max-width: 1024px) 100vw, 1024px\" \/><\/p>\n","protected":false},"excerpt":{"rendered":"<p>O 4\u00ba Batalh\u00e3o de Bombeiros Militar (4\u00ba BBM) de Crici\u00fama, realizou mais uma formatura do Projeto Golfinho na tarde desta ter\u00e7a-feira (5), em S\u00e3o Jo\u00e3o do Sul, na Escola Prefeito Quintiliano Jo\u00e3o Pacheco. Ao todo, 94 crian\u00e7as de tr\u00eas escolas municipais foram contempladas pelo projeto, que tem como objetivo fornecer os conhecimentos essenciais sobre os &hellip;<\/p>\n<p class=\"read-more\"> <a class=\"\" href=\"https:\/\/sulsc.com\/index.php\/2023\/12\/06\/projeto-golfinho-forma-mais-de-90-criancas-em-sao-joao-do-sul\/\"> <span class=\"screen-reader-text\">Projeto Golfinho forma mais de 90 crian\u00e7as em S\u00e3o Jo\u00e3o do Sul<\/span> Read More &raquo;<\/a><\/p>\n","protected":false},"author":3,"featured_media":4726,"comment_status":"open","ping_status":"open","sticky":false,"template":"","format":"standard","meta":{"site-sidebar-layout":"default","site-content-layout":"","ast-site-content-layout":"default","site-content-style":"default","site-sidebar-style":"default","ast-global-header-display":"","ast-banner-title-visibility":"","ast-main-header-display":"","ast-hfb-above-header-display":"","ast-hfb-below-header-display":"","ast-hfb-mobile-header-display":"","site-post-title":"","ast-breadcrumbs-content":"","ast-featured-img":"","footer-sml-layout":"","theme-transparent-header-meta":"default","adv-header-id-meta":"","stick-header-meta":"","header-above-stick-meta":"","header-main-stick-meta":"","header-below-stick-meta":"","astra-migrate-meta-layouts":"set","footnotes":""},"categories":[23],"tags":[246,245,247],"yoast_head":"<!-- This site is optimized with the Yoast SEO plugin v21.4 - https:\/\/yoast.com\/wordpress\/plugins\/seo\/ -->\n<title>Projeto Golfinho forma mais de 90 crian\u00e7as em S\u00e3o Jo\u00e3o do Sul -<\/title>\n<meta name=\"description\" content=\"Mais de duas mil crian\u00e7as devem se formar ainda neste ano na regi\u00e3o atendida pelo 4\u00ba Batalh\u00e3o dos Bombeiros Militares\" \/>\n<meta name=\"robots\" content=\"index, follow, max-snippet:-1, max-image-preview:large, max-video-preview:-1\" \/>\n<link rel=\"canonical\" href=\"https:\/\/sulsc.com\/index.php\/2023\/12\/06\/projeto-golfinho-forma-mais-de-90-criancas-em-sao-joao-do-sul\/\" \/>\n<meta property=\"og:locale\" content=\"en_US\" \/>\n<meta property=\"og:type\" content=\"article\" \/>\n<meta property=\"og:title\" content=\"Projeto Golfinho forma mais de 90 crian\u00e7as em S\u00e3o Jo\u00e3o do Sul -\" \/>\n<meta property=\"og:description\" content=\"Mais de duas mil crian\u00e7as devem se formar ainda neste ano na regi\u00e3o atendida pelo 4\u00ba Batalh\u00e3o dos Bombeiros Militares\" \/>\n<meta property=\"og:url\" content=\"https:\/\/sulsc.com\/index.php\/2023\/12\/06\/projeto-golfinho-forma-mais-de-90-criancas-em-sao-joao-do-sul\/\" \/>\n<meta property=\"article:author\" content=\"https:\/\/www.facebook.com\/profile.php?id=61559278119680\" \/>\n<meta property=\"article:published_time\" content=\"2023-12-06T18:14:20+00:00\" \/>\n<meta property=\"article:modified_time\" content=\"2023-12-06T18:14:55+00:00\" \/>\n<meta property=\"og:image\" content=\"http:\/\/sulsc.com\/wp-content\/uploads\/2023\/12\/1-6.jpg\" \/>\n\t<meta property=\"og:image:width\" content=\"983\" \/>\n\t<meta property=\"og:image:height\" content=\"776\" \/>\n\t<meta property=\"og:image:type\" content=\"image\/jpeg\" \/>\n<meta name=\"author\" content=\"Reda\u00e7\u00e3o Sul SC\" \/>\n<meta name=\"twitter:card\" content=\"summary_large_image\" \/>\n<meta name=\"twitter:creator\" content=\"@https:\/\/twitter.com\/PortalSulSC\" \/>\n<meta name=\"twitter:label1\" content=\"Written by\" \/>\n\t<meta name=\"twitter:data1\" content=\"Reda\u00e7\u00e3o Sul SC\" \/>\n\t<meta name=\"twitter:label2\" content=\"Est. reading time\" \/>\n\t<meta name=\"twitter:data2\" content=\"2 minutes\" \/>\n<script type=\"application\/ld+json\" class=\"yoast-schema-graph\">{\"@context\":\"https:\/\/schema.org\",\"@graph\":[{\"@type\":\"WebPage\",\"@id\":\"https:\/\/sulsc.com\/index.php\/2023\/12\/06\/projeto-golfinho-forma-mais-de-90-criancas-em-sao-joao-do-sul\/\",\"url\":\"https:\/\/sulsc.com\/index.php\/2023\/12\/06\/projeto-golfinho-forma-mais-de-90-criancas-em-sao-joao-do-sul\/\",\"name\":\"Projeto Golfinho forma mais de 90 crian\u00e7as em S\u00e3o Jo\u00e3o do Sul -\",\"isPartOf\":{\"@id\":\"https:\/\/sulsc.com\/#website\"},\"datePublished\":\"2023-12-06T18:14:20+00:00\",\"dateModified\":\"2023-12-06T18:14:55+00:00\",\"author\":{\"@id\":\"https:\/\/sulsc.com\/#\/schema\/person\/84d2fc571684f6248ba83092f07750a3\"},\"description\":\"Mais de duas mil crian\u00e7as devem se formar ainda neste ano na regi\u00e3o atendida pelo 4\u00ba Batalh\u00e3o dos Bombeiros Militares\",\"breadcrumb\":{\"@id\":\"https:\/\/sulsc.com\/index.php\/2023\/12\/06\/projeto-golfinho-forma-mais-de-90-criancas-em-sao-joao-do-sul\/#breadcrumb\"},\"inLanguage\":\"en-US\",\"potentialAction\":[{\"@type\":\"ReadAction\",\"target\":[\"https:\/\/sulsc.com\/index.php\/2023\/12\/06\/projeto-golfinho-forma-mais-de-90-criancas-em-sao-joao-do-sul\/\"]}]},{\"@type\":\"BreadcrumbList\",\"@id\":\"https:\/\/sulsc.com\/index.php\/2023\/12\/06\/projeto-golfinho-forma-mais-de-90-criancas-em-sao-joao-do-sul\/#breadcrumb\",\"itemListElement\":[{\"@type\":\"ListItem\",\"position\":1,\"name\":\"In\u00edcio\",\"item\":\"https:\/\/sulsc.com\/\"},{\"@type\":\"ListItem\",\"position\":2,\"name\":\"Projeto Golfinho forma mais de 90 crian\u00e7as em S\u00e3o Jo\u00e3o do Sul\"}]},{\"@type\":\"WebSite\",\"@id\":\"https:\/\/sulsc.com\/#website\",\"url\":\"https:\/\/sulsc.com\/\",\"name\":\"\",\"description\":\"\",\"potentialAction\":[{\"@type\":\"SearchAction\",\"target\":{\"@type\":\"EntryPoint\",\"urlTemplate\":\"https:\/\/sulsc.com\/?s={search_term_string}\"},\"query-input\":\"required name=search_term_string\"}],\"inLanguage\":\"en-US\"},{\"@type\":\"Person\",\"@id\":\"https:\/\/sulsc.com\/#\/schema\/person\/84d2fc571684f6248ba83092f07750a3\",\"name\":\"Reda\u00e7\u00e3o Sul SC\",\"image\":{\"@type\":\"ImageObject\",\"inLanguage\":\"en-US\",\"@id\":\"https:\/\/sulsc.com\/#\/schema\/person\/image\/e08d7fe2cc4ed596372063bbe852b8d0\",\"url\":\"https:\/\/sulsc.com\/wp-content\/uploads\/2023\/09\/redacao.png\",\"contentUrl\":\"https:\/\/sulsc.com\/wp-content\/uploads\/2023\/09\/redacao.png\",\"caption\":\"Reda\u00e7\u00e3o Sul SC\"},\"description\":\"Foco em um jornalismo imparcial, voltado \u00e0 qualidade dos seus conte\u00fados e, assim, levar informa\u00e7\u00e3o de valor que agregue \u00e0 vida dos leitores. Esta \u00e9 grande miss\u00e3o do Portal de Not\u00edcias Sul SC. N\u00e3o \u00e9 quantidade que muda o mundo, sempre foi e seguir\u00e1 sendo qualidade!\",\"sameAs\":[\"https:\/\/sulsc.com\/\",\"https:\/\/www.facebook.com\/profile.php?id=61559278119680\",\"https:\/\/www.instagram.com\/sulscportal\/?hl=pt-br\",\"https:\/\/twitter.com\/https:\/\/twitter.com\/PortalSulSC\",\"https:\/\/www.youtube.com\/channel\/UCv_BE8GeySluDov2n8qhVmw\"],\"url\":\"https:\/\/sulsc.com\/index.php\/author\/redacao\/\"}]}<\/script>\n<!-- \/ Yoast SEO plugin. -->","yoast_head_json":{"title":"Projeto Golfinho forma mais de 90 crian\u00e7as em S\u00e3o Jo\u00e3o do Sul -","description":"Mais de duas mil crian\u00e7as devem se formar ainda neste ano na regi\u00e3o atendida pelo 4\u00ba Batalh\u00e3o dos Bombeiros Militares","robots":{"index":"index","follow":"follow","max-snippet":"max-snippet:-1","max-image-preview":"max-image-preview:large","max-video-preview":"max-video-preview:-1"},"canonical":"https:\/\/sulsc.com\/index.php\/2023\/12\/06\/projeto-golfinho-forma-mais-de-90-criancas-em-sao-joao-do-sul\/","og_locale":"en_US","og_type":"article","og_title":"Projeto Golfinho forma mais de 90 crian\u00e7as em S\u00e3o Jo\u00e3o do Sul -","og_description":"Mais de duas mil crian\u00e7as devem se formar ainda neste ano na regi\u00e3o atendida pelo 4\u00ba Batalh\u00e3o dos Bombeiros Militares","og_url":"https:\/\/sulsc.com\/index.php\/2023\/12\/06\/projeto-golfinho-forma-mais-de-90-criancas-em-sao-joao-do-sul\/","article_author":"https:\/\/www.facebook.com\/profile.php?id=61559278119680","article_published_time":"2023-12-06T18:14:20+00:00","article_modified_time":"2023-12-06T18:14:55+00:00","og_image":[{"width":983,"height":776,"url":"http:\/\/sulsc.com\/wp-content\/uploads\/2023\/12\/1-6.jpg","type":"image\/jpeg"}],"author":"Reda\u00e7\u00e3o Sul SC","twitter_card":"summary_large_image","twitter_creator":"@https:\/\/twitter.com\/PortalSulSC","twitter_misc":{"Written by":"Reda\u00e7\u00e3o Sul SC","Est. reading time":"2 minutes"},"schema":{"@context":"https:\/\/schema.org","@graph":[{"@type":"WebPage","@id":"https:\/\/sulsc.com\/index.php\/2023\/12\/06\/projeto-golfinho-forma-mais-de-90-criancas-em-sao-joao-do-sul\/","url":"https:\/\/sulsc.com\/index.php\/2023\/12\/06\/projeto-golfinho-forma-mais-de-90-criancas-em-sao-joao-do-sul\/","name":"Projeto Golfinho forma mais de 90 crian\u00e7as em S\u00e3o Jo\u00e3o do Sul -","isPartOf":{"@id":"https:\/\/sulsc.com\/#website"},"datePublished":"2023-12-06T18:14:20+00:00","dateModified":"2023-12-06T18:14:55+00:00","author":{"@id":"https:\/\/sulsc.com\/#\/schema\/person\/84d2fc571684f6248ba83092f07750a3"},"description":"Mais de duas mil crian\u00e7as devem se formar ainda neste ano na regi\u00e3o atendida pelo 4\u00ba Batalh\u00e3o dos Bombeiros Militares","breadcrumb":{"@id":"https:\/\/sulsc.com\/index.php\/2023\/12\/06\/projeto-golfinho-forma-mais-de-90-criancas-em-sao-joao-do-sul\/#breadcrumb"},"inLanguage":"en-US","potentialAction":[{"@type":"ReadAction","target":["https:\/\/sulsc.com\/index.php\/2023\/12\/06\/projeto-golfinho-forma-mais-de-90-criancas-em-sao-joao-do-sul\/"]}]},{"@type":"BreadcrumbList","@id":"https:\/\/sulsc.com\/index.php\/2023\/12\/06\/projeto-golfinho-forma-mais-de-90-criancas-em-sao-joao-do-sul\/#breadcrumb","itemListElement":[{"@type":"ListItem","position":1,"name":"In\u00edcio","item":"https:\/\/sulsc.com\/"},{"@type":"ListItem","position":2,"name":"Projeto Golfinho forma mais de 90 crian\u00e7as em S\u00e3o Jo\u00e3o do Sul"}]},{"@type":"WebSite","@id":"https:\/\/sulsc.com\/#website","url":"https:\/\/sulsc.com\/","name":"","description":"","potentialAction":[{"@type":"SearchAction","target":{"@type":"EntryPoint","urlTemplate":"https:\/\/sulsc.com\/?s={search_term_string}"},"query-input":"required name=search_term_string"}],"inLanguage":"en-US"},{"@type":"Person","@id":"https:\/\/sulsc.com\/#\/schema\/person\/84d2fc571684f6248ba83092f07750a3","name":"Reda\u00e7\u00e3o Sul SC","image":{"@type":"ImageObject","inLanguage":"en-US","@id":"https:\/\/sulsc.com\/#\/schema\/person\/image\/e08d7fe2cc4ed596372063bbe852b8d0","url":"https:\/\/sulsc.com\/wp-content\/uploads\/2023\/09\/redacao.png","contentUrl":"https:\/\/sulsc.com\/wp-content\/uploads\/2023\/09\/redacao.png","caption":"Reda\u00e7\u00e3o Sul SC"},"description":"Foco em um jornalismo imparcial, voltado \u00e0 qualidade dos seus conte\u00fados e, assim, levar informa\u00e7\u00e3o de valor que agregue \u00e0 vida dos leitores. Esta \u00e9 grande miss\u00e3o do Portal de Not\u00edcias Sul SC. N\u00e3o \u00e9 quantidade que muda o mundo, sempre foi e seguir\u00e1 sendo qualidade!","sameAs":["https:\/\/sulsc.com\/","https:\/\/www.facebook.com\/profile.php?id=61559278119680","https:\/\/www.instagram.com\/sulscportal\/?hl=pt-br","https:\/\/twitter.com\/https:\/\/twitter.com\/PortalSulSC","https:\/\/www.youtube.com\/channel\/UCv_BE8GeySluDov2n8qhVmw"],"url":"https:\/\/sulsc.com\/index.php\/author\/redacao\/"}]}},"authors":[],"_links":{"self":[{"href":"https:\/\/sulsc.com\/index.php\/wp-json\/wp\/v2\/posts\/4724"}],"collection":[{"href":"https:\/\/sulsc.com\/index.php\/wp-json\/wp\/v2\/posts"}],"about":[{"href":"https:\/\/sulsc.com\/index.php\/wp-json\/wp\/v2\/types\/post"}],"author":[{"embeddable":true,"href":"https:\/\/sulsc.com\/index.php\/wp-json\/wp\/v2\/users\/3"}],"replies":[{"embeddable":true,"href":"https:\/\/sulsc.com\/index.php\/wp-json\/wp\/v2\/comments?post=4724"}],"version-history":[{"count":2,"href":"https:\/\/sulsc.com\/index.php\/wp-json\/wp\/v2\/posts\/4724\/revisions"}],"predecessor-version":[{"id":4730,"href":"https:\/\/sulsc.com\/index.php\/wp-json\/wp\/v2\/posts\/4724\/revisions\/4730"}],"wp:featuredmedia":[{"embeddable":true,"href":"https:\/\/sulsc.com\/index.php\/wp-json\/wp\/v2\/media\/4726"}],"wp:attachment":[{"href":"https:\/\/sulsc.com\/index.php\/wp-json\/wp\/v2\/media?parent=4724"}],"wp:term":[{"taxonomy":"category","embeddable":true,"href":"https:\/\/sulsc.com\/index.php\/wp-json\/wp\/v2\/categories?post=4724"},{"taxonomy":"post_tag","embeddable":true,"href":"https:\/\/sulsc.com\/index.php\/wp-json\/wp\/v2\/tags?post=4724"}],"curies":[{"name":"wp","href":"https:\/\/api.w.org\/{rel}","templated":true}]}}