{"id":4752,"date":"2023-12-06T17:21:26","date_gmt":"2023-12-06T20:21:26","guid":{"rendered":"https:\/\/sulsc.com\/?p=4752"},"modified":"2023-12-06T17:21:26","modified_gmt":"2023-12-06T20:21:26","slug":"cop28-parcerias-internacionais-devem-beneficiar-municipios-de-sc","status":"publish","type":"post","link":"https:\/\/sulsc.com\/index.php\/2023\/12\/06\/cop28-parcerias-internacionais-devem-beneficiar-municipios-de-sc\/","title":{"rendered":"COP28: Parcerias internacionais devem beneficiar munic\u00edpios de SC"},"content":{"rendered":"<p><img fetchpriority=\"high\" decoding=\"async\" class=\"aligncenter size-full wp-image-4754\" src=\"http:\/\/sulsc.com\/wp-content\/uploads\/2023\/12\/e-2.jpg\" alt=\"\" width=\"1024\" height=\"682\" srcset=\"https:\/\/sulsc.com\/wp-content\/uploads\/2023\/12\/e-2.jpg 1024w, https:\/\/sulsc.com\/wp-content\/uploads\/2023\/12\/e-2-300x200.jpg 300w, https:\/\/sulsc.com\/wp-content\/uploads\/2023\/12\/e-2-768x512.jpg 768w\" sizes=\"(max-width: 1024px) 100vw, 1024px\" \/><\/p>\n<p>O Banco Regional de Desenvolvimento do Extremo Sul (<strong>BRDE<\/strong>) encerrou a agenda de compromissos durante a COP28, nos <strong>Emirados \u00c1rabes<\/strong>, com a participa\u00e7\u00e3o em importantes encontros sobre temas ligados a agenda clim\u00e1tica. Durante esta quarta-feira (6), o presidente do BRDE, <strong>Jo\u00e3o Paulo Klein\u00fcbing,<\/strong> integrou o painel organizado pela Ag\u00eancia Multilateral de Garantia de Investimentos do Grupo Banco Mundial (Miga), com o tema \u201cA\u00e7\u00e3o clim\u00e1tica e mobiliza\u00e7\u00e3o do setor privado por meio das empresas p\u00fablicas\u201d. Juntamente com outras lideran\u00e7as internacionais, Klein\u00fcbing falou sobre o papel dos bancos p\u00fablicos para o avan\u00e7o do desenvolvimento sustent\u00e1vel.<\/p>\n<p>\u201cO BRDE atua como articulador, na busca por recursos internacionais e redireciona aos munic\u00edpios que teriam dificuldades de acesso ao cr\u00e9dito. Apresentamos os projetos de adapta\u00e7\u00e3o e resili\u00eancia que temos com o Banco Mundial e como podemos alavancar a tomada de recursos privados por meio de parceria para investir em programas como, por exemplo, o projeto de reflorestamento que temos com o Governo de Santa Catarina\u201d, menciona. O painel discutiu ainda o papel das empresas p\u00fablicas na promo\u00e7\u00e3o de uma mudan\u00e7a para uma economia resiliente e de baixo carbono. Al\u00e9m do BRDE e Banco Mundial, o encontro reuniu representantes de organiza\u00e7\u00f5es como Fonplata e Findeter.<\/p>\n<p>O banco tamb\u00e9m foi um dos convidados para integrar o painel promovido pela Associa\u00e7\u00e3o Brasileira de Entidades Estaduais de Meio Ambiente (Abema) durante a COP28.<\/p>\n<p>O encontro reuniu secret\u00e1rios de Estado e lideran\u00e7as para tratar do compromisso das unidades federativas brasileiras no enfrentamento \u00e0s mudan\u00e7as clim\u00e1ticas, descarboniza\u00e7\u00e3o e cria\u00e7\u00e3o de estrat\u00e9gias para aumentar a resili\u00eancia dos territ\u00f3rios. \u201cEste importante momento serviu para apresentarmos aos representantes brasileiros os projetos do BRDE ligados \u00e0 energia sustent\u00e1vel e nosso apoio para melhoria da efici\u00eancia energ\u00e9tica na ind\u00fastria, assim como a atua\u00e7\u00e3o do banco junto aos investimentos em energias renov\u00e1veis no Sul do Brasil\u201d, ressalta Klein\u00fcbing.<\/p>\n<p><strong>Parcerias internacionais<\/strong><br \/>\nDurante a Confer\u00eancia, o BRDE participou de reuni\u00f5es com organismos internacionais, como a JICA, Ag\u00eancia Japonesa de Recupera\u00e7\u00e3o Internacional. Entre as pautas tratadas, uma nova opera\u00e7\u00e3o de cr\u00e9dito operacionalizada pelo BRDE que visa a apoiar os munic\u00edpios em situa\u00e7\u00e3o de desastres naturais. \u201cA proposta \u00e9 de termos um cr\u00e9dito pr\u00e9-aprovado para apoiar os munic\u00edpios nas a\u00e7\u00f5es de resposta. Vamos buscar avan\u00e7ar na concretiza\u00e7\u00e3o deste projeto\u201d, afirma.<\/p>\n<p>O presidente do BRDE, acompanhado do chefe do Departamento de Novos Neg\u00f3cios, Fernando Lopes Laurent, reuniu-se tamb\u00e9m com os representantes do Banco Asi\u00e1tico de Investimento em Infraestrutura (Aiib). Klein\u00fcbing apresentou a atua\u00e7\u00e3o do BRDE dentro da carteira de energia renov\u00e1veis e apoio ao setor de infraestrutura nos munic\u00edpios. As equipes t\u00e9cnicas de BRDE e membros do escrit\u00f3rio do AIIB no Brasil devem se reunir para alinhar o andamento da parceria para os pr\u00f3ximos anos.<\/p>\n<p>A agenda incluiu ainda reuni\u00e3o com representantes do Banco Europeu de Investimento, parceiro do BRDE na \u00e1rea de energias renov\u00e1veis. O objetivo foi tratar de uma segunda linha de cr\u00e9dito entre as institui\u00e7\u00f5es financeiras, assim como um projeto voltado para pequenas e m\u00e9dias ind\u00fastrias de Santa Catarina na \u00e1rea da efici\u00eancia energ\u00e9tica, juntamente com apoio da Federa\u00e7\u00e3o das Ind\u00fastrias de Santa Catarina (FIESC). O presidente do BRDE ainda se reuniu com lideran\u00e7as do KfW &#8211; Banco da Alemanha &#8211; para tratar de financiamentos na \u00e1rea de saneamento b\u00e1sico para os munic\u00edpios do Sul do Brasil.<\/p>\n<p><img decoding=\"async\" class=\" wp-image-4755 alignleft\" src=\"http:\/\/sulsc.com\/wp-content\/uploads\/2023\/12\/w-300x225.jpg\" alt=\"\" width=\"373\" height=\"273\" \/><\/p>\n<p><strong>Compromissos assumidos<\/strong><br \/>\nA COP28 foi marcada tamb\u00e9m pela representatividade do BRDE em importantes a\u00e7\u00f5es clim\u00e1ticas. O banco tornou-se signat\u00e1rio oficial dos Princ\u00edpios da ONU para a Responsabilidade Banc\u00e1ria \u2013 uma estrutura \u00fanica para o setor banc\u00e1rio sustent\u00e1vel desenvolvida por meio de uma colabora\u00e7\u00e3o entre bancos de todo o mundo e a Iniciativa Financeira do Programa das Na\u00e7\u00f5es Unidas para o Meio Ambiente (UNEP FI). Os Princ\u00edpios garantem que a estrat\u00e9gia e a pr\u00e1tica dos bancos se unam com a vis\u00e3o que a sociedade estabeleceu para o futuro alinhado aos Objetivos de Desenvolvimento Sustent\u00e1vel da ONU e no Acordo Clim\u00e1tico de Paris. Os bancos que assinam os Princ\u00edpios comprometem-se no cumprimento das estrat\u00e9gias de sustentabilidade, trabalhando para integrar e incorporar a sustentabilidade nos neg\u00f3cios, permitindo protagonismo no financiamento sustent\u00e1vel. O BRDE se junta \u00e0 maior comunidade banc\u00e1ria global do mundo focada em finan\u00e7as sustent\u00e1veis, partilhando as melhores pr\u00e1ticas e trabalhando em conjunto em orienta\u00e7\u00f5es pr\u00e1ticas e ferramentas pioneiras que beneficiam todo o setor.<\/p>\n<p>O BRDE tamb\u00e9m assinou, durante a confer\u00eancia, o Protocolo de Inten\u00e7\u00f5es Floresta Viva &#8211; uma iniciativa do Banco Nacional de Desenvolvimento Econ\u00f4mico e Social (BNDES) voltada \u00e0 restaura\u00e7\u00e3o ecol\u00f3gica de biomas brasileiros, com foco na forma\u00e7\u00e3o de corredores ecol\u00f3gicos e recupera\u00e7\u00e3o de bacias hidrogr\u00e1ficas. Este programa permite que recursos do BNDES e do BRDE possam ser somados a recursos privados para interven\u00e7\u00f5es de recupera\u00e7\u00e3o ambiental. A ades\u00e3o do BRDE ao Floresta Viva integra uma s\u00e9rie de a\u00e7\u00f5es de atendimento ao Programa de Recupera\u00e7\u00e3o Ambiental Rural, do Governo de Santa Catarina, com foco na diminui\u00e7\u00e3o da perda de qualidade ambiental das propriedades rurais catarinenses. A meta do Programa \u00e9 regularizar ambientalmente 100% das pequenas propriedades rurais catarinenses nos pr\u00f3ximos 4 anos.<\/p>\n","protected":false},"excerpt":{"rendered":"<p>O Banco Regional de Desenvolvimento do Extremo Sul (BRDE) encerrou a agenda de compromissos durante a COP28, nos Emirados \u00c1rabes, com a participa\u00e7\u00e3o em importantes encontros sobre temas ligados a agenda clim\u00e1tica. Durante esta quarta-feira (6), o presidente do BRDE, Jo\u00e3o Paulo Klein\u00fcbing, integrou o painel organizado pela Ag\u00eancia Multilateral de Garantia de Investimentos do &hellip;<\/p>\n<p class=\"read-more\"> <a class=\"\" href=\"https:\/\/sulsc.com\/index.php\/2023\/12\/06\/cop28-parcerias-internacionais-devem-beneficiar-municipios-de-sc\/\"> <span class=\"screen-reader-text\">COP28: Parcerias internacionais devem beneficiar munic\u00edpios de SC<\/span> Read More &raquo;<\/a><\/p>\n","protected":false},"author":3,"featured_media":4753,"comment_status":"open","ping_status":"open","sticky":false,"template":"","format":"standard","meta":{"site-sidebar-layout":"default","site-content-layout":"","ast-site-content-layout":"default","site-content-style":"default","site-sidebar-style":"default","ast-global-header-display":"","ast-banner-title-visibility":"","ast-main-header-display":"","ast-hfb-above-header-display":"","ast-hfb-below-header-display":"","ast-hfb-mobile-header-display":"","site-post-title":"","ast-breadcrumbs-content":"","ast-featured-img":"","footer-sml-layout":"","theme-transparent-header-meta":"default","adv-header-id-meta":"","stick-header-meta":"","header-above-stick-meta":"","header-main-stick-meta":"","header-below-stick-meta":"","astra-migrate-meta-layouts":"set","footnotes":""},"categories":[16],"tags":[252,254,253],"yoast_head":"<!-- This site is optimized with the Yoast SEO plugin v21.4 - https:\/\/yoast.com\/wordpress\/plugins\/seo\/ -->\n<title>COP28: Parcerias internacionais devem beneficiar munic\u00edpios de SC -<\/title>\n<meta name=\"description\" content=\"O encontro reuniu secret\u00e1rios de Estado e lideran\u00e7as para tratar do compromisso das unidades federativas brasileiras no enfrentamento \u00e0s mudan\u00e7as clim\u00e1ticas, descarboniza\u00e7\u00e3o e cria\u00e7\u00e3o de estrat\u00e9gias para aumentar a resili\u00eancia dos territ\u00f3rios\" \/>\n<meta name=\"robots\" content=\"index, follow, max-snippet:-1, max-image-preview:large, max-video-preview:-1\" \/>\n<link rel=\"canonical\" href=\"https:\/\/sulsc.com\/index.php\/2023\/12\/06\/cop28-parcerias-internacionais-devem-beneficiar-municipios-de-sc\/\" \/>\n<meta property=\"og:locale\" content=\"en_US\" \/>\n<meta property=\"og:type\" content=\"article\" \/>\n<meta property=\"og:title\" content=\"COP28: Parcerias internacionais devem beneficiar munic\u00edpios de SC -\" \/>\n<meta property=\"og:description\" content=\"O encontro reuniu secret\u00e1rios de Estado e lideran\u00e7as para tratar do compromisso das unidades federativas brasileiras no enfrentamento \u00e0s mudan\u00e7as clim\u00e1ticas, descarboniza\u00e7\u00e3o e cria\u00e7\u00e3o de estrat\u00e9gias para aumentar a resili\u00eancia dos territ\u00f3rios\" \/>\n<meta property=\"og:url\" content=\"https:\/\/sulsc.com\/index.php\/2023\/12\/06\/cop28-parcerias-internacionais-devem-beneficiar-municipios-de-sc\/\" \/>\n<meta property=\"article:author\" content=\"https:\/\/www.facebook.com\/profile.php?id=61559278119680\" \/>\n<meta property=\"article:published_time\" content=\"2023-12-06T20:21:26+00:00\" \/>\n<meta property=\"og:image\" content=\"http:\/\/sulsc.com\/wp-content\/uploads\/2023\/12\/e-1.jpg\" \/>\n\t<meta property=\"og:image:width\" content=\"1024\" \/>\n\t<meta property=\"og:image:height\" content=\"682\" \/>\n\t<meta property=\"og:image:type\" content=\"image\/jpeg\" \/>\n<meta name=\"author\" content=\"Reda\u00e7\u00e3o Sul SC\" \/>\n<meta name=\"twitter:card\" content=\"summary_large_image\" \/>\n<meta name=\"twitter:creator\" content=\"@https:\/\/twitter.com\/PortalSulSC\" \/>\n<meta name=\"twitter:label1\" content=\"Written by\" \/>\n\t<meta name=\"twitter:data1\" content=\"Reda\u00e7\u00e3o Sul SC\" \/>\n\t<meta name=\"twitter:label2\" content=\"Est. reading time\" \/>\n\t<meta name=\"twitter:data2\" content=\"5 minutes\" \/>\n<script type=\"application\/ld+json\" class=\"yoast-schema-graph\">{\"@context\":\"https:\/\/schema.org\",\"@graph\":[{\"@type\":\"WebPage\",\"@id\":\"https:\/\/sulsc.com\/index.php\/2023\/12\/06\/cop28-parcerias-internacionais-devem-beneficiar-municipios-de-sc\/\",\"url\":\"https:\/\/sulsc.com\/index.php\/2023\/12\/06\/cop28-parcerias-internacionais-devem-beneficiar-municipios-de-sc\/\",\"name\":\"COP28: Parcerias internacionais devem beneficiar munic\u00edpios de SC -\",\"isPartOf\":{\"@id\":\"https:\/\/sulsc.com\/#website\"},\"datePublished\":\"2023-12-06T20:21:26+00:00\",\"dateModified\":\"2023-12-06T20:21:26+00:00\",\"author\":{\"@id\":\"https:\/\/sulsc.com\/#\/schema\/person\/84d2fc571684f6248ba83092f07750a3\"},\"description\":\"O encontro reuniu secret\u00e1rios de Estado e lideran\u00e7as para tratar do compromisso das unidades federativas brasileiras no enfrentamento \u00e0s mudan\u00e7as clim\u00e1ticas, descarboniza\u00e7\u00e3o e cria\u00e7\u00e3o de estrat\u00e9gias para aumentar a resili\u00eancia dos territ\u00f3rios\",\"breadcrumb\":{\"@id\":\"https:\/\/sulsc.com\/index.php\/2023\/12\/06\/cop28-parcerias-internacionais-devem-beneficiar-municipios-de-sc\/#breadcrumb\"},\"inLanguage\":\"en-US\",\"potentialAction\":[{\"@type\":\"ReadAction\",\"target\":[\"https:\/\/sulsc.com\/index.php\/2023\/12\/06\/cop28-parcerias-internacionais-devem-beneficiar-municipios-de-sc\/\"]}]},{\"@type\":\"BreadcrumbList\",\"@id\":\"https:\/\/sulsc.com\/index.php\/2023\/12\/06\/cop28-parcerias-internacionais-devem-beneficiar-municipios-de-sc\/#breadcrumb\",\"itemListElement\":[{\"@type\":\"ListItem\",\"position\":1,\"name\":\"In\u00edcio\",\"item\":\"https:\/\/sulsc.com\/\"},{\"@type\":\"ListItem\",\"position\":2,\"name\":\"COP28: Parcerias internacionais devem beneficiar munic\u00edpios de SC\"}]},{\"@type\":\"WebSite\",\"@id\":\"https:\/\/sulsc.com\/#website\",\"url\":\"https:\/\/sulsc.com\/\",\"name\":\"\",\"description\":\"\",\"potentialAction\":[{\"@type\":\"SearchAction\",\"target\":{\"@type\":\"EntryPoint\",\"urlTemplate\":\"https:\/\/sulsc.com\/?s={search_term_string}\"},\"query-input\":\"required name=search_term_string\"}],\"inLanguage\":\"en-US\"},{\"@type\":\"Person\",\"@id\":\"https:\/\/sulsc.com\/#\/schema\/person\/84d2fc571684f6248ba83092f07750a3\",\"name\":\"Reda\u00e7\u00e3o Sul SC\",\"image\":{\"@type\":\"ImageObject\",\"inLanguage\":\"en-US\",\"@id\":\"https:\/\/sulsc.com\/#\/schema\/person\/image\/e08d7fe2cc4ed596372063bbe852b8d0\",\"url\":\"https:\/\/sulsc.com\/wp-content\/uploads\/2023\/09\/redacao.png\",\"contentUrl\":\"https:\/\/sulsc.com\/wp-content\/uploads\/2023\/09\/redacao.png\",\"caption\":\"Reda\u00e7\u00e3o Sul SC\"},\"description\":\"Foco em um jornalismo imparcial, voltado \u00e0 qualidade dos seus conte\u00fados e, assim, levar informa\u00e7\u00e3o de valor que agregue \u00e0 vida dos leitores. Esta \u00e9 grande miss\u00e3o do Portal de Not\u00edcias Sul SC. N\u00e3o \u00e9 quantidade que muda o mundo, sempre foi e seguir\u00e1 sendo qualidade!\",\"sameAs\":[\"https:\/\/sulsc.com\/\",\"https:\/\/www.facebook.com\/profile.php?id=61559278119680\",\"https:\/\/www.instagram.com\/sulscportal\/?hl=pt-br\",\"https:\/\/twitter.com\/https:\/\/twitter.com\/PortalSulSC\",\"https:\/\/www.youtube.com\/channel\/UCv_BE8GeySluDov2n8qhVmw\"],\"url\":\"https:\/\/sulsc.com\/index.php\/author\/redacao\/\"}]}<\/script>\n<!-- \/ Yoast SEO plugin. -->","yoast_head_json":{"title":"COP28: Parcerias internacionais devem beneficiar munic\u00edpios de SC -","description":"O encontro reuniu secret\u00e1rios de Estado e lideran\u00e7as para tratar do compromisso das unidades federativas brasileiras no enfrentamento \u00e0s mudan\u00e7as clim\u00e1ticas, descarboniza\u00e7\u00e3o e cria\u00e7\u00e3o de estrat\u00e9gias para aumentar a resili\u00eancia dos territ\u00f3rios","robots":{"index":"index","follow":"follow","max-snippet":"max-snippet:-1","max-image-preview":"max-image-preview:large","max-video-preview":"max-video-preview:-1"},"canonical":"https:\/\/sulsc.com\/index.php\/2023\/12\/06\/cop28-parcerias-internacionais-devem-beneficiar-municipios-de-sc\/","og_locale":"en_US","og_type":"article","og_title":"COP28: Parcerias internacionais devem beneficiar munic\u00edpios de SC -","og_description":"O encontro reuniu secret\u00e1rios de Estado e lideran\u00e7as para tratar do compromisso das unidades federativas brasileiras no enfrentamento \u00e0s mudan\u00e7as clim\u00e1ticas, descarboniza\u00e7\u00e3o e cria\u00e7\u00e3o de estrat\u00e9gias para aumentar a resili\u00eancia dos territ\u00f3rios","og_url":"https:\/\/sulsc.com\/index.php\/2023\/12\/06\/cop28-parcerias-internacionais-devem-beneficiar-municipios-de-sc\/","article_author":"https:\/\/www.facebook.com\/profile.php?id=61559278119680","article_published_time":"2023-12-06T20:21:26+00:00","og_image":[{"width":1024,"height":682,"url":"http:\/\/sulsc.com\/wp-content\/uploads\/2023\/12\/e-1.jpg","type":"image\/jpeg"}],"author":"Reda\u00e7\u00e3o Sul SC","twitter_card":"summary_large_image","twitter_creator":"@https:\/\/twitter.com\/PortalSulSC","twitter_misc":{"Written by":"Reda\u00e7\u00e3o Sul SC","Est. reading time":"5 minutes"},"schema":{"@context":"https:\/\/schema.org","@graph":[{"@type":"WebPage","@id":"https:\/\/sulsc.com\/index.php\/2023\/12\/06\/cop28-parcerias-internacionais-devem-beneficiar-municipios-de-sc\/","url":"https:\/\/sulsc.com\/index.php\/2023\/12\/06\/cop28-parcerias-internacionais-devem-beneficiar-municipios-de-sc\/","name":"COP28: Parcerias internacionais devem beneficiar munic\u00edpios de SC -","isPartOf":{"@id":"https:\/\/sulsc.com\/#website"},"datePublished":"2023-12-06T20:21:26+00:00","dateModified":"2023-12-06T20:21:26+00:00","author":{"@id":"https:\/\/sulsc.com\/#\/schema\/person\/84d2fc571684f6248ba83092f07750a3"},"description":"O encontro reuniu secret\u00e1rios de Estado e lideran\u00e7as para tratar do compromisso das unidades federativas brasileiras no enfrentamento \u00e0s mudan\u00e7as clim\u00e1ticas, descarboniza\u00e7\u00e3o e cria\u00e7\u00e3o de estrat\u00e9gias para aumentar a resili\u00eancia dos territ\u00f3rios","breadcrumb":{"@id":"https:\/\/sulsc.com\/index.php\/2023\/12\/06\/cop28-parcerias-internacionais-devem-beneficiar-municipios-de-sc\/#breadcrumb"},"inLanguage":"en-US","potentialAction":[{"@type":"ReadAction","target":["https:\/\/sulsc.com\/index.php\/2023\/12\/06\/cop28-parcerias-internacionais-devem-beneficiar-municipios-de-sc\/"]}]},{"@type":"BreadcrumbList","@id":"https:\/\/sulsc.com\/index.php\/2023\/12\/06\/cop28-parcerias-internacionais-devem-beneficiar-municipios-de-sc\/#breadcrumb","itemListElement":[{"@type":"ListItem","position":1,"name":"In\u00edcio","item":"https:\/\/sulsc.com\/"},{"@type":"ListItem","position":2,"name":"COP28: Parcerias internacionais devem beneficiar munic\u00edpios de SC"}]},{"@type":"WebSite","@id":"https:\/\/sulsc.com\/#website","url":"https:\/\/sulsc.com\/","name":"","description":"","potentialAction":[{"@type":"SearchAction","target":{"@type":"EntryPoint","urlTemplate":"https:\/\/sulsc.com\/?s={search_term_string}"},"query-input":"required name=search_term_string"}],"inLanguage":"en-US"},{"@type":"Person","@id":"https:\/\/sulsc.com\/#\/schema\/person\/84d2fc571684f6248ba83092f07750a3","name":"Reda\u00e7\u00e3o Sul SC","image":{"@type":"ImageObject","inLanguage":"en-US","@id":"https:\/\/sulsc.com\/#\/schema\/person\/image\/e08d7fe2cc4ed596372063bbe852b8d0","url":"https:\/\/sulsc.com\/wp-content\/uploads\/2023\/09\/redacao.png","contentUrl":"https:\/\/sulsc.com\/wp-content\/uploads\/2023\/09\/redacao.png","caption":"Reda\u00e7\u00e3o Sul SC"},"description":"Foco em um jornalismo imparcial, voltado \u00e0 qualidade dos seus conte\u00fados e, assim, levar informa\u00e7\u00e3o de valor que agregue \u00e0 vida dos leitores. Esta \u00e9 grande miss\u00e3o do Portal de Not\u00edcias Sul SC. N\u00e3o \u00e9 quantidade que muda o mundo, sempre foi e seguir\u00e1 sendo qualidade!","sameAs":["https:\/\/sulsc.com\/","https:\/\/www.facebook.com\/profile.php?id=61559278119680","https:\/\/www.instagram.com\/sulscportal\/?hl=pt-br","https:\/\/twitter.com\/https:\/\/twitter.com\/PortalSulSC","https:\/\/www.youtube.com\/channel\/UCv_BE8GeySluDov2n8qhVmw"],"url":"https:\/\/sulsc.com\/index.php\/author\/redacao\/"}]}},"authors":[],"_links":{"self":[{"href":"https:\/\/sulsc.com\/index.php\/wp-json\/wp\/v2\/posts\/4752"}],"collection":[{"href":"https:\/\/sulsc.com\/index.php\/wp-json\/wp\/v2\/posts"}],"about":[{"href":"https:\/\/sulsc.com\/index.php\/wp-json\/wp\/v2\/types\/post"}],"author":[{"embeddable":true,"href":"https:\/\/sulsc.com\/index.php\/wp-json\/wp\/v2\/users\/3"}],"replies":[{"embeddable":true,"href":"https:\/\/sulsc.com\/index.php\/wp-json\/wp\/v2\/comments?post=4752"}],"version-history":[{"count":1,"href":"https:\/\/sulsc.com\/index.php\/wp-json\/wp\/v2\/posts\/4752\/revisions"}],"predecessor-version":[{"id":4756,"href":"https:\/\/sulsc.com\/index.php\/wp-json\/wp\/v2\/posts\/4752\/revisions\/4756"}],"wp:featuredmedia":[{"embeddable":true,"href":"https:\/\/sulsc.com\/index.php\/wp-json\/wp\/v2\/media\/4753"}],"wp:attachment":[{"href":"https:\/\/sulsc.com\/index.php\/wp-json\/wp\/v2\/media?parent=4752"}],"wp:term":[{"taxonomy":"category","embeddable":true,"href":"https:\/\/sulsc.com\/index.php\/wp-json\/wp\/v2\/categories?post=4752"},{"taxonomy":"post_tag","embeddable":true,"href":"https:\/\/sulsc.com\/index.php\/wp-json\/wp\/v2\/tags?post=4752"}],"curies":[{"name":"wp","href":"https:\/\/api.w.org\/{rel}","templated":true}]}}