{"id":4785,"date":"2023-12-07T08:40:44","date_gmt":"2023-12-07T11:40:44","guid":{"rendered":"https:\/\/sulsc.com\/?p=4785"},"modified":"2023-12-07T08:15:39","modified_gmt":"2023-12-07T11:15:39","slug":"processo-que-questionava-a-legalidade-do-programa-universidade-gratuita-e-extinto-pelo-tjsc","status":"publish","type":"post","link":"https:\/\/sulsc.com\/index.php\/2023\/12\/07\/processo-que-questionava-a-legalidade-do-programa-universidade-gratuita-e-extinto-pelo-tjsc\/","title":{"rendered":"Processo que questionava a legalidade do programa Universidade Gratuita \u00e9 extinto pelo TJSC"},"content":{"rendered":"<p>A A\u00e7\u00e3o Direta de Inconstitucionalidade (Adin), movida pela Associa\u00e7\u00e3o das Mantenedoras Particulares de Educa\u00e7\u00e3o Superior de Santa Catarina (Ampesc) que questionava a legalidade do programa Universidade Gratuita, foi extinta. A decis\u00e3o ocorreu nesta quarta-feira (6), de forma un\u00e2nime, pelos desembargadores que comp\u00f5em o \u00d3rg\u00e3o Especial do Tribunal de Justi\u00e7a de Santa Catarina (TJSC).<\/p>\n<p>Esta foi a segunda manifesta\u00e7\u00e3o favor\u00e1vel ao Estado sobre o assunto, a primeira decis\u00e3o ocorreu em setembro e na ocasi\u00e3o, o desembargador Ricardo Fontes, relator da Adin, havia negado o pedido para suspender a iniciativa. Com isso, o programa est\u00e1 mantido.<\/p>\n<figure id=\"attachment_4786\" aria-describedby=\"caption-attachment-4786\" style=\"width: 768px\" class=\"wp-caption alignnone\"><img fetchpriority=\"high\" decoding=\"async\" class=\"size-full wp-image-4786\" src=\"http:\/\/sulsc.com\/wp-content\/uploads\/2023\/12\/20231206_160527-768x576-1.jpg\" alt=\"\" width=\"768\" height=\"576\" srcset=\"https:\/\/sulsc.com\/wp-content\/uploads\/2023\/12\/20231206_160527-768x576-1.jpg 768w, https:\/\/sulsc.com\/wp-content\/uploads\/2023\/12\/20231206_160527-768x576-1-300x225.jpg 300w\" sizes=\"(max-width: 768px) 100vw, 768px\" \/><figcaption id=\"caption-attachment-4786\" class=\"wp-caption-text\">Julgamento ocorreu na tarde desta quarta-feira, no \u00d3rg\u00e3o Especial do TJSC \u2013 Foto: Felipe Reis\/Ascom PGE\/SC<\/figcaption><\/figure>\n<p>A decis\u00e3o desta quarta-feira foi baseada na tese levantada pela Procuradoria-Geral do Estado (PGE\/SC), preliminarmente, de que a Ampesc n\u00e3o \u00e9 \u201cparte leg\u00edtima\u201d para propor a a\u00e7\u00e3o. Isso porque, segundo os argumentos do Estado, a entidade afirma que \u201ccongrega pessoas jur\u00eddicas de direito privado mantenedoras de institui\u00e7\u00f5es de ensino superior do Estado e enquadra-se, portanto, entre as entidades de classe de \u00e2mbito estadual\u201d. No entanto, tal comprova\u00e7\u00e3o deve ser feita por meio de documentos \u2013 que n\u00e3o foram apresentados ao longo do processo -, conforme entendimento consolidado pelo Supremo Tribunal Federal (STF) em a\u00e7\u00f5es que tramitaram na corte.<\/p>\n<p>O procurador-geral do Estado, M\u00e1rcio Vicari, fez sustenta\u00e7\u00e3o oral na sess\u00e3o desta quarta-feira. Da tribuna, ele afirmou que \u201ca autora n\u00e3o comprova abrang\u00eancia espacial exigida pelo inciso VI do artigo 85 da Constitui\u00e7\u00e3o do Estado de Santa Catarina e pelo inciso VI da Lei Estadual 12.069\/2001, limitando-se a extrair sua representatividade da declara\u00e7\u00e3o formal contida em seu estatuto\u201d.<\/p>\n<p>\u2013 A a\u00e7\u00e3o n\u00e3o poderia ser proposta da forma como foi. A entidade n\u00e3o \u00e9 autorizada pela Lei para propor a a\u00e7\u00e3o desta forma nem este tipo de a\u00e7\u00e3o. Isso traz tranquilidade aos alunos que j\u00e1 fazem parte do programa Universidade Gratuita, que segue com a presun\u00e7\u00e3o de que \u00e9 plenamente constitucional.<\/p>\n<p>Ap\u00f3s, o relator, desembargador Ricardo Fontes, proferiu seu voto \u2013 que foi acompanhado de forma un\u00e2nime pelos integrantes do \u00d3rg\u00e3o Especial do TJSC. Segundo ele, considerando os precedentes do STF e da pr\u00f3pria corte catarinense, \u201cos autores devem demonstrar interesse na propositura da a\u00e7\u00e3o com base na sua finalidade institucional. Exige-se para a legitimidade ativa das entidades de classe e confedera\u00e7\u00f5es sindicais em a\u00e7\u00f5es de controle concentrado a correla\u00e7\u00e3o direta entre o objeto do pedido de declara\u00e7\u00e3o de inconstitucionalidade e os objetivos institucionais da associa\u00e7\u00e3o. A mera potencialidade geral de dano n\u00e3o \u00e9 suficiente para estabelecer rela\u00e7\u00e3o de pertin\u00eancia tem\u00e1tica\u201d, afirmou, ao votar pela extin\u00e7\u00e3o da a\u00e7\u00e3o sem resolu\u00e7\u00e3o de m\u00e9rito.<\/p>\n","protected":false},"excerpt":{"rendered":"<p>A A\u00e7\u00e3o Direta de Inconstitucionalidade (Adin), movida pela Associa\u00e7\u00e3o das Mantenedoras Particulares de Educa\u00e7\u00e3o Superior de Santa Catarina (Ampesc) que questionava a legalidade do programa Universidade Gratuita, foi extinta. A decis\u00e3o ocorreu nesta quarta-feira (6), de forma un\u00e2nime, pelos desembargadores que comp\u00f5em o \u00d3rg\u00e3o Especial do Tribunal de Justi\u00e7a de Santa Catarina (TJSC). Esta foi &hellip;<\/p>\n<p class=\"read-more\"> <a class=\"\" href=\"https:\/\/sulsc.com\/index.php\/2023\/12\/07\/processo-que-questionava-a-legalidade-do-programa-universidade-gratuita-e-extinto-pelo-tjsc\/\"> <span class=\"screen-reader-text\">Processo que questionava a legalidade do programa Universidade Gratuita \u00e9 extinto pelo TJSC<\/span> Read More &raquo;<\/a><\/p>\n","protected":false},"author":3,"featured_media":4786,"comment_status":"open","ping_status":"open","sticky":false,"template":"","format":"standard","meta":{"site-sidebar-layout":"default","site-content-layout":"","ast-site-content-layout":"default","site-content-style":"default","site-sidebar-style":"default","ast-global-header-display":"","ast-banner-title-visibility":"","ast-main-header-display":"","ast-hfb-above-header-display":"","ast-hfb-below-header-display":"","ast-hfb-mobile-header-display":"","site-post-title":"","ast-breadcrumbs-content":"","ast-featured-img":"","footer-sml-layout":"","theme-transparent-header-meta":"default","adv-header-id-meta":"","stick-header-meta":"","header-above-stick-meta":"","header-main-stick-meta":"","header-below-stick-meta":"","astra-migrate-meta-layouts":"set","footnotes":""},"categories":[1],"tags":[],"yoast_head":"<!-- This site is optimized with the Yoast SEO plugin v21.4 - https:\/\/yoast.com\/wordpress\/plugins\/seo\/ -->\n<title>Processo que questionava a legalidade do programa Universidade Gratuita \u00e9 extinto pelo TJSC -<\/title>\n<meta name=\"description\" content=\"Esta foi a segunda manifesta\u00e7\u00e3o favor\u00e1vel ao Estado sobre o assunto, a primeira decis\u00e3o ocorreu em setembro e na ocasi\u00e3o, o desembargador Ricardo Fontes, relator da Adin, havia negado o pedido para suspender a iniciativa. Com isso, o programa est\u00e1 mantido\" \/>\n<meta name=\"robots\" content=\"index, follow, max-snippet:-1, max-image-preview:large, max-video-preview:-1\" \/>\n<link rel=\"canonical\" href=\"https:\/\/sulsc.com\/index.php\/2023\/12\/07\/processo-que-questionava-a-legalidade-do-programa-universidade-gratuita-e-extinto-pelo-tjsc\/\" \/>\n<meta property=\"og:locale\" content=\"en_US\" \/>\n<meta property=\"og:type\" content=\"article\" \/>\n<meta property=\"og:title\" content=\"Processo que questionava a legalidade do programa Universidade Gratuita \u00e9 extinto pelo TJSC -\" \/>\n<meta property=\"og:description\" content=\"Esta foi a segunda manifesta\u00e7\u00e3o favor\u00e1vel ao Estado sobre o assunto, a primeira decis\u00e3o ocorreu em setembro e na ocasi\u00e3o, o desembargador Ricardo Fontes, relator da Adin, havia negado o pedido para suspender a iniciativa. Com isso, o programa est\u00e1 mantido\" \/>\n<meta property=\"og:url\" content=\"https:\/\/sulsc.com\/index.php\/2023\/12\/07\/processo-que-questionava-a-legalidade-do-programa-universidade-gratuita-e-extinto-pelo-tjsc\/\" \/>\n<meta property=\"article:author\" content=\"https:\/\/www.facebook.com\/profile.php?id=61559278119680\" \/>\n<meta property=\"article:published_time\" content=\"2023-12-07T11:40:44+00:00\" \/>\n<meta property=\"article:modified_time\" content=\"2023-12-07T11:15:39+00:00\" \/>\n<meta property=\"og:image\" content=\"https:\/\/sulsc.com\/wp-content\/uploads\/2023\/12\/20231206_160527-768x576-1.jpg\" \/>\n\t<meta property=\"og:image:width\" content=\"768\" \/>\n\t<meta property=\"og:image:height\" content=\"576\" \/>\n\t<meta property=\"og:image:type\" content=\"image\/jpeg\" \/>\n<meta name=\"author\" content=\"Reda\u00e7\u00e3o Sul SC\" \/>\n<meta name=\"twitter:card\" content=\"summary_large_image\" \/>\n<meta name=\"twitter:creator\" content=\"@https:\/\/twitter.com\/PortalSulSC\" \/>\n<meta name=\"twitter:label1\" content=\"Written by\" \/>\n\t<meta name=\"twitter:data1\" content=\"Reda\u00e7\u00e3o Sul SC\" \/>\n\t<meta name=\"twitter:label2\" content=\"Est. reading time\" \/>\n\t<meta name=\"twitter:data2\" content=\"3 minutes\" \/>\n<script type=\"application\/ld+json\" class=\"yoast-schema-graph\">{\"@context\":\"https:\/\/schema.org\",\"@graph\":[{\"@type\":\"WebPage\",\"@id\":\"https:\/\/sulsc.com\/index.php\/2023\/12\/07\/processo-que-questionava-a-legalidade-do-programa-universidade-gratuita-e-extinto-pelo-tjsc\/\",\"url\":\"https:\/\/sulsc.com\/index.php\/2023\/12\/07\/processo-que-questionava-a-legalidade-do-programa-universidade-gratuita-e-extinto-pelo-tjsc\/\",\"name\":\"Processo que questionava a legalidade do programa Universidade Gratuita \u00e9 extinto pelo TJSC -\",\"isPartOf\":{\"@id\":\"https:\/\/sulsc.com\/#website\"},\"datePublished\":\"2023-12-07T11:40:44+00:00\",\"dateModified\":\"2023-12-07T11:15:39+00:00\",\"author\":{\"@id\":\"https:\/\/sulsc.com\/#\/schema\/person\/84d2fc571684f6248ba83092f07750a3\"},\"description\":\"Esta foi a segunda manifesta\u00e7\u00e3o favor\u00e1vel ao Estado sobre o assunto, a primeira decis\u00e3o ocorreu em setembro e na ocasi\u00e3o, o desembargador Ricardo Fontes, relator da Adin, havia negado o pedido para suspender a iniciativa. Com isso, o programa est\u00e1 mantido\",\"breadcrumb\":{\"@id\":\"https:\/\/sulsc.com\/index.php\/2023\/12\/07\/processo-que-questionava-a-legalidade-do-programa-universidade-gratuita-e-extinto-pelo-tjsc\/#breadcrumb\"},\"inLanguage\":\"en-US\",\"potentialAction\":[{\"@type\":\"ReadAction\",\"target\":[\"https:\/\/sulsc.com\/index.php\/2023\/12\/07\/processo-que-questionava-a-legalidade-do-programa-universidade-gratuita-e-extinto-pelo-tjsc\/\"]}]},{\"@type\":\"BreadcrumbList\",\"@id\":\"https:\/\/sulsc.com\/index.php\/2023\/12\/07\/processo-que-questionava-a-legalidade-do-programa-universidade-gratuita-e-extinto-pelo-tjsc\/#breadcrumb\",\"itemListElement\":[{\"@type\":\"ListItem\",\"position\":1,\"name\":\"In\u00edcio\",\"item\":\"https:\/\/sulsc.com\/\"},{\"@type\":\"ListItem\",\"position\":2,\"name\":\"Processo que questionava a legalidade do programa Universidade Gratuita \u00e9 extinto pelo TJSC\"}]},{\"@type\":\"WebSite\",\"@id\":\"https:\/\/sulsc.com\/#website\",\"url\":\"https:\/\/sulsc.com\/\",\"name\":\"\",\"description\":\"\",\"potentialAction\":[{\"@type\":\"SearchAction\",\"target\":{\"@type\":\"EntryPoint\",\"urlTemplate\":\"https:\/\/sulsc.com\/?s={search_term_string}\"},\"query-input\":\"required name=search_term_string\"}],\"inLanguage\":\"en-US\"},{\"@type\":\"Person\",\"@id\":\"https:\/\/sulsc.com\/#\/schema\/person\/84d2fc571684f6248ba83092f07750a3\",\"name\":\"Reda\u00e7\u00e3o Sul SC\",\"image\":{\"@type\":\"ImageObject\",\"inLanguage\":\"en-US\",\"@id\":\"https:\/\/sulsc.com\/#\/schema\/person\/image\/e08d7fe2cc4ed596372063bbe852b8d0\",\"url\":\"https:\/\/sulsc.com\/wp-content\/uploads\/2023\/09\/redacao.png\",\"contentUrl\":\"https:\/\/sulsc.com\/wp-content\/uploads\/2023\/09\/redacao.png\",\"caption\":\"Reda\u00e7\u00e3o Sul SC\"},\"description\":\"Foco em um jornalismo imparcial, voltado \u00e0 qualidade dos seus conte\u00fados e, assim, levar informa\u00e7\u00e3o de valor que agregue \u00e0 vida dos leitores. Esta \u00e9 grande miss\u00e3o do Portal de Not\u00edcias Sul SC. N\u00e3o \u00e9 quantidade que muda o mundo, sempre foi e seguir\u00e1 sendo qualidade!\",\"sameAs\":[\"https:\/\/sulsc.com\/\",\"https:\/\/www.facebook.com\/profile.php?id=61559278119680\",\"https:\/\/www.instagram.com\/sulscportal\/?hl=pt-br\",\"https:\/\/twitter.com\/https:\/\/twitter.com\/PortalSulSC\",\"https:\/\/www.youtube.com\/channel\/UCv_BE8GeySluDov2n8qhVmw\"],\"url\":\"https:\/\/sulsc.com\/index.php\/author\/redacao\/\"}]}<\/script>\n<!-- \/ Yoast SEO plugin. -->","yoast_head_json":{"title":"Processo que questionava a legalidade do programa Universidade Gratuita \u00e9 extinto pelo TJSC -","description":"Esta foi a segunda manifesta\u00e7\u00e3o favor\u00e1vel ao Estado sobre o assunto, a primeira decis\u00e3o ocorreu em setembro e na ocasi\u00e3o, o desembargador Ricardo Fontes, relator da Adin, havia negado o pedido para suspender a iniciativa. Com isso, o programa est\u00e1 mantido","robots":{"index":"index","follow":"follow","max-snippet":"max-snippet:-1","max-image-preview":"max-image-preview:large","max-video-preview":"max-video-preview:-1"},"canonical":"https:\/\/sulsc.com\/index.php\/2023\/12\/07\/processo-que-questionava-a-legalidade-do-programa-universidade-gratuita-e-extinto-pelo-tjsc\/","og_locale":"en_US","og_type":"article","og_title":"Processo que questionava a legalidade do programa Universidade Gratuita \u00e9 extinto pelo TJSC -","og_description":"Esta foi a segunda manifesta\u00e7\u00e3o favor\u00e1vel ao Estado sobre o assunto, a primeira decis\u00e3o ocorreu em setembro e na ocasi\u00e3o, o desembargador Ricardo Fontes, relator da Adin, havia negado o pedido para suspender a iniciativa. Com isso, o programa est\u00e1 mantido","og_url":"https:\/\/sulsc.com\/index.php\/2023\/12\/07\/processo-que-questionava-a-legalidade-do-programa-universidade-gratuita-e-extinto-pelo-tjsc\/","article_author":"https:\/\/www.facebook.com\/profile.php?id=61559278119680","article_published_time":"2023-12-07T11:40:44+00:00","article_modified_time":"2023-12-07T11:15:39+00:00","og_image":[{"width":768,"height":576,"url":"https:\/\/sulsc.com\/wp-content\/uploads\/2023\/12\/20231206_160527-768x576-1.jpg","type":"image\/jpeg"}],"author":"Reda\u00e7\u00e3o Sul SC","twitter_card":"summary_large_image","twitter_creator":"@https:\/\/twitter.com\/PortalSulSC","twitter_misc":{"Written by":"Reda\u00e7\u00e3o Sul SC","Est. reading time":"3 minutes"},"schema":{"@context":"https:\/\/schema.org","@graph":[{"@type":"WebPage","@id":"https:\/\/sulsc.com\/index.php\/2023\/12\/07\/processo-que-questionava-a-legalidade-do-programa-universidade-gratuita-e-extinto-pelo-tjsc\/","url":"https:\/\/sulsc.com\/index.php\/2023\/12\/07\/processo-que-questionava-a-legalidade-do-programa-universidade-gratuita-e-extinto-pelo-tjsc\/","name":"Processo que questionava a legalidade do programa Universidade Gratuita \u00e9 extinto pelo TJSC -","isPartOf":{"@id":"https:\/\/sulsc.com\/#website"},"datePublished":"2023-12-07T11:40:44+00:00","dateModified":"2023-12-07T11:15:39+00:00","author":{"@id":"https:\/\/sulsc.com\/#\/schema\/person\/84d2fc571684f6248ba83092f07750a3"},"description":"Esta foi a segunda manifesta\u00e7\u00e3o favor\u00e1vel ao Estado sobre o assunto, a primeira decis\u00e3o ocorreu em setembro e na ocasi\u00e3o, o desembargador Ricardo Fontes, relator da Adin, havia negado o pedido para suspender a iniciativa. Com isso, o programa est\u00e1 mantido","breadcrumb":{"@id":"https:\/\/sulsc.com\/index.php\/2023\/12\/07\/processo-que-questionava-a-legalidade-do-programa-universidade-gratuita-e-extinto-pelo-tjsc\/#breadcrumb"},"inLanguage":"en-US","potentialAction":[{"@type":"ReadAction","target":["https:\/\/sulsc.com\/index.php\/2023\/12\/07\/processo-que-questionava-a-legalidade-do-programa-universidade-gratuita-e-extinto-pelo-tjsc\/"]}]},{"@type":"BreadcrumbList","@id":"https:\/\/sulsc.com\/index.php\/2023\/12\/07\/processo-que-questionava-a-legalidade-do-programa-universidade-gratuita-e-extinto-pelo-tjsc\/#breadcrumb","itemListElement":[{"@type":"ListItem","position":1,"name":"In\u00edcio","item":"https:\/\/sulsc.com\/"},{"@type":"ListItem","position":2,"name":"Processo que questionava a legalidade do programa Universidade Gratuita \u00e9 extinto pelo TJSC"}]},{"@type":"WebSite","@id":"https:\/\/sulsc.com\/#website","url":"https:\/\/sulsc.com\/","name":"","description":"","potentialAction":[{"@type":"SearchAction","target":{"@type":"EntryPoint","urlTemplate":"https:\/\/sulsc.com\/?s={search_term_string}"},"query-input":"required name=search_term_string"}],"inLanguage":"en-US"},{"@type":"Person","@id":"https:\/\/sulsc.com\/#\/schema\/person\/84d2fc571684f6248ba83092f07750a3","name":"Reda\u00e7\u00e3o Sul SC","image":{"@type":"ImageObject","inLanguage":"en-US","@id":"https:\/\/sulsc.com\/#\/schema\/person\/image\/e08d7fe2cc4ed596372063bbe852b8d0","url":"https:\/\/sulsc.com\/wp-content\/uploads\/2023\/09\/redacao.png","contentUrl":"https:\/\/sulsc.com\/wp-content\/uploads\/2023\/09\/redacao.png","caption":"Reda\u00e7\u00e3o Sul SC"},"description":"Foco em um jornalismo imparcial, voltado \u00e0 qualidade dos seus conte\u00fados e, assim, levar informa\u00e7\u00e3o de valor que agregue \u00e0 vida dos leitores. Esta \u00e9 grande miss\u00e3o do Portal de Not\u00edcias Sul SC. N\u00e3o \u00e9 quantidade que muda o mundo, sempre foi e seguir\u00e1 sendo qualidade!","sameAs":["https:\/\/sulsc.com\/","https:\/\/www.facebook.com\/profile.php?id=61559278119680","https:\/\/www.instagram.com\/sulscportal\/?hl=pt-br","https:\/\/twitter.com\/https:\/\/twitter.com\/PortalSulSC","https:\/\/www.youtube.com\/channel\/UCv_BE8GeySluDov2n8qhVmw"],"url":"https:\/\/sulsc.com\/index.php\/author\/redacao\/"}]}},"authors":[],"_links":{"self":[{"href":"https:\/\/sulsc.com\/index.php\/wp-json\/wp\/v2\/posts\/4785"}],"collection":[{"href":"https:\/\/sulsc.com\/index.php\/wp-json\/wp\/v2\/posts"}],"about":[{"href":"https:\/\/sulsc.com\/index.php\/wp-json\/wp\/v2\/types\/post"}],"author":[{"embeddable":true,"href":"https:\/\/sulsc.com\/index.php\/wp-json\/wp\/v2\/users\/3"}],"replies":[{"embeddable":true,"href":"https:\/\/sulsc.com\/index.php\/wp-json\/wp\/v2\/comments?post=4785"}],"version-history":[{"count":1,"href":"https:\/\/sulsc.com\/index.php\/wp-json\/wp\/v2\/posts\/4785\/revisions"}],"predecessor-version":[{"id":4787,"href":"https:\/\/sulsc.com\/index.php\/wp-json\/wp\/v2\/posts\/4785\/revisions\/4787"}],"wp:featuredmedia":[{"embeddable":true,"href":"https:\/\/sulsc.com\/index.php\/wp-json\/wp\/v2\/media\/4786"}],"wp:attachment":[{"href":"https:\/\/sulsc.com\/index.php\/wp-json\/wp\/v2\/media?parent=4785"}],"wp:term":[{"taxonomy":"category","embeddable":true,"href":"https:\/\/sulsc.com\/index.php\/wp-json\/wp\/v2\/categories?post=4785"},{"taxonomy":"post_tag","embeddable":true,"href":"https:\/\/sulsc.com\/index.php\/wp-json\/wp\/v2\/tags?post=4785"}],"curies":[{"name":"wp","href":"https:\/\/api.w.org\/{rel}","templated":true}]}}