{"id":4834,"date":"2023-12-08T08:40:17","date_gmt":"2023-12-08T11:40:17","guid":{"rendered":"https:\/\/sulsc.com\/?p=4834"},"modified":"2023-12-08T06:31:27","modified_gmt":"2023-12-08T09:31:27","slug":"bombeiros-de-urussanga-arrecadam-doacoes-para-carreata-do-bombeiro-noel","status":"publish","type":"post","link":"https:\/\/sulsc.com\/index.php\/2023\/12\/08\/bombeiros-de-urussanga-arrecadam-doacoes-para-carreata-do-bombeiro-noel\/","title":{"rendered":"Bombeiros de Urussanga arrecadam doa\u00e7\u00f5es para Carreata do Bombeiro Noel"},"content":{"rendered":"<p>Uma campanha para arrecadar balas, doces e guloseimas para crian\u00e7as \u00e9 realizada pelo Grupo de Bombeiros Militar de Urussanga, pertencente ao 4\u00ba Batalh\u00e3o de Bombeiros Militar de Crici\u00fama (4\u00b0 BBM). A a\u00e7\u00e3o \u201cCarreata do Bombeiro Noel\u201d, tem como principal objetivo levar alegria e esperan\u00e7a para os pequenos.<\/p>\n<p>A arrecada\u00e7\u00e3o tem dois pontos de coleta, que receber\u00e3o as doa\u00e7\u00f5es at\u00e9 22 de dezembro: o Grupo do Corpo de Bombeiros de Urussanga e o Servi\u00e7o de Seguran\u00e7a Contra Inc\u00eandio do Corpo de Bombeiros de Cocal do Sul.\u00a0A quarta edi\u00e7\u00e3o do evento deve ocorrer no dia 23 de dezembro, em Urussanga, e 24, em Cocal do Sul.<\/p>\n<p><img fetchpriority=\"high\" decoding=\"async\" class=\"alignnone size-full wp-image-4835\" src=\"http:\/\/sulsc.com\/wp-content\/uploads\/2023\/12\/WhatsApp-Image-2023-12-07-at-16.08.43.jpeg\" alt=\"\" width=\"576\" height=\"1024\" srcset=\"https:\/\/sulsc.com\/wp-content\/uploads\/2023\/12\/WhatsApp-Image-2023-12-07-at-16.08.43.jpeg 576w, https:\/\/sulsc.com\/wp-content\/uploads\/2023\/12\/WhatsApp-Image-2023-12-07-at-16.08.43-169x300.jpeg 169w\" sizes=\"(max-width: 576px) 100vw, 576px\" \/><\/p>\n<p><strong>Servi\u00e7o<\/strong><\/p>\n<p>O que: Campanha Carreata do Bombeiro Noel<br \/>\nQuando: Arrecada\u00e7\u00e3o de doces at\u00e9 22\/12<br \/>\nOnde: &#8211; Quartel do Corpo de Bombeiros Militar de Urussanga &#8211; Endere\u00e7o: Rodovia Gen\u00e9sio Mazon, km 01, Bairro De Villa &#8211; todos os dias.<\/p>\n<p>Servi\u00e7o de Seguran\u00e7a Contra Inc\u00eandio do Corpo de Bombeiros Militar em Cocal do Sul &#8211; Endere\u00e7o: Rua Paulino B\u00farigo, 12, Centro. (Segunda a sexta das 13h \u00e0s 18h)<\/p>\n","protected":false},"excerpt":{"rendered":"<p>Uma campanha para arrecadar balas, doces e guloseimas para crian\u00e7as \u00e9 realizada pelo Grupo de Bombeiros Militar de Urussanga, pertencente ao 4\u00ba Batalh\u00e3o de Bombeiros Militar de Crici\u00fama (4\u00b0 BBM). A a\u00e7\u00e3o \u201cCarreata do Bombeiro Noel\u201d, tem como principal objetivo levar alegria e esperan\u00e7a para os pequenos. A arrecada\u00e7\u00e3o tem dois pontos de coleta, que &hellip;<\/p>\n<p class=\"read-more\"> <a class=\"\" href=\"https:\/\/sulsc.com\/index.php\/2023\/12\/08\/bombeiros-de-urussanga-arrecadam-doacoes-para-carreata-do-bombeiro-noel\/\"> <span class=\"screen-reader-text\">Bombeiros de Urussanga arrecadam doa\u00e7\u00f5es para Carreata do Bombeiro Noel<\/span> Read More &raquo;<\/a><\/p>\n","protected":false},"author":3,"featured_media":4835,"comment_status":"open","ping_status":"open","sticky":false,"template":"","format":"standard","meta":{"site-sidebar-layout":"default","site-content-layout":"","ast-site-content-layout":"default","site-content-style":"default","site-sidebar-style":"default","ast-global-header-display":"","ast-banner-title-visibility":"","ast-main-header-display":"","ast-hfb-above-header-display":"","ast-hfb-below-header-display":"","ast-hfb-mobile-header-display":"","site-post-title":"","ast-breadcrumbs-content":"","ast-featured-img":"","footer-sml-layout":"","theme-transparent-header-meta":"default","adv-header-id-meta":"","stick-header-meta":"","header-above-stick-meta":"","header-main-stick-meta":"","header-below-stick-meta":"","astra-migrate-meta-layouts":"set","footnotes":""},"categories":[1],"tags":[136],"yoast_head":"<!-- This site is optimized with the Yoast SEO plugin v21.4 - https:\/\/yoast.com\/wordpress\/plugins\/seo\/ -->\n<title>Bombeiros de Urussanga arrecadam doa\u00e7\u00f5es para Carreata do Bombeiro Noel -<\/title>\n<meta name=\"robots\" content=\"index, follow, max-snippet:-1, max-image-preview:large, max-video-preview:-1\" \/>\n<link rel=\"canonical\" href=\"https:\/\/sulsc.com\/index.php\/2023\/12\/08\/bombeiros-de-urussanga-arrecadam-doacoes-para-carreata-do-bombeiro-noel\/\" \/>\n<meta property=\"og:locale\" content=\"en_US\" \/>\n<meta property=\"og:type\" content=\"article\" \/>\n<meta property=\"og:title\" content=\"Bombeiros de Urussanga arrecadam doa\u00e7\u00f5es para Carreata do Bombeiro Noel -\" \/>\n<meta property=\"og:description\" content=\"Uma campanha para arrecadar balas, doces e guloseimas para crian\u00e7as \u00e9 realizada pelo Grupo de Bombeiros Militar de Urussanga, pertencente ao 4\u00ba Batalh\u00e3o de Bombeiros Militar de Crici\u00fama (4\u00b0 BBM). A a\u00e7\u00e3o \u201cCarreata do Bombeiro Noel\u201d, tem como principal objetivo levar alegria e esperan\u00e7a para os pequenos. A arrecada\u00e7\u00e3o tem dois pontos de coleta, que &hellip; Bombeiros de Urussanga arrecadam doa\u00e7\u00f5es para Carreata do Bombeiro Noel Read More &raquo;\" \/>\n<meta property=\"og:url\" content=\"https:\/\/sulsc.com\/index.php\/2023\/12\/08\/bombeiros-de-urussanga-arrecadam-doacoes-para-carreata-do-bombeiro-noel\/\" \/>\n<meta property=\"article:author\" content=\"https:\/\/www.facebook.com\/profile.php?id=61559278119680\" \/>\n<meta property=\"article:published_time\" content=\"2023-12-08T11:40:17+00:00\" \/>\n<meta property=\"article:modified_time\" content=\"2023-12-08T09:31:27+00:00\" \/>\n<meta property=\"og:image\" content=\"https:\/\/sulsc.com\/wp-content\/uploads\/2023\/12\/WhatsApp-Image-2023-12-07-at-16.08.43.jpeg\" \/>\n\t<meta property=\"og:image:width\" content=\"576\" \/>\n\t<meta property=\"og:image:height\" content=\"1024\" \/>\n\t<meta property=\"og:image:type\" content=\"image\/jpeg\" \/>\n<meta name=\"author\" content=\"Reda\u00e7\u00e3o Sul SC\" \/>\n<meta name=\"twitter:card\" content=\"summary_large_image\" \/>\n<meta name=\"twitter:creator\" content=\"@https:\/\/twitter.com\/PortalSulSC\" \/>\n<meta name=\"twitter:label1\" content=\"Written by\" \/>\n\t<meta name=\"twitter:data1\" content=\"Reda\u00e7\u00e3o Sul SC\" \/>\n\t<meta name=\"twitter:label2\" content=\"Est. reading time\" \/>\n\t<meta name=\"twitter:data2\" content=\"2 minutes\" \/>\n<script type=\"application\/ld+json\" class=\"yoast-schema-graph\">{\"@context\":\"https:\/\/schema.org\",\"@graph\":[{\"@type\":\"WebPage\",\"@id\":\"https:\/\/sulsc.com\/index.php\/2023\/12\/08\/bombeiros-de-urussanga-arrecadam-doacoes-para-carreata-do-bombeiro-noel\/\",\"url\":\"https:\/\/sulsc.com\/index.php\/2023\/12\/08\/bombeiros-de-urussanga-arrecadam-doacoes-para-carreata-do-bombeiro-noel\/\",\"name\":\"Bombeiros de Urussanga arrecadam doa\u00e7\u00f5es para Carreata do Bombeiro Noel -\",\"isPartOf\":{\"@id\":\"https:\/\/sulsc.com\/#website\"},\"datePublished\":\"2023-12-08T11:40:17+00:00\",\"dateModified\":\"2023-12-08T09:31:27+00:00\",\"author\":{\"@id\":\"https:\/\/sulsc.com\/#\/schema\/person\/84d2fc571684f6248ba83092f07750a3\"},\"breadcrumb\":{\"@id\":\"https:\/\/sulsc.com\/index.php\/2023\/12\/08\/bombeiros-de-urussanga-arrecadam-doacoes-para-carreata-do-bombeiro-noel\/#breadcrumb\"},\"inLanguage\":\"en-US\",\"potentialAction\":[{\"@type\":\"ReadAction\",\"target\":[\"https:\/\/sulsc.com\/index.php\/2023\/12\/08\/bombeiros-de-urussanga-arrecadam-doacoes-para-carreata-do-bombeiro-noel\/\"]}]},{\"@type\":\"BreadcrumbList\",\"@id\":\"https:\/\/sulsc.com\/index.php\/2023\/12\/08\/bombeiros-de-urussanga-arrecadam-doacoes-para-carreata-do-bombeiro-noel\/#breadcrumb\",\"itemListElement\":[{\"@type\":\"ListItem\",\"position\":1,\"name\":\"In\u00edcio\",\"item\":\"https:\/\/sulsc.com\/\"},{\"@type\":\"ListItem\",\"position\":2,\"name\":\"Bombeiros de Urussanga arrecadam doa\u00e7\u00f5es para Carreata do Bombeiro Noel\"}]},{\"@type\":\"WebSite\",\"@id\":\"https:\/\/sulsc.com\/#website\",\"url\":\"https:\/\/sulsc.com\/\",\"name\":\"\",\"description\":\"\",\"potentialAction\":[{\"@type\":\"SearchAction\",\"target\":{\"@type\":\"EntryPoint\",\"urlTemplate\":\"https:\/\/sulsc.com\/?s={search_term_string}\"},\"query-input\":\"required name=search_term_string\"}],\"inLanguage\":\"en-US\"},{\"@type\":\"Person\",\"@id\":\"https:\/\/sulsc.com\/#\/schema\/person\/84d2fc571684f6248ba83092f07750a3\",\"name\":\"Reda\u00e7\u00e3o Sul SC\",\"image\":{\"@type\":\"ImageObject\",\"inLanguage\":\"en-US\",\"@id\":\"https:\/\/sulsc.com\/#\/schema\/person\/image\/e08d7fe2cc4ed596372063bbe852b8d0\",\"url\":\"https:\/\/sulsc.com\/wp-content\/uploads\/2023\/09\/redacao.png\",\"contentUrl\":\"https:\/\/sulsc.com\/wp-content\/uploads\/2023\/09\/redacao.png\",\"caption\":\"Reda\u00e7\u00e3o Sul SC\"},\"description\":\"Foco em um jornalismo imparcial, voltado \u00e0 qualidade dos seus conte\u00fados e, assim, levar informa\u00e7\u00e3o de valor que agregue \u00e0 vida dos leitores. Esta \u00e9 grande miss\u00e3o do Portal de Not\u00edcias Sul SC. N\u00e3o \u00e9 quantidade que muda o mundo, sempre foi e seguir\u00e1 sendo qualidade!\",\"sameAs\":[\"https:\/\/sulsc.com\/\",\"https:\/\/www.facebook.com\/profile.php?id=61559278119680\",\"https:\/\/www.instagram.com\/sulscportal\/?hl=pt-br\",\"https:\/\/twitter.com\/https:\/\/twitter.com\/PortalSulSC\",\"https:\/\/www.youtube.com\/channel\/UCv_BE8GeySluDov2n8qhVmw\"],\"url\":\"https:\/\/sulsc.com\/index.php\/author\/redacao\/\"}]}<\/script>\n<!-- \/ Yoast SEO plugin. -->","yoast_head_json":{"title":"Bombeiros de Urussanga arrecadam doa\u00e7\u00f5es para Carreata do Bombeiro Noel -","robots":{"index":"index","follow":"follow","max-snippet":"max-snippet:-1","max-image-preview":"max-image-preview:large","max-video-preview":"max-video-preview:-1"},"canonical":"https:\/\/sulsc.com\/index.php\/2023\/12\/08\/bombeiros-de-urussanga-arrecadam-doacoes-para-carreata-do-bombeiro-noel\/","og_locale":"en_US","og_type":"article","og_title":"Bombeiros de Urussanga arrecadam doa\u00e7\u00f5es para Carreata do Bombeiro Noel -","og_description":"Uma campanha para arrecadar balas, doces e guloseimas para crian\u00e7as \u00e9 realizada pelo Grupo de Bombeiros Militar de Urussanga, pertencente ao 4\u00ba Batalh\u00e3o de Bombeiros Militar de Crici\u00fama (4\u00b0 BBM). A a\u00e7\u00e3o \u201cCarreata do Bombeiro Noel\u201d, tem como principal objetivo levar alegria e esperan\u00e7a para os pequenos. A arrecada\u00e7\u00e3o tem dois pontos de coleta, que &hellip; Bombeiros de Urussanga arrecadam doa\u00e7\u00f5es para Carreata do Bombeiro Noel Read More &raquo;","og_url":"https:\/\/sulsc.com\/index.php\/2023\/12\/08\/bombeiros-de-urussanga-arrecadam-doacoes-para-carreata-do-bombeiro-noel\/","article_author":"https:\/\/www.facebook.com\/profile.php?id=61559278119680","article_published_time":"2023-12-08T11:40:17+00:00","article_modified_time":"2023-12-08T09:31:27+00:00","og_image":[{"width":576,"height":1024,"url":"https:\/\/sulsc.com\/wp-content\/uploads\/2023\/12\/WhatsApp-Image-2023-12-07-at-16.08.43.jpeg","type":"image\/jpeg"}],"author":"Reda\u00e7\u00e3o Sul SC","twitter_card":"summary_large_image","twitter_creator":"@https:\/\/twitter.com\/PortalSulSC","twitter_misc":{"Written by":"Reda\u00e7\u00e3o Sul SC","Est. reading time":"2 minutes"},"schema":{"@context":"https:\/\/schema.org","@graph":[{"@type":"WebPage","@id":"https:\/\/sulsc.com\/index.php\/2023\/12\/08\/bombeiros-de-urussanga-arrecadam-doacoes-para-carreata-do-bombeiro-noel\/","url":"https:\/\/sulsc.com\/index.php\/2023\/12\/08\/bombeiros-de-urussanga-arrecadam-doacoes-para-carreata-do-bombeiro-noel\/","name":"Bombeiros de Urussanga arrecadam doa\u00e7\u00f5es para Carreata do Bombeiro Noel -","isPartOf":{"@id":"https:\/\/sulsc.com\/#website"},"datePublished":"2023-12-08T11:40:17+00:00","dateModified":"2023-12-08T09:31:27+00:00","author":{"@id":"https:\/\/sulsc.com\/#\/schema\/person\/84d2fc571684f6248ba83092f07750a3"},"breadcrumb":{"@id":"https:\/\/sulsc.com\/index.php\/2023\/12\/08\/bombeiros-de-urussanga-arrecadam-doacoes-para-carreata-do-bombeiro-noel\/#breadcrumb"},"inLanguage":"en-US","potentialAction":[{"@type":"ReadAction","target":["https:\/\/sulsc.com\/index.php\/2023\/12\/08\/bombeiros-de-urussanga-arrecadam-doacoes-para-carreata-do-bombeiro-noel\/"]}]},{"@type":"BreadcrumbList","@id":"https:\/\/sulsc.com\/index.php\/2023\/12\/08\/bombeiros-de-urussanga-arrecadam-doacoes-para-carreata-do-bombeiro-noel\/#breadcrumb","itemListElement":[{"@type":"ListItem","position":1,"name":"In\u00edcio","item":"https:\/\/sulsc.com\/"},{"@type":"ListItem","position":2,"name":"Bombeiros de Urussanga arrecadam doa\u00e7\u00f5es para Carreata do Bombeiro Noel"}]},{"@type":"WebSite","@id":"https:\/\/sulsc.com\/#website","url":"https:\/\/sulsc.com\/","name":"","description":"","potentialAction":[{"@type":"SearchAction","target":{"@type":"EntryPoint","urlTemplate":"https:\/\/sulsc.com\/?s={search_term_string}"},"query-input":"required name=search_term_string"}],"inLanguage":"en-US"},{"@type":"Person","@id":"https:\/\/sulsc.com\/#\/schema\/person\/84d2fc571684f6248ba83092f07750a3","name":"Reda\u00e7\u00e3o Sul SC","image":{"@type":"ImageObject","inLanguage":"en-US","@id":"https:\/\/sulsc.com\/#\/schema\/person\/image\/e08d7fe2cc4ed596372063bbe852b8d0","url":"https:\/\/sulsc.com\/wp-content\/uploads\/2023\/09\/redacao.png","contentUrl":"https:\/\/sulsc.com\/wp-content\/uploads\/2023\/09\/redacao.png","caption":"Reda\u00e7\u00e3o Sul SC"},"description":"Foco em um jornalismo imparcial, voltado \u00e0 qualidade dos seus conte\u00fados e, assim, levar informa\u00e7\u00e3o de valor que agregue \u00e0 vida dos leitores. Esta \u00e9 grande miss\u00e3o do Portal de Not\u00edcias Sul SC. N\u00e3o \u00e9 quantidade que muda o mundo, sempre foi e seguir\u00e1 sendo qualidade!","sameAs":["https:\/\/sulsc.com\/","https:\/\/www.facebook.com\/profile.php?id=61559278119680","https:\/\/www.instagram.com\/sulscportal\/?hl=pt-br","https:\/\/twitter.com\/https:\/\/twitter.com\/PortalSulSC","https:\/\/www.youtube.com\/channel\/UCv_BE8GeySluDov2n8qhVmw"],"url":"https:\/\/sulsc.com\/index.php\/author\/redacao\/"}]}},"authors":[],"_links":{"self":[{"href":"https:\/\/sulsc.com\/index.php\/wp-json\/wp\/v2\/posts\/4834"}],"collection":[{"href":"https:\/\/sulsc.com\/index.php\/wp-json\/wp\/v2\/posts"}],"about":[{"href":"https:\/\/sulsc.com\/index.php\/wp-json\/wp\/v2\/types\/post"}],"author":[{"embeddable":true,"href":"https:\/\/sulsc.com\/index.php\/wp-json\/wp\/v2\/users\/3"}],"replies":[{"embeddable":true,"href":"https:\/\/sulsc.com\/index.php\/wp-json\/wp\/v2\/comments?post=4834"}],"version-history":[{"count":1,"href":"https:\/\/sulsc.com\/index.php\/wp-json\/wp\/v2\/posts\/4834\/revisions"}],"predecessor-version":[{"id":4836,"href":"https:\/\/sulsc.com\/index.php\/wp-json\/wp\/v2\/posts\/4834\/revisions\/4836"}],"wp:featuredmedia":[{"embeddable":true,"href":"https:\/\/sulsc.com\/index.php\/wp-json\/wp\/v2\/media\/4835"}],"wp:attachment":[{"href":"https:\/\/sulsc.com\/index.php\/wp-json\/wp\/v2\/media?parent=4834"}],"wp:term":[{"taxonomy":"category","embeddable":true,"href":"https:\/\/sulsc.com\/index.php\/wp-json\/wp\/v2\/categories?post=4834"},{"taxonomy":"post_tag","embeddable":true,"href":"https:\/\/sulsc.com\/index.php\/wp-json\/wp\/v2\/tags?post=4834"}],"curies":[{"name":"wp","href":"https:\/\/api.w.org\/{rel}","templated":true}]}}