{"id":4841,"date":"2023-12-08T06:35:09","date_gmt":"2023-12-08T09:35:09","guid":{"rendered":"https:\/\/sulsc.com\/?p=4841"},"modified":"2023-12-08T05:07:27","modified_gmt":"2023-12-08T08:07:27","slug":"sexta-feira-8-com-tempo-firme-na-maioria-das-regioes-de-sc","status":"publish","type":"post","link":"https:\/\/sulsc.com\/index.php\/2023\/12\/08\/sexta-feira-8-com-tempo-firme-na-maioria-das-regioes-de-sc\/","title":{"rendered":"Sexta-feira (8) com tempo firme na maioria das regi\u00f5es de SC"},"content":{"rendered":"<p>Sexta-feira (8) com sol entre nuvens na maioria das regi\u00f5es de Santa Catarina. Haver\u00e1 perman\u00eancia de chuva ocasional apenas as regi\u00f5es do Meio-Oeste (divisa com Paran\u00e1), Planalto Norte e Litoral Norte.<\/p>\n<p>De acordo com o Centro de Informa\u00e7\u00f5es de Recursos Ambientais e de Hidrometeorologia de Santa Catarina, Ciram\/Epagri, a temperatura diminui. Vento sudoeste a sudeste, fraco a moderado, com rajadas, mais intensas de 50 a 70km\/h no litoral.<\/p>\n<p>Al\u00e9m disso, a f<span style=\"font-size: 16px;\">rente fria no litoral do estado deve se afastar no decorrer do dia. Avan\u00e7o de uma alta press\u00e3o (massa de ar mais seco e frio) no Sul do Brasil.<\/span><\/p>\n<p><img fetchpriority=\"high\" decoding=\"async\" class=\"alignnone size-large wp-image-2814\" src=\"http:\/\/sulsc.com\/wp-content\/uploads\/2023\/10\/Tempo-Firme-1024x683.jpg\" alt=\"\" width=\"1024\" height=\"683\" srcset=\"https:\/\/sulsc.com\/wp-content\/uploads\/2023\/10\/Tempo-Firme-1024x683.jpg 1024w, https:\/\/sulsc.com\/wp-content\/uploads\/2023\/10\/Tempo-Firme-300x200.jpg 300w, https:\/\/sulsc.com\/wp-content\/uploads\/2023\/10\/Tempo-Firme-768x512.jpg 768w, https:\/\/sulsc.com\/wp-content\/uploads\/2023\/10\/Tempo-Firme-1536x1024.jpg 1536w, https:\/\/sulsc.com\/wp-content\/uploads\/2023\/10\/Tempo-Firme-2048x1365.jpg 2048w\" sizes=\"(max-width: 1024px) 100vw, 1024px\" \/><\/p>\n","protected":false},"excerpt":{"rendered":"<p>Sexta-feira (8) com sol entre nuvens na maioria das regi\u00f5es de Santa Catarina. Haver\u00e1 perman\u00eancia de chuva ocasional apenas as regi\u00f5es do Meio-Oeste (divisa com Paran\u00e1), Planalto Norte e Litoral Norte. De acordo com o Centro de Informa\u00e7\u00f5es de Recursos Ambientais e de Hidrometeorologia de Santa Catarina, Ciram\/Epagri, a temperatura diminui. Vento sudoeste a sudeste, &hellip;<\/p>\n<p class=\"read-more\"> <a class=\"\" href=\"https:\/\/sulsc.com\/index.php\/2023\/12\/08\/sexta-feira-8-com-tempo-firme-na-maioria-das-regioes-de-sc\/\"> <span class=\"screen-reader-text\">Sexta-feira (8) com tempo firme na maioria das regi\u00f5es de SC<\/span> Read More &raquo;<\/a><\/p>\n","protected":false},"author":3,"featured_media":2814,"comment_status":"open","ping_status":"open","sticky":false,"template":"","format":"standard","meta":{"site-sidebar-layout":"default","site-content-layout":"","ast-site-content-layout":"default","site-content-style":"default","site-sidebar-style":"default","ast-global-header-display":"","ast-banner-title-visibility":"","ast-main-header-display":"","ast-hfb-above-header-display":"","ast-hfb-below-header-display":"","ast-hfb-mobile-header-display":"","site-post-title":"","ast-breadcrumbs-content":"","ast-featured-img":"","footer-sml-layout":"","theme-transparent-header-meta":"default","adv-header-id-meta":"","stick-header-meta":"","header-above-stick-meta":"","header-main-stick-meta":"","header-below-stick-meta":"","astra-migrate-meta-layouts":"set","footnotes":""},"categories":[38],"tags":[90,89],"yoast_head":"<!-- This site is optimized with the Yoast SEO plugin v21.4 - https:\/\/yoast.com\/wordpress\/plugins\/seo\/ -->\n<title>Sexta-feira (8) com tempo firme na maioria das regi\u00f5es de SC -<\/title>\n<meta name=\"robots\" content=\"index, follow, max-snippet:-1, max-image-preview:large, max-video-preview:-1\" \/>\n<link rel=\"canonical\" href=\"https:\/\/sulsc.com\/index.php\/2023\/12\/08\/sexta-feira-8-com-tempo-firme-na-maioria-das-regioes-de-sc\/\" \/>\n<meta property=\"og:locale\" content=\"en_US\" \/>\n<meta property=\"og:type\" content=\"article\" \/>\n<meta property=\"og:title\" content=\"Sexta-feira (8) com tempo firme na maioria das regi\u00f5es de SC -\" \/>\n<meta property=\"og:description\" content=\"Sexta-feira (8) com sol entre nuvens na maioria das regi\u00f5es de Santa Catarina. Haver\u00e1 perman\u00eancia de chuva ocasional apenas as regi\u00f5es do Meio-Oeste (divisa com Paran\u00e1), Planalto Norte e Litoral Norte. De acordo com o Centro de Informa\u00e7\u00f5es de Recursos Ambientais e de Hidrometeorologia de Santa Catarina, Ciram\/Epagri, a temperatura diminui. Vento sudoeste a sudeste, &hellip; Sexta-feira (8) com tempo firme na maioria das regi\u00f5es de SC Read More &raquo;\" \/>\n<meta property=\"og:url\" content=\"https:\/\/sulsc.com\/index.php\/2023\/12\/08\/sexta-feira-8-com-tempo-firme-na-maioria-das-regioes-de-sc\/\" \/>\n<meta property=\"article:author\" content=\"https:\/\/www.facebook.com\/profile.php?id=61559278119680\" \/>\n<meta property=\"article:published_time\" content=\"2023-12-08T09:35:09+00:00\" \/>\n<meta property=\"article:modified_time\" content=\"2023-12-08T08:07:27+00:00\" \/>\n<meta property=\"og:image\" content=\"https:\/\/sulsc.com\/wp-content\/uploads\/2023\/10\/Tempo-Firme-scaled.jpg\" \/>\n\t<meta property=\"og:image:width\" content=\"2560\" \/>\n\t<meta property=\"og:image:height\" content=\"1706\" \/>\n\t<meta property=\"og:image:type\" content=\"image\/jpeg\" \/>\n<meta name=\"author\" content=\"Reda\u00e7\u00e3o Sul SC\" \/>\n<meta name=\"twitter:card\" content=\"summary_large_image\" \/>\n<meta name=\"twitter:creator\" content=\"@https:\/\/twitter.com\/PortalSulSC\" \/>\n<meta name=\"twitter:label1\" content=\"Written by\" \/>\n\t<meta name=\"twitter:data1\" content=\"Reda\u00e7\u00e3o Sul SC\" \/>\n\t<meta name=\"twitter:label2\" content=\"Est. reading time\" \/>\n\t<meta name=\"twitter:data2\" content=\"1 minute\" \/>\n<script type=\"application\/ld+json\" class=\"yoast-schema-graph\">{\"@context\":\"https:\/\/schema.org\",\"@graph\":[{\"@type\":\"WebPage\",\"@id\":\"https:\/\/sulsc.com\/index.php\/2023\/12\/08\/sexta-feira-8-com-tempo-firme-na-maioria-das-regioes-de-sc\/\",\"url\":\"https:\/\/sulsc.com\/index.php\/2023\/12\/08\/sexta-feira-8-com-tempo-firme-na-maioria-das-regioes-de-sc\/\",\"name\":\"Sexta-feira (8) com tempo firme na maioria das regi\u00f5es de SC -\",\"isPartOf\":{\"@id\":\"https:\/\/sulsc.com\/#website\"},\"datePublished\":\"2023-12-08T09:35:09+00:00\",\"dateModified\":\"2023-12-08T08:07:27+00:00\",\"author\":{\"@id\":\"https:\/\/sulsc.com\/#\/schema\/person\/84d2fc571684f6248ba83092f07750a3\"},\"breadcrumb\":{\"@id\":\"https:\/\/sulsc.com\/index.php\/2023\/12\/08\/sexta-feira-8-com-tempo-firme-na-maioria-das-regioes-de-sc\/#breadcrumb\"},\"inLanguage\":\"en-US\",\"potentialAction\":[{\"@type\":\"ReadAction\",\"target\":[\"https:\/\/sulsc.com\/index.php\/2023\/12\/08\/sexta-feira-8-com-tempo-firme-na-maioria-das-regioes-de-sc\/\"]}]},{\"@type\":\"BreadcrumbList\",\"@id\":\"https:\/\/sulsc.com\/index.php\/2023\/12\/08\/sexta-feira-8-com-tempo-firme-na-maioria-das-regioes-de-sc\/#breadcrumb\",\"itemListElement\":[{\"@type\":\"ListItem\",\"position\":1,\"name\":\"In\u00edcio\",\"item\":\"https:\/\/sulsc.com\/\"},{\"@type\":\"ListItem\",\"position\":2,\"name\":\"Sexta-feira (8) com tempo firme na maioria das regi\u00f5es de SC\"}]},{\"@type\":\"WebSite\",\"@id\":\"https:\/\/sulsc.com\/#website\",\"url\":\"https:\/\/sulsc.com\/\",\"name\":\"\",\"description\":\"\",\"potentialAction\":[{\"@type\":\"SearchAction\",\"target\":{\"@type\":\"EntryPoint\",\"urlTemplate\":\"https:\/\/sulsc.com\/?s={search_term_string}\"},\"query-input\":\"required name=search_term_string\"}],\"inLanguage\":\"en-US\"},{\"@type\":\"Person\",\"@id\":\"https:\/\/sulsc.com\/#\/schema\/person\/84d2fc571684f6248ba83092f07750a3\",\"name\":\"Reda\u00e7\u00e3o Sul SC\",\"image\":{\"@type\":\"ImageObject\",\"inLanguage\":\"en-US\",\"@id\":\"https:\/\/sulsc.com\/#\/schema\/person\/image\/e08d7fe2cc4ed596372063bbe852b8d0\",\"url\":\"https:\/\/sulsc.com\/wp-content\/uploads\/2023\/09\/redacao.png\",\"contentUrl\":\"https:\/\/sulsc.com\/wp-content\/uploads\/2023\/09\/redacao.png\",\"caption\":\"Reda\u00e7\u00e3o Sul SC\"},\"description\":\"Foco em um jornalismo imparcial, voltado \u00e0 qualidade dos seus conte\u00fados e, assim, levar informa\u00e7\u00e3o de valor que agregue \u00e0 vida dos leitores. Esta \u00e9 grande miss\u00e3o do Portal de Not\u00edcias Sul SC. N\u00e3o \u00e9 quantidade que muda o mundo, sempre foi e seguir\u00e1 sendo qualidade!\",\"sameAs\":[\"https:\/\/sulsc.com\/\",\"https:\/\/www.facebook.com\/profile.php?id=61559278119680\",\"https:\/\/www.instagram.com\/sulscportal\/?hl=pt-br\",\"https:\/\/twitter.com\/https:\/\/twitter.com\/PortalSulSC\",\"https:\/\/www.youtube.com\/channel\/UCv_BE8GeySluDov2n8qhVmw\"],\"url\":\"https:\/\/sulsc.com\/index.php\/author\/redacao\/\"}]}<\/script>\n<!-- \/ Yoast SEO plugin. -->","yoast_head_json":{"title":"Sexta-feira (8) com tempo firme na maioria das regi\u00f5es de SC -","robots":{"index":"index","follow":"follow","max-snippet":"max-snippet:-1","max-image-preview":"max-image-preview:large","max-video-preview":"max-video-preview:-1"},"canonical":"https:\/\/sulsc.com\/index.php\/2023\/12\/08\/sexta-feira-8-com-tempo-firme-na-maioria-das-regioes-de-sc\/","og_locale":"en_US","og_type":"article","og_title":"Sexta-feira (8) com tempo firme na maioria das regi\u00f5es de SC -","og_description":"Sexta-feira (8) com sol entre nuvens na maioria das regi\u00f5es de Santa Catarina. Haver\u00e1 perman\u00eancia de chuva ocasional apenas as regi\u00f5es do Meio-Oeste (divisa com Paran\u00e1), Planalto Norte e Litoral Norte. De acordo com o Centro de Informa\u00e7\u00f5es de Recursos Ambientais e de Hidrometeorologia de Santa Catarina, Ciram\/Epagri, a temperatura diminui. Vento sudoeste a sudeste, &hellip; Sexta-feira (8) com tempo firme na maioria das regi\u00f5es de SC Read More &raquo;","og_url":"https:\/\/sulsc.com\/index.php\/2023\/12\/08\/sexta-feira-8-com-tempo-firme-na-maioria-das-regioes-de-sc\/","article_author":"https:\/\/www.facebook.com\/profile.php?id=61559278119680","article_published_time":"2023-12-08T09:35:09+00:00","article_modified_time":"2023-12-08T08:07:27+00:00","og_image":[{"width":2560,"height":1706,"url":"https:\/\/sulsc.com\/wp-content\/uploads\/2023\/10\/Tempo-Firme-scaled.jpg","type":"image\/jpeg"}],"author":"Reda\u00e7\u00e3o Sul SC","twitter_card":"summary_large_image","twitter_creator":"@https:\/\/twitter.com\/PortalSulSC","twitter_misc":{"Written by":"Reda\u00e7\u00e3o Sul SC","Est. reading time":"1 minute"},"schema":{"@context":"https:\/\/schema.org","@graph":[{"@type":"WebPage","@id":"https:\/\/sulsc.com\/index.php\/2023\/12\/08\/sexta-feira-8-com-tempo-firme-na-maioria-das-regioes-de-sc\/","url":"https:\/\/sulsc.com\/index.php\/2023\/12\/08\/sexta-feira-8-com-tempo-firme-na-maioria-das-regioes-de-sc\/","name":"Sexta-feira (8) com tempo firme na maioria das regi\u00f5es de SC -","isPartOf":{"@id":"https:\/\/sulsc.com\/#website"},"datePublished":"2023-12-08T09:35:09+00:00","dateModified":"2023-12-08T08:07:27+00:00","author":{"@id":"https:\/\/sulsc.com\/#\/schema\/person\/84d2fc571684f6248ba83092f07750a3"},"breadcrumb":{"@id":"https:\/\/sulsc.com\/index.php\/2023\/12\/08\/sexta-feira-8-com-tempo-firme-na-maioria-das-regioes-de-sc\/#breadcrumb"},"inLanguage":"en-US","potentialAction":[{"@type":"ReadAction","target":["https:\/\/sulsc.com\/index.php\/2023\/12\/08\/sexta-feira-8-com-tempo-firme-na-maioria-das-regioes-de-sc\/"]}]},{"@type":"BreadcrumbList","@id":"https:\/\/sulsc.com\/index.php\/2023\/12\/08\/sexta-feira-8-com-tempo-firme-na-maioria-das-regioes-de-sc\/#breadcrumb","itemListElement":[{"@type":"ListItem","position":1,"name":"In\u00edcio","item":"https:\/\/sulsc.com\/"},{"@type":"ListItem","position":2,"name":"Sexta-feira (8) com tempo firme na maioria das regi\u00f5es de SC"}]},{"@type":"WebSite","@id":"https:\/\/sulsc.com\/#website","url":"https:\/\/sulsc.com\/","name":"","description":"","potentialAction":[{"@type":"SearchAction","target":{"@type":"EntryPoint","urlTemplate":"https:\/\/sulsc.com\/?s={search_term_string}"},"query-input":"required name=search_term_string"}],"inLanguage":"en-US"},{"@type":"Person","@id":"https:\/\/sulsc.com\/#\/schema\/person\/84d2fc571684f6248ba83092f07750a3","name":"Reda\u00e7\u00e3o Sul SC","image":{"@type":"ImageObject","inLanguage":"en-US","@id":"https:\/\/sulsc.com\/#\/schema\/person\/image\/e08d7fe2cc4ed596372063bbe852b8d0","url":"https:\/\/sulsc.com\/wp-content\/uploads\/2023\/09\/redacao.png","contentUrl":"https:\/\/sulsc.com\/wp-content\/uploads\/2023\/09\/redacao.png","caption":"Reda\u00e7\u00e3o Sul SC"},"description":"Foco em um jornalismo imparcial, voltado \u00e0 qualidade dos seus conte\u00fados e, assim, levar informa\u00e7\u00e3o de valor que agregue \u00e0 vida dos leitores. Esta \u00e9 grande miss\u00e3o do Portal de Not\u00edcias Sul SC. N\u00e3o \u00e9 quantidade que muda o mundo, sempre foi e seguir\u00e1 sendo qualidade!","sameAs":["https:\/\/sulsc.com\/","https:\/\/www.facebook.com\/profile.php?id=61559278119680","https:\/\/www.instagram.com\/sulscportal\/?hl=pt-br","https:\/\/twitter.com\/https:\/\/twitter.com\/PortalSulSC","https:\/\/www.youtube.com\/channel\/UCv_BE8GeySluDov2n8qhVmw"],"url":"https:\/\/sulsc.com\/index.php\/author\/redacao\/"}]}},"authors":[],"_links":{"self":[{"href":"https:\/\/sulsc.com\/index.php\/wp-json\/wp\/v2\/posts\/4841"}],"collection":[{"href":"https:\/\/sulsc.com\/index.php\/wp-json\/wp\/v2\/posts"}],"about":[{"href":"https:\/\/sulsc.com\/index.php\/wp-json\/wp\/v2\/types\/post"}],"author":[{"embeddable":true,"href":"https:\/\/sulsc.com\/index.php\/wp-json\/wp\/v2\/users\/3"}],"replies":[{"embeddable":true,"href":"https:\/\/sulsc.com\/index.php\/wp-json\/wp\/v2\/comments?post=4841"}],"version-history":[{"count":1,"href":"https:\/\/sulsc.com\/index.php\/wp-json\/wp\/v2\/posts\/4841\/revisions"}],"predecessor-version":[{"id":4842,"href":"https:\/\/sulsc.com\/index.php\/wp-json\/wp\/v2\/posts\/4841\/revisions\/4842"}],"wp:featuredmedia":[{"embeddable":true,"href":"https:\/\/sulsc.com\/index.php\/wp-json\/wp\/v2\/media\/2814"}],"wp:attachment":[{"href":"https:\/\/sulsc.com\/index.php\/wp-json\/wp\/v2\/media?parent=4841"}],"wp:term":[{"taxonomy":"category","embeddable":true,"href":"https:\/\/sulsc.com\/index.php\/wp-json\/wp\/v2\/categories?post=4841"},{"taxonomy":"post_tag","embeddable":true,"href":"https:\/\/sulsc.com\/index.php\/wp-json\/wp\/v2\/tags?post=4841"}],"curies":[{"name":"wp","href":"https:\/\/api.w.org\/{rel}","templated":true}]}}