{"id":4869,"date":"2023-12-08T09:28:54","date_gmt":"2023-12-08T12:28:54","guid":{"rendered":"https:\/\/sulsc.com\/?p=4869"},"modified":"2023-12-08T09:28:54","modified_gmt":"2023-12-08T12:28:54","slug":"amurel-define-novo-presidente-e-posse-e-marcada-para-10-de-janeiro","status":"publish","type":"post","link":"https:\/\/sulsc.com\/index.php\/2023\/12\/08\/amurel-define-novo-presidente-e-posse-e-marcada-para-10-de-janeiro\/","title":{"rendered":"Amurel define novo presidente e posse \u00e9 marcada para 10 de janeiro"},"content":{"rendered":"<figure id=\"attachment_4870\" aria-describedby=\"caption-attachment-4870\" style=\"width: 1442px\" class=\"wp-caption aligncenter\"><img fetchpriority=\"high\" decoding=\"async\" class=\"size-full wp-image-4870\" src=\"http:\/\/sulsc.com\/wp-content\/uploads\/2023\/12\/Amurel.jpeg\" alt=\"\" width=\"1442\" height=\"810\" srcset=\"https:\/\/sulsc.com\/wp-content\/uploads\/2023\/12\/Amurel.jpeg 1442w, https:\/\/sulsc.com\/wp-content\/uploads\/2023\/12\/Amurel-300x169.jpeg 300w, https:\/\/sulsc.com\/wp-content\/uploads\/2023\/12\/Amurel-1024x575.jpeg 1024w, https:\/\/sulsc.com\/wp-content\/uploads\/2023\/12\/Amurel-768x431.jpeg 768w\" sizes=\"(max-width: 1442px) 100vw, 1442px\" \/><figcaption id=\"caption-attachment-4870\" class=\"wp-caption-text\">Prefeito de Armaz\u00e9m, Luiz Paulo Rodrigues Mendes (E), assume o cargo nos pr\u00f3ximos 12 meses. Foto: Amurel\/Sul SC<\/figcaption><\/figure>\n<p>Fechando este per\u00edodo de quatro anos dos atuais mandat\u00e1rios dos Executivos de 18 prefeituras da Amurel, em assembleia geral nesta quinta-feira (7), conforme acordo pr\u00e9vio, foi oficializada a sa\u00edda do gestor de Laguna, Samir Ahmad, do cargo de presidente.<\/p>\n<p>A nova diretoria para 2024 foi definida. Al\u00e9m da assembleia da entidade, o Cons\u00f3rcio Intermunicipal Multifinalit\u00e1rio (CIM) e o Cons\u00f3rcio Intermunicipal de Sa\u00fade (CIS) tamb\u00e9m realizaram suas assembleias. Destaque para a reuni\u00e3o do CIS, que tamb\u00e9m tinha elei\u00e7\u00e3o da pauta. Tamb\u00e9m foram escolhidos representantes da regi\u00e3o junto \u00e0 Federa\u00e7\u00e3o Catarinense de Munic\u00edpios (Fecam).<\/p>\n<p>O prefeito de Armaz\u00e9m, <strong>Luiz Paulo Rodrigues Mendes<\/strong>, foi eleito, por unanimidade, o novo presidente da entidade nos pr\u00f3ximos 12 meses. O administrador p\u00fablico de Bra\u00e7o do Norte, Roberto Kuerten, foi escolhido como 1\u2070 vice-presidente, e o prefeito de Tubar\u00e3o, Jairo Cascaes, como 2\u2070 vice-presidente. A posse ocorrer\u00e1 em <strong>10 de janeiro<\/strong>.<\/p>\n<p>O prefeito de Pedras Grandes, Agnaldo Filippi, foi indicado para representar a Amurel na diretoria da Fecam. Robson Back, de S\u00e3o Martinho, continua como o representante da entidade no Cons\u00f3rcio de Inform\u00e1tica na Gest\u00e3o P\u00fablica Municipal (Ciga), e o de Gravatal, Clei Rodrigues, representar\u00e1 na Escola de Gest\u00e3o P\u00fablica Municipal.<\/p>\n<p>Na assembleia do CIS, foi realizada a presta\u00e7\u00e3o de contas e os trabalhos desenvolvidos ao longo do ano. Na ocasi\u00e3o, o prefeito de Imbituba, Rosenvaldo Junior, foi eleito para mais um mandato \u00e0 frente do cons\u00f3rcio.<\/p>\n","protected":false},"excerpt":{"rendered":"<p>Fechando este per\u00edodo de quatro anos dos atuais mandat\u00e1rios dos Executivos de 18 prefeituras da Amurel, em assembleia geral nesta quinta-feira (7), conforme acordo pr\u00e9vio, foi oficializada a sa\u00edda do gestor de Laguna, Samir Ahmad, do cargo de presidente. A nova diretoria para 2024 foi definida. Al\u00e9m da assembleia da entidade, o Cons\u00f3rcio Intermunicipal Multifinalit\u00e1rio &hellip;<\/p>\n<p class=\"read-more\"> <a class=\"\" href=\"https:\/\/sulsc.com\/index.php\/2023\/12\/08\/amurel-define-novo-presidente-e-posse-e-marcada-para-10-de-janeiro\/\"> <span class=\"screen-reader-text\">Amurel define novo presidente e posse \u00e9 marcada para 10 de janeiro<\/span> Read More &raquo;<\/a><\/p>\n","protected":false},"author":3,"featured_media":4870,"comment_status":"open","ping_status":"open","sticky":false,"template":"","format":"standard","meta":{"site-sidebar-layout":"default","site-content-layout":"","ast-site-content-layout":"default","site-content-style":"default","site-sidebar-style":"default","ast-global-header-display":"","ast-banner-title-visibility":"","ast-main-header-display":"","ast-hfb-above-header-display":"","ast-hfb-below-header-display":"","ast-hfb-mobile-header-display":"","site-post-title":"","ast-breadcrumbs-content":"","ast-featured-img":"","footer-sml-layout":"","theme-transparent-header-meta":"default","adv-header-id-meta":"","stick-header-meta":"","header-above-stick-meta":"","header-main-stick-meta":"","header-below-stick-meta":"","astra-migrate-meta-layouts":"set","footnotes":""},"categories":[6],"tags":[95,269,270,268],"yoast_head":"<!-- This site is optimized with the Yoast SEO plugin v21.4 - https:\/\/yoast.com\/wordpress\/plugins\/seo\/ -->\n<title>Amurel define novo presidente e posse \u00e9 marcada para 10 de janeiro -<\/title>\n<meta name=\"description\" content=\"Fechando este per\u00edodo de quatro anos dos atuais mandat\u00e1rios dos Executivos de 18 prefeituras da Amurel, em assembleia geral nesta quinta-feira (7), conforme acordo pr\u00e9vio, foi oficializada a sa\u00edda do gestor de Laguna, Samir Ahmad, do cargo de presidente.\" \/>\n<meta name=\"robots\" content=\"index, follow, max-snippet:-1, max-image-preview:large, max-video-preview:-1\" \/>\n<link rel=\"canonical\" href=\"https:\/\/sulsc.com\/index.php\/2023\/12\/08\/amurel-define-novo-presidente-e-posse-e-marcada-para-10-de-janeiro\/\" \/>\n<meta property=\"og:locale\" content=\"en_US\" \/>\n<meta property=\"og:type\" content=\"article\" \/>\n<meta property=\"og:title\" content=\"Amurel define novo presidente e posse \u00e9 marcada para 10 de janeiro -\" \/>\n<meta property=\"og:description\" content=\"Fechando este per\u00edodo de quatro anos dos atuais mandat\u00e1rios dos Executivos de 18 prefeituras da Amurel, em assembleia geral nesta quinta-feira (7), conforme acordo pr\u00e9vio, foi oficializada a sa\u00edda do gestor de Laguna, Samir Ahmad, do cargo de presidente.\" \/>\n<meta property=\"og:url\" content=\"https:\/\/sulsc.com\/index.php\/2023\/12\/08\/amurel-define-novo-presidente-e-posse-e-marcada-para-10-de-janeiro\/\" \/>\n<meta property=\"article:author\" content=\"https:\/\/www.facebook.com\/profile.php?id=61559278119680\" \/>\n<meta property=\"article:published_time\" content=\"2023-12-08T12:28:54+00:00\" \/>\n<meta property=\"og:image\" content=\"http:\/\/sulsc.com\/wp-content\/uploads\/2023\/12\/Amurel.jpeg\" \/>\n\t<meta property=\"og:image:width\" content=\"1442\" \/>\n\t<meta property=\"og:image:height\" content=\"810\" \/>\n\t<meta property=\"og:image:type\" content=\"image\/jpeg\" \/>\n<meta name=\"author\" content=\"Reda\u00e7\u00e3o Sul SC\" \/>\n<meta name=\"twitter:card\" content=\"summary_large_image\" \/>\n<meta name=\"twitter:creator\" content=\"@https:\/\/twitter.com\/PortalSulSC\" \/>\n<meta name=\"twitter:label1\" content=\"Written by\" \/>\n\t<meta name=\"twitter:data1\" content=\"Reda\u00e7\u00e3o Sul SC\" \/>\n\t<meta name=\"twitter:label2\" content=\"Est. reading time\" \/>\n\t<meta name=\"twitter:data2\" content=\"2 minutes\" \/>\n<script type=\"application\/ld+json\" class=\"yoast-schema-graph\">{\"@context\":\"https:\/\/schema.org\",\"@graph\":[{\"@type\":\"WebPage\",\"@id\":\"https:\/\/sulsc.com\/index.php\/2023\/12\/08\/amurel-define-novo-presidente-e-posse-e-marcada-para-10-de-janeiro\/\",\"url\":\"https:\/\/sulsc.com\/index.php\/2023\/12\/08\/amurel-define-novo-presidente-e-posse-e-marcada-para-10-de-janeiro\/\",\"name\":\"Amurel define novo presidente e posse \u00e9 marcada para 10 de janeiro -\",\"isPartOf\":{\"@id\":\"https:\/\/sulsc.com\/#website\"},\"datePublished\":\"2023-12-08T12:28:54+00:00\",\"dateModified\":\"2023-12-08T12:28:54+00:00\",\"author\":{\"@id\":\"https:\/\/sulsc.com\/#\/schema\/person\/84d2fc571684f6248ba83092f07750a3\"},\"description\":\"Fechando este per\u00edodo de quatro anos dos atuais mandat\u00e1rios dos Executivos de 18 prefeituras da Amurel, em assembleia geral nesta quinta-feira (7), conforme acordo pr\u00e9vio, foi oficializada a sa\u00edda do gestor de Laguna, Samir Ahmad, do cargo de presidente.\",\"breadcrumb\":{\"@id\":\"https:\/\/sulsc.com\/index.php\/2023\/12\/08\/amurel-define-novo-presidente-e-posse-e-marcada-para-10-de-janeiro\/#breadcrumb\"},\"inLanguage\":\"en-US\",\"potentialAction\":[{\"@type\":\"ReadAction\",\"target\":[\"https:\/\/sulsc.com\/index.php\/2023\/12\/08\/amurel-define-novo-presidente-e-posse-e-marcada-para-10-de-janeiro\/\"]}]},{\"@type\":\"BreadcrumbList\",\"@id\":\"https:\/\/sulsc.com\/index.php\/2023\/12\/08\/amurel-define-novo-presidente-e-posse-e-marcada-para-10-de-janeiro\/#breadcrumb\",\"itemListElement\":[{\"@type\":\"ListItem\",\"position\":1,\"name\":\"In\u00edcio\",\"item\":\"https:\/\/sulsc.com\/\"},{\"@type\":\"ListItem\",\"position\":2,\"name\":\"Amurel define novo presidente e posse \u00e9 marcada para 10 de janeiro\"}]},{\"@type\":\"WebSite\",\"@id\":\"https:\/\/sulsc.com\/#website\",\"url\":\"https:\/\/sulsc.com\/\",\"name\":\"\",\"description\":\"\",\"potentialAction\":[{\"@type\":\"SearchAction\",\"target\":{\"@type\":\"EntryPoint\",\"urlTemplate\":\"https:\/\/sulsc.com\/?s={search_term_string}\"},\"query-input\":\"required name=search_term_string\"}],\"inLanguage\":\"en-US\"},{\"@type\":\"Person\",\"@id\":\"https:\/\/sulsc.com\/#\/schema\/person\/84d2fc571684f6248ba83092f07750a3\",\"name\":\"Reda\u00e7\u00e3o Sul SC\",\"image\":{\"@type\":\"ImageObject\",\"inLanguage\":\"en-US\",\"@id\":\"https:\/\/sulsc.com\/#\/schema\/person\/image\/e08d7fe2cc4ed596372063bbe852b8d0\",\"url\":\"https:\/\/sulsc.com\/wp-content\/uploads\/2023\/09\/redacao.png\",\"contentUrl\":\"https:\/\/sulsc.com\/wp-content\/uploads\/2023\/09\/redacao.png\",\"caption\":\"Reda\u00e7\u00e3o Sul SC\"},\"description\":\"Foco em um jornalismo imparcial, voltado \u00e0 qualidade dos seus conte\u00fados e, assim, levar informa\u00e7\u00e3o de valor que agregue \u00e0 vida dos leitores. Esta \u00e9 grande miss\u00e3o do Portal de Not\u00edcias Sul SC. N\u00e3o \u00e9 quantidade que muda o mundo, sempre foi e seguir\u00e1 sendo qualidade!\",\"sameAs\":[\"https:\/\/sulsc.com\/\",\"https:\/\/www.facebook.com\/profile.php?id=61559278119680\",\"https:\/\/www.instagram.com\/sulscportal\/?hl=pt-br\",\"https:\/\/twitter.com\/https:\/\/twitter.com\/PortalSulSC\",\"https:\/\/www.youtube.com\/channel\/UCv_BE8GeySluDov2n8qhVmw\"],\"url\":\"https:\/\/sulsc.com\/index.php\/author\/redacao\/\"}]}<\/script>\n<!-- \/ Yoast SEO plugin. -->","yoast_head_json":{"title":"Amurel define novo presidente e posse \u00e9 marcada para 10 de janeiro -","description":"Fechando este per\u00edodo de quatro anos dos atuais mandat\u00e1rios dos Executivos de 18 prefeituras da Amurel, em assembleia geral nesta quinta-feira (7), conforme acordo pr\u00e9vio, foi oficializada a sa\u00edda do gestor de Laguna, Samir Ahmad, do cargo de presidente.","robots":{"index":"index","follow":"follow","max-snippet":"max-snippet:-1","max-image-preview":"max-image-preview:large","max-video-preview":"max-video-preview:-1"},"canonical":"https:\/\/sulsc.com\/index.php\/2023\/12\/08\/amurel-define-novo-presidente-e-posse-e-marcada-para-10-de-janeiro\/","og_locale":"en_US","og_type":"article","og_title":"Amurel define novo presidente e posse \u00e9 marcada para 10 de janeiro -","og_description":"Fechando este per\u00edodo de quatro anos dos atuais mandat\u00e1rios dos Executivos de 18 prefeituras da Amurel, em assembleia geral nesta quinta-feira (7), conforme acordo pr\u00e9vio, foi oficializada a sa\u00edda do gestor de Laguna, Samir Ahmad, do cargo de presidente.","og_url":"https:\/\/sulsc.com\/index.php\/2023\/12\/08\/amurel-define-novo-presidente-e-posse-e-marcada-para-10-de-janeiro\/","article_author":"https:\/\/www.facebook.com\/profile.php?id=61559278119680","article_published_time":"2023-12-08T12:28:54+00:00","og_image":[{"width":1442,"height":810,"url":"http:\/\/sulsc.com\/wp-content\/uploads\/2023\/12\/Amurel.jpeg","type":"image\/jpeg"}],"author":"Reda\u00e7\u00e3o Sul SC","twitter_card":"summary_large_image","twitter_creator":"@https:\/\/twitter.com\/PortalSulSC","twitter_misc":{"Written by":"Reda\u00e7\u00e3o Sul SC","Est. reading time":"2 minutes"},"schema":{"@context":"https:\/\/schema.org","@graph":[{"@type":"WebPage","@id":"https:\/\/sulsc.com\/index.php\/2023\/12\/08\/amurel-define-novo-presidente-e-posse-e-marcada-para-10-de-janeiro\/","url":"https:\/\/sulsc.com\/index.php\/2023\/12\/08\/amurel-define-novo-presidente-e-posse-e-marcada-para-10-de-janeiro\/","name":"Amurel define novo presidente e posse \u00e9 marcada para 10 de janeiro -","isPartOf":{"@id":"https:\/\/sulsc.com\/#website"},"datePublished":"2023-12-08T12:28:54+00:00","dateModified":"2023-12-08T12:28:54+00:00","author":{"@id":"https:\/\/sulsc.com\/#\/schema\/person\/84d2fc571684f6248ba83092f07750a3"},"description":"Fechando este per\u00edodo de quatro anos dos atuais mandat\u00e1rios dos Executivos de 18 prefeituras da Amurel, em assembleia geral nesta quinta-feira (7), conforme acordo pr\u00e9vio, foi oficializada a sa\u00edda do gestor de Laguna, Samir Ahmad, do cargo de presidente.","breadcrumb":{"@id":"https:\/\/sulsc.com\/index.php\/2023\/12\/08\/amurel-define-novo-presidente-e-posse-e-marcada-para-10-de-janeiro\/#breadcrumb"},"inLanguage":"en-US","potentialAction":[{"@type":"ReadAction","target":["https:\/\/sulsc.com\/index.php\/2023\/12\/08\/amurel-define-novo-presidente-e-posse-e-marcada-para-10-de-janeiro\/"]}]},{"@type":"BreadcrumbList","@id":"https:\/\/sulsc.com\/index.php\/2023\/12\/08\/amurel-define-novo-presidente-e-posse-e-marcada-para-10-de-janeiro\/#breadcrumb","itemListElement":[{"@type":"ListItem","position":1,"name":"In\u00edcio","item":"https:\/\/sulsc.com\/"},{"@type":"ListItem","position":2,"name":"Amurel define novo presidente e posse \u00e9 marcada para 10 de janeiro"}]},{"@type":"WebSite","@id":"https:\/\/sulsc.com\/#website","url":"https:\/\/sulsc.com\/","name":"","description":"","potentialAction":[{"@type":"SearchAction","target":{"@type":"EntryPoint","urlTemplate":"https:\/\/sulsc.com\/?s={search_term_string}"},"query-input":"required name=search_term_string"}],"inLanguage":"en-US"},{"@type":"Person","@id":"https:\/\/sulsc.com\/#\/schema\/person\/84d2fc571684f6248ba83092f07750a3","name":"Reda\u00e7\u00e3o Sul SC","image":{"@type":"ImageObject","inLanguage":"en-US","@id":"https:\/\/sulsc.com\/#\/schema\/person\/image\/e08d7fe2cc4ed596372063bbe852b8d0","url":"https:\/\/sulsc.com\/wp-content\/uploads\/2023\/09\/redacao.png","contentUrl":"https:\/\/sulsc.com\/wp-content\/uploads\/2023\/09\/redacao.png","caption":"Reda\u00e7\u00e3o Sul SC"},"description":"Foco em um jornalismo imparcial, voltado \u00e0 qualidade dos seus conte\u00fados e, assim, levar informa\u00e7\u00e3o de valor que agregue \u00e0 vida dos leitores. Esta \u00e9 grande miss\u00e3o do Portal de Not\u00edcias Sul SC. N\u00e3o \u00e9 quantidade que muda o mundo, sempre foi e seguir\u00e1 sendo qualidade!","sameAs":["https:\/\/sulsc.com\/","https:\/\/www.facebook.com\/profile.php?id=61559278119680","https:\/\/www.instagram.com\/sulscportal\/?hl=pt-br","https:\/\/twitter.com\/https:\/\/twitter.com\/PortalSulSC","https:\/\/www.youtube.com\/channel\/UCv_BE8GeySluDov2n8qhVmw"],"url":"https:\/\/sulsc.com\/index.php\/author\/redacao\/"}]}},"authors":[],"_links":{"self":[{"href":"https:\/\/sulsc.com\/index.php\/wp-json\/wp\/v2\/posts\/4869"}],"collection":[{"href":"https:\/\/sulsc.com\/index.php\/wp-json\/wp\/v2\/posts"}],"about":[{"href":"https:\/\/sulsc.com\/index.php\/wp-json\/wp\/v2\/types\/post"}],"author":[{"embeddable":true,"href":"https:\/\/sulsc.com\/index.php\/wp-json\/wp\/v2\/users\/3"}],"replies":[{"embeddable":true,"href":"https:\/\/sulsc.com\/index.php\/wp-json\/wp\/v2\/comments?post=4869"}],"version-history":[{"count":1,"href":"https:\/\/sulsc.com\/index.php\/wp-json\/wp\/v2\/posts\/4869\/revisions"}],"predecessor-version":[{"id":4871,"href":"https:\/\/sulsc.com\/index.php\/wp-json\/wp\/v2\/posts\/4869\/revisions\/4871"}],"wp:featuredmedia":[{"embeddable":true,"href":"https:\/\/sulsc.com\/index.php\/wp-json\/wp\/v2\/media\/4870"}],"wp:attachment":[{"href":"https:\/\/sulsc.com\/index.php\/wp-json\/wp\/v2\/media?parent=4869"}],"wp:term":[{"taxonomy":"category","embeddable":true,"href":"https:\/\/sulsc.com\/index.php\/wp-json\/wp\/v2\/categories?post=4869"},{"taxonomy":"post_tag","embeddable":true,"href":"https:\/\/sulsc.com\/index.php\/wp-json\/wp\/v2\/tags?post=4869"}],"curies":[{"name":"wp","href":"https:\/\/api.w.org\/{rel}","templated":true}]}}