{"id":4885,"date":"2023-12-08T20:32:55","date_gmt":"2023-12-08T23:32:55","guid":{"rendered":"https:\/\/sulsc.com\/?p=4885"},"modified":"2023-12-08T20:32:55","modified_gmt":"2023-12-08T23:32:55","slug":"mdb-tambem-quer-o-junior-o-cristiano-do-porto-e-a-lulista-da-zimba","status":"publish","type":"post","link":"https:\/\/sulsc.com\/index.php\/2023\/12\/08\/mdb-tambem-quer-o-junior-o-cristiano-do-porto-e-a-lulista-da-zimba\/","title":{"rendered":"MDB tamb\u00e9m quer o J\u00fanior; o Cristiano do Porto; e a lulista da Zimba"},"content":{"rendered":"<figure id=\"attachment_4887\" aria-describedby=\"caption-attachment-4887\" style=\"width: 832px\" class=\"wp-caption aligncenter\"><img fetchpriority=\"high\" decoding=\"async\" class=\" wp-image-4887\" src=\"http:\/\/sulsc.com\/wp-content\/uploads\/2023\/12\/Urna.jpeg\" alt=\"\" width=\"832\" height=\"407\" \/><figcaption id=\"caption-attachment-4887\" class=\"wp-caption-text\">Indica\u00e7\u00f5es dos nomes dos partidos na regi\u00e3o para disputada das Elei\u00e7\u00f5es de 2024 est\u00e3o se afunilando. Foto: Banco de imagens\/Sul SC<\/figcaption><\/figure>\n<p><strong>O espalha bolo (parte 2)<br \/>\n<\/strong>Na coluna da \u00faltima sexta-feira (1\u00ba), falei aqui sobre o desconforto pol\u00edtico causado por <strong>Jo\u00e3o Marcelo Fretta Zappelini, o Joma<\/strong>, quando o mesmo colocou seu nome como pr\u00e9-candidato a prefeito em uma reuni\u00e3o do MDB de Tubar\u00e3o. Pois bem, Joma entrou em contato comigo, pois, segundo ele \u201cse sentiu desconfort\u00e1vel com o conte\u00fado da coluna, colocando que em momento algum o vereador <strong>Jos\u00e9 Luiz Tancredo<\/strong> se sentiu ofendido\u201d e ele n\u00e3o agiu de forma isolada. Relatou ainda que o pr\u00f3prio Tancredo teria o incentivado \u00e0 sua pr\u00e9-candidatura, mas quando perguntei se ele teria, na sequ\u00eancia de seu lan\u00e7amento como pr\u00e9-candidato, reunindo-se com Z\u00e9 Luiz para pedir desculpas pelo efeito. Ele disparou: \u201cNunca pedi desculpas ao Tancredo nesse sentido\u201d. Mas segundos fontes pr\u00f3ximas do vereador \u00e9 que isso j\u00e1 estava sendo resolvido, pois Joma teria pedido escusas a Tancredo da forma prematura e isolada do acontecido.<\/p>\n<p><strong>Sou um bom nome sim!<\/strong><br \/>\nNa continuidade da minha conversa com Joma, perguntei se o nome dele estaria no p\u00e1reo, ainda no MDB, para compor uma chapa \u00e0 majorit\u00e1ria na Cidade Azul para 2024. \u2018Sim, meu nome est\u00e1 \u00e0 disposi\u00e7\u00e3o para compor uma chapa com <strong>Est\u00eaner Soratto J\u00fanior<\/strong> em uma poss\u00edvel aproxima\u00e7\u00e3o do PL com MDB por aqui\u201d. Pelo jeito, o sobrinho de <strong>Eduardo Pinho Moreira<\/strong> est\u00e1 empolgado com a possibilidade, mas uma ala forte emedebista n\u00e3o v\u00ea seu nome como uma boa escolha, j\u00e1 que Joma, em 2016, foi candidato a vice &#8211; pelo MDB &#8211; do tucano <strong>Carlos St\u00fcpp<\/strong>, onde foram derrotados por <strong>Joares Ponticelli<\/strong> e <strong>Caio Tokarski<\/strong>. Pelo jeito, tio Moreira ter\u00e1 que entrar em cena, ser\u00e1?<\/p>\n<p><strong>O articulado Cristiano Lopes<\/strong><br \/>\nNa recente entrevista concedida ao jornalista Cleber Latr\u00f4nico, o ex-vereador e atual diretor do porto de Imbituba, <strong>Cristiano Lopes<\/strong>, mostrou-se muito bem articulado. Ele afirmou que, embora n\u00e3o tenha se declarado como pr\u00e9-candidato \u00e0 prefeitura da Zimba durante este ano, poder\u00e1 faz\u00ea-lo a partir de 2024. Com sua articula\u00e7\u00e3o habilidosa e sabedoria, Cristiano certamente figura na lista dos nomes cotados para a pr\u00f3xima elei\u00e7\u00e3o. Consciente do n\u00e3o crescimento nas pesquisas de <strong>Michel Peninha<\/strong> at\u00e9 o momento, Cristiano come\u00e7a a se credenciar como um poss\u00edvel postulante ao Executivo. Resta saber se essa pretens\u00e3o seria dentro do PSD, onde o presidente, <strong>Anderson Teixeira<\/strong>, j\u00e1 afirmou que Cristiano seria o nome reserva, ou se Cristiano est\u00e1 articulando sua ida ao PL com o vision\u00e1rio <strong>Beto Martins<\/strong>. As coisas est\u00e3o esquentando dentro do PSD e do PL em Imbituba.<\/p>\n<p><strong>Graciela Ribeiro aparece como grande for\u00e7a do PT para 2024<\/strong><br \/>\nNa mesma entrevista, <strong>Graciela Ribeiro<\/strong>, ex-secret\u00e1ria de Sa\u00fade de Imbituba e assessora da brilhante deputada <strong>Ana Paula Lima<\/strong>, come\u00e7a a se credenciar com extrema for\u00e7a para ser a candidata do PT e da esquerda no segundo maior munic\u00edpio da Amurel. Seu nome ganha respaldo e credibilidade, especialmente considerando as dificuldades enfrentadas pelo governo do prefeito <strong>Rosenvaldo J\u00fanior<\/strong>, que at\u00e9 o momento n\u00e3o conseguiu definir o candidato da gest\u00e3o. Graciela mostrou-se cr\u00edtica a Rosenvaldo e come\u00e7a a ganhar destaque, visto que o governo n\u00e3o consegue decidir entre <strong>Humberto da Celesc<\/strong>, pelo PSB, ou <strong>Clesio do Marcao<\/strong>, pelo Progressistas. Como j\u00e1 mencionado, as \u00e1guas do rompimento est\u00e3o se instalando no Executivo da cidade portu\u00e1ria.<\/p>\n<p><strong>Estrategista<\/strong><br \/>\nNa outra ponta, <strong>Adriana Lumma<\/strong>, figura mais bolsonarista do que alguns que apenas se dizem bolsonaristas para aproveitar o momento, aguarda com sagacidade a movimenta\u00e7\u00e3o desse cen\u00e1rio, buscando, de forma inteligente, colocar a pe\u00e7a certa no xadrez pol\u00edtico. Enquanto isso, o MDB parece perdido, incapaz de tomar uma decis\u00e3o clara, deixando seu grupo em um estado de nervos.<\/p>\n<p><strong>For\u00e7a Feminina<\/strong><br \/>\nParece que as mulheres est\u00e3o ganhando for\u00e7a em Imbituba, com Graciela muito bem cotada pelo PT e sendo uma articuladora-chave do presidente Lula na cidade, enquanto Adriana Lumma se destaca pelo Republicanos. Ser\u00e1 que em Imbituba as composi\u00e7\u00f5es ser\u00e3o feitas de maneira estrat\u00e9gica ou veremos uma batalha \u00e9pica entre Davi e Golias? A hist\u00f3ria j\u00e1 nos mostrou como isso terminou. O cen\u00e1rio pol\u00edtico em Imbituba est\u00e1 ficando cada vez mais intrigante.<\/p>\n<p><strong>Corre \u00e0 Boca Pequena<\/strong>: Que enquanto o prefeito Rosenvaldo est\u00e1 entre a cruz e a caldeirinha, as mulheres est\u00e3o voando alto.<\/p>\n","protected":false},"excerpt":{"rendered":"<p>O espalha bolo (parte 2) Na coluna da \u00faltima sexta-feira (1\u00ba), falei aqui sobre o desconforto pol\u00edtico causado por Jo\u00e3o Marcelo Fretta Zappelini, o Joma, quando o mesmo colocou seu nome como pr\u00e9-candidato a prefeito em uma reuni\u00e3o do MDB de Tubar\u00e3o. Pois bem, Joma entrou em contato comigo, pois, segundo ele \u201cse sentiu desconfort\u00e1vel &hellip;<\/p>\n<p class=\"read-more\"> <a class=\"\" href=\"https:\/\/sulsc.com\/index.php\/2023\/12\/08\/mdb-tambem-quer-o-junior-o-cristiano-do-porto-e-a-lulista-da-zimba\/\"> <span class=\"screen-reader-text\">MDB tamb\u00e9m quer o J\u00fanior; o Cristiano do Porto; e a lulista da Zimba<\/span> Read More &raquo;<\/a><\/p>\n","protected":false},"author":9,"featured_media":4886,"comment_status":"open","ping_status":"open","sticky":false,"template":"","format":"standard","meta":{"site-sidebar-layout":"default","site-content-layout":"","ast-site-content-layout":"default","site-content-style":"default","site-sidebar-style":"default","ast-global-header-display":"","ast-banner-title-visibility":"","ast-main-header-display":"","ast-hfb-above-header-display":"","ast-hfb-below-header-display":"","ast-hfb-mobile-header-display":"","site-post-title":"","ast-breadcrumbs-content":"","ast-featured-img":"","footer-sml-layout":"","theme-transparent-header-meta":"default","adv-header-id-meta":"","stick-header-meta":"","header-above-stick-meta":"","header-main-stick-meta":"","header-below-stick-meta":"","astra-migrate-meta-layouts":"set","footnotes":""},"categories":[13],"tags":[172,62,63,133],"yoast_head":"<!-- This site is optimized with the Yoast SEO plugin v21.4 - https:\/\/yoast.com\/wordpress\/plugins\/seo\/ -->\n<title>MDB tamb\u00e9m quer o J\u00fanior; o Cristiano do Porto; e a lulista da Zimba -<\/title>\n<meta name=\"description\" content=\"Que enquanto o prefeito Rosenvaldo est\u00e1 entre a cruz e a caldeirinha, as mulheres est\u00e3o voando alto.\" \/>\n<meta name=\"robots\" content=\"index, follow, max-snippet:-1, max-image-preview:large, max-video-preview:-1\" \/>\n<link rel=\"canonical\" href=\"https:\/\/sulsc.com\/index.php\/2023\/12\/08\/mdb-tambem-quer-o-junior-o-cristiano-do-porto-e-a-lulista-da-zimba\/\" \/>\n<meta property=\"og:locale\" content=\"en_US\" \/>\n<meta property=\"og:type\" content=\"article\" \/>\n<meta property=\"og:title\" content=\"MDB tamb\u00e9m quer o J\u00fanior; o Cristiano do Porto; e a lulista da Zimba -\" \/>\n<meta property=\"og:description\" content=\"Que enquanto o prefeito Rosenvaldo est\u00e1 entre a cruz e a caldeirinha, as mulheres est\u00e3o voando alto.\" \/>\n<meta property=\"og:url\" content=\"https:\/\/sulsc.com\/index.php\/2023\/12\/08\/mdb-tambem-quer-o-junior-o-cristiano-do-porto-e-a-lulista-da-zimba\/\" \/>\n<meta property=\"article:published_time\" content=\"2023-12-08T23:32:55+00:00\" \/>\n<meta property=\"og:image\" content=\"http:\/\/sulsc.com\/wp-content\/uploads\/2023\/12\/Simples-assim-por-Barnney-Netto-portal-2.png\" \/>\n\t<meta property=\"og:image:width\" content=\"1080\" \/>\n\t<meta property=\"og:image:height\" content=\"1080\" \/>\n\t<meta property=\"og:image:type\" content=\"image\/png\" \/>\n<meta name=\"author\" content=\"Barnney Netto\" \/>\n<meta name=\"twitter:card\" content=\"summary_large_image\" \/>\n<meta name=\"twitter:label1\" content=\"Written by\" \/>\n\t<meta name=\"twitter:data1\" content=\"Barnney Netto\" \/>\n\t<meta name=\"twitter:label2\" content=\"Est. reading time\" \/>\n\t<meta name=\"twitter:data2\" content=\"5 minutes\" \/>\n<script type=\"application\/ld+json\" class=\"yoast-schema-graph\">{\"@context\":\"https:\/\/schema.org\",\"@graph\":[{\"@type\":\"WebPage\",\"@id\":\"https:\/\/sulsc.com\/index.php\/2023\/12\/08\/mdb-tambem-quer-o-junior-o-cristiano-do-porto-e-a-lulista-da-zimba\/\",\"url\":\"https:\/\/sulsc.com\/index.php\/2023\/12\/08\/mdb-tambem-quer-o-junior-o-cristiano-do-porto-e-a-lulista-da-zimba\/\",\"name\":\"MDB tamb\u00e9m quer o J\u00fanior; o Cristiano do Porto; e a lulista da Zimba -\",\"isPartOf\":{\"@id\":\"https:\/\/sulsc.com\/#website\"},\"datePublished\":\"2023-12-08T23:32:55+00:00\",\"dateModified\":\"2023-12-08T23:32:55+00:00\",\"author\":{\"@id\":\"https:\/\/sulsc.com\/#\/schema\/person\/fe4478fb3906e8eff7a933b2da6a5261\"},\"description\":\"Que enquanto o prefeito Rosenvaldo est\u00e1 entre a cruz e a caldeirinha, as mulheres est\u00e3o voando alto.\",\"breadcrumb\":{\"@id\":\"https:\/\/sulsc.com\/index.php\/2023\/12\/08\/mdb-tambem-quer-o-junior-o-cristiano-do-porto-e-a-lulista-da-zimba\/#breadcrumb\"},\"inLanguage\":\"en-US\",\"potentialAction\":[{\"@type\":\"ReadAction\",\"target\":[\"https:\/\/sulsc.com\/index.php\/2023\/12\/08\/mdb-tambem-quer-o-junior-o-cristiano-do-porto-e-a-lulista-da-zimba\/\"]}]},{\"@type\":\"BreadcrumbList\",\"@id\":\"https:\/\/sulsc.com\/index.php\/2023\/12\/08\/mdb-tambem-quer-o-junior-o-cristiano-do-porto-e-a-lulista-da-zimba\/#breadcrumb\",\"itemListElement\":[{\"@type\":\"ListItem\",\"position\":1,\"name\":\"In\u00edcio\",\"item\":\"https:\/\/sulsc.com\/\"},{\"@type\":\"ListItem\",\"position\":2,\"name\":\"MDB tamb\u00e9m quer o J\u00fanior; o Cristiano do Porto; e a lulista da Zimba\"}]},{\"@type\":\"WebSite\",\"@id\":\"https:\/\/sulsc.com\/#website\",\"url\":\"https:\/\/sulsc.com\/\",\"name\":\"\",\"description\":\"\",\"potentialAction\":[{\"@type\":\"SearchAction\",\"target\":{\"@type\":\"EntryPoint\",\"urlTemplate\":\"https:\/\/sulsc.com\/?s={search_term_string}\"},\"query-input\":\"required name=search_term_string\"}],\"inLanguage\":\"en-US\"},{\"@type\":\"Person\",\"@id\":\"https:\/\/sulsc.com\/#\/schema\/person\/fe4478fb3906e8eff7a933b2da6a5261\",\"name\":\"Barnney Netto\",\"image\":{\"@type\":\"ImageObject\",\"inLanguage\":\"en-US\",\"@id\":\"https:\/\/sulsc.com\/#\/schema\/person\/image\/9e6f1765ae4529a028677df8fe67c737\",\"url\":\"https:\/\/sulsc.com\/wp-content\/uploads\/2024\/06\/Colunistas-icones.png\",\"contentUrl\":\"https:\/\/sulsc.com\/wp-content\/uploads\/2024\/06\/Colunistas-icones.png\",\"caption\":\"Barnney Netto\"},\"url\":\"https:\/\/sulsc.com\/index.php\/author\/barnney-netto\/\"}]}<\/script>\n<!-- \/ Yoast SEO plugin. -->","yoast_head_json":{"title":"MDB tamb\u00e9m quer o J\u00fanior; o Cristiano do Porto; e a lulista da Zimba -","description":"Que enquanto o prefeito Rosenvaldo est\u00e1 entre a cruz e a caldeirinha, as mulheres est\u00e3o voando alto.","robots":{"index":"index","follow":"follow","max-snippet":"max-snippet:-1","max-image-preview":"max-image-preview:large","max-video-preview":"max-video-preview:-1"},"canonical":"https:\/\/sulsc.com\/index.php\/2023\/12\/08\/mdb-tambem-quer-o-junior-o-cristiano-do-porto-e-a-lulista-da-zimba\/","og_locale":"en_US","og_type":"article","og_title":"MDB tamb\u00e9m quer o J\u00fanior; o Cristiano do Porto; e a lulista da Zimba -","og_description":"Que enquanto o prefeito Rosenvaldo est\u00e1 entre a cruz e a caldeirinha, as mulheres est\u00e3o voando alto.","og_url":"https:\/\/sulsc.com\/index.php\/2023\/12\/08\/mdb-tambem-quer-o-junior-o-cristiano-do-porto-e-a-lulista-da-zimba\/","article_published_time":"2023-12-08T23:32:55+00:00","og_image":[{"width":1080,"height":1080,"url":"http:\/\/sulsc.com\/wp-content\/uploads\/2023\/12\/Simples-assim-por-Barnney-Netto-portal-2.png","type":"image\/png"}],"author":"Barnney Netto","twitter_card":"summary_large_image","twitter_misc":{"Written by":"Barnney Netto","Est. reading time":"5 minutes"},"schema":{"@context":"https:\/\/schema.org","@graph":[{"@type":"WebPage","@id":"https:\/\/sulsc.com\/index.php\/2023\/12\/08\/mdb-tambem-quer-o-junior-o-cristiano-do-porto-e-a-lulista-da-zimba\/","url":"https:\/\/sulsc.com\/index.php\/2023\/12\/08\/mdb-tambem-quer-o-junior-o-cristiano-do-porto-e-a-lulista-da-zimba\/","name":"MDB tamb\u00e9m quer o J\u00fanior; o Cristiano do Porto; e a lulista da Zimba -","isPartOf":{"@id":"https:\/\/sulsc.com\/#website"},"datePublished":"2023-12-08T23:32:55+00:00","dateModified":"2023-12-08T23:32:55+00:00","author":{"@id":"https:\/\/sulsc.com\/#\/schema\/person\/fe4478fb3906e8eff7a933b2da6a5261"},"description":"Que enquanto o prefeito Rosenvaldo est\u00e1 entre a cruz e a caldeirinha, as mulheres est\u00e3o voando alto.","breadcrumb":{"@id":"https:\/\/sulsc.com\/index.php\/2023\/12\/08\/mdb-tambem-quer-o-junior-o-cristiano-do-porto-e-a-lulista-da-zimba\/#breadcrumb"},"inLanguage":"en-US","potentialAction":[{"@type":"ReadAction","target":["https:\/\/sulsc.com\/index.php\/2023\/12\/08\/mdb-tambem-quer-o-junior-o-cristiano-do-porto-e-a-lulista-da-zimba\/"]}]},{"@type":"BreadcrumbList","@id":"https:\/\/sulsc.com\/index.php\/2023\/12\/08\/mdb-tambem-quer-o-junior-o-cristiano-do-porto-e-a-lulista-da-zimba\/#breadcrumb","itemListElement":[{"@type":"ListItem","position":1,"name":"In\u00edcio","item":"https:\/\/sulsc.com\/"},{"@type":"ListItem","position":2,"name":"MDB tamb\u00e9m quer o J\u00fanior; o Cristiano do Porto; e a lulista da Zimba"}]},{"@type":"WebSite","@id":"https:\/\/sulsc.com\/#website","url":"https:\/\/sulsc.com\/","name":"","description":"","potentialAction":[{"@type":"SearchAction","target":{"@type":"EntryPoint","urlTemplate":"https:\/\/sulsc.com\/?s={search_term_string}"},"query-input":"required name=search_term_string"}],"inLanguage":"en-US"},{"@type":"Person","@id":"https:\/\/sulsc.com\/#\/schema\/person\/fe4478fb3906e8eff7a933b2da6a5261","name":"Barnney Netto","image":{"@type":"ImageObject","inLanguage":"en-US","@id":"https:\/\/sulsc.com\/#\/schema\/person\/image\/9e6f1765ae4529a028677df8fe67c737","url":"https:\/\/sulsc.com\/wp-content\/uploads\/2024\/06\/Colunistas-icones.png","contentUrl":"https:\/\/sulsc.com\/wp-content\/uploads\/2024\/06\/Colunistas-icones.png","caption":"Barnney Netto"},"url":"https:\/\/sulsc.com\/index.php\/author\/barnney-netto\/"}]}},"authors":[],"_links":{"self":[{"href":"https:\/\/sulsc.com\/index.php\/wp-json\/wp\/v2\/posts\/4885"}],"collection":[{"href":"https:\/\/sulsc.com\/index.php\/wp-json\/wp\/v2\/posts"}],"about":[{"href":"https:\/\/sulsc.com\/index.php\/wp-json\/wp\/v2\/types\/post"}],"author":[{"embeddable":true,"href":"https:\/\/sulsc.com\/index.php\/wp-json\/wp\/v2\/users\/9"}],"replies":[{"embeddable":true,"href":"https:\/\/sulsc.com\/index.php\/wp-json\/wp\/v2\/comments?post=4885"}],"version-history":[{"count":1,"href":"https:\/\/sulsc.com\/index.php\/wp-json\/wp\/v2\/posts\/4885\/revisions"}],"predecessor-version":[{"id":4888,"href":"https:\/\/sulsc.com\/index.php\/wp-json\/wp\/v2\/posts\/4885\/revisions\/4888"}],"wp:featuredmedia":[{"embeddable":true,"href":"https:\/\/sulsc.com\/index.php\/wp-json\/wp\/v2\/media\/4886"}],"wp:attachment":[{"href":"https:\/\/sulsc.com\/index.php\/wp-json\/wp\/v2\/media?parent=4885"}],"wp:term":[{"taxonomy":"category","embeddable":true,"href":"https:\/\/sulsc.com\/index.php\/wp-json\/wp\/v2\/categories?post=4885"},{"taxonomy":"post_tag","embeddable":true,"href":"https:\/\/sulsc.com\/index.php\/wp-json\/wp\/v2\/tags?post=4885"}],"curies":[{"name":"wp","href":"https:\/\/api.w.org\/{rel}","templated":true}]}}