{"id":4894,"date":"2023-12-09T08:40:02","date_gmt":"2023-12-09T11:40:02","guid":{"rendered":"https:\/\/sulsc.com\/?p=4894"},"modified":"2023-12-09T08:44:17","modified_gmt":"2023-12-09T11:44:17","slug":"no-sabado-9-sol-e-presenca-de-nuvens-em-sc","status":"publish","type":"post","link":"https:\/\/sulsc.com\/index.php\/2023\/12\/09\/no-sabado-9-sol-e-presenca-de-nuvens-em-sc\/","title":{"rendered":"No s\u00e1bado (9), sol e presen\u00e7a de nuvens em SC"},"content":{"rendered":"<p>No s\u00e1bado (9), o sol predomina do Grande Oeste, enquanto o restante do estado permanece com maior presen\u00e7a de nuvens, inclusive com chance de chuva fraca isolada no litoral. Principalmente nos extremos do dia, devido a circula\u00e7\u00e3o mar\u00edtima.<\/p>\n<p>De acordo com a Defesa Civil, entre a tarde e a noite, o calor combinado ao in\u00edcio da forma\u00e7\u00e3o de um sistema de baixa press\u00e3o, provocam pancadas de chuva e temporais isolados do Extremo ao Meio-Oeste. As temperaturas m\u00e1ximas n\u00e3o passam dos 18\u00b0C nos Planaltos, variam entre 28\u00b0C e 30\u00b0C no Grande Oeste e oscilam de 22\u00b0C a 24\u00b0C nas demais regi\u00f5es.<\/p>\n<p>Vento de sul\/sudeste passando para leste\/nordeste fraco a moderado e com rajadas no litoral no amanhecer. O risco \u00e9 baixo para ocorr\u00eancias relacionadas aos temporais no final do dia. O dia come\u00e7a com mar agitado, especialmente entre o Litoral Sul e Florian\u00f3polis, com ondas de sul\/sudeste entre 1,5 e 2,0m, diminuindo no decorrer do per\u00edodo.<\/p>\n<p><img fetchpriority=\"high\" decoding=\"async\" class=\"alignnone size-large wp-image-937\" src=\"http:\/\/sulsc.com\/wp-content\/uploads\/2023\/09\/sol-e-nuvens-1024x685.jpg\" alt=\"\" width=\"1024\" height=\"685\" srcset=\"https:\/\/sulsc.com\/wp-content\/uploads\/2023\/09\/sol-e-nuvens-1024x685.jpg 1024w, https:\/\/sulsc.com\/wp-content\/uploads\/2023\/09\/sol-e-nuvens-300x201.jpg 300w, https:\/\/sulsc.com\/wp-content\/uploads\/2023\/09\/sol-e-nuvens-768x514.jpg 768w, https:\/\/sulsc.com\/wp-content\/uploads\/2023\/09\/sol-e-nuvens-1536x1028.jpg 1536w, https:\/\/sulsc.com\/wp-content\/uploads\/2023\/09\/sol-e-nuvens-2048x1371.jpg 2048w\" sizes=\"(max-width: 1024px) 100vw, 1024px\" \/><\/p>\n","protected":false},"excerpt":{"rendered":"<p>No s\u00e1bado (9), o sol predomina do Grande Oeste, enquanto o restante do estado permanece com maior presen\u00e7a de nuvens, inclusive com chance de chuva fraca isolada no litoral. Principalmente nos extremos do dia, devido a circula\u00e7\u00e3o mar\u00edtima. De acordo com a Defesa Civil, entre a tarde e a noite, o calor combinado ao in\u00edcio &hellip;<\/p>\n<p class=\"read-more\"> <a class=\"\" href=\"https:\/\/sulsc.com\/index.php\/2023\/12\/09\/no-sabado-9-sol-e-presenca-de-nuvens-em-sc\/\"> <span class=\"screen-reader-text\">No s\u00e1bado (9), sol e presen\u00e7a de nuvens em SC<\/span> Read More &raquo;<\/a><\/p>\n","protected":false},"author":3,"featured_media":937,"comment_status":"open","ping_status":"open","sticky":false,"template":"","format":"standard","meta":{"site-sidebar-layout":"default","site-content-layout":"","ast-site-content-layout":"default","site-content-style":"default","site-sidebar-style":"default","ast-global-header-display":"","ast-banner-title-visibility":"","ast-main-header-display":"","ast-hfb-above-header-display":"","ast-hfb-below-header-display":"","ast-hfb-mobile-header-display":"","site-post-title":"","ast-breadcrumbs-content":"","ast-featured-img":"","footer-sml-layout":"","theme-transparent-header-meta":"default","adv-header-id-meta":"","stick-header-meta":"","header-above-stick-meta":"","header-main-stick-meta":"","header-below-stick-meta":"","astra-migrate-meta-layouts":"set","footnotes":""},"categories":[1],"tags":[],"yoast_head":"<!-- This site is optimized with the Yoast SEO plugin v21.4 - https:\/\/yoast.com\/wordpress\/plugins\/seo\/ -->\n<title>No s\u00e1bado (9), sol e presen\u00e7a de nuvens em SC -<\/title>\n<meta name=\"robots\" content=\"index, follow, max-snippet:-1, max-image-preview:large, max-video-preview:-1\" \/>\n<link rel=\"canonical\" href=\"https:\/\/sulsc.com\/index.php\/2023\/12\/09\/no-sabado-9-sol-e-presenca-de-nuvens-em-sc\/\" \/>\n<meta property=\"og:locale\" content=\"en_US\" \/>\n<meta property=\"og:type\" content=\"article\" \/>\n<meta property=\"og:title\" content=\"No s\u00e1bado (9), sol e presen\u00e7a de nuvens em SC -\" \/>\n<meta property=\"og:description\" content=\"No s\u00e1bado (9), o sol predomina do Grande Oeste, enquanto o restante do estado permanece com maior presen\u00e7a de nuvens, inclusive com chance de chuva fraca isolada no litoral. Principalmente nos extremos do dia, devido a circula\u00e7\u00e3o mar\u00edtima. De acordo com a Defesa Civil, entre a tarde e a noite, o calor combinado ao in\u00edcio &hellip; No s\u00e1bado (9), sol e presen\u00e7a de nuvens em SC Read More &raquo;\" \/>\n<meta property=\"og:url\" content=\"https:\/\/sulsc.com\/index.php\/2023\/12\/09\/no-sabado-9-sol-e-presenca-de-nuvens-em-sc\/\" \/>\n<meta property=\"article:author\" content=\"https:\/\/www.facebook.com\/profile.php?id=61559278119680\" \/>\n<meta property=\"article:published_time\" content=\"2023-12-09T11:40:02+00:00\" \/>\n<meta property=\"article:modified_time\" content=\"2023-12-09T11:44:17+00:00\" \/>\n<meta property=\"og:image\" content=\"http:\/\/sulsc.com\/wp-content\/uploads\/2023\/09\/sol-e-nuvens-scaled.jpg\" \/>\n\t<meta property=\"og:image:width\" content=\"2560\" \/>\n\t<meta property=\"og:image:height\" content=\"1714\" \/>\n\t<meta property=\"og:image:type\" content=\"image\/jpeg\" \/>\n<meta name=\"author\" content=\"Reda\u00e7\u00e3o Sul SC\" \/>\n<meta name=\"twitter:card\" content=\"summary_large_image\" \/>\n<meta name=\"twitter:creator\" content=\"@https:\/\/twitter.com\/PortalSulSC\" \/>\n<meta name=\"twitter:label1\" content=\"Written by\" \/>\n\t<meta name=\"twitter:data1\" content=\"Reda\u00e7\u00e3o Sul SC\" \/>\n\t<meta name=\"twitter:label2\" content=\"Est. reading time\" \/>\n\t<meta name=\"twitter:data2\" content=\"2 minutes\" \/>\n<script type=\"application\/ld+json\" class=\"yoast-schema-graph\">{\"@context\":\"https:\/\/schema.org\",\"@graph\":[{\"@type\":\"WebPage\",\"@id\":\"https:\/\/sulsc.com\/index.php\/2023\/12\/09\/no-sabado-9-sol-e-presenca-de-nuvens-em-sc\/\",\"url\":\"https:\/\/sulsc.com\/index.php\/2023\/12\/09\/no-sabado-9-sol-e-presenca-de-nuvens-em-sc\/\",\"name\":\"No s\u00e1bado (9), sol e presen\u00e7a de nuvens em SC -\",\"isPartOf\":{\"@id\":\"https:\/\/sulsc.com\/#website\"},\"datePublished\":\"2023-12-09T11:40:02+00:00\",\"dateModified\":\"2023-12-09T11:44:17+00:00\",\"author\":{\"@id\":\"https:\/\/sulsc.com\/#\/schema\/person\/84d2fc571684f6248ba83092f07750a3\"},\"breadcrumb\":{\"@id\":\"https:\/\/sulsc.com\/index.php\/2023\/12\/09\/no-sabado-9-sol-e-presenca-de-nuvens-em-sc\/#breadcrumb\"},\"inLanguage\":\"en-US\",\"potentialAction\":[{\"@type\":\"ReadAction\",\"target\":[\"https:\/\/sulsc.com\/index.php\/2023\/12\/09\/no-sabado-9-sol-e-presenca-de-nuvens-em-sc\/\"]}]},{\"@type\":\"BreadcrumbList\",\"@id\":\"https:\/\/sulsc.com\/index.php\/2023\/12\/09\/no-sabado-9-sol-e-presenca-de-nuvens-em-sc\/#breadcrumb\",\"itemListElement\":[{\"@type\":\"ListItem\",\"position\":1,\"name\":\"In\u00edcio\",\"item\":\"https:\/\/sulsc.com\/\"},{\"@type\":\"ListItem\",\"position\":2,\"name\":\"No s\u00e1bado (9), sol e presen\u00e7a de nuvens em SC\"}]},{\"@type\":\"WebSite\",\"@id\":\"https:\/\/sulsc.com\/#website\",\"url\":\"https:\/\/sulsc.com\/\",\"name\":\"\",\"description\":\"\",\"potentialAction\":[{\"@type\":\"SearchAction\",\"target\":{\"@type\":\"EntryPoint\",\"urlTemplate\":\"https:\/\/sulsc.com\/?s={search_term_string}\"},\"query-input\":\"required name=search_term_string\"}],\"inLanguage\":\"en-US\"},{\"@type\":\"Person\",\"@id\":\"https:\/\/sulsc.com\/#\/schema\/person\/84d2fc571684f6248ba83092f07750a3\",\"name\":\"Reda\u00e7\u00e3o Sul SC\",\"image\":{\"@type\":\"ImageObject\",\"inLanguage\":\"en-US\",\"@id\":\"https:\/\/sulsc.com\/#\/schema\/person\/image\/e08d7fe2cc4ed596372063bbe852b8d0\",\"url\":\"https:\/\/sulsc.com\/wp-content\/uploads\/2023\/09\/redacao.png\",\"contentUrl\":\"https:\/\/sulsc.com\/wp-content\/uploads\/2023\/09\/redacao.png\",\"caption\":\"Reda\u00e7\u00e3o Sul SC\"},\"description\":\"Foco em um jornalismo imparcial, voltado \u00e0 qualidade dos seus conte\u00fados e, assim, levar informa\u00e7\u00e3o de valor que agregue \u00e0 vida dos leitores. Esta \u00e9 grande miss\u00e3o do Portal de Not\u00edcias Sul SC. N\u00e3o \u00e9 quantidade que muda o mundo, sempre foi e seguir\u00e1 sendo qualidade!\",\"sameAs\":[\"https:\/\/sulsc.com\/\",\"https:\/\/www.facebook.com\/profile.php?id=61559278119680\",\"https:\/\/www.instagram.com\/sulscportal\/?hl=pt-br\",\"https:\/\/twitter.com\/https:\/\/twitter.com\/PortalSulSC\",\"https:\/\/www.youtube.com\/channel\/UCv_BE8GeySluDov2n8qhVmw\"],\"url\":\"https:\/\/sulsc.com\/index.php\/author\/redacao\/\"}]}<\/script>\n<!-- \/ Yoast SEO plugin. -->","yoast_head_json":{"title":"No s\u00e1bado (9), sol e presen\u00e7a de nuvens em SC -","robots":{"index":"index","follow":"follow","max-snippet":"max-snippet:-1","max-image-preview":"max-image-preview:large","max-video-preview":"max-video-preview:-1"},"canonical":"https:\/\/sulsc.com\/index.php\/2023\/12\/09\/no-sabado-9-sol-e-presenca-de-nuvens-em-sc\/","og_locale":"en_US","og_type":"article","og_title":"No s\u00e1bado (9), sol e presen\u00e7a de nuvens em SC -","og_description":"No s\u00e1bado (9), o sol predomina do Grande Oeste, enquanto o restante do estado permanece com maior presen\u00e7a de nuvens, inclusive com chance de chuva fraca isolada no litoral. Principalmente nos extremos do dia, devido a circula\u00e7\u00e3o mar\u00edtima. De acordo com a Defesa Civil, entre a tarde e a noite, o calor combinado ao in\u00edcio &hellip; No s\u00e1bado (9), sol e presen\u00e7a de nuvens em SC Read More &raquo;","og_url":"https:\/\/sulsc.com\/index.php\/2023\/12\/09\/no-sabado-9-sol-e-presenca-de-nuvens-em-sc\/","article_author":"https:\/\/www.facebook.com\/profile.php?id=61559278119680","article_published_time":"2023-12-09T11:40:02+00:00","article_modified_time":"2023-12-09T11:44:17+00:00","og_image":[{"width":2560,"height":1714,"url":"http:\/\/sulsc.com\/wp-content\/uploads\/2023\/09\/sol-e-nuvens-scaled.jpg","type":"image\/jpeg"}],"author":"Reda\u00e7\u00e3o Sul SC","twitter_card":"summary_large_image","twitter_creator":"@https:\/\/twitter.com\/PortalSulSC","twitter_misc":{"Written by":"Reda\u00e7\u00e3o Sul SC","Est. reading time":"2 minutes"},"schema":{"@context":"https:\/\/schema.org","@graph":[{"@type":"WebPage","@id":"https:\/\/sulsc.com\/index.php\/2023\/12\/09\/no-sabado-9-sol-e-presenca-de-nuvens-em-sc\/","url":"https:\/\/sulsc.com\/index.php\/2023\/12\/09\/no-sabado-9-sol-e-presenca-de-nuvens-em-sc\/","name":"No s\u00e1bado (9), sol e presen\u00e7a de nuvens em SC -","isPartOf":{"@id":"https:\/\/sulsc.com\/#website"},"datePublished":"2023-12-09T11:40:02+00:00","dateModified":"2023-12-09T11:44:17+00:00","author":{"@id":"https:\/\/sulsc.com\/#\/schema\/person\/84d2fc571684f6248ba83092f07750a3"},"breadcrumb":{"@id":"https:\/\/sulsc.com\/index.php\/2023\/12\/09\/no-sabado-9-sol-e-presenca-de-nuvens-em-sc\/#breadcrumb"},"inLanguage":"en-US","potentialAction":[{"@type":"ReadAction","target":["https:\/\/sulsc.com\/index.php\/2023\/12\/09\/no-sabado-9-sol-e-presenca-de-nuvens-em-sc\/"]}]},{"@type":"BreadcrumbList","@id":"https:\/\/sulsc.com\/index.php\/2023\/12\/09\/no-sabado-9-sol-e-presenca-de-nuvens-em-sc\/#breadcrumb","itemListElement":[{"@type":"ListItem","position":1,"name":"In\u00edcio","item":"https:\/\/sulsc.com\/"},{"@type":"ListItem","position":2,"name":"No s\u00e1bado (9), sol e presen\u00e7a de nuvens em SC"}]},{"@type":"WebSite","@id":"https:\/\/sulsc.com\/#website","url":"https:\/\/sulsc.com\/","name":"","description":"","potentialAction":[{"@type":"SearchAction","target":{"@type":"EntryPoint","urlTemplate":"https:\/\/sulsc.com\/?s={search_term_string}"},"query-input":"required name=search_term_string"}],"inLanguage":"en-US"},{"@type":"Person","@id":"https:\/\/sulsc.com\/#\/schema\/person\/84d2fc571684f6248ba83092f07750a3","name":"Reda\u00e7\u00e3o Sul SC","image":{"@type":"ImageObject","inLanguage":"en-US","@id":"https:\/\/sulsc.com\/#\/schema\/person\/image\/e08d7fe2cc4ed596372063bbe852b8d0","url":"https:\/\/sulsc.com\/wp-content\/uploads\/2023\/09\/redacao.png","contentUrl":"https:\/\/sulsc.com\/wp-content\/uploads\/2023\/09\/redacao.png","caption":"Reda\u00e7\u00e3o Sul SC"},"description":"Foco em um jornalismo imparcial, voltado \u00e0 qualidade dos seus conte\u00fados e, assim, levar informa\u00e7\u00e3o de valor que agregue \u00e0 vida dos leitores. Esta \u00e9 grande miss\u00e3o do Portal de Not\u00edcias Sul SC. N\u00e3o \u00e9 quantidade que muda o mundo, sempre foi e seguir\u00e1 sendo qualidade!","sameAs":["https:\/\/sulsc.com\/","https:\/\/www.facebook.com\/profile.php?id=61559278119680","https:\/\/www.instagram.com\/sulscportal\/?hl=pt-br","https:\/\/twitter.com\/https:\/\/twitter.com\/PortalSulSC","https:\/\/www.youtube.com\/channel\/UCv_BE8GeySluDov2n8qhVmw"],"url":"https:\/\/sulsc.com\/index.php\/author\/redacao\/"}]}},"authors":[],"_links":{"self":[{"href":"https:\/\/sulsc.com\/index.php\/wp-json\/wp\/v2\/posts\/4894"}],"collection":[{"href":"https:\/\/sulsc.com\/index.php\/wp-json\/wp\/v2\/posts"}],"about":[{"href":"https:\/\/sulsc.com\/index.php\/wp-json\/wp\/v2\/types\/post"}],"author":[{"embeddable":true,"href":"https:\/\/sulsc.com\/index.php\/wp-json\/wp\/v2\/users\/3"}],"replies":[{"embeddable":true,"href":"https:\/\/sulsc.com\/index.php\/wp-json\/wp\/v2\/comments?post=4894"}],"version-history":[{"count":1,"href":"https:\/\/sulsc.com\/index.php\/wp-json\/wp\/v2\/posts\/4894\/revisions"}],"predecessor-version":[{"id":4895,"href":"https:\/\/sulsc.com\/index.php\/wp-json\/wp\/v2\/posts\/4894\/revisions\/4895"}],"wp:featuredmedia":[{"embeddable":true,"href":"https:\/\/sulsc.com\/index.php\/wp-json\/wp\/v2\/media\/937"}],"wp:attachment":[{"href":"https:\/\/sulsc.com\/index.php\/wp-json\/wp\/v2\/media?parent=4894"}],"wp:term":[{"taxonomy":"category","embeddable":true,"href":"https:\/\/sulsc.com\/index.php\/wp-json\/wp\/v2\/categories?post=4894"},{"taxonomy":"post_tag","embeddable":true,"href":"https:\/\/sulsc.com\/index.php\/wp-json\/wp\/v2\/tags?post=4894"}],"curies":[{"name":"wp","href":"https:\/\/api.w.org\/{rel}","templated":true}]}}