{"id":4907,"date":"2023-12-09T13:27:39","date_gmt":"2023-12-09T16:27:39","guid":{"rendered":"https:\/\/sulsc.com\/?p=4907"},"modified":"2023-12-09T13:27:39","modified_gmt":"2023-12-09T16:27:39","slug":"forcas-de-seguranca-publica-de-sc-reduzem-criminalidade-em-2023","status":"publish","type":"post","link":"https:\/\/sulsc.com\/index.php\/2023\/12\/09\/forcas-de-seguranca-publica-de-sc-reduzem-criminalidade-em-2023\/","title":{"rendered":"For\u00e7as de seguran\u00e7a p\u00fablica de SC reduzem criminalidade em 2023"},"content":{"rendered":"<p>O trabalho integrado das for\u00e7as de Seguran\u00e7a P\u00fablica de Santa Catarina garantiu a diminui\u00e7\u00e3o dos \u00edndices de criminalidade em 2023. Houve uma redu\u00e7\u00e3o de 47% nos latroc\u00ednios, em roubos e furtos a institui\u00e7\u00f5es financeiras a redu\u00e7\u00e3o foi de 22%, em roubos no geral tamb\u00e9m houve decr\u00e9scimo de 14%, e crime de les\u00e3o corporal seguida de morte tamb\u00e9m registrou redu\u00e7\u00e3o de 31,5%. Todos os dados s\u00e3o da Secretaria de Estado da Seguran\u00e7a P\u00fablica (SSP), compreendendo o per\u00edodo de 1\u00ba de janeiro a 4 de dezembro, comparado a igual per\u00edodo do ano passado.<\/p>\n<p>\u201cNossas for\u00e7as de seguran\u00e7a est\u00e3o realizando um \u00f3timo trabalho e melhorando nossos indicadores. Conseguimos reduzir o n\u00famero de mortes violentas. Ao mesmo tempo, nossas equipes est\u00e3o realizando mais opera\u00e7\u00f5es, mais a\u00e7\u00f5es de busca e apreens\u00e3o e de pris\u00f5es. Tiramos os criminosos da rua e nosso Estado fica cada vez mais seguro\u201d, afirmou o governador Jorginho Mello.<\/p>\n<p>Em compara\u00e7\u00e3o a 2022, at\u00e9 o dia 4 de dezembro, foram registrados 7,1 homic\u00eddios por 100 mil habitantes, com a queda nos \u00edndices de mortes violentas neste ano, foram 6,9 homic\u00eddios por 100 mil habitantes em SC.<\/p>\n<p>Para o secret\u00e1rio da Seguran\u00e7a P\u00fablica, Paulo Cezar Ramos de Oliveira, os dados demonstram o resultado do trabalho conjunto das for\u00e7as de Seguran\u00e7a P\u00fablica. \u201cA compet\u00eancia e o comprometimento das nossas for\u00e7as de manter um estado seguro, \u00e9 o principal destaque que eu posso dar. A pol\u00edcia militar, pol\u00edcia civil e pol\u00edcia cient\u00edfica vieram demonstrando esfor\u00e7os durante todo o ano de 2023, e com certeza esses esfor\u00e7os j\u00e1 est\u00e3o dando resultado, como a queda abrupta da criminalidade\u201d, comenta Paulo Cezar.<\/p>\n<p><img fetchpriority=\"high\" decoding=\"async\" class=\"alignnone size-full wp-image-4908\" src=\"http:\/\/sulsc.com\/wp-content\/uploads\/2023\/12\/Forcas-de-seguranca-publica-de-SC-reduzem-criminalidade-em-2023.jpg\" alt=\"\" width=\"800\" height=\"563\" srcset=\"https:\/\/sulsc.com\/wp-content\/uploads\/2023\/12\/Forcas-de-seguranca-publica-de-SC-reduzem-criminalidade-em-2023.jpg 800w, https:\/\/sulsc.com\/wp-content\/uploads\/2023\/12\/Forcas-de-seguranca-publica-de-SC-reduzem-criminalidade-em-2023-300x211.jpg 300w, https:\/\/sulsc.com\/wp-content\/uploads\/2023\/12\/Forcas-de-seguranca-publica-de-SC-reduzem-criminalidade-em-2023-768x540.jpg 768w\" sizes=\"(max-width: 800px) 100vw, 800px\" \/><\/p>\n<p><strong>Trabalho em conjunto<\/strong><\/p>\n<p>O resultado da queda no \u00edndice de criminalidade foi consequ\u00eancia do trabalho das for\u00e7as de seguran\u00e7a p\u00fablica. A Pol\u00edcia Militar de Santa Catarina (PMSC) realizou em 2023 46.124 opera\u00e7\u00f5es, seis mil a mais que em 2022. O resultado dessas Opera\u00e7\u00f5es foi a apreens\u00e3o de 12 toneladas de maconha e 1,3 toneladas de coca\u00edna, 1.138 armas, com a pris\u00e3o de 33.165 infratores. Al\u00e9m disso, foram encontrados 4.571 ve\u00edculos, que foram recuperados ou apreendidos.<\/p>\n<p>Foram realizadas sete opera\u00e7\u00f5es em todo o estado, sendo elas a Opera\u00e7\u00e3o 360 Infinito, Opera\u00e7\u00e3o Ver\u00e3o (22\/23), Opera\u00e7\u00e3o Ordem P\u00fablica Sul Catarinense, Opera\u00e7\u00e3o Alegria no Carnaval de 2023, Opera\u00e7\u00e3o \u00c0tria, Opera\u00e7\u00e3o Quaresma e Opera\u00e7\u00e3o Integra\u00e7\u00e3o.<\/p>\n<p>Para o comandante-geral da PMSC, coronel Aur\u00e9lio Jos\u00e9 Pelozato da Rosa, o trabalho feito em 2023 est\u00e1 totalmente integrado com as demais For\u00e7as de Seguran\u00e7a. \u201cA PMSC est\u00e1 presente em todos os munic\u00edpios de Santa Catarina, a bem da ordem p\u00fablica, realizando as rondas ostensivas e realizando a seguran\u00e7a de todos os cidad\u00e3os\u201d, acrescenta o coronel.<\/p>\n<p>A Pol\u00edcia Civil de Santa Catarina (PCSC) vem batendo recordes de produtividade. Com o balan\u00e7o divulgado pela Diretoria de Intelig\u00eancia de PCSC revelou que foram cumpridos 5.584 mandados de pris\u00e3o e 7.511 mandados de busca e apreens\u00e3o. Em termos percentuais representa um aumento de 66,09% no cumprimento e mandados de pris\u00e3o e 59,67% nos mandados de busca.<\/p>\n<p>O delegado-geral da PCSC, Ulisses Gabriel, explicou que os mandados s\u00e3o fundamentais na resolu\u00e7\u00e3o dos crimes. \u201cCom o mandado de busca os policiais v\u00e3o at\u00e9 o local em busca de tudo que seja relevante para a investiga\u00e7\u00e3o, o que interfere diretamente no sucesso da elucida\u00e7\u00e3o\u201d, assinalou o delegado-geral.<\/p>\n<p>Com a Policia Cientifica de Santa Catarina (PCISC), o resultado n\u00e3o foi diferente, at\u00e9 outubro de 2023, pelo menos 10 setores t\u00e9cnicos da PCISC j\u00e1 produziram mais laudos periciais que em todo ano de 2022, foram 220 mil exames at\u00e9 outubro de 2023. O \u00f3rg\u00e3o tamb\u00e9m realizou o mutir\u00e3o de carteira de identidade, realizando mais de 600 mil carteiras de identidade por todo o estado.<\/p>\n<p>A perita-geral Andressa Boer Fronza enfatiza que o ano de 2023 marca mais um per\u00edodo de grandes avan\u00e7os e conquistas para a Pol\u00edcia Cient\u00edfica. Com investimentos do Governo do Estado e recursos provenientes de conv\u00eanios, o \u00f3rg\u00e3o pericial refor\u00e7ou sua frota de viaturas e est\u00e1 executando v\u00e1rios projetos para moderniza\u00e7\u00e3o do seu parque tecnol\u00f3gico com equipamentos de \u00faltima gera\u00e7\u00e3o.<\/p>\n<p>\u201cOs resultados da Policia Cient\u00edfica de Santa Catarina est\u00e3o cada vez melhores em rela\u00e7\u00e3o aos seus anos anteriores. Com mais treinamentos, servidores e acesso \u00e0 ferramentas tecnol\u00f3gicas, os resultados ser\u00e3o cada vez melhores na produ\u00e7\u00e3o de provas periciais\u201d, explica Andressa.<\/p>\n","protected":false},"excerpt":{"rendered":"<p>O trabalho integrado das for\u00e7as de Seguran\u00e7a P\u00fablica de Santa Catarina garantiu a diminui\u00e7\u00e3o dos \u00edndices de criminalidade em 2023. Houve uma redu\u00e7\u00e3o de 47% nos latroc\u00ednios, em roubos e furtos a institui\u00e7\u00f5es financeiras a redu\u00e7\u00e3o foi de 22%, em roubos no geral tamb\u00e9m houve decr\u00e9scimo de 14%, e crime de les\u00e3o corporal seguida de &hellip;<\/p>\n<p class=\"read-more\"> <a class=\"\" href=\"https:\/\/sulsc.com\/index.php\/2023\/12\/09\/forcas-de-seguranca-publica-de-sc-reduzem-criminalidade-em-2023\/\"> <span class=\"screen-reader-text\">For\u00e7as de seguran\u00e7a p\u00fablica de SC reduzem criminalidade em 2023<\/span> Read More &raquo;<\/a><\/p>\n","protected":false},"author":3,"featured_media":4908,"comment_status":"open","ping_status":"open","sticky":false,"template":"","format":"standard","meta":{"site-sidebar-layout":"default","site-content-layout":"","ast-site-content-layout":"default","site-content-style":"default","site-sidebar-style":"default","ast-global-header-display":"","ast-banner-title-visibility":"","ast-main-header-display":"","ast-hfb-above-header-display":"","ast-hfb-below-header-display":"","ast-hfb-mobile-header-display":"","site-post-title":"","ast-breadcrumbs-content":"","ast-featured-img":"","footer-sml-layout":"","theme-transparent-header-meta":"default","adv-header-id-meta":"","stick-header-meta":"","header-above-stick-meta":"","header-main-stick-meta":"","header-below-stick-meta":"","astra-migrate-meta-layouts":"set","footnotes":""},"categories":[8],"tags":[],"yoast_head":"<!-- This site is optimized with the Yoast SEO plugin v21.4 - https:\/\/yoast.com\/wordpress\/plugins\/seo\/ -->\n<title>For\u00e7as de seguran\u00e7a p\u00fablica de SC reduzem criminalidade em 2023 -<\/title>\n<meta name=\"robots\" content=\"index, follow, max-snippet:-1, max-image-preview:large, max-video-preview:-1\" \/>\n<link rel=\"canonical\" href=\"https:\/\/sulsc.com\/index.php\/2023\/12\/09\/forcas-de-seguranca-publica-de-sc-reduzem-criminalidade-em-2023\/\" \/>\n<meta property=\"og:locale\" content=\"en_US\" \/>\n<meta property=\"og:type\" content=\"article\" \/>\n<meta property=\"og:title\" content=\"For\u00e7as de seguran\u00e7a p\u00fablica de SC reduzem criminalidade em 2023 -\" \/>\n<meta property=\"og:description\" content=\"O trabalho integrado das for\u00e7as de Seguran\u00e7a P\u00fablica de Santa Catarina garantiu a diminui\u00e7\u00e3o dos \u00edndices de criminalidade em 2023. Houve uma redu\u00e7\u00e3o de 47% nos latroc\u00ednios, em roubos e furtos a institui\u00e7\u00f5es financeiras a redu\u00e7\u00e3o foi de 22%, em roubos no geral tamb\u00e9m houve decr\u00e9scimo de 14%, e crime de les\u00e3o corporal seguida de &hellip; For\u00e7as de seguran\u00e7a p\u00fablica de SC reduzem criminalidade em 2023 Read More &raquo;\" \/>\n<meta property=\"og:url\" content=\"https:\/\/sulsc.com\/index.php\/2023\/12\/09\/forcas-de-seguranca-publica-de-sc-reduzem-criminalidade-em-2023\/\" \/>\n<meta property=\"article:author\" content=\"https:\/\/www.facebook.com\/profile.php?id=61559278119680\" \/>\n<meta property=\"article:published_time\" content=\"2023-12-09T16:27:39+00:00\" \/>\n<meta property=\"og:image\" content=\"http:\/\/sulsc.com\/wp-content\/uploads\/2023\/12\/Forcas-de-seguranca-publica-de-SC-reduzem-criminalidade-em-2023.jpg\" \/>\n\t<meta property=\"og:image:width\" content=\"800\" \/>\n\t<meta property=\"og:image:height\" content=\"563\" \/>\n\t<meta property=\"og:image:type\" content=\"image\/jpeg\" \/>\n<meta name=\"author\" content=\"Reda\u00e7\u00e3o Sul SC\" \/>\n<meta name=\"twitter:card\" content=\"summary_large_image\" \/>\n<meta name=\"twitter:creator\" content=\"@https:\/\/twitter.com\/PortalSulSC\" \/>\n<meta name=\"twitter:label1\" content=\"Written by\" \/>\n\t<meta name=\"twitter:data1\" content=\"Reda\u00e7\u00e3o Sul SC\" \/>\n\t<meta name=\"twitter:label2\" content=\"Est. reading time\" \/>\n\t<meta name=\"twitter:data2\" content=\"5 minutes\" \/>\n<script type=\"application\/ld+json\" class=\"yoast-schema-graph\">{\"@context\":\"https:\/\/schema.org\",\"@graph\":[{\"@type\":\"WebPage\",\"@id\":\"https:\/\/sulsc.com\/index.php\/2023\/12\/09\/forcas-de-seguranca-publica-de-sc-reduzem-criminalidade-em-2023\/\",\"url\":\"https:\/\/sulsc.com\/index.php\/2023\/12\/09\/forcas-de-seguranca-publica-de-sc-reduzem-criminalidade-em-2023\/\",\"name\":\"For\u00e7as de seguran\u00e7a p\u00fablica de SC reduzem criminalidade em 2023 -\",\"isPartOf\":{\"@id\":\"https:\/\/sulsc.com\/#website\"},\"datePublished\":\"2023-12-09T16:27:39+00:00\",\"dateModified\":\"2023-12-09T16:27:39+00:00\",\"author\":{\"@id\":\"https:\/\/sulsc.com\/#\/schema\/person\/84d2fc571684f6248ba83092f07750a3\"},\"breadcrumb\":{\"@id\":\"https:\/\/sulsc.com\/index.php\/2023\/12\/09\/forcas-de-seguranca-publica-de-sc-reduzem-criminalidade-em-2023\/#breadcrumb\"},\"inLanguage\":\"en-US\",\"potentialAction\":[{\"@type\":\"ReadAction\",\"target\":[\"https:\/\/sulsc.com\/index.php\/2023\/12\/09\/forcas-de-seguranca-publica-de-sc-reduzem-criminalidade-em-2023\/\"]}]},{\"@type\":\"BreadcrumbList\",\"@id\":\"https:\/\/sulsc.com\/index.php\/2023\/12\/09\/forcas-de-seguranca-publica-de-sc-reduzem-criminalidade-em-2023\/#breadcrumb\",\"itemListElement\":[{\"@type\":\"ListItem\",\"position\":1,\"name\":\"In\u00edcio\",\"item\":\"https:\/\/sulsc.com\/\"},{\"@type\":\"ListItem\",\"position\":2,\"name\":\"For\u00e7as de seguran\u00e7a p\u00fablica de SC reduzem criminalidade em 2023\"}]},{\"@type\":\"WebSite\",\"@id\":\"https:\/\/sulsc.com\/#website\",\"url\":\"https:\/\/sulsc.com\/\",\"name\":\"\",\"description\":\"\",\"potentialAction\":[{\"@type\":\"SearchAction\",\"target\":{\"@type\":\"EntryPoint\",\"urlTemplate\":\"https:\/\/sulsc.com\/?s={search_term_string}\"},\"query-input\":\"required name=search_term_string\"}],\"inLanguage\":\"en-US\"},{\"@type\":\"Person\",\"@id\":\"https:\/\/sulsc.com\/#\/schema\/person\/84d2fc571684f6248ba83092f07750a3\",\"name\":\"Reda\u00e7\u00e3o Sul SC\",\"image\":{\"@type\":\"ImageObject\",\"inLanguage\":\"en-US\",\"@id\":\"https:\/\/sulsc.com\/#\/schema\/person\/image\/e08d7fe2cc4ed596372063bbe852b8d0\",\"url\":\"https:\/\/sulsc.com\/wp-content\/uploads\/2023\/09\/redacao.png\",\"contentUrl\":\"https:\/\/sulsc.com\/wp-content\/uploads\/2023\/09\/redacao.png\",\"caption\":\"Reda\u00e7\u00e3o Sul SC\"},\"description\":\"Foco em um jornalismo imparcial, voltado \u00e0 qualidade dos seus conte\u00fados e, assim, levar informa\u00e7\u00e3o de valor que agregue \u00e0 vida dos leitores. Esta \u00e9 grande miss\u00e3o do Portal de Not\u00edcias Sul SC. N\u00e3o \u00e9 quantidade que muda o mundo, sempre foi e seguir\u00e1 sendo qualidade!\",\"sameAs\":[\"https:\/\/sulsc.com\/\",\"https:\/\/www.facebook.com\/profile.php?id=61559278119680\",\"https:\/\/www.instagram.com\/sulscportal\/?hl=pt-br\",\"https:\/\/twitter.com\/https:\/\/twitter.com\/PortalSulSC\",\"https:\/\/www.youtube.com\/channel\/UCv_BE8GeySluDov2n8qhVmw\"],\"url\":\"https:\/\/sulsc.com\/index.php\/author\/redacao\/\"}]}<\/script>\n<!-- \/ Yoast SEO plugin. -->","yoast_head_json":{"title":"For\u00e7as de seguran\u00e7a p\u00fablica de SC reduzem criminalidade em 2023 -","robots":{"index":"index","follow":"follow","max-snippet":"max-snippet:-1","max-image-preview":"max-image-preview:large","max-video-preview":"max-video-preview:-1"},"canonical":"https:\/\/sulsc.com\/index.php\/2023\/12\/09\/forcas-de-seguranca-publica-de-sc-reduzem-criminalidade-em-2023\/","og_locale":"en_US","og_type":"article","og_title":"For\u00e7as de seguran\u00e7a p\u00fablica de SC reduzem criminalidade em 2023 -","og_description":"O trabalho integrado das for\u00e7as de Seguran\u00e7a P\u00fablica de Santa Catarina garantiu a diminui\u00e7\u00e3o dos \u00edndices de criminalidade em 2023. Houve uma redu\u00e7\u00e3o de 47% nos latroc\u00ednios, em roubos e furtos a institui\u00e7\u00f5es financeiras a redu\u00e7\u00e3o foi de 22%, em roubos no geral tamb\u00e9m houve decr\u00e9scimo de 14%, e crime de les\u00e3o corporal seguida de &hellip; For\u00e7as de seguran\u00e7a p\u00fablica de SC reduzem criminalidade em 2023 Read More &raquo;","og_url":"https:\/\/sulsc.com\/index.php\/2023\/12\/09\/forcas-de-seguranca-publica-de-sc-reduzem-criminalidade-em-2023\/","article_author":"https:\/\/www.facebook.com\/profile.php?id=61559278119680","article_published_time":"2023-12-09T16:27:39+00:00","og_image":[{"width":800,"height":563,"url":"http:\/\/sulsc.com\/wp-content\/uploads\/2023\/12\/Forcas-de-seguranca-publica-de-SC-reduzem-criminalidade-em-2023.jpg","type":"image\/jpeg"}],"author":"Reda\u00e7\u00e3o Sul SC","twitter_card":"summary_large_image","twitter_creator":"@https:\/\/twitter.com\/PortalSulSC","twitter_misc":{"Written by":"Reda\u00e7\u00e3o Sul SC","Est. reading time":"5 minutes"},"schema":{"@context":"https:\/\/schema.org","@graph":[{"@type":"WebPage","@id":"https:\/\/sulsc.com\/index.php\/2023\/12\/09\/forcas-de-seguranca-publica-de-sc-reduzem-criminalidade-em-2023\/","url":"https:\/\/sulsc.com\/index.php\/2023\/12\/09\/forcas-de-seguranca-publica-de-sc-reduzem-criminalidade-em-2023\/","name":"For\u00e7as de seguran\u00e7a p\u00fablica de SC reduzem criminalidade em 2023 -","isPartOf":{"@id":"https:\/\/sulsc.com\/#website"},"datePublished":"2023-12-09T16:27:39+00:00","dateModified":"2023-12-09T16:27:39+00:00","author":{"@id":"https:\/\/sulsc.com\/#\/schema\/person\/84d2fc571684f6248ba83092f07750a3"},"breadcrumb":{"@id":"https:\/\/sulsc.com\/index.php\/2023\/12\/09\/forcas-de-seguranca-publica-de-sc-reduzem-criminalidade-em-2023\/#breadcrumb"},"inLanguage":"en-US","potentialAction":[{"@type":"ReadAction","target":["https:\/\/sulsc.com\/index.php\/2023\/12\/09\/forcas-de-seguranca-publica-de-sc-reduzem-criminalidade-em-2023\/"]}]},{"@type":"BreadcrumbList","@id":"https:\/\/sulsc.com\/index.php\/2023\/12\/09\/forcas-de-seguranca-publica-de-sc-reduzem-criminalidade-em-2023\/#breadcrumb","itemListElement":[{"@type":"ListItem","position":1,"name":"In\u00edcio","item":"https:\/\/sulsc.com\/"},{"@type":"ListItem","position":2,"name":"For\u00e7as de seguran\u00e7a p\u00fablica de SC reduzem criminalidade em 2023"}]},{"@type":"WebSite","@id":"https:\/\/sulsc.com\/#website","url":"https:\/\/sulsc.com\/","name":"","description":"","potentialAction":[{"@type":"SearchAction","target":{"@type":"EntryPoint","urlTemplate":"https:\/\/sulsc.com\/?s={search_term_string}"},"query-input":"required name=search_term_string"}],"inLanguage":"en-US"},{"@type":"Person","@id":"https:\/\/sulsc.com\/#\/schema\/person\/84d2fc571684f6248ba83092f07750a3","name":"Reda\u00e7\u00e3o Sul SC","image":{"@type":"ImageObject","inLanguage":"en-US","@id":"https:\/\/sulsc.com\/#\/schema\/person\/image\/e08d7fe2cc4ed596372063bbe852b8d0","url":"https:\/\/sulsc.com\/wp-content\/uploads\/2023\/09\/redacao.png","contentUrl":"https:\/\/sulsc.com\/wp-content\/uploads\/2023\/09\/redacao.png","caption":"Reda\u00e7\u00e3o Sul SC"},"description":"Foco em um jornalismo imparcial, voltado \u00e0 qualidade dos seus conte\u00fados e, assim, levar informa\u00e7\u00e3o de valor que agregue \u00e0 vida dos leitores. Esta \u00e9 grande miss\u00e3o do Portal de Not\u00edcias Sul SC. N\u00e3o \u00e9 quantidade que muda o mundo, sempre foi e seguir\u00e1 sendo qualidade!","sameAs":["https:\/\/sulsc.com\/","https:\/\/www.facebook.com\/profile.php?id=61559278119680","https:\/\/www.instagram.com\/sulscportal\/?hl=pt-br","https:\/\/twitter.com\/https:\/\/twitter.com\/PortalSulSC","https:\/\/www.youtube.com\/channel\/UCv_BE8GeySluDov2n8qhVmw"],"url":"https:\/\/sulsc.com\/index.php\/author\/redacao\/"}]}},"authors":[],"_links":{"self":[{"href":"https:\/\/sulsc.com\/index.php\/wp-json\/wp\/v2\/posts\/4907"}],"collection":[{"href":"https:\/\/sulsc.com\/index.php\/wp-json\/wp\/v2\/posts"}],"about":[{"href":"https:\/\/sulsc.com\/index.php\/wp-json\/wp\/v2\/types\/post"}],"author":[{"embeddable":true,"href":"https:\/\/sulsc.com\/index.php\/wp-json\/wp\/v2\/users\/3"}],"replies":[{"embeddable":true,"href":"https:\/\/sulsc.com\/index.php\/wp-json\/wp\/v2\/comments?post=4907"}],"version-history":[{"count":1,"href":"https:\/\/sulsc.com\/index.php\/wp-json\/wp\/v2\/posts\/4907\/revisions"}],"predecessor-version":[{"id":4909,"href":"https:\/\/sulsc.com\/index.php\/wp-json\/wp\/v2\/posts\/4907\/revisions\/4909"}],"wp:featuredmedia":[{"embeddable":true,"href":"https:\/\/sulsc.com\/index.php\/wp-json\/wp\/v2\/media\/4908"}],"wp:attachment":[{"href":"https:\/\/sulsc.com\/index.php\/wp-json\/wp\/v2\/media?parent=4907"}],"wp:term":[{"taxonomy":"category","embeddable":true,"href":"https:\/\/sulsc.com\/index.php\/wp-json\/wp\/v2\/categories?post=4907"},{"taxonomy":"post_tag","embeddable":true,"href":"https:\/\/sulsc.com\/index.php\/wp-json\/wp\/v2\/tags?post=4907"}],"curies":[{"name":"wp","href":"https:\/\/api.w.org\/{rel}","templated":true}]}}