{"id":4925,"date":"2023-12-10T10:20:07","date_gmt":"2023-12-10T13:20:07","guid":{"rendered":"https:\/\/sulsc.com\/?p=4925"},"modified":"2023-12-10T10:28:22","modified_gmt":"2023-12-10T13:28:22","slug":"saida-de-pista-seguida-de-queda-em-corrego-deixa-homem-de-42-anos-ferido","status":"publish","type":"post","link":"https:\/\/sulsc.com\/index.php\/2023\/12\/10\/saida-de-pista-seguida-de-queda-em-corrego-deixa-homem-de-42-anos-ferido\/","title":{"rendered":"Sa\u00edda de pista, seguida de queda em c\u00f3rrego deixa homem de 42 anos ferido"},"content":{"rendered":"<p>&nbsp;<\/p>\n<p><img fetchpriority=\"high\" decoding=\"async\" class=\"alignnone size-large wp-image-4935\" src=\"http:\/\/sulsc.com\/wp-content\/uploads\/2023\/12\/Capotamento-Morro-da-Fumaca-1-1024x461.jpeg\" alt=\"\" width=\"1024\" height=\"461\" srcset=\"https:\/\/sulsc.com\/wp-content\/uploads\/2023\/12\/Capotamento-Morro-da-Fumaca-1-1024x461.jpeg 1024w, https:\/\/sulsc.com\/wp-content\/uploads\/2023\/12\/Capotamento-Morro-da-Fumaca-1-300x135.jpeg 300w, https:\/\/sulsc.com\/wp-content\/uploads\/2023\/12\/Capotamento-Morro-da-Fumaca-1-768x346.jpeg 768w, https:\/\/sulsc.com\/wp-content\/uploads\/2023\/12\/Capotamento-Morro-da-Fumaca-1.jpeg 1280w\" sizes=\"(max-width: 1024px) 100vw, 1024px\" \/>Um acidente de tr\u00e2nsito foi registrado na tarde deste s\u00e1bado (9), no bairro Paladine, em Morro da Fuma\u00e7a. O Corpo de Bombeiros do munic\u00edpio foi acionado por volta das 15h20 para atender a ocorr\u00eancia<\/p>\n<p>No local, rua Picad\u00e3o Paladine, os socorristas confirmaram se tratar de uma sa\u00edda de pista, seguida de queda em c\u00f3rrego. O ve\u00edculo Ford KA, com placas n\u00e3o identificadas, estava lateralizado e parcialmente submerso no c\u00f3rrego. Foram utilizadas as viaturas Auto Bomba Tanque e Resgate e Auto Socorro de Urg\u00eancia para prestar atendimento na ocorr\u00eancia.<\/p>\n<p>A v\u00edtima, um homem de 42 anos, era o condutor e estava sozinho no ve\u00edculo quando perdeu o controle da dire\u00e7\u00e3o e acabou caiu no c\u00f3rrego. Ele havia sido retirado do ve\u00edculo por populares e estava sentado, as margens da via.<\/p>\n<p>De acordo com os bombeiros, a v\u00edtima estava consciente e confusa, sem les\u00f5es aparentes e com sinais vitais alterados. Ap\u00f3s o atendimento foi conduzida ao hospital S\u00e3o Roque. O local foi deixado aos cuidados da Pol\u00edcia Militar.<\/p>\n","protected":false},"excerpt":{"rendered":"<p>&nbsp; Um acidente de tr\u00e2nsito foi registrado na tarde deste s\u00e1bado (9), no bairro Paladine, em Morro da Fuma\u00e7a. O Corpo de Bombeiros do munic\u00edpio foi acionado por volta das 15h20 para atender a ocorr\u00eancia No local, rua Picad\u00e3o Paladine, os socorristas confirmaram se tratar de uma sa\u00edda de pista, seguida de queda em c\u00f3rrego. &hellip;<\/p>\n<p class=\"read-more\"> <a class=\"\" href=\"https:\/\/sulsc.com\/index.php\/2023\/12\/10\/saida-de-pista-seguida-de-queda-em-corrego-deixa-homem-de-42-anos-ferido\/\"> <span class=\"screen-reader-text\">Sa\u00edda de pista, seguida de queda em c\u00f3rrego deixa homem de 42 anos ferido<\/span> Read More &raquo;<\/a><\/p>\n","protected":false},"author":3,"featured_media":4934,"comment_status":"open","ping_status":"open","sticky":false,"template":"","format":"standard","meta":{"site-sidebar-layout":"default","site-content-layout":"","ast-site-content-layout":"default","site-content-style":"default","site-sidebar-style":"default","ast-global-header-display":"","ast-banner-title-visibility":"","ast-main-header-display":"","ast-hfb-above-header-display":"","ast-hfb-below-header-display":"","ast-hfb-mobile-header-display":"","site-post-title":"","ast-breadcrumbs-content":"","ast-featured-img":"","footer-sml-layout":"","theme-transparent-header-meta":"default","adv-header-id-meta":"","stick-header-meta":"","header-above-stick-meta":"","header-main-stick-meta":"","header-below-stick-meta":"","astra-migrate-meta-layouts":"set","footnotes":""},"categories":[8],"tags":[224],"yoast_head":"<!-- This site is optimized with the Yoast SEO plugin v21.4 - https:\/\/yoast.com\/wordpress\/plugins\/seo\/ -->\n<title>Sa\u00edda de pista, seguida de queda em c\u00f3rrego deixa homem de 42 anos ferido -<\/title>\n<meta name=\"description\" content=\"A v\u00edtima, um homem de 42 anos, era o condutor e estava sozinho no ve\u00edculo quando perdeu o controle da dire\u00e7\u00e3o e acabou caiu no c\u00f3rrego\" \/>\n<meta name=\"robots\" content=\"index, follow, max-snippet:-1, max-image-preview:large, max-video-preview:-1\" \/>\n<link rel=\"canonical\" href=\"https:\/\/sulsc.com\/index.php\/2023\/12\/10\/saida-de-pista-seguida-de-queda-em-corrego-deixa-homem-de-42-anos-ferido\/\" \/>\n<meta property=\"og:locale\" content=\"en_US\" \/>\n<meta property=\"og:type\" content=\"article\" \/>\n<meta property=\"og:title\" content=\"Sa\u00edda de pista, seguida de queda em c\u00f3rrego deixa homem de 42 anos ferido -\" \/>\n<meta property=\"og:description\" content=\"A v\u00edtima, um homem de 42 anos, era o condutor e estava sozinho no ve\u00edculo quando perdeu o controle da dire\u00e7\u00e3o e acabou caiu no c\u00f3rrego\" \/>\n<meta property=\"og:url\" content=\"https:\/\/sulsc.com\/index.php\/2023\/12\/10\/saida-de-pista-seguida-de-queda-em-corrego-deixa-homem-de-42-anos-ferido\/\" \/>\n<meta property=\"article:author\" content=\"https:\/\/www.facebook.com\/profile.php?id=61559278119680\" \/>\n<meta property=\"article:published_time\" content=\"2023-12-10T13:20:07+00:00\" \/>\n<meta property=\"article:modified_time\" content=\"2023-12-10T13:28:22+00:00\" \/>\n<meta property=\"og:image\" content=\"http:\/\/sulsc.com\/wp-content\/uploads\/2023\/12\/Capotamento-Morro-da-Fumaca-3.jpeg\" \/>\n\t<meta property=\"og:image:width\" content=\"1280\" \/>\n\t<meta property=\"og:image:height\" content=\"576\" \/>\n\t<meta property=\"og:image:type\" content=\"image\/jpeg\" \/>\n<meta name=\"author\" content=\"Reda\u00e7\u00e3o Sul SC\" \/>\n<meta name=\"twitter:card\" content=\"summary_large_image\" \/>\n<meta name=\"twitter:creator\" content=\"@https:\/\/twitter.com\/PortalSulSC\" \/>\n<meta name=\"twitter:label1\" content=\"Written by\" \/>\n\t<meta name=\"twitter:data1\" content=\"Reda\u00e7\u00e3o Sul SC\" \/>\n\t<meta name=\"twitter:label2\" content=\"Est. reading time\" \/>\n\t<meta name=\"twitter:data2\" content=\"2 minutes\" \/>\n<script type=\"application\/ld+json\" class=\"yoast-schema-graph\">{\"@context\":\"https:\/\/schema.org\",\"@graph\":[{\"@type\":\"WebPage\",\"@id\":\"https:\/\/sulsc.com\/index.php\/2023\/12\/10\/saida-de-pista-seguida-de-queda-em-corrego-deixa-homem-de-42-anos-ferido\/\",\"url\":\"https:\/\/sulsc.com\/index.php\/2023\/12\/10\/saida-de-pista-seguida-de-queda-em-corrego-deixa-homem-de-42-anos-ferido\/\",\"name\":\"Sa\u00edda de pista, seguida de queda em c\u00f3rrego deixa homem de 42 anos ferido -\",\"isPartOf\":{\"@id\":\"https:\/\/sulsc.com\/#website\"},\"datePublished\":\"2023-12-10T13:20:07+00:00\",\"dateModified\":\"2023-12-10T13:28:22+00:00\",\"author\":{\"@id\":\"https:\/\/sulsc.com\/#\/schema\/person\/84d2fc571684f6248ba83092f07750a3\"},\"description\":\"A v\u00edtima, um homem de 42 anos, era o condutor e estava sozinho no ve\u00edculo quando perdeu o controle da dire\u00e7\u00e3o e acabou caiu no c\u00f3rrego\",\"breadcrumb\":{\"@id\":\"https:\/\/sulsc.com\/index.php\/2023\/12\/10\/saida-de-pista-seguida-de-queda-em-corrego-deixa-homem-de-42-anos-ferido\/#breadcrumb\"},\"inLanguage\":\"en-US\",\"potentialAction\":[{\"@type\":\"ReadAction\",\"target\":[\"https:\/\/sulsc.com\/index.php\/2023\/12\/10\/saida-de-pista-seguida-de-queda-em-corrego-deixa-homem-de-42-anos-ferido\/\"]}]},{\"@type\":\"BreadcrumbList\",\"@id\":\"https:\/\/sulsc.com\/index.php\/2023\/12\/10\/saida-de-pista-seguida-de-queda-em-corrego-deixa-homem-de-42-anos-ferido\/#breadcrumb\",\"itemListElement\":[{\"@type\":\"ListItem\",\"position\":1,\"name\":\"In\u00edcio\",\"item\":\"https:\/\/sulsc.com\/\"},{\"@type\":\"ListItem\",\"position\":2,\"name\":\"Sa\u00edda de pista, seguida de queda em c\u00f3rrego deixa homem de 42 anos ferido\"}]},{\"@type\":\"WebSite\",\"@id\":\"https:\/\/sulsc.com\/#website\",\"url\":\"https:\/\/sulsc.com\/\",\"name\":\"\",\"description\":\"\",\"potentialAction\":[{\"@type\":\"SearchAction\",\"target\":{\"@type\":\"EntryPoint\",\"urlTemplate\":\"https:\/\/sulsc.com\/?s={search_term_string}\"},\"query-input\":\"required name=search_term_string\"}],\"inLanguage\":\"en-US\"},{\"@type\":\"Person\",\"@id\":\"https:\/\/sulsc.com\/#\/schema\/person\/84d2fc571684f6248ba83092f07750a3\",\"name\":\"Reda\u00e7\u00e3o Sul SC\",\"image\":{\"@type\":\"ImageObject\",\"inLanguage\":\"en-US\",\"@id\":\"https:\/\/sulsc.com\/#\/schema\/person\/image\/e08d7fe2cc4ed596372063bbe852b8d0\",\"url\":\"https:\/\/sulsc.com\/wp-content\/uploads\/2023\/09\/redacao.png\",\"contentUrl\":\"https:\/\/sulsc.com\/wp-content\/uploads\/2023\/09\/redacao.png\",\"caption\":\"Reda\u00e7\u00e3o Sul SC\"},\"description\":\"Foco em um jornalismo imparcial, voltado \u00e0 qualidade dos seus conte\u00fados e, assim, levar informa\u00e7\u00e3o de valor que agregue \u00e0 vida dos leitores. Esta \u00e9 grande miss\u00e3o do Portal de Not\u00edcias Sul SC. N\u00e3o \u00e9 quantidade que muda o mundo, sempre foi e seguir\u00e1 sendo qualidade!\",\"sameAs\":[\"https:\/\/sulsc.com\/\",\"https:\/\/www.facebook.com\/profile.php?id=61559278119680\",\"https:\/\/www.instagram.com\/sulscportal\/?hl=pt-br\",\"https:\/\/twitter.com\/https:\/\/twitter.com\/PortalSulSC\",\"https:\/\/www.youtube.com\/channel\/UCv_BE8GeySluDov2n8qhVmw\"],\"url\":\"https:\/\/sulsc.com\/index.php\/author\/redacao\/\"}]}<\/script>\n<!-- \/ Yoast SEO plugin. -->","yoast_head_json":{"title":"Sa\u00edda de pista, seguida de queda em c\u00f3rrego deixa homem de 42 anos ferido -","description":"A v\u00edtima, um homem de 42 anos, era o condutor e estava sozinho no ve\u00edculo quando perdeu o controle da dire\u00e7\u00e3o e acabou caiu no c\u00f3rrego","robots":{"index":"index","follow":"follow","max-snippet":"max-snippet:-1","max-image-preview":"max-image-preview:large","max-video-preview":"max-video-preview:-1"},"canonical":"https:\/\/sulsc.com\/index.php\/2023\/12\/10\/saida-de-pista-seguida-de-queda-em-corrego-deixa-homem-de-42-anos-ferido\/","og_locale":"en_US","og_type":"article","og_title":"Sa\u00edda de pista, seguida de queda em c\u00f3rrego deixa homem de 42 anos ferido -","og_description":"A v\u00edtima, um homem de 42 anos, era o condutor e estava sozinho no ve\u00edculo quando perdeu o controle da dire\u00e7\u00e3o e acabou caiu no c\u00f3rrego","og_url":"https:\/\/sulsc.com\/index.php\/2023\/12\/10\/saida-de-pista-seguida-de-queda-em-corrego-deixa-homem-de-42-anos-ferido\/","article_author":"https:\/\/www.facebook.com\/profile.php?id=61559278119680","article_published_time":"2023-12-10T13:20:07+00:00","article_modified_time":"2023-12-10T13:28:22+00:00","og_image":[{"width":1280,"height":576,"url":"http:\/\/sulsc.com\/wp-content\/uploads\/2023\/12\/Capotamento-Morro-da-Fumaca-3.jpeg","type":"image\/jpeg"}],"author":"Reda\u00e7\u00e3o Sul SC","twitter_card":"summary_large_image","twitter_creator":"@https:\/\/twitter.com\/PortalSulSC","twitter_misc":{"Written by":"Reda\u00e7\u00e3o Sul SC","Est. reading time":"2 minutes"},"schema":{"@context":"https:\/\/schema.org","@graph":[{"@type":"WebPage","@id":"https:\/\/sulsc.com\/index.php\/2023\/12\/10\/saida-de-pista-seguida-de-queda-em-corrego-deixa-homem-de-42-anos-ferido\/","url":"https:\/\/sulsc.com\/index.php\/2023\/12\/10\/saida-de-pista-seguida-de-queda-em-corrego-deixa-homem-de-42-anos-ferido\/","name":"Sa\u00edda de pista, seguida de queda em c\u00f3rrego deixa homem de 42 anos ferido -","isPartOf":{"@id":"https:\/\/sulsc.com\/#website"},"datePublished":"2023-12-10T13:20:07+00:00","dateModified":"2023-12-10T13:28:22+00:00","author":{"@id":"https:\/\/sulsc.com\/#\/schema\/person\/84d2fc571684f6248ba83092f07750a3"},"description":"A v\u00edtima, um homem de 42 anos, era o condutor e estava sozinho no ve\u00edculo quando perdeu o controle da dire\u00e7\u00e3o e acabou caiu no c\u00f3rrego","breadcrumb":{"@id":"https:\/\/sulsc.com\/index.php\/2023\/12\/10\/saida-de-pista-seguida-de-queda-em-corrego-deixa-homem-de-42-anos-ferido\/#breadcrumb"},"inLanguage":"en-US","potentialAction":[{"@type":"ReadAction","target":["https:\/\/sulsc.com\/index.php\/2023\/12\/10\/saida-de-pista-seguida-de-queda-em-corrego-deixa-homem-de-42-anos-ferido\/"]}]},{"@type":"BreadcrumbList","@id":"https:\/\/sulsc.com\/index.php\/2023\/12\/10\/saida-de-pista-seguida-de-queda-em-corrego-deixa-homem-de-42-anos-ferido\/#breadcrumb","itemListElement":[{"@type":"ListItem","position":1,"name":"In\u00edcio","item":"https:\/\/sulsc.com\/"},{"@type":"ListItem","position":2,"name":"Sa\u00edda de pista, seguida de queda em c\u00f3rrego deixa homem de 42 anos ferido"}]},{"@type":"WebSite","@id":"https:\/\/sulsc.com\/#website","url":"https:\/\/sulsc.com\/","name":"","description":"","potentialAction":[{"@type":"SearchAction","target":{"@type":"EntryPoint","urlTemplate":"https:\/\/sulsc.com\/?s={search_term_string}"},"query-input":"required name=search_term_string"}],"inLanguage":"en-US"},{"@type":"Person","@id":"https:\/\/sulsc.com\/#\/schema\/person\/84d2fc571684f6248ba83092f07750a3","name":"Reda\u00e7\u00e3o Sul SC","image":{"@type":"ImageObject","inLanguage":"en-US","@id":"https:\/\/sulsc.com\/#\/schema\/person\/image\/e08d7fe2cc4ed596372063bbe852b8d0","url":"https:\/\/sulsc.com\/wp-content\/uploads\/2023\/09\/redacao.png","contentUrl":"https:\/\/sulsc.com\/wp-content\/uploads\/2023\/09\/redacao.png","caption":"Reda\u00e7\u00e3o Sul SC"},"description":"Foco em um jornalismo imparcial, voltado \u00e0 qualidade dos seus conte\u00fados e, assim, levar informa\u00e7\u00e3o de valor que agregue \u00e0 vida dos leitores. Esta \u00e9 grande miss\u00e3o do Portal de Not\u00edcias Sul SC. N\u00e3o \u00e9 quantidade que muda o mundo, sempre foi e seguir\u00e1 sendo qualidade!","sameAs":["https:\/\/sulsc.com\/","https:\/\/www.facebook.com\/profile.php?id=61559278119680","https:\/\/www.instagram.com\/sulscportal\/?hl=pt-br","https:\/\/twitter.com\/https:\/\/twitter.com\/PortalSulSC","https:\/\/www.youtube.com\/channel\/UCv_BE8GeySluDov2n8qhVmw"],"url":"https:\/\/sulsc.com\/index.php\/author\/redacao\/"}]}},"authors":[],"_links":{"self":[{"href":"https:\/\/sulsc.com\/index.php\/wp-json\/wp\/v2\/posts\/4925"}],"collection":[{"href":"https:\/\/sulsc.com\/index.php\/wp-json\/wp\/v2\/posts"}],"about":[{"href":"https:\/\/sulsc.com\/index.php\/wp-json\/wp\/v2\/types\/post"}],"author":[{"embeddable":true,"href":"https:\/\/sulsc.com\/index.php\/wp-json\/wp\/v2\/users\/3"}],"replies":[{"embeddable":true,"href":"https:\/\/sulsc.com\/index.php\/wp-json\/wp\/v2\/comments?post=4925"}],"version-history":[{"count":2,"href":"https:\/\/sulsc.com\/index.php\/wp-json\/wp\/v2\/posts\/4925\/revisions"}],"predecessor-version":[{"id":4936,"href":"https:\/\/sulsc.com\/index.php\/wp-json\/wp\/v2\/posts\/4925\/revisions\/4936"}],"wp:featuredmedia":[{"embeddable":true,"href":"https:\/\/sulsc.com\/index.php\/wp-json\/wp\/v2\/media\/4934"}],"wp:attachment":[{"href":"https:\/\/sulsc.com\/index.php\/wp-json\/wp\/v2\/media?parent=4925"}],"wp:term":[{"taxonomy":"category","embeddable":true,"href":"https:\/\/sulsc.com\/index.php\/wp-json\/wp\/v2\/categories?post=4925"},{"taxonomy":"post_tag","embeddable":true,"href":"https:\/\/sulsc.com\/index.php\/wp-json\/wp\/v2\/tags?post=4925"}],"curies":[{"name":"wp","href":"https:\/\/api.w.org\/{rel}","templated":true}]}}