{"id":4973,"date":"2023-12-11T12:25:38","date_gmt":"2023-12-11T15:25:38","guid":{"rendered":"https:\/\/sulsc.com\/?p=4973"},"modified":"2023-12-11T14:03:38","modified_gmt":"2023-12-11T17:03:38","slug":"semana-de-negociacao-de-dividas-tributarias-e-promovida-em-todo-o-pais","status":"publish","type":"post","link":"https:\/\/sulsc.com\/index.php\/2023\/12\/11\/semana-de-negociacao-de-dividas-tributarias-e-promovida-em-todo-o-pais\/","title":{"rendered":"Semana de negocia\u00e7\u00e3o de d\u00edvidas tribut\u00e1rias \u00e9 promovida em todo o pa\u00eds"},"content":{"rendered":"<p><img fetchpriority=\"high\" decoding=\"async\" class=\"alignnone size-large wp-image-4974\" src=\"http:\/\/sulsc.com\/wp-content\/uploads\/2023\/12\/CNJ-1024x613.webp\" alt=\"\" width=\"1024\" height=\"613\" srcset=\"https:\/\/sulsc.com\/wp-content\/uploads\/2023\/12\/CNJ-1024x613.webp 1024w, https:\/\/sulsc.com\/wp-content\/uploads\/2023\/12\/CNJ-300x179.webp 300w, https:\/\/sulsc.com\/wp-content\/uploads\/2023\/12\/CNJ-768x459.webp 768w, https:\/\/sulsc.com\/wp-content\/uploads\/2023\/12\/CNJ.webp 1170w\" sizes=\"(max-width: 1024px) 100vw, 1024px\" \/><\/p>\n<p>A 1\u00aa Semana Nacional de Regulariza\u00e7\u00e3o Tribut\u00e1ria come\u00e7a nesta segunda-feira (11), em todo o pa\u00eds. A iniciativa \u00e9 do Conselho Nacional de Justi\u00e7a (CNJ) que conta com a ades\u00e3o de 33 entes federativos, entre estados e munic\u00edpios, al\u00e9m da Uni\u00e3o. Ao aderir \u00e0 semana, os \u00f3rg\u00e3os respons\u00e1veis pela cobran\u00e7a de impostos se comprometeram a dar condi\u00e7\u00f5es vantajosas para que o contribuinte em atraso regularize sua situa\u00e7\u00e3o.<\/p>\n<p>No caso da Uni\u00e3o, por exemplo, a Procuradoria-Geral da Fazenda Nacional (PGFN) divulgou as condi\u00e7\u00f5es de negocia\u00e7\u00e3o por meio de edital lan\u00e7ado no m\u00eas passado. S\u00e3o eleg\u00edveis \u00e0 ades\u00e3o d\u00edvidas tribut\u00e1rias de at\u00e9 R$ 50 milh\u00f5es.\u00a0As condi\u00e7\u00f5es de descontos e parcelamentos variam.<\/p>\n<p>No caso dos inscritos na d\u00edvida ativa da Uni\u00e3o, por exemplo, \u00e9 poss\u00edvel regularizar a situa\u00e7\u00e3o com o pagamento de 6% de entrada e at\u00e9 114 presta\u00e7\u00f5es mensais, podendo haver at\u00e9 100% de desconto no valor de juros, multas e encargos legais.\u00a0No caso das d\u00edvidas federais, a ades\u00e3o \u00e0s condi\u00e7\u00f5es especiais pode ser feita no portal Regularize, da PGFN.<\/p>\n<p>Dados de 2023 do relat\u00f3rio Justi\u00e7a em N\u00fameros, mostram que as execu\u00e7\u00f5es fiscais &#8211; d\u00edvidas tribut\u00e1rias reconhecidas e em fase de cobran\u00e7a &#8211; s\u00e3o 34% de todos os casos pendentes na Justi\u00e7a, ou 27,3 milh\u00f5es de processos.<\/p>\n<p>Al\u00e9m da Uni\u00e3o, outros grande litigantes tribut\u00e1rios aderiram \u00e0 semana de negocia\u00e7\u00e3o, entre eles a cidade de S\u00e3o Paulo, que sozinha figura como parte em 836.279 processos de execu\u00e7\u00e3o fiscal. Participa tamb\u00e9m Salvador, com estoque de 359.155 processos de cobran\u00e7a de impostos.<\/p>\n<p>Para negocia\u00e7\u00f5es com os fiscos locais, o contribuinte deve buscar o Tribunal de Justi\u00e7a de seu estado, onde os mutir\u00f5es estar\u00e3o sendo realizados. Para marcar o lan\u00e7amento da iniciativa, o CNJ organizou um semin\u00e1rio sobre a Semana Nacional de Regulariza\u00e7\u00e3o, que pode ser acompanhado ao vivo pelo canal do \u00f3rg\u00e3o no <a href=\"https:\/\/www.youtube.com\/watch?v=Pi269qlb6B4\">YouTube<\/a>.<\/p>\n","protected":false},"excerpt":{"rendered":"<p>A 1\u00aa Semana Nacional de Regulariza\u00e7\u00e3o Tribut\u00e1ria come\u00e7a nesta segunda-feira (11), em todo o pa\u00eds. A iniciativa \u00e9 do Conselho Nacional de Justi\u00e7a (CNJ) que conta com a ades\u00e3o de 33 entes federativos, entre estados e munic\u00edpios, al\u00e9m da Uni\u00e3o. Ao aderir \u00e0 semana, os \u00f3rg\u00e3os respons\u00e1veis pela cobran\u00e7a de impostos se comprometeram a dar &hellip;<\/p>\n<p class=\"read-more\"> <a class=\"\" href=\"https:\/\/sulsc.com\/index.php\/2023\/12\/11\/semana-de-negociacao-de-dividas-tributarias-e-promovida-em-todo-o-pais\/\"> <span class=\"screen-reader-text\">Semana de negocia\u00e7\u00e3o de d\u00edvidas tribut\u00e1rias \u00e9 promovida em todo o pa\u00eds<\/span> Read More &raquo;<\/a><\/p>\n","protected":false},"author":3,"featured_media":4974,"comment_status":"open","ping_status":"open","sticky":false,"template":"","format":"standard","meta":{"site-sidebar-layout":"default","site-content-layout":"","ast-site-content-layout":"default","site-content-style":"default","site-sidebar-style":"default","ast-global-header-display":"","ast-banner-title-visibility":"","ast-main-header-display":"","ast-hfb-above-header-display":"","ast-hfb-below-header-display":"","ast-hfb-mobile-header-display":"","site-post-title":"","ast-breadcrumbs-content":"","ast-featured-img":"","footer-sml-layout":"","theme-transparent-header-meta":"default","adv-header-id-meta":"","stick-header-meta":"","header-above-stick-meta":"","header-main-stick-meta":"","header-below-stick-meta":"","astra-migrate-meta-layouts":"set","footnotes":""},"categories":[15],"tags":[284],"yoast_head":"<!-- This site is optimized with the Yoast SEO plugin v21.4 - https:\/\/yoast.com\/wordpress\/plugins\/seo\/ -->\n<title>Semana de negocia\u00e7\u00e3o de d\u00edvidas tribut\u00e1rias \u00e9 promovida em todo o pa\u00eds -<\/title>\n<meta name=\"robots\" content=\"index, follow, max-snippet:-1, max-image-preview:large, max-video-preview:-1\" \/>\n<link rel=\"canonical\" href=\"https:\/\/sulsc.com\/index.php\/2023\/12\/11\/semana-de-negociacao-de-dividas-tributarias-e-promovida-em-todo-o-pais\/\" \/>\n<meta property=\"og:locale\" content=\"en_US\" \/>\n<meta property=\"og:type\" content=\"article\" \/>\n<meta property=\"og:title\" content=\"Semana de negocia\u00e7\u00e3o de d\u00edvidas tribut\u00e1rias \u00e9 promovida em todo o pa\u00eds -\" \/>\n<meta property=\"og:description\" content=\"A 1\u00aa Semana Nacional de Regulariza\u00e7\u00e3o Tribut\u00e1ria come\u00e7a nesta segunda-feira (11), em todo o pa\u00eds. A iniciativa \u00e9 do Conselho Nacional de Justi\u00e7a (CNJ) que conta com a ades\u00e3o de 33 entes federativos, entre estados e munic\u00edpios, al\u00e9m da Uni\u00e3o. Ao aderir \u00e0 semana, os \u00f3rg\u00e3os respons\u00e1veis pela cobran\u00e7a de impostos se comprometeram a dar &hellip; Semana de negocia\u00e7\u00e3o de d\u00edvidas tribut\u00e1rias \u00e9 promovida em todo o pa\u00eds Read More &raquo;\" \/>\n<meta property=\"og:url\" content=\"https:\/\/sulsc.com\/index.php\/2023\/12\/11\/semana-de-negociacao-de-dividas-tributarias-e-promovida-em-todo-o-pais\/\" \/>\n<meta property=\"article:author\" content=\"https:\/\/www.facebook.com\/profile.php?id=61559278119680\" \/>\n<meta property=\"article:published_time\" content=\"2023-12-11T15:25:38+00:00\" \/>\n<meta property=\"article:modified_time\" content=\"2023-12-11T17:03:38+00:00\" \/>\n<meta property=\"og:image\" content=\"http:\/\/sulsc.com\/wp-content\/uploads\/2023\/12\/CNJ.webp\" \/>\n\t<meta property=\"og:image:width\" content=\"1170\" \/>\n\t<meta property=\"og:image:height\" content=\"700\" \/>\n\t<meta property=\"og:image:type\" content=\"image\/webp\" \/>\n<meta name=\"author\" content=\"Reda\u00e7\u00e3o Sul SC\" \/>\n<meta name=\"twitter:card\" content=\"summary_large_image\" \/>\n<meta name=\"twitter:creator\" content=\"@https:\/\/twitter.com\/PortalSulSC\" \/>\n<meta name=\"twitter:label1\" content=\"Written by\" \/>\n\t<meta name=\"twitter:data1\" content=\"Reda\u00e7\u00e3o Sul SC\" \/>\n\t<meta name=\"twitter:label2\" content=\"Est. reading time\" \/>\n\t<meta name=\"twitter:data2\" content=\"2 minutes\" \/>\n<script type=\"application\/ld+json\" class=\"yoast-schema-graph\">{\"@context\":\"https:\/\/schema.org\",\"@graph\":[{\"@type\":\"WebPage\",\"@id\":\"https:\/\/sulsc.com\/index.php\/2023\/12\/11\/semana-de-negociacao-de-dividas-tributarias-e-promovida-em-todo-o-pais\/\",\"url\":\"https:\/\/sulsc.com\/index.php\/2023\/12\/11\/semana-de-negociacao-de-dividas-tributarias-e-promovida-em-todo-o-pais\/\",\"name\":\"Semana de negocia\u00e7\u00e3o de d\u00edvidas tribut\u00e1rias \u00e9 promovida em todo o pa\u00eds -\",\"isPartOf\":{\"@id\":\"https:\/\/sulsc.com\/#website\"},\"datePublished\":\"2023-12-11T15:25:38+00:00\",\"dateModified\":\"2023-12-11T17:03:38+00:00\",\"author\":{\"@id\":\"https:\/\/sulsc.com\/#\/schema\/person\/84d2fc571684f6248ba83092f07750a3\"},\"breadcrumb\":{\"@id\":\"https:\/\/sulsc.com\/index.php\/2023\/12\/11\/semana-de-negociacao-de-dividas-tributarias-e-promovida-em-todo-o-pais\/#breadcrumb\"},\"inLanguage\":\"en-US\",\"potentialAction\":[{\"@type\":\"ReadAction\",\"target\":[\"https:\/\/sulsc.com\/index.php\/2023\/12\/11\/semana-de-negociacao-de-dividas-tributarias-e-promovida-em-todo-o-pais\/\"]}]},{\"@type\":\"BreadcrumbList\",\"@id\":\"https:\/\/sulsc.com\/index.php\/2023\/12\/11\/semana-de-negociacao-de-dividas-tributarias-e-promovida-em-todo-o-pais\/#breadcrumb\",\"itemListElement\":[{\"@type\":\"ListItem\",\"position\":1,\"name\":\"In\u00edcio\",\"item\":\"https:\/\/sulsc.com\/\"},{\"@type\":\"ListItem\",\"position\":2,\"name\":\"Semana de negocia\u00e7\u00e3o de d\u00edvidas tribut\u00e1rias \u00e9 promovida em todo o pa\u00eds\"}]},{\"@type\":\"WebSite\",\"@id\":\"https:\/\/sulsc.com\/#website\",\"url\":\"https:\/\/sulsc.com\/\",\"name\":\"\",\"description\":\"\",\"potentialAction\":[{\"@type\":\"SearchAction\",\"target\":{\"@type\":\"EntryPoint\",\"urlTemplate\":\"https:\/\/sulsc.com\/?s={search_term_string}\"},\"query-input\":\"required name=search_term_string\"}],\"inLanguage\":\"en-US\"},{\"@type\":\"Person\",\"@id\":\"https:\/\/sulsc.com\/#\/schema\/person\/84d2fc571684f6248ba83092f07750a3\",\"name\":\"Reda\u00e7\u00e3o Sul SC\",\"image\":{\"@type\":\"ImageObject\",\"inLanguage\":\"en-US\",\"@id\":\"https:\/\/sulsc.com\/#\/schema\/person\/image\/e08d7fe2cc4ed596372063bbe852b8d0\",\"url\":\"https:\/\/sulsc.com\/wp-content\/uploads\/2023\/09\/redacao.png\",\"contentUrl\":\"https:\/\/sulsc.com\/wp-content\/uploads\/2023\/09\/redacao.png\",\"caption\":\"Reda\u00e7\u00e3o Sul SC\"},\"description\":\"Foco em um jornalismo imparcial, voltado \u00e0 qualidade dos seus conte\u00fados e, assim, levar informa\u00e7\u00e3o de valor que agregue \u00e0 vida dos leitores. Esta \u00e9 grande miss\u00e3o do Portal de Not\u00edcias Sul SC. N\u00e3o \u00e9 quantidade que muda o mundo, sempre foi e seguir\u00e1 sendo qualidade!\",\"sameAs\":[\"https:\/\/sulsc.com\/\",\"https:\/\/www.facebook.com\/profile.php?id=61559278119680\",\"https:\/\/www.instagram.com\/sulscportal\/?hl=pt-br\",\"https:\/\/twitter.com\/https:\/\/twitter.com\/PortalSulSC\",\"https:\/\/www.youtube.com\/channel\/UCv_BE8GeySluDov2n8qhVmw\"],\"url\":\"https:\/\/sulsc.com\/index.php\/author\/redacao\/\"}]}<\/script>\n<!-- \/ Yoast SEO plugin. -->","yoast_head_json":{"title":"Semana de negocia\u00e7\u00e3o de d\u00edvidas tribut\u00e1rias \u00e9 promovida em todo o pa\u00eds -","robots":{"index":"index","follow":"follow","max-snippet":"max-snippet:-1","max-image-preview":"max-image-preview:large","max-video-preview":"max-video-preview:-1"},"canonical":"https:\/\/sulsc.com\/index.php\/2023\/12\/11\/semana-de-negociacao-de-dividas-tributarias-e-promovida-em-todo-o-pais\/","og_locale":"en_US","og_type":"article","og_title":"Semana de negocia\u00e7\u00e3o de d\u00edvidas tribut\u00e1rias \u00e9 promovida em todo o pa\u00eds -","og_description":"A 1\u00aa Semana Nacional de Regulariza\u00e7\u00e3o Tribut\u00e1ria come\u00e7a nesta segunda-feira (11), em todo o pa\u00eds. A iniciativa \u00e9 do Conselho Nacional de Justi\u00e7a (CNJ) que conta com a ades\u00e3o de 33 entes federativos, entre estados e munic\u00edpios, al\u00e9m da Uni\u00e3o. Ao aderir \u00e0 semana, os \u00f3rg\u00e3os respons\u00e1veis pela cobran\u00e7a de impostos se comprometeram a dar &hellip; Semana de negocia\u00e7\u00e3o de d\u00edvidas tribut\u00e1rias \u00e9 promovida em todo o pa\u00eds Read More &raquo;","og_url":"https:\/\/sulsc.com\/index.php\/2023\/12\/11\/semana-de-negociacao-de-dividas-tributarias-e-promovida-em-todo-o-pais\/","article_author":"https:\/\/www.facebook.com\/profile.php?id=61559278119680","article_published_time":"2023-12-11T15:25:38+00:00","article_modified_time":"2023-12-11T17:03:38+00:00","og_image":[{"width":1170,"height":700,"url":"http:\/\/sulsc.com\/wp-content\/uploads\/2023\/12\/CNJ.webp","type":"image\/webp"}],"author":"Reda\u00e7\u00e3o Sul SC","twitter_card":"summary_large_image","twitter_creator":"@https:\/\/twitter.com\/PortalSulSC","twitter_misc":{"Written by":"Reda\u00e7\u00e3o Sul SC","Est. reading time":"2 minutes"},"schema":{"@context":"https:\/\/schema.org","@graph":[{"@type":"WebPage","@id":"https:\/\/sulsc.com\/index.php\/2023\/12\/11\/semana-de-negociacao-de-dividas-tributarias-e-promovida-em-todo-o-pais\/","url":"https:\/\/sulsc.com\/index.php\/2023\/12\/11\/semana-de-negociacao-de-dividas-tributarias-e-promovida-em-todo-o-pais\/","name":"Semana de negocia\u00e7\u00e3o de d\u00edvidas tribut\u00e1rias \u00e9 promovida em todo o pa\u00eds -","isPartOf":{"@id":"https:\/\/sulsc.com\/#website"},"datePublished":"2023-12-11T15:25:38+00:00","dateModified":"2023-12-11T17:03:38+00:00","author":{"@id":"https:\/\/sulsc.com\/#\/schema\/person\/84d2fc571684f6248ba83092f07750a3"},"breadcrumb":{"@id":"https:\/\/sulsc.com\/index.php\/2023\/12\/11\/semana-de-negociacao-de-dividas-tributarias-e-promovida-em-todo-o-pais\/#breadcrumb"},"inLanguage":"en-US","potentialAction":[{"@type":"ReadAction","target":["https:\/\/sulsc.com\/index.php\/2023\/12\/11\/semana-de-negociacao-de-dividas-tributarias-e-promovida-em-todo-o-pais\/"]}]},{"@type":"BreadcrumbList","@id":"https:\/\/sulsc.com\/index.php\/2023\/12\/11\/semana-de-negociacao-de-dividas-tributarias-e-promovida-em-todo-o-pais\/#breadcrumb","itemListElement":[{"@type":"ListItem","position":1,"name":"In\u00edcio","item":"https:\/\/sulsc.com\/"},{"@type":"ListItem","position":2,"name":"Semana de negocia\u00e7\u00e3o de d\u00edvidas tribut\u00e1rias \u00e9 promovida em todo o pa\u00eds"}]},{"@type":"WebSite","@id":"https:\/\/sulsc.com\/#website","url":"https:\/\/sulsc.com\/","name":"","description":"","potentialAction":[{"@type":"SearchAction","target":{"@type":"EntryPoint","urlTemplate":"https:\/\/sulsc.com\/?s={search_term_string}"},"query-input":"required name=search_term_string"}],"inLanguage":"en-US"},{"@type":"Person","@id":"https:\/\/sulsc.com\/#\/schema\/person\/84d2fc571684f6248ba83092f07750a3","name":"Reda\u00e7\u00e3o Sul SC","image":{"@type":"ImageObject","inLanguage":"en-US","@id":"https:\/\/sulsc.com\/#\/schema\/person\/image\/e08d7fe2cc4ed596372063bbe852b8d0","url":"https:\/\/sulsc.com\/wp-content\/uploads\/2023\/09\/redacao.png","contentUrl":"https:\/\/sulsc.com\/wp-content\/uploads\/2023\/09\/redacao.png","caption":"Reda\u00e7\u00e3o Sul SC"},"description":"Foco em um jornalismo imparcial, voltado \u00e0 qualidade dos seus conte\u00fados e, assim, levar informa\u00e7\u00e3o de valor que agregue \u00e0 vida dos leitores. Esta \u00e9 grande miss\u00e3o do Portal de Not\u00edcias Sul SC. N\u00e3o \u00e9 quantidade que muda o mundo, sempre foi e seguir\u00e1 sendo qualidade!","sameAs":["https:\/\/sulsc.com\/","https:\/\/www.facebook.com\/profile.php?id=61559278119680","https:\/\/www.instagram.com\/sulscportal\/?hl=pt-br","https:\/\/twitter.com\/https:\/\/twitter.com\/PortalSulSC","https:\/\/www.youtube.com\/channel\/UCv_BE8GeySluDov2n8qhVmw"],"url":"https:\/\/sulsc.com\/index.php\/author\/redacao\/"}]}},"authors":[],"_links":{"self":[{"href":"https:\/\/sulsc.com\/index.php\/wp-json\/wp\/v2\/posts\/4973"}],"collection":[{"href":"https:\/\/sulsc.com\/index.php\/wp-json\/wp\/v2\/posts"}],"about":[{"href":"https:\/\/sulsc.com\/index.php\/wp-json\/wp\/v2\/types\/post"}],"author":[{"embeddable":true,"href":"https:\/\/sulsc.com\/index.php\/wp-json\/wp\/v2\/users\/3"}],"replies":[{"embeddable":true,"href":"https:\/\/sulsc.com\/index.php\/wp-json\/wp\/v2\/comments?post=4973"}],"version-history":[{"count":1,"href":"https:\/\/sulsc.com\/index.php\/wp-json\/wp\/v2\/posts\/4973\/revisions"}],"predecessor-version":[{"id":4975,"href":"https:\/\/sulsc.com\/index.php\/wp-json\/wp\/v2\/posts\/4973\/revisions\/4975"}],"wp:featuredmedia":[{"embeddable":true,"href":"https:\/\/sulsc.com\/index.php\/wp-json\/wp\/v2\/media\/4974"}],"wp:attachment":[{"href":"https:\/\/sulsc.com\/index.php\/wp-json\/wp\/v2\/media?parent=4973"}],"wp:term":[{"taxonomy":"category","embeddable":true,"href":"https:\/\/sulsc.com\/index.php\/wp-json\/wp\/v2\/categories?post=4973"},{"taxonomy":"post_tag","embeddable":true,"href":"https:\/\/sulsc.com\/index.php\/wp-json\/wp\/v2\/tags?post=4973"}],"curies":[{"name":"wp","href":"https:\/\/api.w.org\/{rel}","templated":true}]}}