{"id":5010,"date":"2023-12-12T11:24:58","date_gmt":"2023-12-12T14:24:58","guid":{"rendered":"https:\/\/sulsc.com\/?p=5010"},"modified":"2023-12-12T11:24:58","modified_gmt":"2023-12-12T14:24:58","slug":"sede-da-celesc-recebe-governador-para-prestacao-de-contas-2023","status":"publish","type":"post","link":"https:\/\/sulsc.com\/index.php\/2023\/12\/12\/sede-da-celesc-recebe-governador-para-prestacao-de-contas-2023\/","title":{"rendered":"Sede da Celesc recebe governador para presta\u00e7\u00e3o de contas 2023"},"content":{"rendered":"<figure id=\"attachment_5011\" aria-describedby=\"caption-attachment-5011\" style=\"width: 1440px\" class=\"wp-caption aligncenter\"><img fetchpriority=\"high\" decoding=\"async\" class=\"size-full wp-image-5011\" src=\"http:\/\/sulsc.com\/wp-content\/uploads\/2023\/12\/Celesc.jpg\" alt=\"\" width=\"1440\" height=\"1064\" srcset=\"https:\/\/sulsc.com\/wp-content\/uploads\/2023\/12\/Celesc.jpg 1440w, https:\/\/sulsc.com\/wp-content\/uploads\/2023\/12\/Celesc-300x222.jpg 300w, https:\/\/sulsc.com\/wp-content\/uploads\/2023\/12\/Celesc-1024x757.jpg 1024w, https:\/\/sulsc.com\/wp-content\/uploads\/2023\/12\/Celesc-768x567.jpg 768w\" sizes=\"(max-width: 1440px) 100vw, 1440px\" \/><figcaption id=\"caption-attachment-5011\" class=\"wp-caption-text\">Foto: Celesc\/Sul SC<\/figcaption><\/figure>\n<p data-raofz=\"16\">O governador do Estado, <strong>Jorginho Mello<\/strong>, e o presidente da Celesc, <strong>Tarcisio Estefano Rosa<\/strong>, participam de importantes eventos que na Administra\u00e7\u00e3o Central da Celesc, em Florian\u00f3polis, nesta quarta-feira (13).<\/p>\n<p data-raofz=\"16\">\u00c0s 9h, ser\u00e1 realizada a presta\u00e7\u00e3o de contas dos incentivos fiscais da estatal por meio do Programa de Incentivo \u00e0 Cultura (PIC) em 2023, juntamente com a assinatura do Termo de Ades\u00e3o do Programa Jovem Aprendiz Celesc ao Programa Novos Caminhos, na presen\u00e7a do presidente do TJSC, desembargador Altamiro de Oliveira, e do presidente da Fiesc, Mario Cezar de Aguiar.<\/p>\n<p data-raofz=\"16\">Em seguida, \u00e0s 10h, ocorrer\u00e1 a inaugura\u00e7\u00e3o do Centro de Opera\u00e7\u00f5es Integradas (COI), um investimento que visa otimizar recursos, melhorar as condi\u00e7\u00f5es de trabalho dos operadores da Celesc e, claro, agilizar o atendimento \u00e0 popula\u00e7\u00e3o.<\/p>\n","protected":false},"excerpt":{"rendered":"<p>O governador do Estado, Jorginho Mello, e o presidente da Celesc, Tarcisio Estefano Rosa, participam de importantes eventos que na Administra\u00e7\u00e3o Central da Celesc, em Florian\u00f3polis, nesta quarta-feira (13). \u00c0s 9h, ser\u00e1 realizada a presta\u00e7\u00e3o de contas dos incentivos fiscais da estatal por meio do Programa de Incentivo \u00e0 Cultura (PIC) em 2023, juntamente com &hellip;<\/p>\n<p class=\"read-more\"> <a class=\"\" href=\"https:\/\/sulsc.com\/index.php\/2023\/12\/12\/sede-da-celesc-recebe-governador-para-prestacao-de-contas-2023\/\"> <span class=\"screen-reader-text\">Sede da Celesc recebe governador para presta\u00e7\u00e3o de contas 2023<\/span> Read More &raquo;<\/a><\/p>\n","protected":false},"author":3,"featured_media":5011,"comment_status":"open","ping_status":"open","sticky":false,"template":"","format":"standard","meta":{"site-sidebar-layout":"default","site-content-layout":"","ast-site-content-layout":"default","site-content-style":"default","site-sidebar-style":"default","ast-global-header-display":"","ast-banner-title-visibility":"","ast-main-header-display":"","ast-hfb-above-header-display":"","ast-hfb-below-header-display":"","ast-hfb-mobile-header-display":"","site-post-title":"","ast-breadcrumbs-content":"","ast-featured-img":"","footer-sml-layout":"","theme-transparent-header-meta":"default","adv-header-id-meta":"","stick-header-meta":"","header-above-stick-meta":"","header-main-stick-meta":"","header-below-stick-meta":"","astra-migrate-meta-layouts":"set","footnotes":""},"categories":[6],"tags":[97,143,292],"yoast_head":"<!-- This site is optimized with the Yoast SEO plugin v21.4 - https:\/\/yoast.com\/wordpress\/plugins\/seo\/ -->\n<title>Sede da Celesc recebe governador para presta\u00e7\u00e3o de contas 2023 -<\/title>\n<meta name=\"description\" content=\"Ser\u00e1 realizada a presta\u00e7\u00e3o de contas dos incentivos fiscais da estatal e a assinatura do Termo de Ades\u00e3o do Programa Jovem Aprendiz Celesc ao Programa Novos Caminhos\" \/>\n<meta name=\"robots\" content=\"index, follow, max-snippet:-1, max-image-preview:large, max-video-preview:-1\" \/>\n<link rel=\"canonical\" href=\"https:\/\/sulsc.com\/index.php\/2023\/12\/12\/sede-da-celesc-recebe-governador-para-prestacao-de-contas-2023\/\" \/>\n<meta property=\"og:locale\" content=\"en_US\" \/>\n<meta property=\"og:type\" content=\"article\" \/>\n<meta property=\"og:title\" content=\"Sede da Celesc recebe governador para presta\u00e7\u00e3o de contas 2023 -\" \/>\n<meta property=\"og:description\" content=\"Ser\u00e1 realizada a presta\u00e7\u00e3o de contas dos incentivos fiscais da estatal e a assinatura do Termo de Ades\u00e3o do Programa Jovem Aprendiz Celesc ao Programa Novos Caminhos\" \/>\n<meta property=\"og:url\" content=\"https:\/\/sulsc.com\/index.php\/2023\/12\/12\/sede-da-celesc-recebe-governador-para-prestacao-de-contas-2023\/\" \/>\n<meta property=\"article:author\" content=\"https:\/\/www.facebook.com\/profile.php?id=61559278119680\" \/>\n<meta property=\"article:published_time\" content=\"2023-12-12T14:24:58+00:00\" \/>\n<meta property=\"og:image\" content=\"http:\/\/sulsc.com\/wp-content\/uploads\/2023\/12\/Celesc.jpg\" \/>\n\t<meta property=\"og:image:width\" content=\"1440\" \/>\n\t<meta property=\"og:image:height\" content=\"1064\" \/>\n\t<meta property=\"og:image:type\" content=\"image\/jpeg\" \/>\n<meta name=\"author\" content=\"Reda\u00e7\u00e3o Sul SC\" \/>\n<meta name=\"twitter:card\" content=\"summary_large_image\" \/>\n<meta name=\"twitter:creator\" content=\"@https:\/\/twitter.com\/PortalSulSC\" \/>\n<meta name=\"twitter:label1\" content=\"Written by\" \/>\n\t<meta name=\"twitter:data1\" content=\"Reda\u00e7\u00e3o Sul SC\" \/>\n\t<meta name=\"twitter:label2\" content=\"Est. reading time\" \/>\n\t<meta name=\"twitter:data2\" content=\"1 minute\" \/>\n<script type=\"application\/ld+json\" class=\"yoast-schema-graph\">{\"@context\":\"https:\/\/schema.org\",\"@graph\":[{\"@type\":\"WebPage\",\"@id\":\"https:\/\/sulsc.com\/index.php\/2023\/12\/12\/sede-da-celesc-recebe-governador-para-prestacao-de-contas-2023\/\",\"url\":\"https:\/\/sulsc.com\/index.php\/2023\/12\/12\/sede-da-celesc-recebe-governador-para-prestacao-de-contas-2023\/\",\"name\":\"Sede da Celesc recebe governador para presta\u00e7\u00e3o de contas 2023 -\",\"isPartOf\":{\"@id\":\"https:\/\/sulsc.com\/#website\"},\"datePublished\":\"2023-12-12T14:24:58+00:00\",\"dateModified\":\"2023-12-12T14:24:58+00:00\",\"author\":{\"@id\":\"https:\/\/sulsc.com\/#\/schema\/person\/84d2fc571684f6248ba83092f07750a3\"},\"description\":\"Ser\u00e1 realizada a presta\u00e7\u00e3o de contas dos incentivos fiscais da estatal e a assinatura do Termo de Ades\u00e3o do Programa Jovem Aprendiz Celesc ao Programa Novos Caminhos\",\"breadcrumb\":{\"@id\":\"https:\/\/sulsc.com\/index.php\/2023\/12\/12\/sede-da-celesc-recebe-governador-para-prestacao-de-contas-2023\/#breadcrumb\"},\"inLanguage\":\"en-US\",\"potentialAction\":[{\"@type\":\"ReadAction\",\"target\":[\"https:\/\/sulsc.com\/index.php\/2023\/12\/12\/sede-da-celesc-recebe-governador-para-prestacao-de-contas-2023\/\"]}]},{\"@type\":\"BreadcrumbList\",\"@id\":\"https:\/\/sulsc.com\/index.php\/2023\/12\/12\/sede-da-celesc-recebe-governador-para-prestacao-de-contas-2023\/#breadcrumb\",\"itemListElement\":[{\"@type\":\"ListItem\",\"position\":1,\"name\":\"In\u00edcio\",\"item\":\"https:\/\/sulsc.com\/\"},{\"@type\":\"ListItem\",\"position\":2,\"name\":\"Sede da Celesc recebe governador para presta\u00e7\u00e3o de contas 2023\"}]},{\"@type\":\"WebSite\",\"@id\":\"https:\/\/sulsc.com\/#website\",\"url\":\"https:\/\/sulsc.com\/\",\"name\":\"\",\"description\":\"\",\"potentialAction\":[{\"@type\":\"SearchAction\",\"target\":{\"@type\":\"EntryPoint\",\"urlTemplate\":\"https:\/\/sulsc.com\/?s={search_term_string}\"},\"query-input\":\"required name=search_term_string\"}],\"inLanguage\":\"en-US\"},{\"@type\":\"Person\",\"@id\":\"https:\/\/sulsc.com\/#\/schema\/person\/84d2fc571684f6248ba83092f07750a3\",\"name\":\"Reda\u00e7\u00e3o Sul SC\",\"image\":{\"@type\":\"ImageObject\",\"inLanguage\":\"en-US\",\"@id\":\"https:\/\/sulsc.com\/#\/schema\/person\/image\/e08d7fe2cc4ed596372063bbe852b8d0\",\"url\":\"https:\/\/sulsc.com\/wp-content\/uploads\/2023\/09\/redacao.png\",\"contentUrl\":\"https:\/\/sulsc.com\/wp-content\/uploads\/2023\/09\/redacao.png\",\"caption\":\"Reda\u00e7\u00e3o Sul SC\"},\"description\":\"Foco em um jornalismo imparcial, voltado \u00e0 qualidade dos seus conte\u00fados e, assim, levar informa\u00e7\u00e3o de valor que agregue \u00e0 vida dos leitores. Esta \u00e9 grande miss\u00e3o do Portal de Not\u00edcias Sul SC. N\u00e3o \u00e9 quantidade que muda o mundo, sempre foi e seguir\u00e1 sendo qualidade!\",\"sameAs\":[\"https:\/\/sulsc.com\/\",\"https:\/\/www.facebook.com\/profile.php?id=61559278119680\",\"https:\/\/www.instagram.com\/sulscportal\/?hl=pt-br\",\"https:\/\/twitter.com\/https:\/\/twitter.com\/PortalSulSC\",\"https:\/\/www.youtube.com\/channel\/UCv_BE8GeySluDov2n8qhVmw\"],\"url\":\"https:\/\/sulsc.com\/index.php\/author\/redacao\/\"}]}<\/script>\n<!-- \/ Yoast SEO plugin. -->","yoast_head_json":{"title":"Sede da Celesc recebe governador para presta\u00e7\u00e3o de contas 2023 -","description":"Ser\u00e1 realizada a presta\u00e7\u00e3o de contas dos incentivos fiscais da estatal e a assinatura do Termo de Ades\u00e3o do Programa Jovem Aprendiz Celesc ao Programa Novos Caminhos","robots":{"index":"index","follow":"follow","max-snippet":"max-snippet:-1","max-image-preview":"max-image-preview:large","max-video-preview":"max-video-preview:-1"},"canonical":"https:\/\/sulsc.com\/index.php\/2023\/12\/12\/sede-da-celesc-recebe-governador-para-prestacao-de-contas-2023\/","og_locale":"en_US","og_type":"article","og_title":"Sede da Celesc recebe governador para presta\u00e7\u00e3o de contas 2023 -","og_description":"Ser\u00e1 realizada a presta\u00e7\u00e3o de contas dos incentivos fiscais da estatal e a assinatura do Termo de Ades\u00e3o do Programa Jovem Aprendiz Celesc ao Programa Novos Caminhos","og_url":"https:\/\/sulsc.com\/index.php\/2023\/12\/12\/sede-da-celesc-recebe-governador-para-prestacao-de-contas-2023\/","article_author":"https:\/\/www.facebook.com\/profile.php?id=61559278119680","article_published_time":"2023-12-12T14:24:58+00:00","og_image":[{"width":1440,"height":1064,"url":"http:\/\/sulsc.com\/wp-content\/uploads\/2023\/12\/Celesc.jpg","type":"image\/jpeg"}],"author":"Reda\u00e7\u00e3o Sul SC","twitter_card":"summary_large_image","twitter_creator":"@https:\/\/twitter.com\/PortalSulSC","twitter_misc":{"Written by":"Reda\u00e7\u00e3o Sul SC","Est. reading time":"1 minute"},"schema":{"@context":"https:\/\/schema.org","@graph":[{"@type":"WebPage","@id":"https:\/\/sulsc.com\/index.php\/2023\/12\/12\/sede-da-celesc-recebe-governador-para-prestacao-de-contas-2023\/","url":"https:\/\/sulsc.com\/index.php\/2023\/12\/12\/sede-da-celesc-recebe-governador-para-prestacao-de-contas-2023\/","name":"Sede da Celesc recebe governador para presta\u00e7\u00e3o de contas 2023 -","isPartOf":{"@id":"https:\/\/sulsc.com\/#website"},"datePublished":"2023-12-12T14:24:58+00:00","dateModified":"2023-12-12T14:24:58+00:00","author":{"@id":"https:\/\/sulsc.com\/#\/schema\/person\/84d2fc571684f6248ba83092f07750a3"},"description":"Ser\u00e1 realizada a presta\u00e7\u00e3o de contas dos incentivos fiscais da estatal e a assinatura do Termo de Ades\u00e3o do Programa Jovem Aprendiz Celesc ao Programa Novos Caminhos","breadcrumb":{"@id":"https:\/\/sulsc.com\/index.php\/2023\/12\/12\/sede-da-celesc-recebe-governador-para-prestacao-de-contas-2023\/#breadcrumb"},"inLanguage":"en-US","potentialAction":[{"@type":"ReadAction","target":["https:\/\/sulsc.com\/index.php\/2023\/12\/12\/sede-da-celesc-recebe-governador-para-prestacao-de-contas-2023\/"]}]},{"@type":"BreadcrumbList","@id":"https:\/\/sulsc.com\/index.php\/2023\/12\/12\/sede-da-celesc-recebe-governador-para-prestacao-de-contas-2023\/#breadcrumb","itemListElement":[{"@type":"ListItem","position":1,"name":"In\u00edcio","item":"https:\/\/sulsc.com\/"},{"@type":"ListItem","position":2,"name":"Sede da Celesc recebe governador para presta\u00e7\u00e3o de contas 2023"}]},{"@type":"WebSite","@id":"https:\/\/sulsc.com\/#website","url":"https:\/\/sulsc.com\/","name":"","description":"","potentialAction":[{"@type":"SearchAction","target":{"@type":"EntryPoint","urlTemplate":"https:\/\/sulsc.com\/?s={search_term_string}"},"query-input":"required name=search_term_string"}],"inLanguage":"en-US"},{"@type":"Person","@id":"https:\/\/sulsc.com\/#\/schema\/person\/84d2fc571684f6248ba83092f07750a3","name":"Reda\u00e7\u00e3o Sul SC","image":{"@type":"ImageObject","inLanguage":"en-US","@id":"https:\/\/sulsc.com\/#\/schema\/person\/image\/e08d7fe2cc4ed596372063bbe852b8d0","url":"https:\/\/sulsc.com\/wp-content\/uploads\/2023\/09\/redacao.png","contentUrl":"https:\/\/sulsc.com\/wp-content\/uploads\/2023\/09\/redacao.png","caption":"Reda\u00e7\u00e3o Sul SC"},"description":"Foco em um jornalismo imparcial, voltado \u00e0 qualidade dos seus conte\u00fados e, assim, levar informa\u00e7\u00e3o de valor que agregue \u00e0 vida dos leitores. Esta \u00e9 grande miss\u00e3o do Portal de Not\u00edcias Sul SC. N\u00e3o \u00e9 quantidade que muda o mundo, sempre foi e seguir\u00e1 sendo qualidade!","sameAs":["https:\/\/sulsc.com\/","https:\/\/www.facebook.com\/profile.php?id=61559278119680","https:\/\/www.instagram.com\/sulscportal\/?hl=pt-br","https:\/\/twitter.com\/https:\/\/twitter.com\/PortalSulSC","https:\/\/www.youtube.com\/channel\/UCv_BE8GeySluDov2n8qhVmw"],"url":"https:\/\/sulsc.com\/index.php\/author\/redacao\/"}]}},"authors":[],"_links":{"self":[{"href":"https:\/\/sulsc.com\/index.php\/wp-json\/wp\/v2\/posts\/5010"}],"collection":[{"href":"https:\/\/sulsc.com\/index.php\/wp-json\/wp\/v2\/posts"}],"about":[{"href":"https:\/\/sulsc.com\/index.php\/wp-json\/wp\/v2\/types\/post"}],"author":[{"embeddable":true,"href":"https:\/\/sulsc.com\/index.php\/wp-json\/wp\/v2\/users\/3"}],"replies":[{"embeddable":true,"href":"https:\/\/sulsc.com\/index.php\/wp-json\/wp\/v2\/comments?post=5010"}],"version-history":[{"count":1,"href":"https:\/\/sulsc.com\/index.php\/wp-json\/wp\/v2\/posts\/5010\/revisions"}],"predecessor-version":[{"id":5012,"href":"https:\/\/sulsc.com\/index.php\/wp-json\/wp\/v2\/posts\/5010\/revisions\/5012"}],"wp:featuredmedia":[{"embeddable":true,"href":"https:\/\/sulsc.com\/index.php\/wp-json\/wp\/v2\/media\/5011"}],"wp:attachment":[{"href":"https:\/\/sulsc.com\/index.php\/wp-json\/wp\/v2\/media?parent=5010"}],"wp:term":[{"taxonomy":"category","embeddable":true,"href":"https:\/\/sulsc.com\/index.php\/wp-json\/wp\/v2\/categories?post=5010"},{"taxonomy":"post_tag","embeddable":true,"href":"https:\/\/sulsc.com\/index.php\/wp-json\/wp\/v2\/tags?post=5010"}],"curies":[{"name":"wp","href":"https:\/\/api.w.org\/{rel}","templated":true}]}}