{"id":5049,"date":"2023-12-13T07:20:20","date_gmt":"2023-12-13T10:20:20","guid":{"rendered":"https:\/\/sulsc.com\/?p=5049"},"modified":"2023-12-13T07:27:03","modified_gmt":"2023-12-13T10:27:03","slug":"veiculo-pega-fogo-na-localidade-de-laranjinha-em-criciuma","status":"publish","type":"post","link":"https:\/\/sulsc.com\/index.php\/2023\/12\/13\/veiculo-pega-fogo-na-localidade-de-laranjinha-em-criciuma\/","title":{"rendered":"Ve\u00edculo pega fogo na localidade de Laranjinha, em Crici\u00fama"},"content":{"rendered":"<p>Um inc\u00eandio em ve\u00edculo foi registrado na noite desta ter\u00e7a-feira (12), na localidade de Laranjinha, em Crici\u00fama. O Corpo de Bombeiros do munic\u00edpio foi acionado para atender a ocorr\u00eancia por volta das 20h.<\/p>\n<p>Ao chegar no local os socorristas confirmaram a natureza da ocorr\u00eancia. O ve\u00edculo, um Fiat Palio 2001, que estava parado no acostamento da pista de rolagem, estava tomado pelas chamas. O condutor relatou que a fuma\u00e7a iniciou por baixo do painel e que ao parar o carro para verificar, percebeu as chamas.<\/p>\n<p>Contou ainda que tentou combater com o uso do extintor do ve\u00edculo mas sem sucesso. A guarni\u00e7\u00e3o utilizou uma linha de ataque direto. Ap\u00f3s a extin\u00e7\u00e3o o local ficou aos cuidados da Pol\u00edcia Rodovi\u00e1ria Estadual.<\/p>\n<p><img fetchpriority=\"high\" decoding=\"async\" class=\"alignnone size-large wp-image-5050\" src=\"http:\/\/sulsc.com\/wp-content\/uploads\/2023\/12\/Veiculo-pega-fogo-em-Criciuma-584x1024.jpeg\" alt=\"\" width=\"584\" height=\"1024\" srcset=\"https:\/\/sulsc.com\/wp-content\/uploads\/2023\/12\/Veiculo-pega-fogo-em-Criciuma-584x1024.jpeg 584w, https:\/\/sulsc.com\/wp-content\/uploads\/2023\/12\/Veiculo-pega-fogo-em-Criciuma-171x300.jpeg 171w, https:\/\/sulsc.com\/wp-content\/uploads\/2023\/12\/Veiculo-pega-fogo-em-Criciuma-768x1347.jpeg 768w, https:\/\/sulsc.com\/wp-content\/uploads\/2023\/12\/Veiculo-pega-fogo-em-Criciuma-876x1536.jpeg 876w, https:\/\/sulsc.com\/wp-content\/uploads\/2023\/12\/Veiculo-pega-fogo-em-Criciuma.jpeg 912w\" sizes=\"(max-width: 584px) 100vw, 584px\" \/><\/p>\n","protected":false},"excerpt":{"rendered":"<p>Um inc\u00eandio em ve\u00edculo foi registrado na noite desta ter\u00e7a-feira (12), na localidade de Laranjinha, em Crici\u00fama. O Corpo de Bombeiros do munic\u00edpio foi acionado para atender a ocorr\u00eancia por volta das 20h. Ao chegar no local os socorristas confirmaram a natureza da ocorr\u00eancia. O ve\u00edculo, um Fiat Palio 2001, que estava parado no acostamento &hellip;<\/p>\n<p class=\"read-more\"> <a class=\"\" href=\"https:\/\/sulsc.com\/index.php\/2023\/12\/13\/veiculo-pega-fogo-na-localidade-de-laranjinha-em-criciuma\/\"> <span class=\"screen-reader-text\">Ve\u00edculo pega fogo na localidade de Laranjinha, em Crici\u00fama<\/span> Read More &raquo;<\/a><\/p>\n","protected":false},"author":3,"featured_media":5050,"comment_status":"open","ping_status":"open","sticky":false,"template":"","format":"standard","meta":{"site-sidebar-layout":"default","site-content-layout":"","ast-site-content-layout":"default","site-content-style":"default","site-sidebar-style":"default","ast-global-header-display":"","ast-banner-title-visibility":"","ast-main-header-display":"","ast-hfb-above-header-display":"","ast-hfb-below-header-display":"","ast-hfb-mobile-header-display":"","site-post-title":"","ast-breadcrumbs-content":"","ast-featured-img":"","footer-sml-layout":"","theme-transparent-header-meta":"default","adv-header-id-meta":"","stick-header-meta":"","header-above-stick-meta":"","header-main-stick-meta":"","header-below-stick-meta":"","astra-migrate-meta-layouts":"set","footnotes":""},"categories":[23,8],"tags":[92,248],"yoast_head":"<!-- This site is optimized with the Yoast SEO plugin v21.4 - https:\/\/yoast.com\/wordpress\/plugins\/seo\/ -->\n<title>Ve\u00edculo pega fogo na localidade de Laranjinha, em Crici\u00fama -<\/title>\n<meta name=\"description\" content=\"O condutor contou que a fuma\u00e7a teve in\u00edcio por baixo do painel e que ao parar o carro para verificar, percebeu as chamas\" \/>\n<meta name=\"robots\" content=\"index, follow, max-snippet:-1, max-image-preview:large, max-video-preview:-1\" \/>\n<link rel=\"canonical\" href=\"https:\/\/sulsc.com\/index.php\/2023\/12\/13\/veiculo-pega-fogo-na-localidade-de-laranjinha-em-criciuma\/\" \/>\n<meta property=\"og:locale\" content=\"en_US\" \/>\n<meta property=\"og:type\" content=\"article\" \/>\n<meta property=\"og:title\" content=\"Ve\u00edculo pega fogo na localidade de Laranjinha, em Crici\u00fama -\" \/>\n<meta property=\"og:description\" content=\"O condutor contou que a fuma\u00e7a teve in\u00edcio por baixo do painel e que ao parar o carro para verificar, percebeu as chamas\" \/>\n<meta property=\"og:url\" content=\"https:\/\/sulsc.com\/index.php\/2023\/12\/13\/veiculo-pega-fogo-na-localidade-de-laranjinha-em-criciuma\/\" \/>\n<meta property=\"article:author\" content=\"https:\/\/www.facebook.com\/profile.php?id=61559278119680\" \/>\n<meta property=\"article:published_time\" content=\"2023-12-13T10:20:20+00:00\" \/>\n<meta property=\"article:modified_time\" content=\"2023-12-13T10:27:03+00:00\" \/>\n<meta property=\"og:image\" content=\"http:\/\/sulsc.com\/wp-content\/uploads\/2023\/12\/Veiculo-pega-fogo-em-Criciuma.jpeg\" \/>\n\t<meta property=\"og:image:width\" content=\"912\" \/>\n\t<meta property=\"og:image:height\" content=\"1600\" \/>\n\t<meta property=\"og:image:type\" content=\"image\/jpeg\" \/>\n<meta name=\"author\" content=\"Reda\u00e7\u00e3o Sul SC\" \/>\n<meta name=\"twitter:card\" content=\"summary_large_image\" \/>\n<meta name=\"twitter:creator\" content=\"@https:\/\/twitter.com\/PortalSulSC\" \/>\n<meta name=\"twitter:label1\" content=\"Written by\" \/>\n\t<meta name=\"twitter:data1\" content=\"Reda\u00e7\u00e3o Sul SC\" \/>\n\t<meta name=\"twitter:label2\" content=\"Est. reading time\" \/>\n\t<meta name=\"twitter:data2\" content=\"1 minute\" \/>\n<script type=\"application\/ld+json\" class=\"yoast-schema-graph\">{\"@context\":\"https:\/\/schema.org\",\"@graph\":[{\"@type\":\"WebPage\",\"@id\":\"https:\/\/sulsc.com\/index.php\/2023\/12\/13\/veiculo-pega-fogo-na-localidade-de-laranjinha-em-criciuma\/\",\"url\":\"https:\/\/sulsc.com\/index.php\/2023\/12\/13\/veiculo-pega-fogo-na-localidade-de-laranjinha-em-criciuma\/\",\"name\":\"Ve\u00edculo pega fogo na localidade de Laranjinha, em Crici\u00fama -\",\"isPartOf\":{\"@id\":\"https:\/\/sulsc.com\/#website\"},\"datePublished\":\"2023-12-13T10:20:20+00:00\",\"dateModified\":\"2023-12-13T10:27:03+00:00\",\"author\":{\"@id\":\"https:\/\/sulsc.com\/#\/schema\/person\/84d2fc571684f6248ba83092f07750a3\"},\"description\":\"O condutor contou que a fuma\u00e7a teve in\u00edcio por baixo do painel e que ao parar o carro para verificar, percebeu as chamas\",\"breadcrumb\":{\"@id\":\"https:\/\/sulsc.com\/index.php\/2023\/12\/13\/veiculo-pega-fogo-na-localidade-de-laranjinha-em-criciuma\/#breadcrumb\"},\"inLanguage\":\"en-US\",\"potentialAction\":[{\"@type\":\"ReadAction\",\"target\":[\"https:\/\/sulsc.com\/index.php\/2023\/12\/13\/veiculo-pega-fogo-na-localidade-de-laranjinha-em-criciuma\/\"]}]},{\"@type\":\"BreadcrumbList\",\"@id\":\"https:\/\/sulsc.com\/index.php\/2023\/12\/13\/veiculo-pega-fogo-na-localidade-de-laranjinha-em-criciuma\/#breadcrumb\",\"itemListElement\":[{\"@type\":\"ListItem\",\"position\":1,\"name\":\"In\u00edcio\",\"item\":\"https:\/\/sulsc.com\/\"},{\"@type\":\"ListItem\",\"position\":2,\"name\":\"Ve\u00edculo pega fogo na localidade de Laranjinha, em Crici\u00fama\"}]},{\"@type\":\"WebSite\",\"@id\":\"https:\/\/sulsc.com\/#website\",\"url\":\"https:\/\/sulsc.com\/\",\"name\":\"\",\"description\":\"\",\"potentialAction\":[{\"@type\":\"SearchAction\",\"target\":{\"@type\":\"EntryPoint\",\"urlTemplate\":\"https:\/\/sulsc.com\/?s={search_term_string}\"},\"query-input\":\"required name=search_term_string\"}],\"inLanguage\":\"en-US\"},{\"@type\":\"Person\",\"@id\":\"https:\/\/sulsc.com\/#\/schema\/person\/84d2fc571684f6248ba83092f07750a3\",\"name\":\"Reda\u00e7\u00e3o Sul SC\",\"image\":{\"@type\":\"ImageObject\",\"inLanguage\":\"en-US\",\"@id\":\"https:\/\/sulsc.com\/#\/schema\/person\/image\/e08d7fe2cc4ed596372063bbe852b8d0\",\"url\":\"https:\/\/sulsc.com\/wp-content\/uploads\/2023\/09\/redacao.png\",\"contentUrl\":\"https:\/\/sulsc.com\/wp-content\/uploads\/2023\/09\/redacao.png\",\"caption\":\"Reda\u00e7\u00e3o Sul SC\"},\"description\":\"Foco em um jornalismo imparcial, voltado \u00e0 qualidade dos seus conte\u00fados e, assim, levar informa\u00e7\u00e3o de valor que agregue \u00e0 vida dos leitores. Esta \u00e9 grande miss\u00e3o do Portal de Not\u00edcias Sul SC. N\u00e3o \u00e9 quantidade que muda o mundo, sempre foi e seguir\u00e1 sendo qualidade!\",\"sameAs\":[\"https:\/\/sulsc.com\/\",\"https:\/\/www.facebook.com\/profile.php?id=61559278119680\",\"https:\/\/www.instagram.com\/sulscportal\/?hl=pt-br\",\"https:\/\/twitter.com\/https:\/\/twitter.com\/PortalSulSC\",\"https:\/\/www.youtube.com\/channel\/UCv_BE8GeySluDov2n8qhVmw\"],\"url\":\"https:\/\/sulsc.com\/index.php\/author\/redacao\/\"}]}<\/script>\n<!-- \/ Yoast SEO plugin. -->","yoast_head_json":{"title":"Ve\u00edculo pega fogo na localidade de Laranjinha, em Crici\u00fama -","description":"O condutor contou que a fuma\u00e7a teve in\u00edcio por baixo do painel e que ao parar o carro para verificar, percebeu as chamas","robots":{"index":"index","follow":"follow","max-snippet":"max-snippet:-1","max-image-preview":"max-image-preview:large","max-video-preview":"max-video-preview:-1"},"canonical":"https:\/\/sulsc.com\/index.php\/2023\/12\/13\/veiculo-pega-fogo-na-localidade-de-laranjinha-em-criciuma\/","og_locale":"en_US","og_type":"article","og_title":"Ve\u00edculo pega fogo na localidade de Laranjinha, em Crici\u00fama -","og_description":"O condutor contou que a fuma\u00e7a teve in\u00edcio por baixo do painel e que ao parar o carro para verificar, percebeu as chamas","og_url":"https:\/\/sulsc.com\/index.php\/2023\/12\/13\/veiculo-pega-fogo-na-localidade-de-laranjinha-em-criciuma\/","article_author":"https:\/\/www.facebook.com\/profile.php?id=61559278119680","article_published_time":"2023-12-13T10:20:20+00:00","article_modified_time":"2023-12-13T10:27:03+00:00","og_image":[{"width":912,"height":1600,"url":"http:\/\/sulsc.com\/wp-content\/uploads\/2023\/12\/Veiculo-pega-fogo-em-Criciuma.jpeg","type":"image\/jpeg"}],"author":"Reda\u00e7\u00e3o Sul SC","twitter_card":"summary_large_image","twitter_creator":"@https:\/\/twitter.com\/PortalSulSC","twitter_misc":{"Written by":"Reda\u00e7\u00e3o Sul SC","Est. reading time":"1 minute"},"schema":{"@context":"https:\/\/schema.org","@graph":[{"@type":"WebPage","@id":"https:\/\/sulsc.com\/index.php\/2023\/12\/13\/veiculo-pega-fogo-na-localidade-de-laranjinha-em-criciuma\/","url":"https:\/\/sulsc.com\/index.php\/2023\/12\/13\/veiculo-pega-fogo-na-localidade-de-laranjinha-em-criciuma\/","name":"Ve\u00edculo pega fogo na localidade de Laranjinha, em Crici\u00fama -","isPartOf":{"@id":"https:\/\/sulsc.com\/#website"},"datePublished":"2023-12-13T10:20:20+00:00","dateModified":"2023-12-13T10:27:03+00:00","author":{"@id":"https:\/\/sulsc.com\/#\/schema\/person\/84d2fc571684f6248ba83092f07750a3"},"description":"O condutor contou que a fuma\u00e7a teve in\u00edcio por baixo do painel e que ao parar o carro para verificar, percebeu as chamas","breadcrumb":{"@id":"https:\/\/sulsc.com\/index.php\/2023\/12\/13\/veiculo-pega-fogo-na-localidade-de-laranjinha-em-criciuma\/#breadcrumb"},"inLanguage":"en-US","potentialAction":[{"@type":"ReadAction","target":["https:\/\/sulsc.com\/index.php\/2023\/12\/13\/veiculo-pega-fogo-na-localidade-de-laranjinha-em-criciuma\/"]}]},{"@type":"BreadcrumbList","@id":"https:\/\/sulsc.com\/index.php\/2023\/12\/13\/veiculo-pega-fogo-na-localidade-de-laranjinha-em-criciuma\/#breadcrumb","itemListElement":[{"@type":"ListItem","position":1,"name":"In\u00edcio","item":"https:\/\/sulsc.com\/"},{"@type":"ListItem","position":2,"name":"Ve\u00edculo pega fogo na localidade de Laranjinha, em Crici\u00fama"}]},{"@type":"WebSite","@id":"https:\/\/sulsc.com\/#website","url":"https:\/\/sulsc.com\/","name":"","description":"","potentialAction":[{"@type":"SearchAction","target":{"@type":"EntryPoint","urlTemplate":"https:\/\/sulsc.com\/?s={search_term_string}"},"query-input":"required name=search_term_string"}],"inLanguage":"en-US"},{"@type":"Person","@id":"https:\/\/sulsc.com\/#\/schema\/person\/84d2fc571684f6248ba83092f07750a3","name":"Reda\u00e7\u00e3o Sul SC","image":{"@type":"ImageObject","inLanguage":"en-US","@id":"https:\/\/sulsc.com\/#\/schema\/person\/image\/e08d7fe2cc4ed596372063bbe852b8d0","url":"https:\/\/sulsc.com\/wp-content\/uploads\/2023\/09\/redacao.png","contentUrl":"https:\/\/sulsc.com\/wp-content\/uploads\/2023\/09\/redacao.png","caption":"Reda\u00e7\u00e3o Sul SC"},"description":"Foco em um jornalismo imparcial, voltado \u00e0 qualidade dos seus conte\u00fados e, assim, levar informa\u00e7\u00e3o de valor que agregue \u00e0 vida dos leitores. Esta \u00e9 grande miss\u00e3o do Portal de Not\u00edcias Sul SC. N\u00e3o \u00e9 quantidade que muda o mundo, sempre foi e seguir\u00e1 sendo qualidade!","sameAs":["https:\/\/sulsc.com\/","https:\/\/www.facebook.com\/profile.php?id=61559278119680","https:\/\/www.instagram.com\/sulscportal\/?hl=pt-br","https:\/\/twitter.com\/https:\/\/twitter.com\/PortalSulSC","https:\/\/www.youtube.com\/channel\/UCv_BE8GeySluDov2n8qhVmw"],"url":"https:\/\/sulsc.com\/index.php\/author\/redacao\/"}]}},"authors":[],"_links":{"self":[{"href":"https:\/\/sulsc.com\/index.php\/wp-json\/wp\/v2\/posts\/5049"}],"collection":[{"href":"https:\/\/sulsc.com\/index.php\/wp-json\/wp\/v2\/posts"}],"about":[{"href":"https:\/\/sulsc.com\/index.php\/wp-json\/wp\/v2\/types\/post"}],"author":[{"embeddable":true,"href":"https:\/\/sulsc.com\/index.php\/wp-json\/wp\/v2\/users\/3"}],"replies":[{"embeddable":true,"href":"https:\/\/sulsc.com\/index.php\/wp-json\/wp\/v2\/comments?post=5049"}],"version-history":[{"count":1,"href":"https:\/\/sulsc.com\/index.php\/wp-json\/wp\/v2\/posts\/5049\/revisions"}],"predecessor-version":[{"id":5051,"href":"https:\/\/sulsc.com\/index.php\/wp-json\/wp\/v2\/posts\/5049\/revisions\/5051"}],"wp:featuredmedia":[{"embeddable":true,"href":"https:\/\/sulsc.com\/index.php\/wp-json\/wp\/v2\/media\/5050"}],"wp:attachment":[{"href":"https:\/\/sulsc.com\/index.php\/wp-json\/wp\/v2\/media?parent=5049"}],"wp:term":[{"taxonomy":"category","embeddable":true,"href":"https:\/\/sulsc.com\/index.php\/wp-json\/wp\/v2\/categories?post=5049"},{"taxonomy":"post_tag","embeddable":true,"href":"https:\/\/sulsc.com\/index.php\/wp-json\/wp\/v2\/tags?post=5049"}],"curies":[{"name":"wp","href":"https:\/\/api.w.org\/{rel}","templated":true}]}}