{"id":5133,"date":"2023-12-14T12:10:18","date_gmt":"2023-12-14T15:10:18","guid":{"rendered":"https:\/\/sulsc.com\/?p=5133"},"modified":"2023-12-14T12:15:04","modified_gmt":"2023-12-14T15:15:04","slug":"mais-de-r-20-milhoes-em-incentivos-culturais-sao-investidos-pelo-estado-celesc-e-fcc","status":"publish","type":"post","link":"https:\/\/sulsc.com\/index.php\/2023\/12\/14\/mais-de-r-20-milhoes-em-incentivos-culturais-sao-investidos-pelo-estado-celesc-e-fcc\/","title":{"rendered":"Mais de R$ 20 milh\u00f5es em incentivos culturais s\u00e3o investidos pelo Estado, Celesc e FCC"},"content":{"rendered":"<p>O Governo do Estado, a Celesc e a Funda\u00e7\u00e3o Catarinense de Cultura apresentaram, nesta quarta-feira (13), os projetos aprovados no edital 2023 do Programa de Incentivo \u00e0 Cultura (PIC).\u00a0O evento foi marcado pela presen\u00e7a do governador Jorginho Mello, do presidente da Celesc, Tarc\u00edsio Rosa, do secret\u00e1rio estadual da Fazenda, Cleverson Siewert, e do presidente da Funda\u00e7\u00e3o Catarinense de Cultura, Rafael Nogueira, entre outras autoridades e teve como objetivo valorizar a cultura e a arte de Santa Catarina.<\/p>\n<p>Na ocasi\u00e3o tamb\u00e9m foi oficializado o ingresso da Celesc no programa Novos Caminhos, do Tribunal de Justi\u00e7a de Santa Catarina (TJSC), com a presen\u00e7a do presidente do TJSC, Altamiro de Oliveira, ju\u00edzes e desembargadores. No \u00e2mbito do PIC, foram apresentados 54 projetos voltados a \u00e1reas como m\u00fasica, literatura, audiovisual e artes visuais. Esses projetos, junto com outras iniciativas voltadas ao esporte, receberam o total de R$ 22,5 milh\u00f5es em incentivos fiscais ao longo deste ano.<\/p>\n<p>As chamadas p\u00fablicas da companhia para sele\u00e7\u00e3o de projetos sociais, levam em considera\u00e7\u00e3o os princ\u00edpios constantes do C\u00f3digo de Conduta \u00c9tica da Celesc, os sete princ\u00edpios da Pol\u00edtica de Responsabilidade Socioambiental da empresa e os Objetivos do Desenvolvimento Sustent\u00e1vel da ONU.\u00a0Para o governador Jorginho Mello, Santa Catarina tem muito a ganhar com o est\u00edmulo \u00e0 cultura.<\/p>\n<p>\u201cO Poder P\u00fablico tem a responsabilidade de alavancar pr\u00e1ticas e projetos que beneficiem a sociedade como um todo. Ent\u00e3o, \u00e9 uma satisfa\u00e7\u00e3o ver que iniciativas que estimulam a cidadania e a inclus\u00e3o social est\u00e3o sendo reconhecidas e contempladas. S\u00e3o mais de R$ 20 milh\u00f5es de recursos beneficiando projetos de todas as regi\u00f5es, prestigiando tamb\u00e9m o interior, que tem um grande potencial cultural, com grandes projetos e grandes artistas\u201d, afirmou.<\/p>\n<p>O presidente da Celesc, Tarc\u00edsio Rosa, expressou seu entusiasmo em rela\u00e7\u00e3o ao Programa de Incentivo \u00e0 Cultura (PIC), ressaltando sua contribui\u00e7\u00e3o para o desenvolvimento cultural do Estado. \u201cCom a aloca\u00e7\u00e3o de mais de 22 milh\u00f5es de recursos, o PIC refor\u00e7a o compromisso da Celesc com a responsabilidade social e o fortalecimento da vida cultural de nossa comunidade. \u00c9 um investimento que promove n\u00e3o s\u00f3 express\u00f5es art\u00edsticas, mas tamb\u00e9m fortalece o tecido social, gerando impactos positivos de longo alcance. Este \u00e9 um marco essencial na trajet\u00f3ria da Celesc, refor\u00e7ando nosso comprometimento em ser n\u00e3o apenas uma distribuidora de energia, mas um agente ativo no desenvolvimento integral das comunidades que servimos\u201d, destacou.<\/p>\n<p>&nbsp;<\/p>\n<p><strong>Novos Caminhos<\/strong><\/p>\n<p>No evento, a Celesc tamb\u00e9m oficializou sua participa\u00e7\u00e3o no programa Novos Caminhos, que atende, ampara e apoia a forma\u00e7\u00e3o profissional e a inser\u00e7\u00e3o no mercado de trabalho de jovens em situa\u00e7\u00e3o de acolhimento em Santa Catarina. Ao ingressarem no programa, os adolescentes s\u00e3o acompanhados individualmente e encaminhados a projetos de escolariza\u00e7\u00e3o, profissionaliza\u00e7\u00e3o e atividades complementares.<\/p>\n<p>O Novos Caminhos \u00e9 encabe\u00e7ado pela Coordenadoria Estadual da Inf\u00e2ncia e da Juventude (CEIJ) do Tribunal de Justi\u00e7a de Santa Catarina, juntamente com a Associa\u00e7\u00e3o dos Magistrados Catarinenses (AMC) e com a Federa\u00e7\u00e3o das Ind\u00fastrias do Estado de Santa Catarina (FIESC).<\/p>\n<p>O presidente da FIESC, Mario Cezar de Aguiar, ressalta a import\u00e2ncia do projeto, dando oportunidade para os jovens em situa\u00e7\u00e3o de vulnerabilidade, \u201c j\u00e1 s\u00e3o mais de 6.200 jovens contemplados pelo programa. Jovens que ter\u00e3o a oportunidade de receber educa\u00e7\u00e3o e caminhos para poder ter um trabalho digno\u201d.<\/p>\n<p>\u201cCom essa iniciativa, a Celesc refor\u00e7a seu compromisso com a sociedade catarinense e busca cumprir seu papel na inclus\u00e3o desses jovens, que tanto anseiam por aprender e por contribuir com a sociedade\u201d, disse o presidente da Companhia, Tarc\u00edsio Rosa.<\/p>\n<figure class=\"wp-block-image size-full\">\n<p><figure id=\"attachment_272893\" aria-describedby=\"caption-attachment-272893\" style=\"width: 1600px\" class=\"wp-caption alignnone\"><img fetchpriority=\"high\" decoding=\"async\" class=\"wp-image-272893\" src=\"https:\/\/estado.sc.gov.br\/noticias\/wp-content\/uploads\/sites\/3\/2023\/12\/Imagem-do-WhatsApp-de-2023-12-13-as-11.38.16_053f6d02.jpg\" alt=\"\" width=\"1600\" height=\"1067\" \/><figcaption id=\"caption-attachment-272893\" class=\"wp-caption-text\">Fotos: Eduardo Valente \/\u00a0GOVSC<\/figcaption><\/figure><figcaption class=\"wp-element-caption\"><\/figcaption><\/figure>\n<p data-raofz=\"16\"><strong>Natal Solid\u00e1rio<\/strong><\/p>\n<p data-raofz=\"16\">Em meio \u00e0s solenidades, 393 crian\u00e7as que passaram por medida protetiva de acolhimento se divertiam com as atra\u00e7\u00f5es do Natal Solid\u00e1rio. A edi\u00e7\u00e3o deste ano do tradicional evento da Celesc teve como atra\u00e7\u00f5es: m\u00fasicas, palha\u00e7o, brincadeiras e pinturas no rosto.<br \/>\nToda a festa foi coordenada por 37 volunt\u00e1rios celesquianos, que se dedicaram a tornar este dia inesquec\u00edvel. O evento teve distribui\u00e7\u00e3o de salgados, algod\u00e3o doce, pipoca e crepe, mas o ponto alto foi a chegada do Papai Noel, que distribuiu presentes aos pequenos.<\/p>\n<p data-raofz=\"16\">Durante o evento foram realizadas apresenta\u00e7\u00f5es de dois projetos aprovados no PIC: Natal Encantado 2023 \u2013 Um Passeio Pelas Artes e palha\u00e7o Pacacoenco do Projeto Agentes do Riso.<\/p>\n","protected":false},"excerpt":{"rendered":"<p>O Governo do Estado, a Celesc e a Funda\u00e7\u00e3o Catarinense de Cultura apresentaram, nesta quarta-feira (13), os projetos aprovados no edital 2023 do Programa de Incentivo \u00e0 Cultura (PIC).\u00a0O evento foi marcado pela presen\u00e7a do governador Jorginho Mello, do presidente da Celesc, Tarc\u00edsio Rosa, do secret\u00e1rio estadual da Fazenda, Cleverson Siewert, e do presidente da &hellip;<\/p>\n<p class=\"read-more\"> <a class=\"\" href=\"https:\/\/sulsc.com\/index.php\/2023\/12\/14\/mais-de-r-20-milhoes-em-incentivos-culturais-sao-investidos-pelo-estado-celesc-e-fcc\/\"> <span class=\"screen-reader-text\">Mais de R$ 20 milh\u00f5es em incentivos culturais s\u00e3o investidos pelo Estado, Celesc e FCC<\/span> Read More &raquo;<\/a><\/p>\n","protected":false},"author":3,"featured_media":5136,"comment_status":"open","ping_status":"open","sticky":false,"template":"","format":"standard","meta":{"site-sidebar-layout":"default","site-content-layout":"","ast-site-content-layout":"default","site-content-style":"default","site-sidebar-style":"default","ast-global-header-display":"","ast-banner-title-visibility":"","ast-main-header-display":"","ast-hfb-above-header-display":"","ast-hfb-below-header-display":"","ast-hfb-mobile-header-display":"","site-post-title":"","ast-breadcrumbs-content":"","ast-featured-img":"","footer-sml-layout":"","theme-transparent-header-meta":"default","adv-header-id-meta":"","stick-header-meta":"","header-above-stick-meta":"","header-main-stick-meta":"","header-below-stick-meta":"","astra-migrate-meta-layouts":"set","footnotes":""},"categories":[1],"tags":[],"yoast_head":"<!-- This site is optimized with the Yoast SEO plugin v21.4 - https:\/\/yoast.com\/wordpress\/plugins\/seo\/ -->\n<title>Mais de R$ 20 milh\u00f5es em incentivos culturais s\u00e3o investidos pelo Estado, Celesc e FCC -<\/title>\n<meta name=\"robots\" content=\"index, follow, max-snippet:-1, max-image-preview:large, max-video-preview:-1\" \/>\n<link rel=\"canonical\" href=\"https:\/\/sulsc.com\/index.php\/2023\/12\/14\/mais-de-r-20-milhoes-em-incentivos-culturais-sao-investidos-pelo-estado-celesc-e-fcc\/\" \/>\n<meta property=\"og:locale\" content=\"en_US\" \/>\n<meta property=\"og:type\" content=\"article\" \/>\n<meta property=\"og:title\" content=\"Mais de R$ 20 milh\u00f5es em incentivos culturais s\u00e3o investidos pelo Estado, Celesc e FCC -\" \/>\n<meta property=\"og:description\" content=\"O Governo do Estado, a Celesc e a Funda\u00e7\u00e3o Catarinense de Cultura apresentaram, nesta quarta-feira (13), os projetos aprovados no edital 2023 do Programa de Incentivo \u00e0 Cultura (PIC).\u00a0O evento foi marcado pela presen\u00e7a do governador Jorginho Mello, do presidente da Celesc, Tarc\u00edsio Rosa, do secret\u00e1rio estadual da Fazenda, Cleverson Siewert, e do presidente da &hellip; Mais de R$ 20 milh\u00f5es em incentivos culturais s\u00e3o investidos pelo Estado, Celesc e FCC Read More &raquo;\" \/>\n<meta property=\"og:url\" content=\"https:\/\/sulsc.com\/index.php\/2023\/12\/14\/mais-de-r-20-milhoes-em-incentivos-culturais-sao-investidos-pelo-estado-celesc-e-fcc\/\" \/>\n<meta property=\"article:author\" content=\"https:\/\/www.facebook.com\/profile.php?id=61559278119680\" \/>\n<meta property=\"article:published_time\" content=\"2023-12-14T15:10:18+00:00\" \/>\n<meta property=\"article:modified_time\" content=\"2023-12-14T15:15:04+00:00\" \/>\n<meta property=\"og:image\" content=\"http:\/\/sulsc.com\/wp-content\/uploads\/2023\/12\/Mais-de-R-20-milhoes-em-incentivos-culturais-sao-investidos-pelo-Estado-Celesc-e-FCC.jpg\" \/>\n\t<meta property=\"og:image:width\" content=\"1600\" \/>\n\t<meta property=\"og:image:height\" content=\"920\" \/>\n\t<meta property=\"og:image:type\" content=\"image\/jpeg\" \/>\n<meta name=\"author\" content=\"Reda\u00e7\u00e3o Sul SC\" \/>\n<meta name=\"twitter:card\" content=\"summary_large_image\" \/>\n<meta name=\"twitter:creator\" content=\"@https:\/\/twitter.com\/PortalSulSC\" \/>\n<meta name=\"twitter:label1\" content=\"Written by\" \/>\n\t<meta name=\"twitter:data1\" content=\"Reda\u00e7\u00e3o Sul SC\" \/>\n\t<meta name=\"twitter:label2\" content=\"Est. reading time\" \/>\n\t<meta name=\"twitter:data2\" content=\"5 minutes\" \/>\n<script type=\"application\/ld+json\" class=\"yoast-schema-graph\">{\"@context\":\"https:\/\/schema.org\",\"@graph\":[{\"@type\":\"WebPage\",\"@id\":\"https:\/\/sulsc.com\/index.php\/2023\/12\/14\/mais-de-r-20-milhoes-em-incentivos-culturais-sao-investidos-pelo-estado-celesc-e-fcc\/\",\"url\":\"https:\/\/sulsc.com\/index.php\/2023\/12\/14\/mais-de-r-20-milhoes-em-incentivos-culturais-sao-investidos-pelo-estado-celesc-e-fcc\/\",\"name\":\"Mais de R$ 20 milh\u00f5es em incentivos culturais s\u00e3o investidos pelo Estado, Celesc e FCC -\",\"isPartOf\":{\"@id\":\"https:\/\/sulsc.com\/#website\"},\"datePublished\":\"2023-12-14T15:10:18+00:00\",\"dateModified\":\"2023-12-14T15:15:04+00:00\",\"author\":{\"@id\":\"https:\/\/sulsc.com\/#\/schema\/person\/84d2fc571684f6248ba83092f07750a3\"},\"breadcrumb\":{\"@id\":\"https:\/\/sulsc.com\/index.php\/2023\/12\/14\/mais-de-r-20-milhoes-em-incentivos-culturais-sao-investidos-pelo-estado-celesc-e-fcc\/#breadcrumb\"},\"inLanguage\":\"en-US\",\"potentialAction\":[{\"@type\":\"ReadAction\",\"target\":[\"https:\/\/sulsc.com\/index.php\/2023\/12\/14\/mais-de-r-20-milhoes-em-incentivos-culturais-sao-investidos-pelo-estado-celesc-e-fcc\/\"]}]},{\"@type\":\"BreadcrumbList\",\"@id\":\"https:\/\/sulsc.com\/index.php\/2023\/12\/14\/mais-de-r-20-milhoes-em-incentivos-culturais-sao-investidos-pelo-estado-celesc-e-fcc\/#breadcrumb\",\"itemListElement\":[{\"@type\":\"ListItem\",\"position\":1,\"name\":\"In\u00edcio\",\"item\":\"https:\/\/sulsc.com\/\"},{\"@type\":\"ListItem\",\"position\":2,\"name\":\"Mais de R$ 20 milh\u00f5es em incentivos culturais s\u00e3o investidos pelo Estado, Celesc e FCC\"}]},{\"@type\":\"WebSite\",\"@id\":\"https:\/\/sulsc.com\/#website\",\"url\":\"https:\/\/sulsc.com\/\",\"name\":\"\",\"description\":\"\",\"potentialAction\":[{\"@type\":\"SearchAction\",\"target\":{\"@type\":\"EntryPoint\",\"urlTemplate\":\"https:\/\/sulsc.com\/?s={search_term_string}\"},\"query-input\":\"required name=search_term_string\"}],\"inLanguage\":\"en-US\"},{\"@type\":\"Person\",\"@id\":\"https:\/\/sulsc.com\/#\/schema\/person\/84d2fc571684f6248ba83092f07750a3\",\"name\":\"Reda\u00e7\u00e3o Sul SC\",\"image\":{\"@type\":\"ImageObject\",\"inLanguage\":\"en-US\",\"@id\":\"https:\/\/sulsc.com\/#\/schema\/person\/image\/e08d7fe2cc4ed596372063bbe852b8d0\",\"url\":\"https:\/\/sulsc.com\/wp-content\/uploads\/2023\/09\/redacao.png\",\"contentUrl\":\"https:\/\/sulsc.com\/wp-content\/uploads\/2023\/09\/redacao.png\",\"caption\":\"Reda\u00e7\u00e3o Sul SC\"},\"description\":\"Foco em um jornalismo imparcial, voltado \u00e0 qualidade dos seus conte\u00fados e, assim, levar informa\u00e7\u00e3o de valor que agregue \u00e0 vida dos leitores. Esta \u00e9 grande miss\u00e3o do Portal de Not\u00edcias Sul SC. N\u00e3o \u00e9 quantidade que muda o mundo, sempre foi e seguir\u00e1 sendo qualidade!\",\"sameAs\":[\"https:\/\/sulsc.com\/\",\"https:\/\/www.facebook.com\/profile.php?id=61559278119680\",\"https:\/\/www.instagram.com\/sulscportal\/?hl=pt-br\",\"https:\/\/twitter.com\/https:\/\/twitter.com\/PortalSulSC\",\"https:\/\/www.youtube.com\/channel\/UCv_BE8GeySluDov2n8qhVmw\"],\"url\":\"https:\/\/sulsc.com\/index.php\/author\/redacao\/\"}]}<\/script>\n<!-- \/ Yoast SEO plugin. -->","yoast_head_json":{"title":"Mais de R$ 20 milh\u00f5es em incentivos culturais s\u00e3o investidos pelo Estado, Celesc e FCC -","robots":{"index":"index","follow":"follow","max-snippet":"max-snippet:-1","max-image-preview":"max-image-preview:large","max-video-preview":"max-video-preview:-1"},"canonical":"https:\/\/sulsc.com\/index.php\/2023\/12\/14\/mais-de-r-20-milhoes-em-incentivos-culturais-sao-investidos-pelo-estado-celesc-e-fcc\/","og_locale":"en_US","og_type":"article","og_title":"Mais de R$ 20 milh\u00f5es em incentivos culturais s\u00e3o investidos pelo Estado, Celesc e FCC -","og_description":"O Governo do Estado, a Celesc e a Funda\u00e7\u00e3o Catarinense de Cultura apresentaram, nesta quarta-feira (13), os projetos aprovados no edital 2023 do Programa de Incentivo \u00e0 Cultura (PIC).\u00a0O evento foi marcado pela presen\u00e7a do governador Jorginho Mello, do presidente da Celesc, Tarc\u00edsio Rosa, do secret\u00e1rio estadual da Fazenda, Cleverson Siewert, e do presidente da &hellip; Mais de R$ 20 milh\u00f5es em incentivos culturais s\u00e3o investidos pelo Estado, Celesc e FCC Read More &raquo;","og_url":"https:\/\/sulsc.com\/index.php\/2023\/12\/14\/mais-de-r-20-milhoes-em-incentivos-culturais-sao-investidos-pelo-estado-celesc-e-fcc\/","article_author":"https:\/\/www.facebook.com\/profile.php?id=61559278119680","article_published_time":"2023-12-14T15:10:18+00:00","article_modified_time":"2023-12-14T15:15:04+00:00","og_image":[{"width":1600,"height":920,"url":"http:\/\/sulsc.com\/wp-content\/uploads\/2023\/12\/Mais-de-R-20-milhoes-em-incentivos-culturais-sao-investidos-pelo-Estado-Celesc-e-FCC.jpg","type":"image\/jpeg"}],"author":"Reda\u00e7\u00e3o Sul SC","twitter_card":"summary_large_image","twitter_creator":"@https:\/\/twitter.com\/PortalSulSC","twitter_misc":{"Written by":"Reda\u00e7\u00e3o Sul SC","Est. reading time":"5 minutes"},"schema":{"@context":"https:\/\/schema.org","@graph":[{"@type":"WebPage","@id":"https:\/\/sulsc.com\/index.php\/2023\/12\/14\/mais-de-r-20-milhoes-em-incentivos-culturais-sao-investidos-pelo-estado-celesc-e-fcc\/","url":"https:\/\/sulsc.com\/index.php\/2023\/12\/14\/mais-de-r-20-milhoes-em-incentivos-culturais-sao-investidos-pelo-estado-celesc-e-fcc\/","name":"Mais de R$ 20 milh\u00f5es em incentivos culturais s\u00e3o investidos pelo Estado, Celesc e FCC -","isPartOf":{"@id":"https:\/\/sulsc.com\/#website"},"datePublished":"2023-12-14T15:10:18+00:00","dateModified":"2023-12-14T15:15:04+00:00","author":{"@id":"https:\/\/sulsc.com\/#\/schema\/person\/84d2fc571684f6248ba83092f07750a3"},"breadcrumb":{"@id":"https:\/\/sulsc.com\/index.php\/2023\/12\/14\/mais-de-r-20-milhoes-em-incentivos-culturais-sao-investidos-pelo-estado-celesc-e-fcc\/#breadcrumb"},"inLanguage":"en-US","potentialAction":[{"@type":"ReadAction","target":["https:\/\/sulsc.com\/index.php\/2023\/12\/14\/mais-de-r-20-milhoes-em-incentivos-culturais-sao-investidos-pelo-estado-celesc-e-fcc\/"]}]},{"@type":"BreadcrumbList","@id":"https:\/\/sulsc.com\/index.php\/2023\/12\/14\/mais-de-r-20-milhoes-em-incentivos-culturais-sao-investidos-pelo-estado-celesc-e-fcc\/#breadcrumb","itemListElement":[{"@type":"ListItem","position":1,"name":"In\u00edcio","item":"https:\/\/sulsc.com\/"},{"@type":"ListItem","position":2,"name":"Mais de R$ 20 milh\u00f5es em incentivos culturais s\u00e3o investidos pelo Estado, Celesc e FCC"}]},{"@type":"WebSite","@id":"https:\/\/sulsc.com\/#website","url":"https:\/\/sulsc.com\/","name":"","description":"","potentialAction":[{"@type":"SearchAction","target":{"@type":"EntryPoint","urlTemplate":"https:\/\/sulsc.com\/?s={search_term_string}"},"query-input":"required name=search_term_string"}],"inLanguage":"en-US"},{"@type":"Person","@id":"https:\/\/sulsc.com\/#\/schema\/person\/84d2fc571684f6248ba83092f07750a3","name":"Reda\u00e7\u00e3o Sul SC","image":{"@type":"ImageObject","inLanguage":"en-US","@id":"https:\/\/sulsc.com\/#\/schema\/person\/image\/e08d7fe2cc4ed596372063bbe852b8d0","url":"https:\/\/sulsc.com\/wp-content\/uploads\/2023\/09\/redacao.png","contentUrl":"https:\/\/sulsc.com\/wp-content\/uploads\/2023\/09\/redacao.png","caption":"Reda\u00e7\u00e3o Sul SC"},"description":"Foco em um jornalismo imparcial, voltado \u00e0 qualidade dos seus conte\u00fados e, assim, levar informa\u00e7\u00e3o de valor que agregue \u00e0 vida dos leitores. Esta \u00e9 grande miss\u00e3o do Portal de Not\u00edcias Sul SC. N\u00e3o \u00e9 quantidade que muda o mundo, sempre foi e seguir\u00e1 sendo qualidade!","sameAs":["https:\/\/sulsc.com\/","https:\/\/www.facebook.com\/profile.php?id=61559278119680","https:\/\/www.instagram.com\/sulscportal\/?hl=pt-br","https:\/\/twitter.com\/https:\/\/twitter.com\/PortalSulSC","https:\/\/www.youtube.com\/channel\/UCv_BE8GeySluDov2n8qhVmw"],"url":"https:\/\/sulsc.com\/index.php\/author\/redacao\/"}]}},"authors":[],"_links":{"self":[{"href":"https:\/\/sulsc.com\/index.php\/wp-json\/wp\/v2\/posts\/5133"}],"collection":[{"href":"https:\/\/sulsc.com\/index.php\/wp-json\/wp\/v2\/posts"}],"about":[{"href":"https:\/\/sulsc.com\/index.php\/wp-json\/wp\/v2\/types\/post"}],"author":[{"embeddable":true,"href":"https:\/\/sulsc.com\/index.php\/wp-json\/wp\/v2\/users\/3"}],"replies":[{"embeddable":true,"href":"https:\/\/sulsc.com\/index.php\/wp-json\/wp\/v2\/comments?post=5133"}],"version-history":[{"count":1,"href":"https:\/\/sulsc.com\/index.php\/wp-json\/wp\/v2\/posts\/5133\/revisions"}],"predecessor-version":[{"id":5137,"href":"https:\/\/sulsc.com\/index.php\/wp-json\/wp\/v2\/posts\/5133\/revisions\/5137"}],"wp:featuredmedia":[{"embeddable":true,"href":"https:\/\/sulsc.com\/index.php\/wp-json\/wp\/v2\/media\/5136"}],"wp:attachment":[{"href":"https:\/\/sulsc.com\/index.php\/wp-json\/wp\/v2\/media?parent=5133"}],"wp:term":[{"taxonomy":"category","embeddable":true,"href":"https:\/\/sulsc.com\/index.php\/wp-json\/wp\/v2\/categories?post=5133"},{"taxonomy":"post_tag","embeddable":true,"href":"https:\/\/sulsc.com\/index.php\/wp-json\/wp\/v2\/tags?post=5133"}],"curies":[{"name":"wp","href":"https:\/\/api.w.org\/{rel}","templated":true}]}}