{"id":5181,"date":"2023-12-15T07:42:20","date_gmt":"2023-12-15T10:42:20","guid":{"rendered":"https:\/\/sulsc.com\/?p=5181"},"modified":"2023-12-15T07:42:20","modified_gmt":"2023-12-15T10:42:20","slug":"zefiro-giassi-fundador-do-grupo-giassi-morre-aos-90-anos-em-icara","status":"publish","type":"post","link":"https:\/\/sulsc.com\/index.php\/2023\/12\/15\/zefiro-giassi-fundador-do-grupo-giassi-morre-aos-90-anos-em-icara\/","title":{"rendered":"Zefiro Giassi, fundador do Grupo Giassi, morre aos 90 anos em I\u00e7ara"},"content":{"rendered":"<figure id=\"attachment_5182\" aria-describedby=\"caption-attachment-5182\" style=\"width: 787px\" class=\"wp-caption alignnone\"><img fetchpriority=\"high\" decoding=\"async\" class=\"size-full wp-image-5182\" src=\"http:\/\/sulsc.com\/wp-content\/uploads\/2023\/12\/Zefiro-Giassi.jpg\" alt=\"\" width=\"787\" height=\"600\" srcset=\"https:\/\/sulsc.com\/wp-content\/uploads\/2023\/12\/Zefiro-Giassi.jpg 787w, https:\/\/sulsc.com\/wp-content\/uploads\/2023\/12\/Zefiro-Giassi-300x229.jpg 300w, https:\/\/sulsc.com\/wp-content\/uploads\/2023\/12\/Zefiro-Giassi-768x586.jpg 768w\" sizes=\"(max-width: 787px) 100vw, 787px\" \/><figcaption id=\"caption-attachment-5182\" class=\"wp-caption-text\">Foto: Divulga\u00e7\u00e3o<\/figcaption><\/figure>\n<p>O fundador do Grupo Giassi, Zefiro Giassi, veio a \u00f3bito na madrugada desta sexta-feira (15). O empres\u00e1rio estava com 90 anos, e faleceu em sua resid\u00eancia em I\u00e7ara. A morte foi confirmada pelo filho, Osni Giassi, que prestou homenagem ao pai nas redes sociais. Al\u00e9m disso, uma nota de pesar foi divulgada nas redes sociais do grupo.<\/p>\n<div class=\"ad-single\">&#8220;Seu exemplo e suas realiza\u00e7\u00f5es permanecer\u00e3o para sempre na hist\u00f3ria de Santa Catarina, e no cora\u00e7\u00e3o de todos n\u00f3s, colaboradores e amigos, que tivemos o privil\u00e9gio de compartilhar momentos de seus belos 90 anos de vida&#8221;, diz a nota.<\/div>\n<div><\/div>\n<div class=\"ad-single\">De acordo com uma nota divulgada pela rede Giassi, o empres\u00e1rio enfrentava problemas de sa\u00fade em decorr\u00eancia de complica\u00e7\u00f5es respirat\u00f3rias. &#8220;Al\u00e9m dos cinco filhos, 14 netos e 12 bisnetos, Zefiro Giassi deixa mais de sete mil colaboradores, a quem considerava sua segunda fam\u00edlia\u201d, diz a nota.<\/div>\n<p>&nbsp;<\/p>\n<p>O vel\u00f3rio do empres\u00e1rio ser\u00e1 realizado no Santu\u00e1rio Sagrado Cora\u00e7\u00e3o Misericordioso de Jesus, em I\u00e7ara. O in\u00edcio est\u00e1 previsto para \u00e0s 8h30 desta sexta-feira. J\u00e1 \u00e0s 16h30 ser\u00e1 realizada a missa de corpo presente, seguida do sepultamento no Cemit\u00e9rio Municipal de I\u00e7ara.<\/p>\n","protected":false},"excerpt":{"rendered":"<p>O fundador do Grupo Giassi, Zefiro Giassi, veio a \u00f3bito na madrugada desta sexta-feira (15). O empres\u00e1rio estava com 90 anos, e faleceu em sua resid\u00eancia em I\u00e7ara. A morte foi confirmada pelo filho, Osni Giassi, que prestou homenagem ao pai nas redes sociais. Al\u00e9m disso, uma nota de pesar foi divulgada nas redes sociais &hellip;<\/p>\n<p class=\"read-more\"> <a class=\"\" href=\"https:\/\/sulsc.com\/index.php\/2023\/12\/15\/zefiro-giassi-fundador-do-grupo-giassi-morre-aos-90-anos-em-icara\/\"> <span class=\"screen-reader-text\">Zefiro Giassi, fundador do Grupo Giassi, morre aos 90 anos em I\u00e7ara<\/span> Read More &raquo;<\/a><\/p>\n","protected":false},"author":3,"featured_media":5182,"comment_status":"open","ping_status":"open","sticky":false,"template":"","format":"standard","meta":{"site-sidebar-layout":"default","site-content-layout":"","ast-site-content-layout":"default","site-content-style":"default","site-sidebar-style":"default","ast-global-header-display":"","ast-banner-title-visibility":"","ast-main-header-display":"","ast-hfb-above-header-display":"","ast-hfb-below-header-display":"","ast-hfb-mobile-header-display":"","site-post-title":"","ast-breadcrumbs-content":"","ast-featured-img":"","footer-sml-layout":"","theme-transparent-header-meta":"default","adv-header-id-meta":"","stick-header-meta":"","header-above-stick-meta":"","header-main-stick-meta":"","header-below-stick-meta":"","astra-migrate-meta-layouts":"set","footnotes":""},"categories":[1],"tags":[],"yoast_head":"<!-- This site is optimized with the Yoast SEO plugin v21.4 - https:\/\/yoast.com\/wordpress\/plugins\/seo\/ -->\n<title>Zefiro Giassi, fundador do Grupo Giassi, morre aos 90 anos em I\u00e7ara -<\/title>\n<meta name=\"description\" content=\"A morte foi confirmada pelo filho, Osni Giassi, que prestou homenagem ao pai nas redes sociais. Al\u00e9m disso, uma nota de pesar foi divulgada nas redes sociais do grupo\" \/>\n<meta name=\"robots\" content=\"index, follow, max-snippet:-1, max-image-preview:large, max-video-preview:-1\" \/>\n<link rel=\"canonical\" href=\"https:\/\/sulsc.com\/index.php\/2023\/12\/15\/zefiro-giassi-fundador-do-grupo-giassi-morre-aos-90-anos-em-icara\/\" \/>\n<meta property=\"og:locale\" content=\"en_US\" \/>\n<meta property=\"og:type\" content=\"article\" \/>\n<meta property=\"og:title\" content=\"Zefiro Giassi, fundador do Grupo Giassi, morre aos 90 anos em I\u00e7ara -\" \/>\n<meta property=\"og:description\" content=\"A morte foi confirmada pelo filho, Osni Giassi, que prestou homenagem ao pai nas redes sociais. Al\u00e9m disso, uma nota de pesar foi divulgada nas redes sociais do grupo\" \/>\n<meta property=\"og:url\" content=\"https:\/\/sulsc.com\/index.php\/2023\/12\/15\/zefiro-giassi-fundador-do-grupo-giassi-morre-aos-90-anos-em-icara\/\" \/>\n<meta property=\"article:author\" content=\"https:\/\/www.facebook.com\/profile.php?id=61559278119680\" \/>\n<meta property=\"article:published_time\" content=\"2023-12-15T10:42:20+00:00\" \/>\n<meta property=\"og:image\" content=\"http:\/\/sulsc.com\/wp-content\/uploads\/2023\/12\/Zefiro-Giassi.jpg\" \/>\n\t<meta property=\"og:image:width\" content=\"787\" \/>\n\t<meta property=\"og:image:height\" content=\"600\" \/>\n\t<meta property=\"og:image:type\" content=\"image\/jpeg\" \/>\n<meta name=\"author\" content=\"Reda\u00e7\u00e3o Sul SC\" \/>\n<meta name=\"twitter:card\" content=\"summary_large_image\" \/>\n<meta name=\"twitter:creator\" content=\"@https:\/\/twitter.com\/PortalSulSC\" \/>\n<meta name=\"twitter:label1\" content=\"Written by\" \/>\n\t<meta name=\"twitter:data1\" content=\"Reda\u00e7\u00e3o Sul SC\" \/>\n\t<meta name=\"twitter:label2\" content=\"Est. reading time\" \/>\n\t<meta name=\"twitter:data2\" content=\"2 minutes\" \/>\n<script type=\"application\/ld+json\" class=\"yoast-schema-graph\">{\"@context\":\"https:\/\/schema.org\",\"@graph\":[{\"@type\":\"WebPage\",\"@id\":\"https:\/\/sulsc.com\/index.php\/2023\/12\/15\/zefiro-giassi-fundador-do-grupo-giassi-morre-aos-90-anos-em-icara\/\",\"url\":\"https:\/\/sulsc.com\/index.php\/2023\/12\/15\/zefiro-giassi-fundador-do-grupo-giassi-morre-aos-90-anos-em-icara\/\",\"name\":\"Zefiro Giassi, fundador do Grupo Giassi, morre aos 90 anos em I\u00e7ara -\",\"isPartOf\":{\"@id\":\"https:\/\/sulsc.com\/#website\"},\"datePublished\":\"2023-12-15T10:42:20+00:00\",\"dateModified\":\"2023-12-15T10:42:20+00:00\",\"author\":{\"@id\":\"https:\/\/sulsc.com\/#\/schema\/person\/84d2fc571684f6248ba83092f07750a3\"},\"description\":\"A morte foi confirmada pelo filho, Osni Giassi, que prestou homenagem ao pai nas redes sociais. Al\u00e9m disso, uma nota de pesar foi divulgada nas redes sociais do grupo\",\"breadcrumb\":{\"@id\":\"https:\/\/sulsc.com\/index.php\/2023\/12\/15\/zefiro-giassi-fundador-do-grupo-giassi-morre-aos-90-anos-em-icara\/#breadcrumb\"},\"inLanguage\":\"en-US\",\"potentialAction\":[{\"@type\":\"ReadAction\",\"target\":[\"https:\/\/sulsc.com\/index.php\/2023\/12\/15\/zefiro-giassi-fundador-do-grupo-giassi-morre-aos-90-anos-em-icara\/\"]}]},{\"@type\":\"BreadcrumbList\",\"@id\":\"https:\/\/sulsc.com\/index.php\/2023\/12\/15\/zefiro-giassi-fundador-do-grupo-giassi-morre-aos-90-anos-em-icara\/#breadcrumb\",\"itemListElement\":[{\"@type\":\"ListItem\",\"position\":1,\"name\":\"In\u00edcio\",\"item\":\"https:\/\/sulsc.com\/\"},{\"@type\":\"ListItem\",\"position\":2,\"name\":\"Zefiro Giassi, fundador do Grupo Giassi, morre aos 90 anos em I\u00e7ara\"}]},{\"@type\":\"WebSite\",\"@id\":\"https:\/\/sulsc.com\/#website\",\"url\":\"https:\/\/sulsc.com\/\",\"name\":\"\",\"description\":\"\",\"potentialAction\":[{\"@type\":\"SearchAction\",\"target\":{\"@type\":\"EntryPoint\",\"urlTemplate\":\"https:\/\/sulsc.com\/?s={search_term_string}\"},\"query-input\":\"required name=search_term_string\"}],\"inLanguage\":\"en-US\"},{\"@type\":\"Person\",\"@id\":\"https:\/\/sulsc.com\/#\/schema\/person\/84d2fc571684f6248ba83092f07750a3\",\"name\":\"Reda\u00e7\u00e3o Sul SC\",\"image\":{\"@type\":\"ImageObject\",\"inLanguage\":\"en-US\",\"@id\":\"https:\/\/sulsc.com\/#\/schema\/person\/image\/e08d7fe2cc4ed596372063bbe852b8d0\",\"url\":\"https:\/\/sulsc.com\/wp-content\/uploads\/2023\/09\/redacao.png\",\"contentUrl\":\"https:\/\/sulsc.com\/wp-content\/uploads\/2023\/09\/redacao.png\",\"caption\":\"Reda\u00e7\u00e3o Sul SC\"},\"description\":\"Foco em um jornalismo imparcial, voltado \u00e0 qualidade dos seus conte\u00fados e, assim, levar informa\u00e7\u00e3o de valor que agregue \u00e0 vida dos leitores. Esta \u00e9 grande miss\u00e3o do Portal de Not\u00edcias Sul SC. N\u00e3o \u00e9 quantidade que muda o mundo, sempre foi e seguir\u00e1 sendo qualidade!\",\"sameAs\":[\"https:\/\/sulsc.com\/\",\"https:\/\/www.facebook.com\/profile.php?id=61559278119680\",\"https:\/\/www.instagram.com\/sulscportal\/?hl=pt-br\",\"https:\/\/twitter.com\/https:\/\/twitter.com\/PortalSulSC\",\"https:\/\/www.youtube.com\/channel\/UCv_BE8GeySluDov2n8qhVmw\"],\"url\":\"https:\/\/sulsc.com\/index.php\/author\/redacao\/\"}]}<\/script>\n<!-- \/ Yoast SEO plugin. -->","yoast_head_json":{"title":"Zefiro Giassi, fundador do Grupo Giassi, morre aos 90 anos em I\u00e7ara -","description":"A morte foi confirmada pelo filho, Osni Giassi, que prestou homenagem ao pai nas redes sociais. Al\u00e9m disso, uma nota de pesar foi divulgada nas redes sociais do grupo","robots":{"index":"index","follow":"follow","max-snippet":"max-snippet:-1","max-image-preview":"max-image-preview:large","max-video-preview":"max-video-preview:-1"},"canonical":"https:\/\/sulsc.com\/index.php\/2023\/12\/15\/zefiro-giassi-fundador-do-grupo-giassi-morre-aos-90-anos-em-icara\/","og_locale":"en_US","og_type":"article","og_title":"Zefiro Giassi, fundador do Grupo Giassi, morre aos 90 anos em I\u00e7ara -","og_description":"A morte foi confirmada pelo filho, Osni Giassi, que prestou homenagem ao pai nas redes sociais. Al\u00e9m disso, uma nota de pesar foi divulgada nas redes sociais do grupo","og_url":"https:\/\/sulsc.com\/index.php\/2023\/12\/15\/zefiro-giassi-fundador-do-grupo-giassi-morre-aos-90-anos-em-icara\/","article_author":"https:\/\/www.facebook.com\/profile.php?id=61559278119680","article_published_time":"2023-12-15T10:42:20+00:00","og_image":[{"width":787,"height":600,"url":"http:\/\/sulsc.com\/wp-content\/uploads\/2023\/12\/Zefiro-Giassi.jpg","type":"image\/jpeg"}],"author":"Reda\u00e7\u00e3o Sul SC","twitter_card":"summary_large_image","twitter_creator":"@https:\/\/twitter.com\/PortalSulSC","twitter_misc":{"Written by":"Reda\u00e7\u00e3o Sul SC","Est. reading time":"2 minutes"},"schema":{"@context":"https:\/\/schema.org","@graph":[{"@type":"WebPage","@id":"https:\/\/sulsc.com\/index.php\/2023\/12\/15\/zefiro-giassi-fundador-do-grupo-giassi-morre-aos-90-anos-em-icara\/","url":"https:\/\/sulsc.com\/index.php\/2023\/12\/15\/zefiro-giassi-fundador-do-grupo-giassi-morre-aos-90-anos-em-icara\/","name":"Zefiro Giassi, fundador do Grupo Giassi, morre aos 90 anos em I\u00e7ara -","isPartOf":{"@id":"https:\/\/sulsc.com\/#website"},"datePublished":"2023-12-15T10:42:20+00:00","dateModified":"2023-12-15T10:42:20+00:00","author":{"@id":"https:\/\/sulsc.com\/#\/schema\/person\/84d2fc571684f6248ba83092f07750a3"},"description":"A morte foi confirmada pelo filho, Osni Giassi, que prestou homenagem ao pai nas redes sociais. Al\u00e9m disso, uma nota de pesar foi divulgada nas redes sociais do grupo","breadcrumb":{"@id":"https:\/\/sulsc.com\/index.php\/2023\/12\/15\/zefiro-giassi-fundador-do-grupo-giassi-morre-aos-90-anos-em-icara\/#breadcrumb"},"inLanguage":"en-US","potentialAction":[{"@type":"ReadAction","target":["https:\/\/sulsc.com\/index.php\/2023\/12\/15\/zefiro-giassi-fundador-do-grupo-giassi-morre-aos-90-anos-em-icara\/"]}]},{"@type":"BreadcrumbList","@id":"https:\/\/sulsc.com\/index.php\/2023\/12\/15\/zefiro-giassi-fundador-do-grupo-giassi-morre-aos-90-anos-em-icara\/#breadcrumb","itemListElement":[{"@type":"ListItem","position":1,"name":"In\u00edcio","item":"https:\/\/sulsc.com\/"},{"@type":"ListItem","position":2,"name":"Zefiro Giassi, fundador do Grupo Giassi, morre aos 90 anos em I\u00e7ara"}]},{"@type":"WebSite","@id":"https:\/\/sulsc.com\/#website","url":"https:\/\/sulsc.com\/","name":"","description":"","potentialAction":[{"@type":"SearchAction","target":{"@type":"EntryPoint","urlTemplate":"https:\/\/sulsc.com\/?s={search_term_string}"},"query-input":"required name=search_term_string"}],"inLanguage":"en-US"},{"@type":"Person","@id":"https:\/\/sulsc.com\/#\/schema\/person\/84d2fc571684f6248ba83092f07750a3","name":"Reda\u00e7\u00e3o Sul SC","image":{"@type":"ImageObject","inLanguage":"en-US","@id":"https:\/\/sulsc.com\/#\/schema\/person\/image\/e08d7fe2cc4ed596372063bbe852b8d0","url":"https:\/\/sulsc.com\/wp-content\/uploads\/2023\/09\/redacao.png","contentUrl":"https:\/\/sulsc.com\/wp-content\/uploads\/2023\/09\/redacao.png","caption":"Reda\u00e7\u00e3o Sul SC"},"description":"Foco em um jornalismo imparcial, voltado \u00e0 qualidade dos seus conte\u00fados e, assim, levar informa\u00e7\u00e3o de valor que agregue \u00e0 vida dos leitores. Esta \u00e9 grande miss\u00e3o do Portal de Not\u00edcias Sul SC. N\u00e3o \u00e9 quantidade que muda o mundo, sempre foi e seguir\u00e1 sendo qualidade!","sameAs":["https:\/\/sulsc.com\/","https:\/\/www.facebook.com\/profile.php?id=61559278119680","https:\/\/www.instagram.com\/sulscportal\/?hl=pt-br","https:\/\/twitter.com\/https:\/\/twitter.com\/PortalSulSC","https:\/\/www.youtube.com\/channel\/UCv_BE8GeySluDov2n8qhVmw"],"url":"https:\/\/sulsc.com\/index.php\/author\/redacao\/"}]}},"authors":[],"_links":{"self":[{"href":"https:\/\/sulsc.com\/index.php\/wp-json\/wp\/v2\/posts\/5181"}],"collection":[{"href":"https:\/\/sulsc.com\/index.php\/wp-json\/wp\/v2\/posts"}],"about":[{"href":"https:\/\/sulsc.com\/index.php\/wp-json\/wp\/v2\/types\/post"}],"author":[{"embeddable":true,"href":"https:\/\/sulsc.com\/index.php\/wp-json\/wp\/v2\/users\/3"}],"replies":[{"embeddable":true,"href":"https:\/\/sulsc.com\/index.php\/wp-json\/wp\/v2\/comments?post=5181"}],"version-history":[{"count":1,"href":"https:\/\/sulsc.com\/index.php\/wp-json\/wp\/v2\/posts\/5181\/revisions"}],"predecessor-version":[{"id":5183,"href":"https:\/\/sulsc.com\/index.php\/wp-json\/wp\/v2\/posts\/5181\/revisions\/5183"}],"wp:featuredmedia":[{"embeddable":true,"href":"https:\/\/sulsc.com\/index.php\/wp-json\/wp\/v2\/media\/5182"}],"wp:attachment":[{"href":"https:\/\/sulsc.com\/index.php\/wp-json\/wp\/v2\/media?parent=5181"}],"wp:term":[{"taxonomy":"category","embeddable":true,"href":"https:\/\/sulsc.com\/index.php\/wp-json\/wp\/v2\/categories?post=5181"},{"taxonomy":"post_tag","embeddable":true,"href":"https:\/\/sulsc.com\/index.php\/wp-json\/wp\/v2\/tags?post=5181"}],"curies":[{"name":"wp","href":"https:\/\/api.w.org\/{rel}","templated":true}]}}