{"id":5310,"date":"2023-12-17T14:23:31","date_gmt":"2023-12-17T17:23:31","guid":{"rendered":"https:\/\/sulsc.com\/?p=5310"},"modified":"2023-12-17T14:23:31","modified_gmt":"2023-12-17T17:23:31","slug":"cavalgada-dos-tropeiros-e-realizada-em-alusao-ao-62-anos-de-gravatal","status":"publish","type":"post","link":"https:\/\/sulsc.com\/index.php\/2023\/12\/17\/cavalgada-dos-tropeiros-e-realizada-em-alusao-ao-62-anos-de-gravatal\/","title":{"rendered":"Cavalgada dos Tropeiros \u00e9 realizada em alus\u00e3o ao 62 anos de Gravatal"},"content":{"rendered":"<figure id=\"attachment_5311\" aria-describedby=\"caption-attachment-5311\" style=\"width: 780px\" class=\"wp-caption aligncenter\"><img fetchpriority=\"high\" decoding=\"async\" class=\"size-full wp-image-5311\" src=\"http:\/\/sulsc.com\/wp-content\/uploads\/2023\/12\/1-2.jpeg\" alt=\"\" width=\"780\" height=\"727\" srcset=\"https:\/\/sulsc.com\/wp-content\/uploads\/2023\/12\/1-2.jpeg 780w, https:\/\/sulsc.com\/wp-content\/uploads\/2023\/12\/1-2-300x280.jpeg 300w, https:\/\/sulsc.com\/wp-content\/uploads\/2023\/12\/1-2-768x716.jpeg 768w\" sizes=\"(max-width: 780px) 100vw, 780px\" \/><figcaption id=\"caption-attachment-5311\" class=\"wp-caption-text\">Foto: Daiane Fernandes\/Pref. de Gravatal\/Sul SC<\/figcaption><\/figure>\n<p>O calor deste domingo (17) lembrou bem como era a vida dos primeiros tropeiros que chegaram a Gravatal no s\u00e9culo 19. Fosse debaixo de altas temperaturas ou at\u00e9 mesmo de frio e chuva, eles cumpriam sua miss\u00e3o de trazer mercadorias para serem levadas pelo rio atrav\u00e9s do Porto Gravat\u00e1. E foi com esse intuito, para homenagear esses guerreiros, que <strong>Gravatal<\/strong>, por meio da prefeitura e Secretaria de Sa\u00fade realizou a <strong>Cavalgada dos Primeiros Tropeiros<\/strong>, a\u00e7\u00e3o alusiva \u00e0 comemora\u00e7\u00e3o dos <strong>62 anos do munic\u00edpio<\/strong>.<\/p>\n<p>O evento teve in\u00edcio \u00e0s 8h30, com sa\u00edda do Espa\u00e7o 4Patas, em Termas, seguindo em dire\u00e7\u00e3o ao Hotel do Lago, subindo pelo S\u00e3o Geraldo, chegando ao Rancho Avelino, no bairro Jardim Andreia, onde os participantes foram recebidos com o lanche. Na hist\u00f3ria de Gravatal, os tropeiros vinham das cidades pr\u00f3ximas \u00e0s serras do Rio do Rastro e Corvo Branco, trazendo no lombo de seus animais as mercadorias que seriam entregues no antigo vilarejo. Daqui, os itens seguiam em canoas pelo Porto Gravat\u00e1 com destino \u00e0s cidades vizinhas. Em seguida, os tropeiros recarregavam mantimentos e voltavam para casa.<\/p>\n<p>\u201cFicamos honrados em poder fazer parte de uma homenagem t\u00e3o simb\u00f3lica. Muitas pessoas em Gravatal amam andar a cavalo. Assim, poder representar esses tropeiros \u00e9 algo que nos deixa muito felizes\u201d, resume a empres\u00e1ria Andr\u00e9ia Alves. Para o prefeito Clei Rodrigues esse \u00e9 um momento hist\u00f3rico. \u201c\u00c9 uma cavalgada muito nobre e ilustre. Agradecemos a todos os envolvidos\u201d, resume o gestor p\u00fablico.<\/p>\n","protected":false},"excerpt":{"rendered":"<p>O calor deste domingo (17) lembrou bem como era a vida dos primeiros tropeiros que chegaram a Gravatal no s\u00e9culo 19. Fosse debaixo de altas temperaturas ou at\u00e9 mesmo de frio e chuva, eles cumpriam sua miss\u00e3o de trazer mercadorias para serem levadas pelo rio atrav\u00e9s do Porto Gravat\u00e1. E foi com esse intuito, para &hellip;<\/p>\n<p class=\"read-more\"> <a class=\"\" href=\"https:\/\/sulsc.com\/index.php\/2023\/12\/17\/cavalgada-dos-tropeiros-e-realizada-em-alusao-ao-62-anos-de-gravatal\/\"> <span class=\"screen-reader-text\">Cavalgada dos Tropeiros \u00e9 realizada em alus\u00e3o ao 62 anos de Gravatal<\/span> Read More &raquo;<\/a><\/p>\n","protected":false},"author":3,"featured_media":5311,"comment_status":"open","ping_status":"open","sticky":false,"template":"","format":"standard","meta":{"site-sidebar-layout":"default","site-content-layout":"","ast-site-content-layout":"default","site-content-style":"default","site-sidebar-style":"default","ast-global-header-display":"","ast-banner-title-visibility":"","ast-main-header-display":"","ast-hfb-above-header-display":"","ast-hfb-below-header-display":"","ast-hfb-mobile-header-display":"","site-post-title":"","ast-breadcrumbs-content":"","ast-featured-img":"","footer-sml-layout":"","theme-transparent-header-meta":"default","adv-header-id-meta":"","stick-header-meta":"","header-above-stick-meta":"","header-main-stick-meta":"","header-below-stick-meta":"","astra-migrate-meta-layouts":"set","footnotes":""},"categories":[1],"tags":[332,233,400,399],"yoast_head":"<!-- This site is optimized with the Yoast SEO plugin v21.4 - https:\/\/yoast.com\/wordpress\/plugins\/seo\/ -->\n<title>Cavalgada dos Tropeiros \u00e9 realizada em alus\u00e3o ao 62 anos de Gravatal -<\/title>\n<meta name=\"description\" content=\"Na hist\u00f3ria de Gravatal, os tropeiros vinham das cidades pr\u00f3ximas \u00e0s serras do Rio do Rastro e Corvo Branco, trazendo no lombo de seus animais as mercadorias que seriam entregues no antigo vilarejo. Daqui, os itens seguiam em canoas pelo Porto Gravat\u00e1 com destino \u00e0s cidades vizinhas.\" \/>\n<meta name=\"robots\" content=\"index, follow, max-snippet:-1, max-image-preview:large, max-video-preview:-1\" \/>\n<link rel=\"canonical\" href=\"https:\/\/sulsc.com\/index.php\/2023\/12\/17\/cavalgada-dos-tropeiros-e-realizada-em-alusao-ao-62-anos-de-gravatal\/\" \/>\n<meta property=\"og:locale\" content=\"en_US\" \/>\n<meta property=\"og:type\" content=\"article\" \/>\n<meta property=\"og:title\" content=\"Cavalgada dos Tropeiros \u00e9 realizada em alus\u00e3o ao 62 anos de Gravatal -\" \/>\n<meta property=\"og:description\" content=\"Na hist\u00f3ria de Gravatal, os tropeiros vinham das cidades pr\u00f3ximas \u00e0s serras do Rio do Rastro e Corvo Branco, trazendo no lombo de seus animais as mercadorias que seriam entregues no antigo vilarejo. Daqui, os itens seguiam em canoas pelo Porto Gravat\u00e1 com destino \u00e0s cidades vizinhas.\" \/>\n<meta property=\"og:url\" content=\"https:\/\/sulsc.com\/index.php\/2023\/12\/17\/cavalgada-dos-tropeiros-e-realizada-em-alusao-ao-62-anos-de-gravatal\/\" \/>\n<meta property=\"article:author\" content=\"https:\/\/www.facebook.com\/profile.php?id=61559278119680\" \/>\n<meta property=\"article:published_time\" content=\"2023-12-17T17:23:31+00:00\" \/>\n<meta property=\"og:image\" content=\"http:\/\/sulsc.com\/wp-content\/uploads\/2023\/12\/1-2.jpeg\" \/>\n\t<meta property=\"og:image:width\" content=\"780\" \/>\n\t<meta property=\"og:image:height\" content=\"727\" \/>\n\t<meta property=\"og:image:type\" content=\"image\/jpeg\" \/>\n<meta name=\"author\" content=\"Reda\u00e7\u00e3o Sul SC\" \/>\n<meta name=\"twitter:card\" content=\"summary_large_image\" \/>\n<meta name=\"twitter:creator\" content=\"@https:\/\/twitter.com\/PortalSulSC\" \/>\n<meta name=\"twitter:label1\" content=\"Written by\" \/>\n\t<meta name=\"twitter:data1\" content=\"Reda\u00e7\u00e3o Sul SC\" \/>\n\t<meta name=\"twitter:label2\" content=\"Est. reading time\" \/>\n\t<meta name=\"twitter:data2\" content=\"2 minutes\" \/>\n<script type=\"application\/ld+json\" class=\"yoast-schema-graph\">{\"@context\":\"https:\/\/schema.org\",\"@graph\":[{\"@type\":\"WebPage\",\"@id\":\"https:\/\/sulsc.com\/index.php\/2023\/12\/17\/cavalgada-dos-tropeiros-e-realizada-em-alusao-ao-62-anos-de-gravatal\/\",\"url\":\"https:\/\/sulsc.com\/index.php\/2023\/12\/17\/cavalgada-dos-tropeiros-e-realizada-em-alusao-ao-62-anos-de-gravatal\/\",\"name\":\"Cavalgada dos Tropeiros \u00e9 realizada em alus\u00e3o ao 62 anos de Gravatal -\",\"isPartOf\":{\"@id\":\"https:\/\/sulsc.com\/#website\"},\"datePublished\":\"2023-12-17T17:23:31+00:00\",\"dateModified\":\"2023-12-17T17:23:31+00:00\",\"author\":{\"@id\":\"https:\/\/sulsc.com\/#\/schema\/person\/84d2fc571684f6248ba83092f07750a3\"},\"description\":\"Na hist\u00f3ria de Gravatal, os tropeiros vinham das cidades pr\u00f3ximas \u00e0s serras do Rio do Rastro e Corvo Branco, trazendo no lombo de seus animais as mercadorias que seriam entregues no antigo vilarejo. Daqui, os itens seguiam em canoas pelo Porto Gravat\u00e1 com destino \u00e0s cidades vizinhas.\",\"breadcrumb\":{\"@id\":\"https:\/\/sulsc.com\/index.php\/2023\/12\/17\/cavalgada-dos-tropeiros-e-realizada-em-alusao-ao-62-anos-de-gravatal\/#breadcrumb\"},\"inLanguage\":\"en-US\",\"potentialAction\":[{\"@type\":\"ReadAction\",\"target\":[\"https:\/\/sulsc.com\/index.php\/2023\/12\/17\/cavalgada-dos-tropeiros-e-realizada-em-alusao-ao-62-anos-de-gravatal\/\"]}]},{\"@type\":\"BreadcrumbList\",\"@id\":\"https:\/\/sulsc.com\/index.php\/2023\/12\/17\/cavalgada-dos-tropeiros-e-realizada-em-alusao-ao-62-anos-de-gravatal\/#breadcrumb\",\"itemListElement\":[{\"@type\":\"ListItem\",\"position\":1,\"name\":\"In\u00edcio\",\"item\":\"https:\/\/sulsc.com\/\"},{\"@type\":\"ListItem\",\"position\":2,\"name\":\"Cavalgada dos Tropeiros \u00e9 realizada em alus\u00e3o ao 62 anos de Gravatal\"}]},{\"@type\":\"WebSite\",\"@id\":\"https:\/\/sulsc.com\/#website\",\"url\":\"https:\/\/sulsc.com\/\",\"name\":\"\",\"description\":\"\",\"potentialAction\":[{\"@type\":\"SearchAction\",\"target\":{\"@type\":\"EntryPoint\",\"urlTemplate\":\"https:\/\/sulsc.com\/?s={search_term_string}\"},\"query-input\":\"required name=search_term_string\"}],\"inLanguage\":\"en-US\"},{\"@type\":\"Person\",\"@id\":\"https:\/\/sulsc.com\/#\/schema\/person\/84d2fc571684f6248ba83092f07750a3\",\"name\":\"Reda\u00e7\u00e3o Sul SC\",\"image\":{\"@type\":\"ImageObject\",\"inLanguage\":\"en-US\",\"@id\":\"https:\/\/sulsc.com\/#\/schema\/person\/image\/e08d7fe2cc4ed596372063bbe852b8d0\",\"url\":\"https:\/\/sulsc.com\/wp-content\/uploads\/2023\/09\/redacao.png\",\"contentUrl\":\"https:\/\/sulsc.com\/wp-content\/uploads\/2023\/09\/redacao.png\",\"caption\":\"Reda\u00e7\u00e3o Sul SC\"},\"description\":\"Foco em um jornalismo imparcial, voltado \u00e0 qualidade dos seus conte\u00fados e, assim, levar informa\u00e7\u00e3o de valor que agregue \u00e0 vida dos leitores. Esta \u00e9 grande miss\u00e3o do Portal de Not\u00edcias Sul SC. N\u00e3o \u00e9 quantidade que muda o mundo, sempre foi e seguir\u00e1 sendo qualidade!\",\"sameAs\":[\"https:\/\/sulsc.com\/\",\"https:\/\/www.facebook.com\/profile.php?id=61559278119680\",\"https:\/\/www.instagram.com\/sulscportal\/?hl=pt-br\",\"https:\/\/twitter.com\/https:\/\/twitter.com\/PortalSulSC\",\"https:\/\/www.youtube.com\/channel\/UCv_BE8GeySluDov2n8qhVmw\"],\"url\":\"https:\/\/sulsc.com\/index.php\/author\/redacao\/\"}]}<\/script>\n<!-- \/ Yoast SEO plugin. -->","yoast_head_json":{"title":"Cavalgada dos Tropeiros \u00e9 realizada em alus\u00e3o ao 62 anos de Gravatal -","description":"Na hist\u00f3ria de Gravatal, os tropeiros vinham das cidades pr\u00f3ximas \u00e0s serras do Rio do Rastro e Corvo Branco, trazendo no lombo de seus animais as mercadorias que seriam entregues no antigo vilarejo. Daqui, os itens seguiam em canoas pelo Porto Gravat\u00e1 com destino \u00e0s cidades vizinhas.","robots":{"index":"index","follow":"follow","max-snippet":"max-snippet:-1","max-image-preview":"max-image-preview:large","max-video-preview":"max-video-preview:-1"},"canonical":"https:\/\/sulsc.com\/index.php\/2023\/12\/17\/cavalgada-dos-tropeiros-e-realizada-em-alusao-ao-62-anos-de-gravatal\/","og_locale":"en_US","og_type":"article","og_title":"Cavalgada dos Tropeiros \u00e9 realizada em alus\u00e3o ao 62 anos de Gravatal -","og_description":"Na hist\u00f3ria de Gravatal, os tropeiros vinham das cidades pr\u00f3ximas \u00e0s serras do Rio do Rastro e Corvo Branco, trazendo no lombo de seus animais as mercadorias que seriam entregues no antigo vilarejo. Daqui, os itens seguiam em canoas pelo Porto Gravat\u00e1 com destino \u00e0s cidades vizinhas.","og_url":"https:\/\/sulsc.com\/index.php\/2023\/12\/17\/cavalgada-dos-tropeiros-e-realizada-em-alusao-ao-62-anos-de-gravatal\/","article_author":"https:\/\/www.facebook.com\/profile.php?id=61559278119680","article_published_time":"2023-12-17T17:23:31+00:00","og_image":[{"width":780,"height":727,"url":"http:\/\/sulsc.com\/wp-content\/uploads\/2023\/12\/1-2.jpeg","type":"image\/jpeg"}],"author":"Reda\u00e7\u00e3o Sul SC","twitter_card":"summary_large_image","twitter_creator":"@https:\/\/twitter.com\/PortalSulSC","twitter_misc":{"Written by":"Reda\u00e7\u00e3o Sul SC","Est. reading time":"2 minutes"},"schema":{"@context":"https:\/\/schema.org","@graph":[{"@type":"WebPage","@id":"https:\/\/sulsc.com\/index.php\/2023\/12\/17\/cavalgada-dos-tropeiros-e-realizada-em-alusao-ao-62-anos-de-gravatal\/","url":"https:\/\/sulsc.com\/index.php\/2023\/12\/17\/cavalgada-dos-tropeiros-e-realizada-em-alusao-ao-62-anos-de-gravatal\/","name":"Cavalgada dos Tropeiros \u00e9 realizada em alus\u00e3o ao 62 anos de Gravatal -","isPartOf":{"@id":"https:\/\/sulsc.com\/#website"},"datePublished":"2023-12-17T17:23:31+00:00","dateModified":"2023-12-17T17:23:31+00:00","author":{"@id":"https:\/\/sulsc.com\/#\/schema\/person\/84d2fc571684f6248ba83092f07750a3"},"description":"Na hist\u00f3ria de Gravatal, os tropeiros vinham das cidades pr\u00f3ximas \u00e0s serras do Rio do Rastro e Corvo Branco, trazendo no lombo de seus animais as mercadorias que seriam entregues no antigo vilarejo. Daqui, os itens seguiam em canoas pelo Porto Gravat\u00e1 com destino \u00e0s cidades vizinhas.","breadcrumb":{"@id":"https:\/\/sulsc.com\/index.php\/2023\/12\/17\/cavalgada-dos-tropeiros-e-realizada-em-alusao-ao-62-anos-de-gravatal\/#breadcrumb"},"inLanguage":"en-US","potentialAction":[{"@type":"ReadAction","target":["https:\/\/sulsc.com\/index.php\/2023\/12\/17\/cavalgada-dos-tropeiros-e-realizada-em-alusao-ao-62-anos-de-gravatal\/"]}]},{"@type":"BreadcrumbList","@id":"https:\/\/sulsc.com\/index.php\/2023\/12\/17\/cavalgada-dos-tropeiros-e-realizada-em-alusao-ao-62-anos-de-gravatal\/#breadcrumb","itemListElement":[{"@type":"ListItem","position":1,"name":"In\u00edcio","item":"https:\/\/sulsc.com\/"},{"@type":"ListItem","position":2,"name":"Cavalgada dos Tropeiros \u00e9 realizada em alus\u00e3o ao 62 anos de Gravatal"}]},{"@type":"WebSite","@id":"https:\/\/sulsc.com\/#website","url":"https:\/\/sulsc.com\/","name":"","description":"","potentialAction":[{"@type":"SearchAction","target":{"@type":"EntryPoint","urlTemplate":"https:\/\/sulsc.com\/?s={search_term_string}"},"query-input":"required name=search_term_string"}],"inLanguage":"en-US"},{"@type":"Person","@id":"https:\/\/sulsc.com\/#\/schema\/person\/84d2fc571684f6248ba83092f07750a3","name":"Reda\u00e7\u00e3o Sul SC","image":{"@type":"ImageObject","inLanguage":"en-US","@id":"https:\/\/sulsc.com\/#\/schema\/person\/image\/e08d7fe2cc4ed596372063bbe852b8d0","url":"https:\/\/sulsc.com\/wp-content\/uploads\/2023\/09\/redacao.png","contentUrl":"https:\/\/sulsc.com\/wp-content\/uploads\/2023\/09\/redacao.png","caption":"Reda\u00e7\u00e3o Sul SC"},"description":"Foco em um jornalismo imparcial, voltado \u00e0 qualidade dos seus conte\u00fados e, assim, levar informa\u00e7\u00e3o de valor que agregue \u00e0 vida dos leitores. Esta \u00e9 grande miss\u00e3o do Portal de Not\u00edcias Sul SC. N\u00e3o \u00e9 quantidade que muda o mundo, sempre foi e seguir\u00e1 sendo qualidade!","sameAs":["https:\/\/sulsc.com\/","https:\/\/www.facebook.com\/profile.php?id=61559278119680","https:\/\/www.instagram.com\/sulscportal\/?hl=pt-br","https:\/\/twitter.com\/https:\/\/twitter.com\/PortalSulSC","https:\/\/www.youtube.com\/channel\/UCv_BE8GeySluDov2n8qhVmw"],"url":"https:\/\/sulsc.com\/index.php\/author\/redacao\/"}]}},"authors":[],"_links":{"self":[{"href":"https:\/\/sulsc.com\/index.php\/wp-json\/wp\/v2\/posts\/5310"}],"collection":[{"href":"https:\/\/sulsc.com\/index.php\/wp-json\/wp\/v2\/posts"}],"about":[{"href":"https:\/\/sulsc.com\/index.php\/wp-json\/wp\/v2\/types\/post"}],"author":[{"embeddable":true,"href":"https:\/\/sulsc.com\/index.php\/wp-json\/wp\/v2\/users\/3"}],"replies":[{"embeddable":true,"href":"https:\/\/sulsc.com\/index.php\/wp-json\/wp\/v2\/comments?post=5310"}],"version-history":[{"count":1,"href":"https:\/\/sulsc.com\/index.php\/wp-json\/wp\/v2\/posts\/5310\/revisions"}],"predecessor-version":[{"id":5312,"href":"https:\/\/sulsc.com\/index.php\/wp-json\/wp\/v2\/posts\/5310\/revisions\/5312"}],"wp:featuredmedia":[{"embeddable":true,"href":"https:\/\/sulsc.com\/index.php\/wp-json\/wp\/v2\/media\/5311"}],"wp:attachment":[{"href":"https:\/\/sulsc.com\/index.php\/wp-json\/wp\/v2\/media?parent=5310"}],"wp:term":[{"taxonomy":"category","embeddable":true,"href":"https:\/\/sulsc.com\/index.php\/wp-json\/wp\/v2\/categories?post=5310"},{"taxonomy":"post_tag","embeddable":true,"href":"https:\/\/sulsc.com\/index.php\/wp-json\/wp\/v2\/tags?post=5310"}],"curies":[{"name":"wp","href":"https:\/\/api.w.org\/{rel}","templated":true}]}}