{"id":5344,"date":"2023-12-17T20:04:09","date_gmt":"2023-12-17T23:04:09","guid":{"rendered":"https:\/\/sulsc.com\/?p=5344"},"modified":"2023-12-17T23:07:15","modified_gmt":"2023-12-18T02:07:15","slug":"olhar-clinico-do-futuro-laura-lidia-rosa-estreia-coluna-sobre-arquitetura-e-cidades-sustentaveis-no-sul-sc","status":"publish","type":"post","link":"https:\/\/sulsc.com\/index.php\/2023\/12\/17\/olhar-clinico-do-futuro-laura-lidia-rosa-estreia-coluna-sobre-arquitetura-e-cidades-sustentaveis-no-sul-sc\/","title":{"rendered":"&#8216;Olhar cl\u00ednico do futuro!&#8217;: Laura Lidia Rosa estreia coluna sobre arquitetura e cidades sustent\u00e1veis no Sul SC"},"content":{"rendered":"<figure id=\"attachment_5345\" aria-describedby=\"caption-attachment-5345\" style=\"width: 892px\" class=\"wp-caption aligncenter\"><img fetchpriority=\"high\" decoding=\"async\" class=\"wp-image-5345 \" src=\"http:\/\/sulsc.com\/wp-content\/uploads\/2023\/12\/coluna-2.png\" alt=\"\" width=\"892\" height=\"610\" \/><figcaption id=\"caption-attachment-5345\" class=\"wp-caption-text\">Laura Lidia estreia coluna nesta segunda-feira (18) (Arquivo pessoal\/Sul SC)<\/figcaption><\/figure>\n<p>A equipe de <strong>colunistas<\/strong> do <strong>Sul SC<\/strong> est\u00e1 criando um corpo de excel\u00eancia! A mais nova integrante \u00e9 a <strong>Laura Lidia Rosa<\/strong>, especialista em projetos futuristas de arquitetura, urbanismo e paisagismo para o desenvolvimento sustent\u00e1vel. Ela estreia, nesta segunda-feira (18), a coluna <strong>&#8216;Olhar cl\u00ednico do futuro!&#8217;.<\/strong><\/p>\n<p>A arquiteta, urbanista, ecodesigner e xeropaisagista traz um debate atual e instigante ao p\u00fablico do portal. Sua participa\u00e7\u00e3o promete trazer as novidades e reflex\u00f5es sobre temas relacionados a cidades sustent\u00e1veis e adapta\u00e7\u00e3o para mudan\u00e7as clim\u00e1ticas, como Smart Cities &#8221; Ecocities, Cidades verdejantes&#8221;; Inova\u00e7\u00e3o em Arquitetura Solarpunk e Smart Farming &#8221; Hortas Urbanas&#8221;.<\/p>\n<p>Laura Lidia \u00e9 arquiteta, urbanista e designer gr\u00e1fico, especialista em gest\u00e3o de projetos sustent\u00e1veis e planejamento urbano sustent\u00e1vel, com MBA em propriedade intelectual e inova\u00e7\u00e3o tecnol\u00f3gica. Desde 2016, \u00e9 CEO do Escrit\u00f3rio de Projetos Coletivos URBAN etc., focando em treinamentos, ecomentorias, cursos e estrat\u00e9gias projetuais solarpunk para reduzir impactos ambientais.<\/p>\n<p>A <strong>coluna<\/strong> ter\u00e1 periodicidade <strong>quinzenal<\/strong>, publicada \u00e0s segundas-feiras e abordar\u00e1. principalmente temas relacionados \u00e0 <strong>arquitetura e urbanismo sustent\u00e1vel<\/strong>. Seu objetivo \u00e9 compartilhar reflex\u00f5es, vis\u00f5es de curto e longo prazo, al\u00e9m de pr\u00e1ticas sustent\u00e1veis no mundo. &#8220;Cidades inteligentes, resilientes, com acessibilidade e qualidade de vida dependem da gest\u00e3o p\u00fablica ter uma vis\u00e3o de longo prazo sobre uma arquitetura, que possa contribuir para mitigar os efeitos de impacto ambiental no ecossistema. Esse \u00e9 um di\u00e1logo necess\u00e1rio que precisa contar com a participa\u00e7\u00e3o da sociedade, e minha miss\u00e3o por aqui \u00e9 trazer esse assunto das cidades sustent\u00e1veis para a pauta dos tomadores de decis\u00e3o e tamb\u00e9m aos cidad\u00e3os&#8221;, envolve Rosa.<\/p>\n<p><img decoding=\"async\" class=\"aligncenter wp-image-5346 size-full\" src=\"http:\/\/sulsc.com\/wp-content\/uploads\/2023\/12\/Screenshot_1-3.png\" alt=\"\" width=\"940\" height=\"629\" srcset=\"https:\/\/sulsc.com\/wp-content\/uploads\/2023\/12\/Screenshot_1-3.png 940w, https:\/\/sulsc.com\/wp-content\/uploads\/2023\/12\/Screenshot_1-3-300x201.png 300w, https:\/\/sulsc.com\/wp-content\/uploads\/2023\/12\/Screenshot_1-3-768x514.png 768w\" sizes=\"(max-width: 940px) 100vw, 940px\" \/><\/p>\n<p>Para <strong>interagir<\/strong> com a nova colunista, os leitores poder\u00e3o entrar em contato por <strong>e-mail: contato.urbanetc@gmail.com<\/strong> ou acompanhar seu perfil no Instagram, ao clicar <a href=\"https:\/\/www.instagram.com\/lauralidiarosa\/\">aqui<\/a>. Saiba mais em: <a href=\"https:\/\/urbanetc.wixsite.com\/urbanetc\">https:\/\/urbanetc.wixsite.com\/urbanetc<\/a>.<\/p>\n","protected":false},"excerpt":{"rendered":"<p>A equipe de colunistas do Sul SC est\u00e1 criando um corpo de excel\u00eancia! A mais nova integrante \u00e9 a Laura Lidia Rosa, especialista em projetos futuristas de arquitetura, urbanismo e paisagismo para o desenvolvimento sustent\u00e1vel. Ela estreia, nesta segunda-feira (18), a coluna &#8216;Olhar cl\u00ednico do futuro!&#8217;. A arquiteta, urbanista, ecodesigner e xeropaisagista traz um debate &hellip;<\/p>\n<p class=\"read-more\"> <a class=\"\" href=\"https:\/\/sulsc.com\/index.php\/2023\/12\/17\/olhar-clinico-do-futuro-laura-lidia-rosa-estreia-coluna-sobre-arquitetura-e-cidades-sustentaveis-no-sul-sc\/\"> <span class=\"screen-reader-text\">&#8216;Olhar cl\u00ednico do futuro!&#8217;: Laura Lidia Rosa estreia coluna sobre arquitetura e cidades sustent\u00e1veis no Sul SC<\/span> Read More &raquo;<\/a><\/p>\n","protected":false},"author":3,"featured_media":5345,"comment_status":"open","ping_status":"open","sticky":false,"template":"","format":"standard","meta":{"site-sidebar-layout":"default","site-content-layout":"","ast-site-content-layout":"default","site-content-style":"default","site-sidebar-style":"default","ast-global-header-display":"","ast-banner-title-visibility":"","ast-main-header-display":"","ast-hfb-above-header-display":"","ast-hfb-below-header-display":"","ast-hfb-mobile-header-display":"","site-post-title":"","ast-breadcrumbs-content":"","ast-featured-img":"","footer-sml-layout":"","theme-transparent-header-meta":"default","adv-header-id-meta":"","stick-header-meta":"","header-above-stick-meta":"","header-main-stick-meta":"","header-below-stick-meta":"","astra-migrate-meta-layouts":"set","footnotes":""},"categories":[13],"tags":[62,63,114,407],"yoast_head":"<!-- This site is optimized with the Yoast SEO plugin v21.4 - https:\/\/yoast.com\/wordpress\/plugins\/seo\/ -->\n<title>&#039;Olhar cl\u00ednico do futuro!&#039;: Laura Lidia Rosa estreia coluna sobre arquitetura e cidades sustent\u00e1veis no Sul SC -<\/title>\n<meta name=\"description\" content=\"A coluna, que estreia nesta segunda (18), ter\u00e1 periodicidade quinzenal, publicada \u00e0s segundas-feiras e abordar\u00e1. principalmente temas relacionados \u00e0 arquitetura e urbanismo sustent\u00e1vel.\" \/>\n<meta name=\"robots\" content=\"index, follow, max-snippet:-1, max-image-preview:large, max-video-preview:-1\" \/>\n<link rel=\"canonical\" href=\"https:\/\/sulsc.com\/index.php\/2023\/12\/17\/olhar-clinico-do-futuro-laura-lidia-rosa-estreia-coluna-sobre-arquitetura-e-cidades-sustentaveis-no-sul-sc\/\" \/>\n<meta property=\"og:locale\" content=\"en_US\" \/>\n<meta property=\"og:type\" content=\"article\" \/>\n<meta property=\"og:title\" content=\"&#039;Olhar cl\u00ednico do futuro!&#039;: Laura Lidia Rosa estreia coluna sobre arquitetura e cidades sustent\u00e1veis no Sul SC -\" \/>\n<meta property=\"og:description\" content=\"A coluna, que estreia nesta segunda (18), ter\u00e1 periodicidade quinzenal, publicada \u00e0s segundas-feiras e abordar\u00e1. principalmente temas relacionados \u00e0 arquitetura e urbanismo sustent\u00e1vel.\" \/>\n<meta property=\"og:url\" content=\"https:\/\/sulsc.com\/index.php\/2023\/12\/17\/olhar-clinico-do-futuro-laura-lidia-rosa-estreia-coluna-sobre-arquitetura-e-cidades-sustentaveis-no-sul-sc\/\" \/>\n<meta property=\"article:author\" content=\"https:\/\/www.facebook.com\/profile.php?id=61559278119680\" \/>\n<meta property=\"article:published_time\" content=\"2023-12-17T23:04:09+00:00\" \/>\n<meta property=\"article:modified_time\" content=\"2023-12-18T02:07:15+00:00\" \/>\n<meta property=\"og:image\" content=\"http:\/\/sulsc.com\/wp-content\/uploads\/2023\/12\/coluna-2.png\" \/>\n\t<meta property=\"og:image:width\" content=\"1122\" \/>\n\t<meta property=\"og:image:height\" content=\"732\" \/>\n\t<meta property=\"og:image:type\" content=\"image\/png\" \/>\n<meta name=\"author\" content=\"Reda\u00e7\u00e3o Sul SC\" \/>\n<meta name=\"twitter:card\" content=\"summary_large_image\" \/>\n<meta name=\"twitter:creator\" content=\"@https:\/\/twitter.com\/PortalSulSC\" \/>\n<meta name=\"twitter:label1\" content=\"Written by\" \/>\n\t<meta name=\"twitter:data1\" content=\"Reda\u00e7\u00e3o Sul SC\" \/>\n\t<meta name=\"twitter:label2\" content=\"Est. reading time\" \/>\n\t<meta name=\"twitter:data2\" content=\"3 minutes\" \/>\n<script type=\"application\/ld+json\" class=\"yoast-schema-graph\">{\"@context\":\"https:\/\/schema.org\",\"@graph\":[{\"@type\":\"WebPage\",\"@id\":\"https:\/\/sulsc.com\/index.php\/2023\/12\/17\/olhar-clinico-do-futuro-laura-lidia-rosa-estreia-coluna-sobre-arquitetura-e-cidades-sustentaveis-no-sul-sc\/\",\"url\":\"https:\/\/sulsc.com\/index.php\/2023\/12\/17\/olhar-clinico-do-futuro-laura-lidia-rosa-estreia-coluna-sobre-arquitetura-e-cidades-sustentaveis-no-sul-sc\/\",\"name\":\"'Olhar cl\u00ednico do futuro!': Laura Lidia Rosa estreia coluna sobre arquitetura e cidades sustent\u00e1veis no Sul SC -\",\"isPartOf\":{\"@id\":\"https:\/\/sulsc.com\/#website\"},\"datePublished\":\"2023-12-17T23:04:09+00:00\",\"dateModified\":\"2023-12-18T02:07:15+00:00\",\"author\":{\"@id\":\"https:\/\/sulsc.com\/#\/schema\/person\/84d2fc571684f6248ba83092f07750a3\"},\"description\":\"A coluna, que estreia nesta segunda (18), ter\u00e1 periodicidade quinzenal, publicada \u00e0s segundas-feiras e abordar\u00e1. principalmente temas relacionados \u00e0 arquitetura e urbanismo sustent\u00e1vel.\",\"breadcrumb\":{\"@id\":\"https:\/\/sulsc.com\/index.php\/2023\/12\/17\/olhar-clinico-do-futuro-laura-lidia-rosa-estreia-coluna-sobre-arquitetura-e-cidades-sustentaveis-no-sul-sc\/#breadcrumb\"},\"inLanguage\":\"en-US\",\"potentialAction\":[{\"@type\":\"ReadAction\",\"target\":[\"https:\/\/sulsc.com\/index.php\/2023\/12\/17\/olhar-clinico-do-futuro-laura-lidia-rosa-estreia-coluna-sobre-arquitetura-e-cidades-sustentaveis-no-sul-sc\/\"]}]},{\"@type\":\"BreadcrumbList\",\"@id\":\"https:\/\/sulsc.com\/index.php\/2023\/12\/17\/olhar-clinico-do-futuro-laura-lidia-rosa-estreia-coluna-sobre-arquitetura-e-cidades-sustentaveis-no-sul-sc\/#breadcrumb\",\"itemListElement\":[{\"@type\":\"ListItem\",\"position\":1,\"name\":\"In\u00edcio\",\"item\":\"https:\/\/sulsc.com\/\"},{\"@type\":\"ListItem\",\"position\":2,\"name\":\"&#8216;Olhar cl\u00ednico do futuro!&#8217;: Laura Lidia Rosa estreia coluna sobre arquitetura e cidades sustent\u00e1veis no Sul SC\"}]},{\"@type\":\"WebSite\",\"@id\":\"https:\/\/sulsc.com\/#website\",\"url\":\"https:\/\/sulsc.com\/\",\"name\":\"\",\"description\":\"\",\"potentialAction\":[{\"@type\":\"SearchAction\",\"target\":{\"@type\":\"EntryPoint\",\"urlTemplate\":\"https:\/\/sulsc.com\/?s={search_term_string}\"},\"query-input\":\"required name=search_term_string\"}],\"inLanguage\":\"en-US\"},{\"@type\":\"Person\",\"@id\":\"https:\/\/sulsc.com\/#\/schema\/person\/84d2fc571684f6248ba83092f07750a3\",\"name\":\"Reda\u00e7\u00e3o Sul SC\",\"image\":{\"@type\":\"ImageObject\",\"inLanguage\":\"en-US\",\"@id\":\"https:\/\/sulsc.com\/#\/schema\/person\/image\/e08d7fe2cc4ed596372063bbe852b8d0\",\"url\":\"https:\/\/sulsc.com\/wp-content\/uploads\/2023\/09\/redacao.png\",\"contentUrl\":\"https:\/\/sulsc.com\/wp-content\/uploads\/2023\/09\/redacao.png\",\"caption\":\"Reda\u00e7\u00e3o Sul SC\"},\"description\":\"Foco em um jornalismo imparcial, voltado \u00e0 qualidade dos seus conte\u00fados e, assim, levar informa\u00e7\u00e3o de valor que agregue \u00e0 vida dos leitores. Esta \u00e9 grande miss\u00e3o do Portal de Not\u00edcias Sul SC. N\u00e3o \u00e9 quantidade que muda o mundo, sempre foi e seguir\u00e1 sendo qualidade!\",\"sameAs\":[\"https:\/\/sulsc.com\/\",\"https:\/\/www.facebook.com\/profile.php?id=61559278119680\",\"https:\/\/www.instagram.com\/sulscportal\/?hl=pt-br\",\"https:\/\/twitter.com\/https:\/\/twitter.com\/PortalSulSC\",\"https:\/\/www.youtube.com\/channel\/UCv_BE8GeySluDov2n8qhVmw\"],\"url\":\"https:\/\/sulsc.com\/index.php\/author\/redacao\/\"}]}<\/script>\n<!-- \/ Yoast SEO plugin. -->","yoast_head_json":{"title":"'Olhar cl\u00ednico do futuro!': Laura Lidia Rosa estreia coluna sobre arquitetura e cidades sustent\u00e1veis no Sul SC -","description":"A coluna, que estreia nesta segunda (18), ter\u00e1 periodicidade quinzenal, publicada \u00e0s segundas-feiras e abordar\u00e1. principalmente temas relacionados \u00e0 arquitetura e urbanismo sustent\u00e1vel.","robots":{"index":"index","follow":"follow","max-snippet":"max-snippet:-1","max-image-preview":"max-image-preview:large","max-video-preview":"max-video-preview:-1"},"canonical":"https:\/\/sulsc.com\/index.php\/2023\/12\/17\/olhar-clinico-do-futuro-laura-lidia-rosa-estreia-coluna-sobre-arquitetura-e-cidades-sustentaveis-no-sul-sc\/","og_locale":"en_US","og_type":"article","og_title":"'Olhar cl\u00ednico do futuro!': Laura Lidia Rosa estreia coluna sobre arquitetura e cidades sustent\u00e1veis no Sul SC -","og_description":"A coluna, que estreia nesta segunda (18), ter\u00e1 periodicidade quinzenal, publicada \u00e0s segundas-feiras e abordar\u00e1. principalmente temas relacionados \u00e0 arquitetura e urbanismo sustent\u00e1vel.","og_url":"https:\/\/sulsc.com\/index.php\/2023\/12\/17\/olhar-clinico-do-futuro-laura-lidia-rosa-estreia-coluna-sobre-arquitetura-e-cidades-sustentaveis-no-sul-sc\/","article_author":"https:\/\/www.facebook.com\/profile.php?id=61559278119680","article_published_time":"2023-12-17T23:04:09+00:00","article_modified_time":"2023-12-18T02:07:15+00:00","og_image":[{"width":1122,"height":732,"url":"http:\/\/sulsc.com\/wp-content\/uploads\/2023\/12\/coluna-2.png","type":"image\/png"}],"author":"Reda\u00e7\u00e3o Sul SC","twitter_card":"summary_large_image","twitter_creator":"@https:\/\/twitter.com\/PortalSulSC","twitter_misc":{"Written by":"Reda\u00e7\u00e3o Sul SC","Est. reading time":"3 minutes"},"schema":{"@context":"https:\/\/schema.org","@graph":[{"@type":"WebPage","@id":"https:\/\/sulsc.com\/index.php\/2023\/12\/17\/olhar-clinico-do-futuro-laura-lidia-rosa-estreia-coluna-sobre-arquitetura-e-cidades-sustentaveis-no-sul-sc\/","url":"https:\/\/sulsc.com\/index.php\/2023\/12\/17\/olhar-clinico-do-futuro-laura-lidia-rosa-estreia-coluna-sobre-arquitetura-e-cidades-sustentaveis-no-sul-sc\/","name":"'Olhar cl\u00ednico do futuro!': Laura Lidia Rosa estreia coluna sobre arquitetura e cidades sustent\u00e1veis no Sul SC -","isPartOf":{"@id":"https:\/\/sulsc.com\/#website"},"datePublished":"2023-12-17T23:04:09+00:00","dateModified":"2023-12-18T02:07:15+00:00","author":{"@id":"https:\/\/sulsc.com\/#\/schema\/person\/84d2fc571684f6248ba83092f07750a3"},"description":"A coluna, que estreia nesta segunda (18), ter\u00e1 periodicidade quinzenal, publicada \u00e0s segundas-feiras e abordar\u00e1. principalmente temas relacionados \u00e0 arquitetura e urbanismo sustent\u00e1vel.","breadcrumb":{"@id":"https:\/\/sulsc.com\/index.php\/2023\/12\/17\/olhar-clinico-do-futuro-laura-lidia-rosa-estreia-coluna-sobre-arquitetura-e-cidades-sustentaveis-no-sul-sc\/#breadcrumb"},"inLanguage":"en-US","potentialAction":[{"@type":"ReadAction","target":["https:\/\/sulsc.com\/index.php\/2023\/12\/17\/olhar-clinico-do-futuro-laura-lidia-rosa-estreia-coluna-sobre-arquitetura-e-cidades-sustentaveis-no-sul-sc\/"]}]},{"@type":"BreadcrumbList","@id":"https:\/\/sulsc.com\/index.php\/2023\/12\/17\/olhar-clinico-do-futuro-laura-lidia-rosa-estreia-coluna-sobre-arquitetura-e-cidades-sustentaveis-no-sul-sc\/#breadcrumb","itemListElement":[{"@type":"ListItem","position":1,"name":"In\u00edcio","item":"https:\/\/sulsc.com\/"},{"@type":"ListItem","position":2,"name":"&#8216;Olhar cl\u00ednico do futuro!&#8217;: Laura Lidia Rosa estreia coluna sobre arquitetura e cidades sustent\u00e1veis no Sul SC"}]},{"@type":"WebSite","@id":"https:\/\/sulsc.com\/#website","url":"https:\/\/sulsc.com\/","name":"","description":"","potentialAction":[{"@type":"SearchAction","target":{"@type":"EntryPoint","urlTemplate":"https:\/\/sulsc.com\/?s={search_term_string}"},"query-input":"required name=search_term_string"}],"inLanguage":"en-US"},{"@type":"Person","@id":"https:\/\/sulsc.com\/#\/schema\/person\/84d2fc571684f6248ba83092f07750a3","name":"Reda\u00e7\u00e3o Sul SC","image":{"@type":"ImageObject","inLanguage":"en-US","@id":"https:\/\/sulsc.com\/#\/schema\/person\/image\/e08d7fe2cc4ed596372063bbe852b8d0","url":"https:\/\/sulsc.com\/wp-content\/uploads\/2023\/09\/redacao.png","contentUrl":"https:\/\/sulsc.com\/wp-content\/uploads\/2023\/09\/redacao.png","caption":"Reda\u00e7\u00e3o Sul SC"},"description":"Foco em um jornalismo imparcial, voltado \u00e0 qualidade dos seus conte\u00fados e, assim, levar informa\u00e7\u00e3o de valor que agregue \u00e0 vida dos leitores. Esta \u00e9 grande miss\u00e3o do Portal de Not\u00edcias Sul SC. N\u00e3o \u00e9 quantidade que muda o mundo, sempre foi e seguir\u00e1 sendo qualidade!","sameAs":["https:\/\/sulsc.com\/","https:\/\/www.facebook.com\/profile.php?id=61559278119680","https:\/\/www.instagram.com\/sulscportal\/?hl=pt-br","https:\/\/twitter.com\/https:\/\/twitter.com\/PortalSulSC","https:\/\/www.youtube.com\/channel\/UCv_BE8GeySluDov2n8qhVmw"],"url":"https:\/\/sulsc.com\/index.php\/author\/redacao\/"}]}},"authors":[],"_links":{"self":[{"href":"https:\/\/sulsc.com\/index.php\/wp-json\/wp\/v2\/posts\/5344"}],"collection":[{"href":"https:\/\/sulsc.com\/index.php\/wp-json\/wp\/v2\/posts"}],"about":[{"href":"https:\/\/sulsc.com\/index.php\/wp-json\/wp\/v2\/types\/post"}],"author":[{"embeddable":true,"href":"https:\/\/sulsc.com\/index.php\/wp-json\/wp\/v2\/users\/3"}],"replies":[{"embeddable":true,"href":"https:\/\/sulsc.com\/index.php\/wp-json\/wp\/v2\/comments?post=5344"}],"version-history":[{"count":2,"href":"https:\/\/sulsc.com\/index.php\/wp-json\/wp\/v2\/posts\/5344\/revisions"}],"predecessor-version":[{"id":5354,"href":"https:\/\/sulsc.com\/index.php\/wp-json\/wp\/v2\/posts\/5344\/revisions\/5354"}],"wp:featuredmedia":[{"embeddable":true,"href":"https:\/\/sulsc.com\/index.php\/wp-json\/wp\/v2\/media\/5345"}],"wp:attachment":[{"href":"https:\/\/sulsc.com\/index.php\/wp-json\/wp\/v2\/media?parent=5344"}],"wp:term":[{"taxonomy":"category","embeddable":true,"href":"https:\/\/sulsc.com\/index.php\/wp-json\/wp\/v2\/categories?post=5344"},{"taxonomy":"post_tag","embeddable":true,"href":"https:\/\/sulsc.com\/index.php\/wp-json\/wp\/v2\/tags?post=5344"}],"curies":[{"name":"wp","href":"https:\/\/api.w.org\/{rel}","templated":true}]}}