{"id":5369,"date":"2023-12-18T09:53:17","date_gmt":"2023-12-18T12:53:17","guid":{"rendered":"https:\/\/sulsc.com\/?p=5369"},"modified":"2023-12-18T09:53:17","modified_gmt":"2023-12-18T12:53:17","slug":"autorizacao-para-ampliacao-do-sistema-de-drenagem-na-orla-do-mar-grosso-em-laguna-e-emitida","status":"publish","type":"post","link":"https:\/\/sulsc.com\/index.php\/2023\/12\/18\/autorizacao-para-ampliacao-do-sistema-de-drenagem-na-orla-do-mar-grosso-em-laguna-e-emitida\/","title":{"rendered":"Autoriza\u00e7\u00e3o para amplia\u00e7\u00e3o do sistema de drenagem na Orla do Mar Grosso, em Laguna, \u00e9 emitida"},"content":{"rendered":"<p><img fetchpriority=\"high\" decoding=\"async\" class=\"alignnone size-full wp-image-5371\" src=\"http:\/\/sulsc.com\/wp-content\/uploads\/2023\/12\/Mar-Grosso-Laguna.jpg\" alt=\"\" width=\"800\" height=\"445\" srcset=\"https:\/\/sulsc.com\/wp-content\/uploads\/2023\/12\/Mar-Grosso-Laguna.jpg 800w, https:\/\/sulsc.com\/wp-content\/uploads\/2023\/12\/Mar-Grosso-Laguna-300x167.jpg 300w, https:\/\/sulsc.com\/wp-content\/uploads\/2023\/12\/Mar-Grosso-Laguna-768x427.jpg 768w\" sizes=\"(max-width: 800px) 100vw, 800px\" \/><\/p>\n<p>Uma Autoriza\u00e7\u00e3o Ambiental para Interven\u00e7\u00e3o em \u00c1rea de Preserva\u00e7\u00e3o Permanente (AuA-APP N. 014\/2023) foi concedida \u00e0 Prefeitura Municipal de Laguna. Esta autoriza\u00e7\u00e3o, emitida pela Funda\u00e7\u00e3o Lagunense do Meio Ambiente (Flama), \u00e9 uma pe\u00e7a chave no projeto de expans\u00e3o do sistema de drenagem na Orla do Mar Grosso e um marco no compromisso com a gest\u00e3o sustent\u00e1vel dos recursos naturais e a melhoria da qualidade de vida urbana.<\/p>\n<p>A expans\u00e3o da drenagem na Orla do Mar Grosso atende a uma necessidade urgente da comunidade local, prometendo melhorar significativamente a gest\u00e3o das \u00e1guas pluviais e a qualidade ambiental da regi\u00e3o. A interven\u00e7\u00e3o \u00e9 vista como um passo crucial na adapta\u00e7\u00e3o e mitiga\u00e7\u00e3o dos efeitos das mudan\u00e7as clim\u00e1ticas, especialmente em termos de preven\u00e7\u00e3o da eros\u00e3o costeira e melhoria da resili\u00eancia da infraestrutura local.<\/p>\n<p>A autoriza\u00e7\u00e3o, v\u00e1lida por 180 dias a partir de 14 de dezembro de 2023, estabelece as bases para a amplia\u00e7\u00e3o do sistema de drenagem, com foco na efici\u00eancia e na preserva\u00e7\u00e3o ambiental. O projeto envolver\u00e1 a instala\u00e7\u00e3o de tubula\u00e7\u00f5es de concreto com di\u00e2metro de 400mm e a aplica\u00e7\u00e3o de manta geot\u00eaxtil (BIDIN) nas jun\u00e7\u00f5es, al\u00e9m de uma camada fina de brita graduada para assegurar a estabilidade e prevenir a eros\u00e3o do solo.<\/p>\n<p>Uma comiss\u00e3o ser\u00e1 formada para supervisionar a implementa\u00e7\u00e3o e o progresso do projeto. Esta comiss\u00e3o incluir\u00e1 representantes de diversas secretarias municipais e da pr\u00f3pria Flama, garantindo uma abordagem integrada e multidisciplinar.<\/p>\n<p>&nbsp;<\/p>\n<p><strong>Prote\u00e7\u00f5es Ambientais e Condicionantes:<\/strong><\/p>\n<p>\u2013 A Flama especificou que nenhuma vegeta\u00e7\u00e3o nativa do Bioma Mata Atl\u00e2ntica deve ser cortada.<br \/>\n\u2013 O gerenciamento dos res\u00edduos seguir\u00e1 as diretrizes da CONAMA 307\/2002, com todos os materiais excedentes sendo recolhidos e reaproveitados.<br \/>\n\u2013 Medidas estritas para minimizar impactos na fauna e flora local.<br \/>\n\u2013 Observa\u00e7\u00e3o rigorosa dos limites legais relativos \u00e0 polui\u00e7\u00e3o sonora e atmosf\u00e9rica.<\/p>\n","protected":false},"excerpt":{"rendered":"<p>Uma Autoriza\u00e7\u00e3o Ambiental para Interven\u00e7\u00e3o em \u00c1rea de Preserva\u00e7\u00e3o Permanente (AuA-APP N. 014\/2023) foi concedida \u00e0 Prefeitura Municipal de Laguna. Esta autoriza\u00e7\u00e3o, emitida pela Funda\u00e7\u00e3o Lagunense do Meio Ambiente (Flama), \u00e9 uma pe\u00e7a chave no projeto de expans\u00e3o do sistema de drenagem na Orla do Mar Grosso e um marco no compromisso com a gest\u00e3o &hellip;<\/p>\n<p class=\"read-more\"> <a class=\"\" href=\"https:\/\/sulsc.com\/index.php\/2023\/12\/18\/autorizacao-para-ampliacao-do-sistema-de-drenagem-na-orla-do-mar-grosso-em-laguna-e-emitida\/\"> <span class=\"screen-reader-text\">Autoriza\u00e7\u00e3o para amplia\u00e7\u00e3o do sistema de drenagem na Orla do Mar Grosso, em Laguna, \u00e9 emitida<\/span> Read More &raquo;<\/a><\/p>\n","protected":false},"author":3,"featured_media":5371,"comment_status":"open","ping_status":"open","sticky":false,"template":"","format":"standard","meta":{"site-sidebar-layout":"default","site-content-layout":"","ast-site-content-layout":"default","site-content-style":"default","site-sidebar-style":"default","ast-global-header-display":"","ast-banner-title-visibility":"","ast-main-header-display":"","ast-hfb-above-header-display":"","ast-hfb-below-header-display":"","ast-hfb-mobile-header-display":"","site-post-title":"","ast-breadcrumbs-content":"","ast-featured-img":"","footer-sml-layout":"","theme-transparent-header-meta":"default","adv-header-id-meta":"","stick-header-meta":"","header-above-stick-meta":"","header-main-stick-meta":"","header-below-stick-meta":"","astra-migrate-meta-layouts":"set","footnotes":""},"categories":[17],"tags":[410,65,409],"yoast_head":"<!-- This site is optimized with the Yoast SEO plugin v21.4 - https:\/\/yoast.com\/wordpress\/plugins\/seo\/ -->\n<title>Autoriza\u00e7\u00e3o para amplia\u00e7\u00e3o do sistema de drenagem na Orla do Mar Grosso, em Laguna, \u00e9 emitida -<\/title>\n<meta name=\"description\" content=\"A expans\u00e3o da drenagem na Orla do Mar Grosso atende a uma necessidade urgente da comunidade local, prometendo melhorar significativamente a gest\u00e3o das \u00e1guas pluviais e a qualidade ambiental da regi\u00e3o\" \/>\n<meta name=\"robots\" content=\"index, follow, max-snippet:-1, max-image-preview:large, max-video-preview:-1\" \/>\n<link rel=\"canonical\" href=\"https:\/\/sulsc.com\/index.php\/2023\/12\/18\/autorizacao-para-ampliacao-do-sistema-de-drenagem-na-orla-do-mar-grosso-em-laguna-e-emitida\/\" \/>\n<meta property=\"og:locale\" content=\"en_US\" \/>\n<meta property=\"og:type\" content=\"article\" \/>\n<meta property=\"og:title\" content=\"Autoriza\u00e7\u00e3o para amplia\u00e7\u00e3o do sistema de drenagem na Orla do Mar Grosso, em Laguna, \u00e9 emitida -\" \/>\n<meta property=\"og:description\" content=\"A expans\u00e3o da drenagem na Orla do Mar Grosso atende a uma necessidade urgente da comunidade local, prometendo melhorar significativamente a gest\u00e3o das \u00e1guas pluviais e a qualidade ambiental da regi\u00e3o\" \/>\n<meta property=\"og:url\" content=\"https:\/\/sulsc.com\/index.php\/2023\/12\/18\/autorizacao-para-ampliacao-do-sistema-de-drenagem-na-orla-do-mar-grosso-em-laguna-e-emitida\/\" \/>\n<meta property=\"article:author\" content=\"https:\/\/www.facebook.com\/profile.php?id=61559278119680\" \/>\n<meta property=\"article:published_time\" content=\"2023-12-18T12:53:17+00:00\" \/>\n<meta property=\"og:image\" content=\"http:\/\/sulsc.com\/wp-content\/uploads\/2023\/12\/Mar-Grosso-Laguna.jpg\" \/>\n\t<meta property=\"og:image:width\" content=\"800\" \/>\n\t<meta property=\"og:image:height\" content=\"445\" \/>\n\t<meta property=\"og:image:type\" content=\"image\/jpeg\" \/>\n<meta name=\"author\" content=\"Reda\u00e7\u00e3o Sul SC\" \/>\n<meta name=\"twitter:card\" content=\"summary_large_image\" \/>\n<meta name=\"twitter:creator\" content=\"@https:\/\/twitter.com\/PortalSulSC\" \/>\n<meta name=\"twitter:label1\" content=\"Written by\" \/>\n\t<meta name=\"twitter:data1\" content=\"Reda\u00e7\u00e3o Sul SC\" \/>\n\t<meta name=\"twitter:label2\" content=\"Est. reading time\" \/>\n\t<meta name=\"twitter:data2\" content=\"2 minutes\" \/>\n<script type=\"application\/ld+json\" class=\"yoast-schema-graph\">{\"@context\":\"https:\/\/schema.org\",\"@graph\":[{\"@type\":\"WebPage\",\"@id\":\"https:\/\/sulsc.com\/index.php\/2023\/12\/18\/autorizacao-para-ampliacao-do-sistema-de-drenagem-na-orla-do-mar-grosso-em-laguna-e-emitida\/\",\"url\":\"https:\/\/sulsc.com\/index.php\/2023\/12\/18\/autorizacao-para-ampliacao-do-sistema-de-drenagem-na-orla-do-mar-grosso-em-laguna-e-emitida\/\",\"name\":\"Autoriza\u00e7\u00e3o para amplia\u00e7\u00e3o do sistema de drenagem na Orla do Mar Grosso, em Laguna, \u00e9 emitida -\",\"isPartOf\":{\"@id\":\"https:\/\/sulsc.com\/#website\"},\"datePublished\":\"2023-12-18T12:53:17+00:00\",\"dateModified\":\"2023-12-18T12:53:17+00:00\",\"author\":{\"@id\":\"https:\/\/sulsc.com\/#\/schema\/person\/84d2fc571684f6248ba83092f07750a3\"},\"description\":\"A expans\u00e3o da drenagem na Orla do Mar Grosso atende a uma necessidade urgente da comunidade local, prometendo melhorar significativamente a gest\u00e3o das \u00e1guas pluviais e a qualidade ambiental da regi\u00e3o\",\"breadcrumb\":{\"@id\":\"https:\/\/sulsc.com\/index.php\/2023\/12\/18\/autorizacao-para-ampliacao-do-sistema-de-drenagem-na-orla-do-mar-grosso-em-laguna-e-emitida\/#breadcrumb\"},\"inLanguage\":\"en-US\",\"potentialAction\":[{\"@type\":\"ReadAction\",\"target\":[\"https:\/\/sulsc.com\/index.php\/2023\/12\/18\/autorizacao-para-ampliacao-do-sistema-de-drenagem-na-orla-do-mar-grosso-em-laguna-e-emitida\/\"]}]},{\"@type\":\"BreadcrumbList\",\"@id\":\"https:\/\/sulsc.com\/index.php\/2023\/12\/18\/autorizacao-para-ampliacao-do-sistema-de-drenagem-na-orla-do-mar-grosso-em-laguna-e-emitida\/#breadcrumb\",\"itemListElement\":[{\"@type\":\"ListItem\",\"position\":1,\"name\":\"In\u00edcio\",\"item\":\"https:\/\/sulsc.com\/\"},{\"@type\":\"ListItem\",\"position\":2,\"name\":\"Autoriza\u00e7\u00e3o para amplia\u00e7\u00e3o do sistema de drenagem na Orla do Mar Grosso, em Laguna, \u00e9 emitida\"}]},{\"@type\":\"WebSite\",\"@id\":\"https:\/\/sulsc.com\/#website\",\"url\":\"https:\/\/sulsc.com\/\",\"name\":\"\",\"description\":\"\",\"potentialAction\":[{\"@type\":\"SearchAction\",\"target\":{\"@type\":\"EntryPoint\",\"urlTemplate\":\"https:\/\/sulsc.com\/?s={search_term_string}\"},\"query-input\":\"required name=search_term_string\"}],\"inLanguage\":\"en-US\"},{\"@type\":\"Person\",\"@id\":\"https:\/\/sulsc.com\/#\/schema\/person\/84d2fc571684f6248ba83092f07750a3\",\"name\":\"Reda\u00e7\u00e3o Sul SC\",\"image\":{\"@type\":\"ImageObject\",\"inLanguage\":\"en-US\",\"@id\":\"https:\/\/sulsc.com\/#\/schema\/person\/image\/e08d7fe2cc4ed596372063bbe852b8d0\",\"url\":\"https:\/\/sulsc.com\/wp-content\/uploads\/2023\/09\/redacao.png\",\"contentUrl\":\"https:\/\/sulsc.com\/wp-content\/uploads\/2023\/09\/redacao.png\",\"caption\":\"Reda\u00e7\u00e3o Sul SC\"},\"description\":\"Foco em um jornalismo imparcial, voltado \u00e0 qualidade dos seus conte\u00fados e, assim, levar informa\u00e7\u00e3o de valor que agregue \u00e0 vida dos leitores. Esta \u00e9 grande miss\u00e3o do Portal de Not\u00edcias Sul SC. N\u00e3o \u00e9 quantidade que muda o mundo, sempre foi e seguir\u00e1 sendo qualidade!\",\"sameAs\":[\"https:\/\/sulsc.com\/\",\"https:\/\/www.facebook.com\/profile.php?id=61559278119680\",\"https:\/\/www.instagram.com\/sulscportal\/?hl=pt-br\",\"https:\/\/twitter.com\/https:\/\/twitter.com\/PortalSulSC\",\"https:\/\/www.youtube.com\/channel\/UCv_BE8GeySluDov2n8qhVmw\"],\"url\":\"https:\/\/sulsc.com\/index.php\/author\/redacao\/\"}]}<\/script>\n<!-- \/ Yoast SEO plugin. -->","yoast_head_json":{"title":"Autoriza\u00e7\u00e3o para amplia\u00e7\u00e3o do sistema de drenagem na Orla do Mar Grosso, em Laguna, \u00e9 emitida -","description":"A expans\u00e3o da drenagem na Orla do Mar Grosso atende a uma necessidade urgente da comunidade local, prometendo melhorar significativamente a gest\u00e3o das \u00e1guas pluviais e a qualidade ambiental da regi\u00e3o","robots":{"index":"index","follow":"follow","max-snippet":"max-snippet:-1","max-image-preview":"max-image-preview:large","max-video-preview":"max-video-preview:-1"},"canonical":"https:\/\/sulsc.com\/index.php\/2023\/12\/18\/autorizacao-para-ampliacao-do-sistema-de-drenagem-na-orla-do-mar-grosso-em-laguna-e-emitida\/","og_locale":"en_US","og_type":"article","og_title":"Autoriza\u00e7\u00e3o para amplia\u00e7\u00e3o do sistema de drenagem na Orla do Mar Grosso, em Laguna, \u00e9 emitida -","og_description":"A expans\u00e3o da drenagem na Orla do Mar Grosso atende a uma necessidade urgente da comunidade local, prometendo melhorar significativamente a gest\u00e3o das \u00e1guas pluviais e a qualidade ambiental da regi\u00e3o","og_url":"https:\/\/sulsc.com\/index.php\/2023\/12\/18\/autorizacao-para-ampliacao-do-sistema-de-drenagem-na-orla-do-mar-grosso-em-laguna-e-emitida\/","article_author":"https:\/\/www.facebook.com\/profile.php?id=61559278119680","article_published_time":"2023-12-18T12:53:17+00:00","og_image":[{"width":800,"height":445,"url":"http:\/\/sulsc.com\/wp-content\/uploads\/2023\/12\/Mar-Grosso-Laguna.jpg","type":"image\/jpeg"}],"author":"Reda\u00e7\u00e3o Sul SC","twitter_card":"summary_large_image","twitter_creator":"@https:\/\/twitter.com\/PortalSulSC","twitter_misc":{"Written by":"Reda\u00e7\u00e3o Sul SC","Est. reading time":"2 minutes"},"schema":{"@context":"https:\/\/schema.org","@graph":[{"@type":"WebPage","@id":"https:\/\/sulsc.com\/index.php\/2023\/12\/18\/autorizacao-para-ampliacao-do-sistema-de-drenagem-na-orla-do-mar-grosso-em-laguna-e-emitida\/","url":"https:\/\/sulsc.com\/index.php\/2023\/12\/18\/autorizacao-para-ampliacao-do-sistema-de-drenagem-na-orla-do-mar-grosso-em-laguna-e-emitida\/","name":"Autoriza\u00e7\u00e3o para amplia\u00e7\u00e3o do sistema de drenagem na Orla do Mar Grosso, em Laguna, \u00e9 emitida -","isPartOf":{"@id":"https:\/\/sulsc.com\/#website"},"datePublished":"2023-12-18T12:53:17+00:00","dateModified":"2023-12-18T12:53:17+00:00","author":{"@id":"https:\/\/sulsc.com\/#\/schema\/person\/84d2fc571684f6248ba83092f07750a3"},"description":"A expans\u00e3o da drenagem na Orla do Mar Grosso atende a uma necessidade urgente da comunidade local, prometendo melhorar significativamente a gest\u00e3o das \u00e1guas pluviais e a qualidade ambiental da regi\u00e3o","breadcrumb":{"@id":"https:\/\/sulsc.com\/index.php\/2023\/12\/18\/autorizacao-para-ampliacao-do-sistema-de-drenagem-na-orla-do-mar-grosso-em-laguna-e-emitida\/#breadcrumb"},"inLanguage":"en-US","potentialAction":[{"@type":"ReadAction","target":["https:\/\/sulsc.com\/index.php\/2023\/12\/18\/autorizacao-para-ampliacao-do-sistema-de-drenagem-na-orla-do-mar-grosso-em-laguna-e-emitida\/"]}]},{"@type":"BreadcrumbList","@id":"https:\/\/sulsc.com\/index.php\/2023\/12\/18\/autorizacao-para-ampliacao-do-sistema-de-drenagem-na-orla-do-mar-grosso-em-laguna-e-emitida\/#breadcrumb","itemListElement":[{"@type":"ListItem","position":1,"name":"In\u00edcio","item":"https:\/\/sulsc.com\/"},{"@type":"ListItem","position":2,"name":"Autoriza\u00e7\u00e3o para amplia\u00e7\u00e3o do sistema de drenagem na Orla do Mar Grosso, em Laguna, \u00e9 emitida"}]},{"@type":"WebSite","@id":"https:\/\/sulsc.com\/#website","url":"https:\/\/sulsc.com\/","name":"","description":"","potentialAction":[{"@type":"SearchAction","target":{"@type":"EntryPoint","urlTemplate":"https:\/\/sulsc.com\/?s={search_term_string}"},"query-input":"required name=search_term_string"}],"inLanguage":"en-US"},{"@type":"Person","@id":"https:\/\/sulsc.com\/#\/schema\/person\/84d2fc571684f6248ba83092f07750a3","name":"Reda\u00e7\u00e3o Sul SC","image":{"@type":"ImageObject","inLanguage":"en-US","@id":"https:\/\/sulsc.com\/#\/schema\/person\/image\/e08d7fe2cc4ed596372063bbe852b8d0","url":"https:\/\/sulsc.com\/wp-content\/uploads\/2023\/09\/redacao.png","contentUrl":"https:\/\/sulsc.com\/wp-content\/uploads\/2023\/09\/redacao.png","caption":"Reda\u00e7\u00e3o Sul SC"},"description":"Foco em um jornalismo imparcial, voltado \u00e0 qualidade dos seus conte\u00fados e, assim, levar informa\u00e7\u00e3o de valor que agregue \u00e0 vida dos leitores. Esta \u00e9 grande miss\u00e3o do Portal de Not\u00edcias Sul SC. N\u00e3o \u00e9 quantidade que muda o mundo, sempre foi e seguir\u00e1 sendo qualidade!","sameAs":["https:\/\/sulsc.com\/","https:\/\/www.facebook.com\/profile.php?id=61559278119680","https:\/\/www.instagram.com\/sulscportal\/?hl=pt-br","https:\/\/twitter.com\/https:\/\/twitter.com\/PortalSulSC","https:\/\/www.youtube.com\/channel\/UCv_BE8GeySluDov2n8qhVmw"],"url":"https:\/\/sulsc.com\/index.php\/author\/redacao\/"}]}},"authors":[],"_links":{"self":[{"href":"https:\/\/sulsc.com\/index.php\/wp-json\/wp\/v2\/posts\/5369"}],"collection":[{"href":"https:\/\/sulsc.com\/index.php\/wp-json\/wp\/v2\/posts"}],"about":[{"href":"https:\/\/sulsc.com\/index.php\/wp-json\/wp\/v2\/types\/post"}],"author":[{"embeddable":true,"href":"https:\/\/sulsc.com\/index.php\/wp-json\/wp\/v2\/users\/3"}],"replies":[{"embeddable":true,"href":"https:\/\/sulsc.com\/index.php\/wp-json\/wp\/v2\/comments?post=5369"}],"version-history":[{"count":1,"href":"https:\/\/sulsc.com\/index.php\/wp-json\/wp\/v2\/posts\/5369\/revisions"}],"predecessor-version":[{"id":5373,"href":"https:\/\/sulsc.com\/index.php\/wp-json\/wp\/v2\/posts\/5369\/revisions\/5373"}],"wp:featuredmedia":[{"embeddable":true,"href":"https:\/\/sulsc.com\/index.php\/wp-json\/wp\/v2\/media\/5371"}],"wp:attachment":[{"href":"https:\/\/sulsc.com\/index.php\/wp-json\/wp\/v2\/media?parent=5369"}],"wp:term":[{"taxonomy":"category","embeddable":true,"href":"https:\/\/sulsc.com\/index.php\/wp-json\/wp\/v2\/categories?post=5369"},{"taxonomy":"post_tag","embeddable":true,"href":"https:\/\/sulsc.com\/index.php\/wp-json\/wp\/v2\/tags?post=5369"}],"curies":[{"name":"wp","href":"https:\/\/api.w.org\/{rel}","templated":true}]}}