{"id":5390,"date":"2023-12-18T12:58:30","date_gmt":"2023-12-18T15:58:30","guid":{"rendered":"https:\/\/sulsc.com\/?p=5390"},"modified":"2023-12-18T12:58:30","modified_gmt":"2023-12-18T15:58:30","slug":"r-446-mil-iniciada-construcao-de-quadra-coberta-em-garopaba-do-sul","status":"publish","type":"post","link":"https:\/\/sulsc.com\/index.php\/2023\/12\/18\/r-446-mil-iniciada-construcao-de-quadra-coberta-em-garopaba-do-sul\/","title":{"rendered":"R$ 446 mil: Iniciada constru\u00e7\u00e3o de quadra coberta em Garopaba do Sul"},"content":{"rendered":"<figure id=\"attachment_5391\" aria-describedby=\"caption-attachment-5391\" style=\"width: 687px\" class=\"wp-caption aligncenter\"><img fetchpriority=\"high\" decoding=\"async\" class=\"size-full wp-image-5391\" src=\"http:\/\/sulsc.com\/wp-content\/uploads\/2023\/12\/2-1.png\" alt=\"\" width=\"687\" height=\"521\" srcset=\"https:\/\/sulsc.com\/wp-content\/uploads\/2023\/12\/2-1.png 687w, https:\/\/sulsc.com\/wp-content\/uploads\/2023\/12\/2-1-300x228.png 300w\" sizes=\"(max-width: 687px) 100vw, 687px\" \/><figcaption id=\"caption-attachment-5391\" class=\"wp-caption-text\">Foto: Pref. de Jaguaruna\/Sul SC<\/figcaption><\/figure>\n<p>A Escola Municipal Professora Cec\u00edlia \u00c1vila Schmitz, no bairro Garopaba do Sul, em <strong>Jaguaruna<\/strong>, ganhar\u00e1 uma quadra poliesportiva coberta. A obra j\u00e1 iniciou com as sapatas sendo constru\u00eddas.<\/p>\n<p>Segundo a prefeitura, \u00e9 um momento especial e resultado do conv\u00eanio de R$ 382 mil com o governo federal, viabilizado pelo senador D\u00e1rio Berger, somado \u00e0 contrapartida municipal de R$ 64.258,23, totalizando um investimento de R$ 446.258,23.<\/p>\n<p>&#8220;A quadra n\u00e3o \u00e9 apenas uma obra f\u00edsica, mas um marco crucial para o desenvolvimento acad\u00eamico e pessoal dos nossos estudantes. Al\u00e9m de proporcionar um espa\u00e7o adequado para a pr\u00e1tica esportiva, essa estrutura contribuir\u00e1 para a promo\u00e7\u00e3o da sa\u00fade f\u00edsica e mental, incentivando valores como trabalho em equipe, disciplina e respeito. A quadra n\u00e3o ser\u00e1 apenas um local para atividades esportivas, mas um ambiente prop\u00edcio para o crescimento integral dos alunos, impactando positivamente em sua forma\u00e7\u00e3o educacional e social&#8221;, observa o prefeito <strong>Laerte Silva dos Santos<\/strong>.<\/p>\n","protected":false},"excerpt":{"rendered":"<p>A Escola Municipal Professora Cec\u00edlia \u00c1vila Schmitz, no bairro Garopaba do Sul, em Jaguaruna, ganhar\u00e1 uma quadra poliesportiva coberta. A obra j\u00e1 iniciou com as sapatas sendo constru\u00eddas. Segundo a prefeitura, \u00e9 um momento especial e resultado do conv\u00eanio de R$ 382 mil com o governo federal, viabilizado pelo senador D\u00e1rio Berger, somado \u00e0 contrapartida &hellip;<\/p>\n<p class=\"read-more\"> <a class=\"\" href=\"https:\/\/sulsc.com\/index.php\/2023\/12\/18\/r-446-mil-iniciada-construcao-de-quadra-coberta-em-garopaba-do-sul\/\"> <span class=\"screen-reader-text\">R$ 446 mil: Iniciada constru\u00e7\u00e3o de quadra coberta em Garopaba do Sul<\/span> Read More &raquo;<\/a><\/p>\n","protected":false},"author":3,"featured_media":5391,"comment_status":"open","ping_status":"open","sticky":false,"template":"","format":"standard","meta":{"site-sidebar-layout":"default","site-content-layout":"","ast-site-content-layout":"default","site-content-style":"default","site-sidebar-style":"default","ast-global-header-display":"","ast-banner-title-visibility":"","ast-main-header-display":"","ast-hfb-above-header-display":"","ast-hfb-below-header-display":"","ast-hfb-mobile-header-display":"","site-post-title":"","ast-breadcrumbs-content":"","ast-featured-img":"","footer-sml-layout":"","theme-transparent-header-meta":"default","adv-header-id-meta":"","stick-header-meta":"","header-above-stick-meta":"","header-main-stick-meta":"","header-below-stick-meta":"","astra-migrate-meta-layouts":"set","footnotes":""},"categories":[1],"tags":[],"yoast_head":"<!-- This site is optimized with the Yoast SEO plugin v21.4 - https:\/\/yoast.com\/wordpress\/plugins\/seo\/ -->\n<title>R$ 446 mil: Iniciada constru\u00e7\u00e3o de quadra coberta em Garopaba do Sul -<\/title>\n<meta name=\"description\" content=\"Segundo a prefeitura, \u00e9 um momento especial e resultado do conv\u00eanio de R$ 382 mil com o governo federal, viabilizado pelo senador D\u00e1rio Berger, somado \u00e0 contrapartida municipal de R$ 64.258,23, totalizando um investimento de R$ 446.258,23.\" \/>\n<meta name=\"robots\" content=\"index, follow, max-snippet:-1, max-image-preview:large, max-video-preview:-1\" \/>\n<link rel=\"canonical\" href=\"https:\/\/sulsc.com\/index.php\/2023\/12\/18\/r-446-mil-iniciada-construcao-de-quadra-coberta-em-garopaba-do-sul\/\" \/>\n<meta property=\"og:locale\" content=\"en_US\" \/>\n<meta property=\"og:type\" content=\"article\" \/>\n<meta property=\"og:title\" content=\"R$ 446 mil: Iniciada constru\u00e7\u00e3o de quadra coberta em Garopaba do Sul -\" \/>\n<meta property=\"og:description\" content=\"Segundo a prefeitura, \u00e9 um momento especial e resultado do conv\u00eanio de R$ 382 mil com o governo federal, viabilizado pelo senador D\u00e1rio Berger, somado \u00e0 contrapartida municipal de R$ 64.258,23, totalizando um investimento de R$ 446.258,23.\" \/>\n<meta property=\"og:url\" content=\"https:\/\/sulsc.com\/index.php\/2023\/12\/18\/r-446-mil-iniciada-construcao-de-quadra-coberta-em-garopaba-do-sul\/\" \/>\n<meta property=\"article:author\" content=\"https:\/\/www.facebook.com\/profile.php?id=61559278119680\" \/>\n<meta property=\"article:published_time\" content=\"2023-12-18T15:58:30+00:00\" \/>\n<meta property=\"og:image\" content=\"http:\/\/sulsc.com\/wp-content\/uploads\/2023\/12\/2-1.png\" \/>\n\t<meta property=\"og:image:width\" content=\"687\" \/>\n\t<meta property=\"og:image:height\" content=\"521\" \/>\n\t<meta property=\"og:image:type\" content=\"image\/png\" \/>\n<meta name=\"author\" content=\"Reda\u00e7\u00e3o Sul SC\" \/>\n<meta name=\"twitter:card\" content=\"summary_large_image\" \/>\n<meta name=\"twitter:creator\" content=\"@https:\/\/twitter.com\/PortalSulSC\" \/>\n<meta name=\"twitter:label1\" content=\"Written by\" \/>\n\t<meta name=\"twitter:data1\" content=\"Reda\u00e7\u00e3o Sul SC\" \/>\n\t<meta name=\"twitter:label2\" content=\"Est. reading time\" \/>\n\t<meta name=\"twitter:data2\" content=\"2 minutes\" \/>\n<script type=\"application\/ld+json\" class=\"yoast-schema-graph\">{\"@context\":\"https:\/\/schema.org\",\"@graph\":[{\"@type\":\"WebPage\",\"@id\":\"https:\/\/sulsc.com\/index.php\/2023\/12\/18\/r-446-mil-iniciada-construcao-de-quadra-coberta-em-garopaba-do-sul\/\",\"url\":\"https:\/\/sulsc.com\/index.php\/2023\/12\/18\/r-446-mil-iniciada-construcao-de-quadra-coberta-em-garopaba-do-sul\/\",\"name\":\"R$ 446 mil: Iniciada constru\u00e7\u00e3o de quadra coberta em Garopaba do Sul -\",\"isPartOf\":{\"@id\":\"https:\/\/sulsc.com\/#website\"},\"datePublished\":\"2023-12-18T15:58:30+00:00\",\"dateModified\":\"2023-12-18T15:58:30+00:00\",\"author\":{\"@id\":\"https:\/\/sulsc.com\/#\/schema\/person\/84d2fc571684f6248ba83092f07750a3\"},\"description\":\"Segundo a prefeitura, \u00e9 um momento especial e resultado do conv\u00eanio de R$ 382 mil com o governo federal, viabilizado pelo senador D\u00e1rio Berger, somado \u00e0 contrapartida municipal de R$ 64.258,23, totalizando um investimento de R$ 446.258,23.\",\"breadcrumb\":{\"@id\":\"https:\/\/sulsc.com\/index.php\/2023\/12\/18\/r-446-mil-iniciada-construcao-de-quadra-coberta-em-garopaba-do-sul\/#breadcrumb\"},\"inLanguage\":\"en-US\",\"potentialAction\":[{\"@type\":\"ReadAction\",\"target\":[\"https:\/\/sulsc.com\/index.php\/2023\/12\/18\/r-446-mil-iniciada-construcao-de-quadra-coberta-em-garopaba-do-sul\/\"]}]},{\"@type\":\"BreadcrumbList\",\"@id\":\"https:\/\/sulsc.com\/index.php\/2023\/12\/18\/r-446-mil-iniciada-construcao-de-quadra-coberta-em-garopaba-do-sul\/#breadcrumb\",\"itemListElement\":[{\"@type\":\"ListItem\",\"position\":1,\"name\":\"In\u00edcio\",\"item\":\"https:\/\/sulsc.com\/\"},{\"@type\":\"ListItem\",\"position\":2,\"name\":\"R$ 446 mil: Iniciada constru\u00e7\u00e3o de quadra coberta em Garopaba do Sul\"}]},{\"@type\":\"WebSite\",\"@id\":\"https:\/\/sulsc.com\/#website\",\"url\":\"https:\/\/sulsc.com\/\",\"name\":\"\",\"description\":\"\",\"potentialAction\":[{\"@type\":\"SearchAction\",\"target\":{\"@type\":\"EntryPoint\",\"urlTemplate\":\"https:\/\/sulsc.com\/?s={search_term_string}\"},\"query-input\":\"required name=search_term_string\"}],\"inLanguage\":\"en-US\"},{\"@type\":\"Person\",\"@id\":\"https:\/\/sulsc.com\/#\/schema\/person\/84d2fc571684f6248ba83092f07750a3\",\"name\":\"Reda\u00e7\u00e3o Sul SC\",\"image\":{\"@type\":\"ImageObject\",\"inLanguage\":\"en-US\",\"@id\":\"https:\/\/sulsc.com\/#\/schema\/person\/image\/e08d7fe2cc4ed596372063bbe852b8d0\",\"url\":\"https:\/\/sulsc.com\/wp-content\/uploads\/2023\/09\/redacao.png\",\"contentUrl\":\"https:\/\/sulsc.com\/wp-content\/uploads\/2023\/09\/redacao.png\",\"caption\":\"Reda\u00e7\u00e3o Sul SC\"},\"description\":\"Foco em um jornalismo imparcial, voltado \u00e0 qualidade dos seus conte\u00fados e, assim, levar informa\u00e7\u00e3o de valor que agregue \u00e0 vida dos leitores. Esta \u00e9 grande miss\u00e3o do Portal de Not\u00edcias Sul SC. N\u00e3o \u00e9 quantidade que muda o mundo, sempre foi e seguir\u00e1 sendo qualidade!\",\"sameAs\":[\"https:\/\/sulsc.com\/\",\"https:\/\/www.facebook.com\/profile.php?id=61559278119680\",\"https:\/\/www.instagram.com\/sulscportal\/?hl=pt-br\",\"https:\/\/twitter.com\/https:\/\/twitter.com\/PortalSulSC\",\"https:\/\/www.youtube.com\/channel\/UCv_BE8GeySluDov2n8qhVmw\"],\"url\":\"https:\/\/sulsc.com\/index.php\/author\/redacao\/\"}]}<\/script>\n<!-- \/ Yoast SEO plugin. -->","yoast_head_json":{"title":"R$ 446 mil: Iniciada constru\u00e7\u00e3o de quadra coberta em Garopaba do Sul -","description":"Segundo a prefeitura, \u00e9 um momento especial e resultado do conv\u00eanio de R$ 382 mil com o governo federal, viabilizado pelo senador D\u00e1rio Berger, somado \u00e0 contrapartida municipal de R$ 64.258,23, totalizando um investimento de R$ 446.258,23.","robots":{"index":"index","follow":"follow","max-snippet":"max-snippet:-1","max-image-preview":"max-image-preview:large","max-video-preview":"max-video-preview:-1"},"canonical":"https:\/\/sulsc.com\/index.php\/2023\/12\/18\/r-446-mil-iniciada-construcao-de-quadra-coberta-em-garopaba-do-sul\/","og_locale":"en_US","og_type":"article","og_title":"R$ 446 mil: Iniciada constru\u00e7\u00e3o de quadra coberta em Garopaba do Sul -","og_description":"Segundo a prefeitura, \u00e9 um momento especial e resultado do conv\u00eanio de R$ 382 mil com o governo federal, viabilizado pelo senador D\u00e1rio Berger, somado \u00e0 contrapartida municipal de R$ 64.258,23, totalizando um investimento de R$ 446.258,23.","og_url":"https:\/\/sulsc.com\/index.php\/2023\/12\/18\/r-446-mil-iniciada-construcao-de-quadra-coberta-em-garopaba-do-sul\/","article_author":"https:\/\/www.facebook.com\/profile.php?id=61559278119680","article_published_time":"2023-12-18T15:58:30+00:00","og_image":[{"width":687,"height":521,"url":"http:\/\/sulsc.com\/wp-content\/uploads\/2023\/12\/2-1.png","type":"image\/png"}],"author":"Reda\u00e7\u00e3o Sul SC","twitter_card":"summary_large_image","twitter_creator":"@https:\/\/twitter.com\/PortalSulSC","twitter_misc":{"Written by":"Reda\u00e7\u00e3o Sul SC","Est. reading time":"2 minutes"},"schema":{"@context":"https:\/\/schema.org","@graph":[{"@type":"WebPage","@id":"https:\/\/sulsc.com\/index.php\/2023\/12\/18\/r-446-mil-iniciada-construcao-de-quadra-coberta-em-garopaba-do-sul\/","url":"https:\/\/sulsc.com\/index.php\/2023\/12\/18\/r-446-mil-iniciada-construcao-de-quadra-coberta-em-garopaba-do-sul\/","name":"R$ 446 mil: Iniciada constru\u00e7\u00e3o de quadra coberta em Garopaba do Sul -","isPartOf":{"@id":"https:\/\/sulsc.com\/#website"},"datePublished":"2023-12-18T15:58:30+00:00","dateModified":"2023-12-18T15:58:30+00:00","author":{"@id":"https:\/\/sulsc.com\/#\/schema\/person\/84d2fc571684f6248ba83092f07750a3"},"description":"Segundo a prefeitura, \u00e9 um momento especial e resultado do conv\u00eanio de R$ 382 mil com o governo federal, viabilizado pelo senador D\u00e1rio Berger, somado \u00e0 contrapartida municipal de R$ 64.258,23, totalizando um investimento de R$ 446.258,23.","breadcrumb":{"@id":"https:\/\/sulsc.com\/index.php\/2023\/12\/18\/r-446-mil-iniciada-construcao-de-quadra-coberta-em-garopaba-do-sul\/#breadcrumb"},"inLanguage":"en-US","potentialAction":[{"@type":"ReadAction","target":["https:\/\/sulsc.com\/index.php\/2023\/12\/18\/r-446-mil-iniciada-construcao-de-quadra-coberta-em-garopaba-do-sul\/"]}]},{"@type":"BreadcrumbList","@id":"https:\/\/sulsc.com\/index.php\/2023\/12\/18\/r-446-mil-iniciada-construcao-de-quadra-coberta-em-garopaba-do-sul\/#breadcrumb","itemListElement":[{"@type":"ListItem","position":1,"name":"In\u00edcio","item":"https:\/\/sulsc.com\/"},{"@type":"ListItem","position":2,"name":"R$ 446 mil: Iniciada constru\u00e7\u00e3o de quadra coberta em Garopaba do Sul"}]},{"@type":"WebSite","@id":"https:\/\/sulsc.com\/#website","url":"https:\/\/sulsc.com\/","name":"","description":"","potentialAction":[{"@type":"SearchAction","target":{"@type":"EntryPoint","urlTemplate":"https:\/\/sulsc.com\/?s={search_term_string}"},"query-input":"required name=search_term_string"}],"inLanguage":"en-US"},{"@type":"Person","@id":"https:\/\/sulsc.com\/#\/schema\/person\/84d2fc571684f6248ba83092f07750a3","name":"Reda\u00e7\u00e3o Sul SC","image":{"@type":"ImageObject","inLanguage":"en-US","@id":"https:\/\/sulsc.com\/#\/schema\/person\/image\/e08d7fe2cc4ed596372063bbe852b8d0","url":"https:\/\/sulsc.com\/wp-content\/uploads\/2023\/09\/redacao.png","contentUrl":"https:\/\/sulsc.com\/wp-content\/uploads\/2023\/09\/redacao.png","caption":"Reda\u00e7\u00e3o Sul SC"},"description":"Foco em um jornalismo imparcial, voltado \u00e0 qualidade dos seus conte\u00fados e, assim, levar informa\u00e7\u00e3o de valor que agregue \u00e0 vida dos leitores. Esta \u00e9 grande miss\u00e3o do Portal de Not\u00edcias Sul SC. N\u00e3o \u00e9 quantidade que muda o mundo, sempre foi e seguir\u00e1 sendo qualidade!","sameAs":["https:\/\/sulsc.com\/","https:\/\/www.facebook.com\/profile.php?id=61559278119680","https:\/\/www.instagram.com\/sulscportal\/?hl=pt-br","https:\/\/twitter.com\/https:\/\/twitter.com\/PortalSulSC","https:\/\/www.youtube.com\/channel\/UCv_BE8GeySluDov2n8qhVmw"],"url":"https:\/\/sulsc.com\/index.php\/author\/redacao\/"}]}},"authors":[],"_links":{"self":[{"href":"https:\/\/sulsc.com\/index.php\/wp-json\/wp\/v2\/posts\/5390"}],"collection":[{"href":"https:\/\/sulsc.com\/index.php\/wp-json\/wp\/v2\/posts"}],"about":[{"href":"https:\/\/sulsc.com\/index.php\/wp-json\/wp\/v2\/types\/post"}],"author":[{"embeddable":true,"href":"https:\/\/sulsc.com\/index.php\/wp-json\/wp\/v2\/users\/3"}],"replies":[{"embeddable":true,"href":"https:\/\/sulsc.com\/index.php\/wp-json\/wp\/v2\/comments?post=5390"}],"version-history":[{"count":1,"href":"https:\/\/sulsc.com\/index.php\/wp-json\/wp\/v2\/posts\/5390\/revisions"}],"predecessor-version":[{"id":5392,"href":"https:\/\/sulsc.com\/index.php\/wp-json\/wp\/v2\/posts\/5390\/revisions\/5392"}],"wp:featuredmedia":[{"embeddable":true,"href":"https:\/\/sulsc.com\/index.php\/wp-json\/wp\/v2\/media\/5391"}],"wp:attachment":[{"href":"https:\/\/sulsc.com\/index.php\/wp-json\/wp\/v2\/media?parent=5390"}],"wp:term":[{"taxonomy":"category","embeddable":true,"href":"https:\/\/sulsc.com\/index.php\/wp-json\/wp\/v2\/categories?post=5390"},{"taxonomy":"post_tag","embeddable":true,"href":"https:\/\/sulsc.com\/index.php\/wp-json\/wp\/v2\/tags?post=5390"}],"curies":[{"name":"wp","href":"https:\/\/api.w.org\/{rel}","templated":true}]}}