{"id":5459,"date":"2023-12-19T12:41:40","date_gmt":"2023-12-19T15:41:40","guid":{"rendered":"https:\/\/sulsc.com\/?p=5459"},"modified":"2023-12-19T12:42:21","modified_gmt":"2023-12-19T15:42:21","slug":"amesc-marca-presenca-no-salao-nacional-de-turismo-em-brasilia","status":"publish","type":"post","link":"https:\/\/sulsc.com\/index.php\/2023\/12\/19\/amesc-marca-presenca-no-salao-nacional-de-turismo-em-brasilia\/","title":{"rendered":"Amesc marca presen\u00e7a no Sal\u00e3o Nacional de Turismo, em Bras\u00edlia"},"content":{"rendered":"<figure id=\"attachment_5463\" aria-describedby=\"caption-attachment-5463\" style=\"width: 1280px\" class=\"wp-caption aligncenter\"><img fetchpriority=\"high\" decoding=\"async\" class=\"size-full wp-image-5463\" src=\"http:\/\/sulsc.com\/wp-content\/uploads\/2023\/12\/8-3.jpg\" alt=\"\" width=\"1280\" height=\"960\" srcset=\"https:\/\/sulsc.com\/wp-content\/uploads\/2023\/12\/8-3.jpg 1280w, https:\/\/sulsc.com\/wp-content\/uploads\/2023\/12\/8-3-300x225.jpg 300w, https:\/\/sulsc.com\/wp-content\/uploads\/2023\/12\/8-3-1024x768.jpg 1024w, https:\/\/sulsc.com\/wp-content\/uploads\/2023\/12\/8-3-768x576.jpg 768w\" sizes=\"(max-width: 1280px) 100vw, 1280px\" \/><figcaption id=\"caption-attachment-5463\" class=\"wp-caption-text\">Foto: Amesc\/Sul SC<\/figcaption><\/figure>\n<p>A Associa\u00e7\u00e3o dos Munic\u00edpios do Extremo Sul Catarinense (Amesc) se destacou no Sal\u00e3o Nacional de Turismo, realizado entre sexta-feira (15) e domingo (17), em Bras\u00edlia. O encontro, que reuniu protagonistas do turismo brasileiro, proporcionou \u00e0 Amesc uma plataforma para promover os encantos da regi\u00e3o Caminho dos Canyons.<\/p>\n<p>O coordenador de Turismo da Associa\u00e7\u00e3o, Jorge Scandolara Jr., gestores municipais de turismo de Jacinto Machado e Praia Grande, al\u00e9m de empres\u00e1rios locais, representaram a regi\u00e3o no evento. Eles apresentaram a Georrota, uma inovadora iniciativa tur\u00edstica, fruto da colabora\u00e7\u00e3o entre o Sebrae e o Geoparque Mundial da Unesco Caminho dos C\u00e2nions do Sul.<\/p>\n<p>Scandolara enfatizou a relev\u00e2ncia da participa\u00e7\u00e3o no evento: &#8220;O Sal\u00e3o Nacional de Turismo foi uma vitrine excepcional para exibir a singularidade e beleza da Regi\u00e3o Caminho dos Canyons. Foi tamb\u00e9m uma celebra\u00e7\u00e3o do nosso envolvimento em importantes eventos de turismo nacionais e internacionais ao longo do ano. A rea\u00e7\u00e3o entusiasmada dos visitantes frente aos atrativos de nossa regi\u00e3o foi evidente&#8221;.<\/p>\n<p>A Coordena\u00e7\u00e3o de Turismo da Amesc tamb\u00e9m se envolveu em encontros t\u00e9cnicos, reuni\u00f5es com o F\u00f3rum Nacional de Secret\u00e1rios e Dirigentes Estaduais de Turismo (Fornatur), e participou do Semin\u00e1rio do Programa de Regionaliza\u00e7\u00e3o do Turismo. Um dos destaques foi o an\u00fancio do Minist\u00e9rio do Turismo, que disponibilizou cerca de R$ 2 bilh\u00f5es em emendas federais para financiar projetos do setor.<\/p>\n<p>Representantes dos 26 Estados e do Distrito Federal simboliza a retomada da maior vitrine do turismo nacional. &#8220;O Sal\u00e3o n\u00e3o apenas apresentou as pol\u00edticas p\u00fablicas em andamento, mas tamb\u00e9m enfatizou o papel vital do turismo como propulsor do desenvolvimento econ\u00f4mico e cultural&#8221;, emenda Jorge.<\/p>\n","protected":false},"excerpt":{"rendered":"<p>A Associa\u00e7\u00e3o dos Munic\u00edpios do Extremo Sul Catarinense (Amesc) se destacou no Sal\u00e3o Nacional de Turismo, realizado entre sexta-feira (15) e domingo (17), em Bras\u00edlia. O encontro, que reuniu protagonistas do turismo brasileiro, proporcionou \u00e0 Amesc uma plataforma para promover os encantos da regi\u00e3o Caminho dos Canyons. O coordenador de Turismo da Associa\u00e7\u00e3o, Jorge Scandolara &hellip;<\/p>\n<p class=\"read-more\"> <a class=\"\" href=\"https:\/\/sulsc.com\/index.php\/2023\/12\/19\/amesc-marca-presenca-no-salao-nacional-de-turismo-em-brasilia\/\"> <span class=\"screen-reader-text\">Amesc marca presen\u00e7a no Sal\u00e3o Nacional de Turismo, em Bras\u00edlia<\/span> Read More &raquo;<\/a><\/p>\n","protected":false},"author":3,"featured_media":5463,"comment_status":"open","ping_status":"open","sticky":false,"template":"","format":"standard","meta":{"site-sidebar-layout":"default","site-content-layout":"","ast-site-content-layout":"default","site-content-style":"default","site-sidebar-style":"default","ast-global-header-display":"","ast-banner-title-visibility":"","ast-main-header-display":"","ast-hfb-above-header-display":"","ast-hfb-below-header-display":"","ast-hfb-mobile-header-display":"","site-post-title":"","ast-breadcrumbs-content":"","ast-featured-img":"","footer-sml-layout":"","theme-transparent-header-meta":"default","adv-header-id-meta":"","stick-header-meta":"","header-above-stick-meta":"","header-main-stick-meta":"","header-below-stick-meta":"","astra-migrate-meta-layouts":"set","footnotes":""},"categories":[24],"tags":[434,435,94],"yoast_head":"<!-- This site is optimized with the Yoast SEO plugin v21.4 - https:\/\/yoast.com\/wordpress\/plugins\/seo\/ -->\n<title>Amesc marca presen\u00e7a no Sal\u00e3o Nacional de Turismo, em Bras\u00edlia -<\/title>\n<meta name=\"description\" content=\"Um dos destaques foi o an\u00fancio do Minist\u00e9rio do Turismo, que disponibilizou cerca de R$ 2 bilh\u00f5es em emendas federais para financiar projetos do setor.\" \/>\n<meta name=\"robots\" content=\"index, follow, max-snippet:-1, max-image-preview:large, max-video-preview:-1\" \/>\n<link rel=\"canonical\" href=\"https:\/\/sulsc.com\/index.php\/2023\/12\/19\/amesc-marca-presenca-no-salao-nacional-de-turismo-em-brasilia\/\" \/>\n<meta property=\"og:locale\" content=\"en_US\" \/>\n<meta property=\"og:type\" content=\"article\" \/>\n<meta property=\"og:title\" content=\"Amesc marca presen\u00e7a no Sal\u00e3o Nacional de Turismo, em Bras\u00edlia -\" \/>\n<meta property=\"og:description\" content=\"Um dos destaques foi o an\u00fancio do Minist\u00e9rio do Turismo, que disponibilizou cerca de R$ 2 bilh\u00f5es em emendas federais para financiar projetos do setor.\" \/>\n<meta property=\"og:url\" content=\"https:\/\/sulsc.com\/index.php\/2023\/12\/19\/amesc-marca-presenca-no-salao-nacional-de-turismo-em-brasilia\/\" \/>\n<meta property=\"article:author\" content=\"https:\/\/www.facebook.com\/profile.php?id=61559278119680\" \/>\n<meta property=\"article:published_time\" content=\"2023-12-19T15:41:40+00:00\" \/>\n<meta property=\"article:modified_time\" content=\"2023-12-19T15:42:21+00:00\" \/>\n<meta property=\"og:image\" content=\"http:\/\/sulsc.com\/wp-content\/uploads\/2023\/12\/8-3.jpg\" \/>\n\t<meta property=\"og:image:width\" content=\"1280\" \/>\n\t<meta property=\"og:image:height\" content=\"960\" \/>\n\t<meta property=\"og:image:type\" content=\"image\/jpeg\" \/>\n<meta name=\"author\" content=\"Reda\u00e7\u00e3o Sul SC\" \/>\n<meta name=\"twitter:card\" content=\"summary_large_image\" \/>\n<meta name=\"twitter:creator\" content=\"@https:\/\/twitter.com\/PortalSulSC\" \/>\n<meta name=\"twitter:label1\" content=\"Written by\" \/>\n\t<meta name=\"twitter:data1\" content=\"Reda\u00e7\u00e3o Sul SC\" \/>\n\t<meta name=\"twitter:label2\" content=\"Est. reading time\" \/>\n\t<meta name=\"twitter:data2\" content=\"2 minutes\" \/>\n<script type=\"application\/ld+json\" class=\"yoast-schema-graph\">{\"@context\":\"https:\/\/schema.org\",\"@graph\":[{\"@type\":\"WebPage\",\"@id\":\"https:\/\/sulsc.com\/index.php\/2023\/12\/19\/amesc-marca-presenca-no-salao-nacional-de-turismo-em-brasilia\/\",\"url\":\"https:\/\/sulsc.com\/index.php\/2023\/12\/19\/amesc-marca-presenca-no-salao-nacional-de-turismo-em-brasilia\/\",\"name\":\"Amesc marca presen\u00e7a no Sal\u00e3o Nacional de Turismo, em Bras\u00edlia -\",\"isPartOf\":{\"@id\":\"https:\/\/sulsc.com\/#website\"},\"datePublished\":\"2023-12-19T15:41:40+00:00\",\"dateModified\":\"2023-12-19T15:42:21+00:00\",\"author\":{\"@id\":\"https:\/\/sulsc.com\/#\/schema\/person\/84d2fc571684f6248ba83092f07750a3\"},\"description\":\"Um dos destaques foi o an\u00fancio do Minist\u00e9rio do Turismo, que disponibilizou cerca de R$ 2 bilh\u00f5es em emendas federais para financiar projetos do setor.\",\"breadcrumb\":{\"@id\":\"https:\/\/sulsc.com\/index.php\/2023\/12\/19\/amesc-marca-presenca-no-salao-nacional-de-turismo-em-brasilia\/#breadcrumb\"},\"inLanguage\":\"en-US\",\"potentialAction\":[{\"@type\":\"ReadAction\",\"target\":[\"https:\/\/sulsc.com\/index.php\/2023\/12\/19\/amesc-marca-presenca-no-salao-nacional-de-turismo-em-brasilia\/\"]}]},{\"@type\":\"BreadcrumbList\",\"@id\":\"https:\/\/sulsc.com\/index.php\/2023\/12\/19\/amesc-marca-presenca-no-salao-nacional-de-turismo-em-brasilia\/#breadcrumb\",\"itemListElement\":[{\"@type\":\"ListItem\",\"position\":1,\"name\":\"In\u00edcio\",\"item\":\"https:\/\/sulsc.com\/\"},{\"@type\":\"ListItem\",\"position\":2,\"name\":\"Amesc marca presen\u00e7a no Sal\u00e3o Nacional de Turismo, em Bras\u00edlia\"}]},{\"@type\":\"WebSite\",\"@id\":\"https:\/\/sulsc.com\/#website\",\"url\":\"https:\/\/sulsc.com\/\",\"name\":\"\",\"description\":\"\",\"potentialAction\":[{\"@type\":\"SearchAction\",\"target\":{\"@type\":\"EntryPoint\",\"urlTemplate\":\"https:\/\/sulsc.com\/?s={search_term_string}\"},\"query-input\":\"required name=search_term_string\"}],\"inLanguage\":\"en-US\"},{\"@type\":\"Person\",\"@id\":\"https:\/\/sulsc.com\/#\/schema\/person\/84d2fc571684f6248ba83092f07750a3\",\"name\":\"Reda\u00e7\u00e3o Sul SC\",\"image\":{\"@type\":\"ImageObject\",\"inLanguage\":\"en-US\",\"@id\":\"https:\/\/sulsc.com\/#\/schema\/person\/image\/e08d7fe2cc4ed596372063bbe852b8d0\",\"url\":\"https:\/\/sulsc.com\/wp-content\/uploads\/2023\/09\/redacao.png\",\"contentUrl\":\"https:\/\/sulsc.com\/wp-content\/uploads\/2023\/09\/redacao.png\",\"caption\":\"Reda\u00e7\u00e3o Sul SC\"},\"description\":\"Foco em um jornalismo imparcial, voltado \u00e0 qualidade dos seus conte\u00fados e, assim, levar informa\u00e7\u00e3o de valor que agregue \u00e0 vida dos leitores. Esta \u00e9 grande miss\u00e3o do Portal de Not\u00edcias Sul SC. N\u00e3o \u00e9 quantidade que muda o mundo, sempre foi e seguir\u00e1 sendo qualidade!\",\"sameAs\":[\"https:\/\/sulsc.com\/\",\"https:\/\/www.facebook.com\/profile.php?id=61559278119680\",\"https:\/\/www.instagram.com\/sulscportal\/?hl=pt-br\",\"https:\/\/twitter.com\/https:\/\/twitter.com\/PortalSulSC\",\"https:\/\/www.youtube.com\/channel\/UCv_BE8GeySluDov2n8qhVmw\"],\"url\":\"https:\/\/sulsc.com\/index.php\/author\/redacao\/\"}]}<\/script>\n<!-- \/ Yoast SEO plugin. -->","yoast_head_json":{"title":"Amesc marca presen\u00e7a no Sal\u00e3o Nacional de Turismo, em Bras\u00edlia -","description":"Um dos destaques foi o an\u00fancio do Minist\u00e9rio do Turismo, que disponibilizou cerca de R$ 2 bilh\u00f5es em emendas federais para financiar projetos do setor.","robots":{"index":"index","follow":"follow","max-snippet":"max-snippet:-1","max-image-preview":"max-image-preview:large","max-video-preview":"max-video-preview:-1"},"canonical":"https:\/\/sulsc.com\/index.php\/2023\/12\/19\/amesc-marca-presenca-no-salao-nacional-de-turismo-em-brasilia\/","og_locale":"en_US","og_type":"article","og_title":"Amesc marca presen\u00e7a no Sal\u00e3o Nacional de Turismo, em Bras\u00edlia -","og_description":"Um dos destaques foi o an\u00fancio do Minist\u00e9rio do Turismo, que disponibilizou cerca de R$ 2 bilh\u00f5es em emendas federais para financiar projetos do setor.","og_url":"https:\/\/sulsc.com\/index.php\/2023\/12\/19\/amesc-marca-presenca-no-salao-nacional-de-turismo-em-brasilia\/","article_author":"https:\/\/www.facebook.com\/profile.php?id=61559278119680","article_published_time":"2023-12-19T15:41:40+00:00","article_modified_time":"2023-12-19T15:42:21+00:00","og_image":[{"width":1280,"height":960,"url":"http:\/\/sulsc.com\/wp-content\/uploads\/2023\/12\/8-3.jpg","type":"image\/jpeg"}],"author":"Reda\u00e7\u00e3o Sul SC","twitter_card":"summary_large_image","twitter_creator":"@https:\/\/twitter.com\/PortalSulSC","twitter_misc":{"Written by":"Reda\u00e7\u00e3o Sul SC","Est. reading time":"2 minutes"},"schema":{"@context":"https:\/\/schema.org","@graph":[{"@type":"WebPage","@id":"https:\/\/sulsc.com\/index.php\/2023\/12\/19\/amesc-marca-presenca-no-salao-nacional-de-turismo-em-brasilia\/","url":"https:\/\/sulsc.com\/index.php\/2023\/12\/19\/amesc-marca-presenca-no-salao-nacional-de-turismo-em-brasilia\/","name":"Amesc marca presen\u00e7a no Sal\u00e3o Nacional de Turismo, em Bras\u00edlia -","isPartOf":{"@id":"https:\/\/sulsc.com\/#website"},"datePublished":"2023-12-19T15:41:40+00:00","dateModified":"2023-12-19T15:42:21+00:00","author":{"@id":"https:\/\/sulsc.com\/#\/schema\/person\/84d2fc571684f6248ba83092f07750a3"},"description":"Um dos destaques foi o an\u00fancio do Minist\u00e9rio do Turismo, que disponibilizou cerca de R$ 2 bilh\u00f5es em emendas federais para financiar projetos do setor.","breadcrumb":{"@id":"https:\/\/sulsc.com\/index.php\/2023\/12\/19\/amesc-marca-presenca-no-salao-nacional-de-turismo-em-brasilia\/#breadcrumb"},"inLanguage":"en-US","potentialAction":[{"@type":"ReadAction","target":["https:\/\/sulsc.com\/index.php\/2023\/12\/19\/amesc-marca-presenca-no-salao-nacional-de-turismo-em-brasilia\/"]}]},{"@type":"BreadcrumbList","@id":"https:\/\/sulsc.com\/index.php\/2023\/12\/19\/amesc-marca-presenca-no-salao-nacional-de-turismo-em-brasilia\/#breadcrumb","itemListElement":[{"@type":"ListItem","position":1,"name":"In\u00edcio","item":"https:\/\/sulsc.com\/"},{"@type":"ListItem","position":2,"name":"Amesc marca presen\u00e7a no Sal\u00e3o Nacional de Turismo, em Bras\u00edlia"}]},{"@type":"WebSite","@id":"https:\/\/sulsc.com\/#website","url":"https:\/\/sulsc.com\/","name":"","description":"","potentialAction":[{"@type":"SearchAction","target":{"@type":"EntryPoint","urlTemplate":"https:\/\/sulsc.com\/?s={search_term_string}"},"query-input":"required name=search_term_string"}],"inLanguage":"en-US"},{"@type":"Person","@id":"https:\/\/sulsc.com\/#\/schema\/person\/84d2fc571684f6248ba83092f07750a3","name":"Reda\u00e7\u00e3o Sul SC","image":{"@type":"ImageObject","inLanguage":"en-US","@id":"https:\/\/sulsc.com\/#\/schema\/person\/image\/e08d7fe2cc4ed596372063bbe852b8d0","url":"https:\/\/sulsc.com\/wp-content\/uploads\/2023\/09\/redacao.png","contentUrl":"https:\/\/sulsc.com\/wp-content\/uploads\/2023\/09\/redacao.png","caption":"Reda\u00e7\u00e3o Sul SC"},"description":"Foco em um jornalismo imparcial, voltado \u00e0 qualidade dos seus conte\u00fados e, assim, levar informa\u00e7\u00e3o de valor que agregue \u00e0 vida dos leitores. Esta \u00e9 grande miss\u00e3o do Portal de Not\u00edcias Sul SC. N\u00e3o \u00e9 quantidade que muda o mundo, sempre foi e seguir\u00e1 sendo qualidade!","sameAs":["https:\/\/sulsc.com\/","https:\/\/www.facebook.com\/profile.php?id=61559278119680","https:\/\/www.instagram.com\/sulscportal\/?hl=pt-br","https:\/\/twitter.com\/https:\/\/twitter.com\/PortalSulSC","https:\/\/www.youtube.com\/channel\/UCv_BE8GeySluDov2n8qhVmw"],"url":"https:\/\/sulsc.com\/index.php\/author\/redacao\/"}]}},"authors":[],"_links":{"self":[{"href":"https:\/\/sulsc.com\/index.php\/wp-json\/wp\/v2\/posts\/5459"}],"collection":[{"href":"https:\/\/sulsc.com\/index.php\/wp-json\/wp\/v2\/posts"}],"about":[{"href":"https:\/\/sulsc.com\/index.php\/wp-json\/wp\/v2\/types\/post"}],"author":[{"embeddable":true,"href":"https:\/\/sulsc.com\/index.php\/wp-json\/wp\/v2\/users\/3"}],"replies":[{"embeddable":true,"href":"https:\/\/sulsc.com\/index.php\/wp-json\/wp\/v2\/comments?post=5459"}],"version-history":[{"count":2,"href":"https:\/\/sulsc.com\/index.php\/wp-json\/wp\/v2\/posts\/5459\/revisions"}],"predecessor-version":[{"id":5465,"href":"https:\/\/sulsc.com\/index.php\/wp-json\/wp\/v2\/posts\/5459\/revisions\/5465"}],"wp:featuredmedia":[{"embeddable":true,"href":"https:\/\/sulsc.com\/index.php\/wp-json\/wp\/v2\/media\/5463"}],"wp:attachment":[{"href":"https:\/\/sulsc.com\/index.php\/wp-json\/wp\/v2\/media?parent=5459"}],"wp:term":[{"taxonomy":"category","embeddable":true,"href":"https:\/\/sulsc.com\/index.php\/wp-json\/wp\/v2\/categories?post=5459"},{"taxonomy":"post_tag","embeddable":true,"href":"https:\/\/sulsc.com\/index.php\/wp-json\/wp\/v2\/tags?post=5459"}],"curies":[{"name":"wp","href":"https:\/\/api.w.org\/{rel}","templated":true}]}}