{"id":5502,"date":"2023-12-20T07:20:53","date_gmt":"2023-12-20T10:20:53","guid":{"rendered":"https:\/\/sulsc.com\/?p=5502"},"modified":"2023-12-20T07:16:25","modified_gmt":"2023-12-20T10:16:25","slug":"suspeito-de-dois-roubos-ocorridos-no-final-da-manha-desta-terca-feira-19-e-preso-em-flagrante","status":"publish","type":"post","link":"https:\/\/sulsc.com\/index.php\/2023\/12\/20\/suspeito-de-dois-roubos-ocorridos-no-final-da-manha-desta-terca-feira-19-e-preso-em-flagrante\/","title":{"rendered":"Suspeito de dois roubos ocorridos no final da manh\u00e3 desta ter\u00e7a-feira (19) \u00e9 preso em flagrante"},"content":{"rendered":"<p><img fetchpriority=\"high\" decoding=\"async\" class=\"alignnone size-large wp-image-5503\" src=\"http:\/\/sulsc.com\/wp-content\/uploads\/2023\/12\/WhatsApp-Image-2023-12-20-at-06.26.46-576x1024.jpeg\" alt=\"\" width=\"576\" height=\"1024\" srcset=\"https:\/\/sulsc.com\/wp-content\/uploads\/2023\/12\/WhatsApp-Image-2023-12-20-at-06.26.46-576x1024.jpeg 576w, https:\/\/sulsc.com\/wp-content\/uploads\/2023\/12\/WhatsApp-Image-2023-12-20-at-06.26.46-169x300.jpeg 169w, https:\/\/sulsc.com\/wp-content\/uploads\/2023\/12\/WhatsApp-Image-2023-12-20-at-06.26.46-768x1366.jpeg 768w, https:\/\/sulsc.com\/wp-content\/uploads\/2023\/12\/WhatsApp-Image-2023-12-20-at-06.26.46-864x1536.jpeg 864w, https:\/\/sulsc.com\/wp-content\/uploads\/2023\/12\/WhatsApp-Image-2023-12-20-at-06.26.46.jpeg 899w\" sizes=\"(max-width: 576px) 100vw, 576px\" \/><\/p>\n<p>O suspeito de efetuar dois roubos no final da manh\u00e3 desta ter\u00e7a-feira (19) foi preso em flagrante pelos policiais civis da Delegacia de Pol\u00edcia do Munic\u00edpio de Sang\u00e3o. Eles tiveram o aux\u00edlio dos policiais civis da DPCo de Jaguaruna e efetuaram a a\u00e7\u00e3o tarde na tarde do mesmo dia. O homem seria respons\u00e1vel por dois roubos ocorridos em Sang\u00e3o, por volta das 12h.<\/p>\n<p>Primeiramente, o homem roubou uma farm\u00e1cia, tendo levado cerca de R$ 500,00 do estabelecimento, e demonstrado estar armado aos funcion\u00e1rios.\u00a0Logo ap\u00f3s, em raz\u00e3o da sua motocicleta ter estragado em via p\u00fablica, ele teria roubado uma motocicleta em via p\u00fablica, onde abordou a v\u00edtima na ponte da cidade de Sang\u00e3o.<\/p>\n<p>Um amigo da v\u00edtima presenciou o crime e perseguiu o suspeito, que fugiu para uma mata na \u00e1rea rural da cidade, nas proximidades do bairro Santa Polonia. Buscas foram feitas por algumas horas, com o aux\u00edlio dos policiais civis de Pescaria Brava, DIC de Tubar\u00e3o, Jaguaruna, SAER, e do Canil da Pol\u00edcia Civil, al\u00e9m do apoio da Pol\u00edcia Militar de toda regi\u00e3o.<\/p>\n<p>Os policiais militares, que colaboravam com as buscas na regi\u00e3o, informaram que um casal avistou o homem fugindo do local de mata, com o aux\u00edlio de um ve\u00edculo. Ent\u00e3o, as buscas pelo suspeito fora da mata tiveram continuidade.\u00a0No final da tarde, os policiais civis de Sang\u00e3o e Jaguaruna localizaram o suspeito em uma resid\u00eancia no bairro Morro Grande e mais uma vez o suspeito empreendeu fuga por um matagal.<\/p>\n<p>Desta vez o homem, de 30 anos ,foi preso a cerca de 300 metros do local inicialmente avistado. Al\u00e9m de admitir os crimes, com ele foram apreendidas drogas il\u00edcitas. Al\u00e9m disso, tamb\u00e9m \u00e9 investigado por outros dois assaltos ocorridos na cidade nos \u00faltimos dias. O auto de pris\u00e3o em flagrante foi lavrado pelos crimes de roubo e roubo majorado. Ele foi encaminhado ao Presidio de Tubar\u00e3o.<\/p>\n","protected":false},"excerpt":{"rendered":"<p>O suspeito de efetuar dois roubos no final da manh\u00e3 desta ter\u00e7a-feira (19) foi preso em flagrante pelos policiais civis da Delegacia de Pol\u00edcia do Munic\u00edpio de Sang\u00e3o. Eles tiveram o aux\u00edlio dos policiais civis da DPCo de Jaguaruna e efetuaram a a\u00e7\u00e3o tarde na tarde do mesmo dia. O homem seria respons\u00e1vel por dois &hellip;<\/p>\n<p class=\"read-more\"> <a class=\"\" href=\"https:\/\/sulsc.com\/index.php\/2023\/12\/20\/suspeito-de-dois-roubos-ocorridos-no-final-da-manha-desta-terca-feira-19-e-preso-em-flagrante\/\"> <span class=\"screen-reader-text\">Suspeito de dois roubos ocorridos no final da manh\u00e3 desta ter\u00e7a-feira (19) \u00e9 preso em flagrante<\/span> Read More &raquo;<\/a><\/p>\n","protected":false},"author":3,"featured_media":5503,"comment_status":"open","ping_status":"open","sticky":false,"template":"","format":"standard","meta":{"site-sidebar-layout":"default","site-content-layout":"","ast-site-content-layout":"default","site-content-style":"default","site-sidebar-style":"default","ast-global-header-display":"","ast-banner-title-visibility":"","ast-main-header-display":"","ast-hfb-above-header-display":"","ast-hfb-below-header-display":"","ast-hfb-mobile-header-display":"","site-post-title":"","ast-breadcrumbs-content":"","ast-featured-img":"","footer-sml-layout":"","theme-transparent-header-meta":"default","adv-header-id-meta":"","stick-header-meta":"","header-above-stick-meta":"","header-main-stick-meta":"","header-below-stick-meta":"","astra-migrate-meta-layouts":"set","footnotes":""},"categories":[8],"tags":[151,447,231,448],"yoast_head":"<!-- This site is optimized with the Yoast SEO plugin v21.4 - https:\/\/yoast.com\/wordpress\/plugins\/seo\/ -->\n<title>Suspeito de dois roubos ocorridos no final da manh\u00e3 desta ter\u00e7a-feira (19) \u00e9 preso em flagrante -<\/title>\n<meta name=\"description\" content=\"Ele tamb\u00e9m \u00e9 investigado por outros dois assaltos ocorridos na cidade nos \u00faltimos dias\" \/>\n<meta name=\"robots\" content=\"index, follow, max-snippet:-1, max-image-preview:large, max-video-preview:-1\" \/>\n<link rel=\"canonical\" href=\"https:\/\/sulsc.com\/index.php\/2023\/12\/20\/suspeito-de-dois-roubos-ocorridos-no-final-da-manha-desta-terca-feira-19-e-preso-em-flagrante\/\" \/>\n<meta property=\"og:locale\" content=\"en_US\" \/>\n<meta property=\"og:type\" content=\"article\" \/>\n<meta property=\"og:title\" content=\"Suspeito de dois roubos ocorridos no final da manh\u00e3 desta ter\u00e7a-feira (19) \u00e9 preso em flagrante -\" \/>\n<meta property=\"og:description\" content=\"Ele tamb\u00e9m \u00e9 investigado por outros dois assaltos ocorridos na cidade nos \u00faltimos dias\" \/>\n<meta property=\"og:url\" content=\"https:\/\/sulsc.com\/index.php\/2023\/12\/20\/suspeito-de-dois-roubos-ocorridos-no-final-da-manha-desta-terca-feira-19-e-preso-em-flagrante\/\" \/>\n<meta property=\"article:author\" content=\"https:\/\/www.facebook.com\/profile.php?id=61559278119680\" \/>\n<meta property=\"article:published_time\" content=\"2023-12-20T10:20:53+00:00\" \/>\n<meta property=\"article:modified_time\" content=\"2023-12-20T10:16:25+00:00\" \/>\n<meta property=\"og:image\" content=\"https:\/\/sulsc.com\/wp-content\/uploads\/2023\/12\/WhatsApp-Image-2023-12-20-at-06.26.46.jpeg\" \/>\n\t<meta property=\"og:image:width\" content=\"899\" \/>\n\t<meta property=\"og:image:height\" content=\"1599\" \/>\n\t<meta property=\"og:image:type\" content=\"image\/jpeg\" \/>\n<meta name=\"author\" content=\"Reda\u00e7\u00e3o Sul SC\" \/>\n<meta name=\"twitter:card\" content=\"summary_large_image\" \/>\n<meta name=\"twitter:creator\" content=\"@https:\/\/twitter.com\/PortalSulSC\" \/>\n<meta name=\"twitter:label1\" content=\"Written by\" \/>\n\t<meta name=\"twitter:data1\" content=\"Reda\u00e7\u00e3o Sul SC\" \/>\n\t<meta name=\"twitter:label2\" content=\"Est. reading time\" \/>\n\t<meta name=\"twitter:data2\" content=\"2 minutes\" \/>\n<script type=\"application\/ld+json\" class=\"yoast-schema-graph\">{\"@context\":\"https:\/\/schema.org\",\"@graph\":[{\"@type\":\"WebPage\",\"@id\":\"https:\/\/sulsc.com\/index.php\/2023\/12\/20\/suspeito-de-dois-roubos-ocorridos-no-final-da-manha-desta-terca-feira-19-e-preso-em-flagrante\/\",\"url\":\"https:\/\/sulsc.com\/index.php\/2023\/12\/20\/suspeito-de-dois-roubos-ocorridos-no-final-da-manha-desta-terca-feira-19-e-preso-em-flagrante\/\",\"name\":\"Suspeito de dois roubos ocorridos no final da manh\u00e3 desta ter\u00e7a-feira (19) \u00e9 preso em flagrante -\",\"isPartOf\":{\"@id\":\"https:\/\/sulsc.com\/#website\"},\"datePublished\":\"2023-12-20T10:20:53+00:00\",\"dateModified\":\"2023-12-20T10:16:25+00:00\",\"author\":{\"@id\":\"https:\/\/sulsc.com\/#\/schema\/person\/84d2fc571684f6248ba83092f07750a3\"},\"description\":\"Ele tamb\u00e9m \u00e9 investigado por outros dois assaltos ocorridos na cidade nos \u00faltimos dias\",\"breadcrumb\":{\"@id\":\"https:\/\/sulsc.com\/index.php\/2023\/12\/20\/suspeito-de-dois-roubos-ocorridos-no-final-da-manha-desta-terca-feira-19-e-preso-em-flagrante\/#breadcrumb\"},\"inLanguage\":\"en-US\",\"potentialAction\":[{\"@type\":\"ReadAction\",\"target\":[\"https:\/\/sulsc.com\/index.php\/2023\/12\/20\/suspeito-de-dois-roubos-ocorridos-no-final-da-manha-desta-terca-feira-19-e-preso-em-flagrante\/\"]}]},{\"@type\":\"BreadcrumbList\",\"@id\":\"https:\/\/sulsc.com\/index.php\/2023\/12\/20\/suspeito-de-dois-roubos-ocorridos-no-final-da-manha-desta-terca-feira-19-e-preso-em-flagrante\/#breadcrumb\",\"itemListElement\":[{\"@type\":\"ListItem\",\"position\":1,\"name\":\"In\u00edcio\",\"item\":\"https:\/\/sulsc.com\/\"},{\"@type\":\"ListItem\",\"position\":2,\"name\":\"Suspeito de dois roubos ocorridos no final da manh\u00e3 desta ter\u00e7a-feira (19) \u00e9 preso em flagrante\"}]},{\"@type\":\"WebSite\",\"@id\":\"https:\/\/sulsc.com\/#website\",\"url\":\"https:\/\/sulsc.com\/\",\"name\":\"\",\"description\":\"\",\"potentialAction\":[{\"@type\":\"SearchAction\",\"target\":{\"@type\":\"EntryPoint\",\"urlTemplate\":\"https:\/\/sulsc.com\/?s={search_term_string}\"},\"query-input\":\"required name=search_term_string\"}],\"inLanguage\":\"en-US\"},{\"@type\":\"Person\",\"@id\":\"https:\/\/sulsc.com\/#\/schema\/person\/84d2fc571684f6248ba83092f07750a3\",\"name\":\"Reda\u00e7\u00e3o Sul SC\",\"image\":{\"@type\":\"ImageObject\",\"inLanguage\":\"en-US\",\"@id\":\"https:\/\/sulsc.com\/#\/schema\/person\/image\/e08d7fe2cc4ed596372063bbe852b8d0\",\"url\":\"https:\/\/sulsc.com\/wp-content\/uploads\/2023\/09\/redacao.png\",\"contentUrl\":\"https:\/\/sulsc.com\/wp-content\/uploads\/2023\/09\/redacao.png\",\"caption\":\"Reda\u00e7\u00e3o Sul SC\"},\"description\":\"Foco em um jornalismo imparcial, voltado \u00e0 qualidade dos seus conte\u00fados e, assim, levar informa\u00e7\u00e3o de valor que agregue \u00e0 vida dos leitores. Esta \u00e9 grande miss\u00e3o do Portal de Not\u00edcias Sul SC. N\u00e3o \u00e9 quantidade que muda o mundo, sempre foi e seguir\u00e1 sendo qualidade!\",\"sameAs\":[\"https:\/\/sulsc.com\/\",\"https:\/\/www.facebook.com\/profile.php?id=61559278119680\",\"https:\/\/www.instagram.com\/sulscportal\/?hl=pt-br\",\"https:\/\/twitter.com\/https:\/\/twitter.com\/PortalSulSC\",\"https:\/\/www.youtube.com\/channel\/UCv_BE8GeySluDov2n8qhVmw\"],\"url\":\"https:\/\/sulsc.com\/index.php\/author\/redacao\/\"}]}<\/script>\n<!-- \/ Yoast SEO plugin. -->","yoast_head_json":{"title":"Suspeito de dois roubos ocorridos no final da manh\u00e3 desta ter\u00e7a-feira (19) \u00e9 preso em flagrante -","description":"Ele tamb\u00e9m \u00e9 investigado por outros dois assaltos ocorridos na cidade nos \u00faltimos dias","robots":{"index":"index","follow":"follow","max-snippet":"max-snippet:-1","max-image-preview":"max-image-preview:large","max-video-preview":"max-video-preview:-1"},"canonical":"https:\/\/sulsc.com\/index.php\/2023\/12\/20\/suspeito-de-dois-roubos-ocorridos-no-final-da-manha-desta-terca-feira-19-e-preso-em-flagrante\/","og_locale":"en_US","og_type":"article","og_title":"Suspeito de dois roubos ocorridos no final da manh\u00e3 desta ter\u00e7a-feira (19) \u00e9 preso em flagrante -","og_description":"Ele tamb\u00e9m \u00e9 investigado por outros dois assaltos ocorridos na cidade nos \u00faltimos dias","og_url":"https:\/\/sulsc.com\/index.php\/2023\/12\/20\/suspeito-de-dois-roubos-ocorridos-no-final-da-manha-desta-terca-feira-19-e-preso-em-flagrante\/","article_author":"https:\/\/www.facebook.com\/profile.php?id=61559278119680","article_published_time":"2023-12-20T10:20:53+00:00","article_modified_time":"2023-12-20T10:16:25+00:00","og_image":[{"width":899,"height":1599,"url":"https:\/\/sulsc.com\/wp-content\/uploads\/2023\/12\/WhatsApp-Image-2023-12-20-at-06.26.46.jpeg","type":"image\/jpeg"}],"author":"Reda\u00e7\u00e3o Sul SC","twitter_card":"summary_large_image","twitter_creator":"@https:\/\/twitter.com\/PortalSulSC","twitter_misc":{"Written by":"Reda\u00e7\u00e3o Sul SC","Est. reading time":"2 minutes"},"schema":{"@context":"https:\/\/schema.org","@graph":[{"@type":"WebPage","@id":"https:\/\/sulsc.com\/index.php\/2023\/12\/20\/suspeito-de-dois-roubos-ocorridos-no-final-da-manha-desta-terca-feira-19-e-preso-em-flagrante\/","url":"https:\/\/sulsc.com\/index.php\/2023\/12\/20\/suspeito-de-dois-roubos-ocorridos-no-final-da-manha-desta-terca-feira-19-e-preso-em-flagrante\/","name":"Suspeito de dois roubos ocorridos no final da manh\u00e3 desta ter\u00e7a-feira (19) \u00e9 preso em flagrante -","isPartOf":{"@id":"https:\/\/sulsc.com\/#website"},"datePublished":"2023-12-20T10:20:53+00:00","dateModified":"2023-12-20T10:16:25+00:00","author":{"@id":"https:\/\/sulsc.com\/#\/schema\/person\/84d2fc571684f6248ba83092f07750a3"},"description":"Ele tamb\u00e9m \u00e9 investigado por outros dois assaltos ocorridos na cidade nos \u00faltimos dias","breadcrumb":{"@id":"https:\/\/sulsc.com\/index.php\/2023\/12\/20\/suspeito-de-dois-roubos-ocorridos-no-final-da-manha-desta-terca-feira-19-e-preso-em-flagrante\/#breadcrumb"},"inLanguage":"en-US","potentialAction":[{"@type":"ReadAction","target":["https:\/\/sulsc.com\/index.php\/2023\/12\/20\/suspeito-de-dois-roubos-ocorridos-no-final-da-manha-desta-terca-feira-19-e-preso-em-flagrante\/"]}]},{"@type":"BreadcrumbList","@id":"https:\/\/sulsc.com\/index.php\/2023\/12\/20\/suspeito-de-dois-roubos-ocorridos-no-final-da-manha-desta-terca-feira-19-e-preso-em-flagrante\/#breadcrumb","itemListElement":[{"@type":"ListItem","position":1,"name":"In\u00edcio","item":"https:\/\/sulsc.com\/"},{"@type":"ListItem","position":2,"name":"Suspeito de dois roubos ocorridos no final da manh\u00e3 desta ter\u00e7a-feira (19) \u00e9 preso em flagrante"}]},{"@type":"WebSite","@id":"https:\/\/sulsc.com\/#website","url":"https:\/\/sulsc.com\/","name":"","description":"","potentialAction":[{"@type":"SearchAction","target":{"@type":"EntryPoint","urlTemplate":"https:\/\/sulsc.com\/?s={search_term_string}"},"query-input":"required name=search_term_string"}],"inLanguage":"en-US"},{"@type":"Person","@id":"https:\/\/sulsc.com\/#\/schema\/person\/84d2fc571684f6248ba83092f07750a3","name":"Reda\u00e7\u00e3o Sul SC","image":{"@type":"ImageObject","inLanguage":"en-US","@id":"https:\/\/sulsc.com\/#\/schema\/person\/image\/e08d7fe2cc4ed596372063bbe852b8d0","url":"https:\/\/sulsc.com\/wp-content\/uploads\/2023\/09\/redacao.png","contentUrl":"https:\/\/sulsc.com\/wp-content\/uploads\/2023\/09\/redacao.png","caption":"Reda\u00e7\u00e3o Sul SC"},"description":"Foco em um jornalismo imparcial, voltado \u00e0 qualidade dos seus conte\u00fados e, assim, levar informa\u00e7\u00e3o de valor que agregue \u00e0 vida dos leitores. Esta \u00e9 grande miss\u00e3o do Portal de Not\u00edcias Sul SC. N\u00e3o \u00e9 quantidade que muda o mundo, sempre foi e seguir\u00e1 sendo qualidade!","sameAs":["https:\/\/sulsc.com\/","https:\/\/www.facebook.com\/profile.php?id=61559278119680","https:\/\/www.instagram.com\/sulscportal\/?hl=pt-br","https:\/\/twitter.com\/https:\/\/twitter.com\/PortalSulSC","https:\/\/www.youtube.com\/channel\/UCv_BE8GeySluDov2n8qhVmw"],"url":"https:\/\/sulsc.com\/index.php\/author\/redacao\/"}]}},"authors":[],"_links":{"self":[{"href":"https:\/\/sulsc.com\/index.php\/wp-json\/wp\/v2\/posts\/5502"}],"collection":[{"href":"https:\/\/sulsc.com\/index.php\/wp-json\/wp\/v2\/posts"}],"about":[{"href":"https:\/\/sulsc.com\/index.php\/wp-json\/wp\/v2\/types\/post"}],"author":[{"embeddable":true,"href":"https:\/\/sulsc.com\/index.php\/wp-json\/wp\/v2\/users\/3"}],"replies":[{"embeddable":true,"href":"https:\/\/sulsc.com\/index.php\/wp-json\/wp\/v2\/comments?post=5502"}],"version-history":[{"count":1,"href":"https:\/\/sulsc.com\/index.php\/wp-json\/wp\/v2\/posts\/5502\/revisions"}],"predecessor-version":[{"id":5504,"href":"https:\/\/sulsc.com\/index.php\/wp-json\/wp\/v2\/posts\/5502\/revisions\/5504"}],"wp:featuredmedia":[{"embeddable":true,"href":"https:\/\/sulsc.com\/index.php\/wp-json\/wp\/v2\/media\/5503"}],"wp:attachment":[{"href":"https:\/\/sulsc.com\/index.php\/wp-json\/wp\/v2\/media?parent=5502"}],"wp:term":[{"taxonomy":"category","embeddable":true,"href":"https:\/\/sulsc.com\/index.php\/wp-json\/wp\/v2\/categories?post=5502"},{"taxonomy":"post_tag","embeddable":true,"href":"https:\/\/sulsc.com\/index.php\/wp-json\/wp\/v2\/tags?post=5502"}],"curies":[{"name":"wp","href":"https:\/\/api.w.org\/{rel}","templated":true}]}}