{"id":5582,"date":"2023-12-21T06:00:28","date_gmt":"2023-12-21T09:00:28","guid":{"rendered":"https:\/\/sulsc.com\/?p=5582"},"modified":"2023-12-21T06:04:00","modified_gmt":"2023-12-21T09:04:00","slug":"tempo-firme-para-esta-quinta-feira-21-em-sc","status":"publish","type":"post","link":"https:\/\/sulsc.com\/index.php\/2023\/12\/21\/tempo-firme-para-esta-quinta-feira-21-em-sc\/","title":{"rendered":"Tempo firme para esta quinta-feira (21), em SC"},"content":{"rendered":"<p><img fetchpriority=\"high\" decoding=\"async\" class=\"alignnone size-large wp-image-2957\" src=\"http:\/\/sulsc.com\/wp-content\/uploads\/2023\/10\/ceu-com-poucas-nuvens-1024x684.jpg\" alt=\"\" width=\"1024\" height=\"684\" srcset=\"https:\/\/sulsc.com\/wp-content\/uploads\/2023\/10\/ceu-com-poucas-nuvens-1024x684.jpg 1024w, https:\/\/sulsc.com\/wp-content\/uploads\/2023\/10\/ceu-com-poucas-nuvens-300x200.jpg 300w, https:\/\/sulsc.com\/wp-content\/uploads\/2023\/10\/ceu-com-poucas-nuvens-768x513.jpg 768w, https:\/\/sulsc.com\/wp-content\/uploads\/2023\/10\/ceu-com-poucas-nuvens-1536x1025.jpg 1536w, https:\/\/sulsc.com\/wp-content\/uploads\/2023\/10\/ceu-com-poucas-nuvens-2048x1367.jpg 2048w\" sizes=\"(max-width: 1024px) 100vw, 1024px\" \/><\/p>\n<p>A quinta-feira (21) ter\u00e1 predom\u00ednio de tempo firme com sol e varia\u00e7\u00e3o de nuvens na maior parte dos munic\u00edpios do estado. De acordo com a Defesa Civil, o dia come\u00e7a com a forma\u00e7\u00e3o de nevoeiros em algumas regi\u00f5es, que dissipam j\u00e1 nas primeiras horas da manh\u00e3.<\/p>\n<p>Entretanto, nos extremos do dia, ainda h\u00e1 chance de chuva fraca e isolada no litoral, Vale do Itaja\u00ed e proximidades e de pancadas de chuva esparsas e temporais muito isolados entre a tarde e \u00e0 noite entre o Grande Oeste, Litoral Sul e em \u00e1reas de divisa com o RS, com risco baixo para ocorr\u00eancias associadas. Os ventos variam de norte a leste com intensidade fraca a moderada e com rajadas pr\u00f3ximas dos 45 km\/h do Oeste aos planaltos entre a madrugada e manh\u00e3 e no Litoral Sul \u00e0 tarde.<\/p>\n<p>O dia amanhece com temperaturas entre 12 e 17\u00b0C entre os planaltos e Meio-Oeste e entre 17 e 23\u00b0C nas demais \u00e1reas. \u00c0 tarde, as temperaturas variam entre 30\u00b0C e 32\u00b0C no Extremo Oeste, Litoral Sul e Litoral Norte e de 26\u00b0C a 30\u00b0C nas demais \u00e1reas, com exce\u00e7\u00e3o das \u00e1reas serranas, onde ficam ainda menores. Mar pouco agitado com ondas de leste entre 1 e 1,8 m.<\/p>\n","protected":false},"excerpt":{"rendered":"<p>A quinta-feira (21) ter\u00e1 predom\u00ednio de tempo firme com sol e varia\u00e7\u00e3o de nuvens na maior parte dos munic\u00edpios do estado. De acordo com a Defesa Civil, o dia come\u00e7a com a forma\u00e7\u00e3o de nevoeiros em algumas regi\u00f5es, que dissipam j\u00e1 nas primeiras horas da manh\u00e3. Entretanto, nos extremos do dia, ainda h\u00e1 chance de &hellip;<\/p>\n<p class=\"read-more\"> <a class=\"\" href=\"https:\/\/sulsc.com\/index.php\/2023\/12\/21\/tempo-firme-para-esta-quinta-feira-21-em-sc\/\"> <span class=\"screen-reader-text\">Tempo firme para esta quinta-feira (21), em SC<\/span> Read More &raquo;<\/a><\/p>\n","protected":false},"author":3,"featured_media":2957,"comment_status":"open","ping_status":"open","sticky":false,"template":"","format":"standard","meta":{"site-sidebar-layout":"default","site-content-layout":"","ast-site-content-layout":"default","site-content-style":"default","site-sidebar-style":"default","ast-global-header-display":"","ast-banner-title-visibility":"","ast-main-header-display":"","ast-hfb-above-header-display":"","ast-hfb-below-header-display":"","ast-hfb-mobile-header-display":"","site-post-title":"","ast-breadcrumbs-content":"","ast-featured-img":"","footer-sml-layout":"","theme-transparent-header-meta":"default","adv-header-id-meta":"","stick-header-meta":"","header-above-stick-meta":"","header-main-stick-meta":"","header-below-stick-meta":"","astra-migrate-meta-layouts":"set","footnotes":""},"categories":[1],"tags":[90,80,89],"yoast_head":"<!-- This site is optimized with the Yoast SEO plugin v21.4 - https:\/\/yoast.com\/wordpress\/plugins\/seo\/ -->\n<title>Tempo firme para esta quinta-feira (21), em SC -<\/title>\n<meta name=\"description\" content=\"Ainda h\u00e1 chance de chuva fraca e isolada no litoral, Vale do Itaja\u00ed e proximidades\" \/>\n<meta name=\"robots\" content=\"index, follow, max-snippet:-1, max-image-preview:large, max-video-preview:-1\" \/>\n<link rel=\"canonical\" href=\"https:\/\/sulsc.com\/index.php\/2023\/12\/21\/tempo-firme-para-esta-quinta-feira-21-em-sc\/\" \/>\n<meta property=\"og:locale\" content=\"en_US\" \/>\n<meta property=\"og:type\" content=\"article\" \/>\n<meta property=\"og:title\" content=\"Tempo firme para esta quinta-feira (21), em SC -\" \/>\n<meta property=\"og:description\" content=\"Ainda h\u00e1 chance de chuva fraca e isolada no litoral, Vale do Itaja\u00ed e proximidades\" \/>\n<meta property=\"og:url\" content=\"https:\/\/sulsc.com\/index.php\/2023\/12\/21\/tempo-firme-para-esta-quinta-feira-21-em-sc\/\" \/>\n<meta property=\"article:author\" content=\"https:\/\/www.facebook.com\/profile.php?id=61559278119680\" \/>\n<meta property=\"article:published_time\" content=\"2023-12-21T09:00:28+00:00\" \/>\n<meta property=\"article:modified_time\" content=\"2023-12-21T09:04:00+00:00\" \/>\n<meta property=\"og:image\" content=\"http:\/\/sulsc.com\/wp-content\/uploads\/2023\/10\/ceu-com-poucas-nuvens-scaled.jpg\" \/>\n\t<meta property=\"og:image:width\" content=\"2560\" \/>\n\t<meta property=\"og:image:height\" content=\"1709\" \/>\n\t<meta property=\"og:image:type\" content=\"image\/jpeg\" \/>\n<meta name=\"author\" content=\"Reda\u00e7\u00e3o Sul SC\" \/>\n<meta name=\"twitter:card\" content=\"summary_large_image\" \/>\n<meta name=\"twitter:creator\" content=\"@https:\/\/twitter.com\/PortalSulSC\" \/>\n<meta name=\"twitter:label1\" content=\"Written by\" \/>\n\t<meta name=\"twitter:data1\" content=\"Reda\u00e7\u00e3o Sul SC\" \/>\n\t<meta name=\"twitter:label2\" content=\"Est. reading time\" \/>\n\t<meta name=\"twitter:data2\" content=\"2 minutes\" \/>\n<script type=\"application\/ld+json\" class=\"yoast-schema-graph\">{\"@context\":\"https:\/\/schema.org\",\"@graph\":[{\"@type\":\"WebPage\",\"@id\":\"https:\/\/sulsc.com\/index.php\/2023\/12\/21\/tempo-firme-para-esta-quinta-feira-21-em-sc\/\",\"url\":\"https:\/\/sulsc.com\/index.php\/2023\/12\/21\/tempo-firme-para-esta-quinta-feira-21-em-sc\/\",\"name\":\"Tempo firme para esta quinta-feira (21), em SC -\",\"isPartOf\":{\"@id\":\"https:\/\/sulsc.com\/#website\"},\"datePublished\":\"2023-12-21T09:00:28+00:00\",\"dateModified\":\"2023-12-21T09:04:00+00:00\",\"author\":{\"@id\":\"https:\/\/sulsc.com\/#\/schema\/person\/84d2fc571684f6248ba83092f07750a3\"},\"description\":\"Ainda h\u00e1 chance de chuva fraca e isolada no litoral, Vale do Itaja\u00ed e proximidades\",\"breadcrumb\":{\"@id\":\"https:\/\/sulsc.com\/index.php\/2023\/12\/21\/tempo-firme-para-esta-quinta-feira-21-em-sc\/#breadcrumb\"},\"inLanguage\":\"en-US\",\"potentialAction\":[{\"@type\":\"ReadAction\",\"target\":[\"https:\/\/sulsc.com\/index.php\/2023\/12\/21\/tempo-firme-para-esta-quinta-feira-21-em-sc\/\"]}]},{\"@type\":\"BreadcrumbList\",\"@id\":\"https:\/\/sulsc.com\/index.php\/2023\/12\/21\/tempo-firme-para-esta-quinta-feira-21-em-sc\/#breadcrumb\",\"itemListElement\":[{\"@type\":\"ListItem\",\"position\":1,\"name\":\"In\u00edcio\",\"item\":\"https:\/\/sulsc.com\/\"},{\"@type\":\"ListItem\",\"position\":2,\"name\":\"Tempo firme para esta quinta-feira (21), em SC\"}]},{\"@type\":\"WebSite\",\"@id\":\"https:\/\/sulsc.com\/#website\",\"url\":\"https:\/\/sulsc.com\/\",\"name\":\"\",\"description\":\"\",\"potentialAction\":[{\"@type\":\"SearchAction\",\"target\":{\"@type\":\"EntryPoint\",\"urlTemplate\":\"https:\/\/sulsc.com\/?s={search_term_string}\"},\"query-input\":\"required name=search_term_string\"}],\"inLanguage\":\"en-US\"},{\"@type\":\"Person\",\"@id\":\"https:\/\/sulsc.com\/#\/schema\/person\/84d2fc571684f6248ba83092f07750a3\",\"name\":\"Reda\u00e7\u00e3o Sul SC\",\"image\":{\"@type\":\"ImageObject\",\"inLanguage\":\"en-US\",\"@id\":\"https:\/\/sulsc.com\/#\/schema\/person\/image\/e08d7fe2cc4ed596372063bbe852b8d0\",\"url\":\"https:\/\/sulsc.com\/wp-content\/uploads\/2023\/09\/redacao.png\",\"contentUrl\":\"https:\/\/sulsc.com\/wp-content\/uploads\/2023\/09\/redacao.png\",\"caption\":\"Reda\u00e7\u00e3o Sul SC\"},\"description\":\"Foco em um jornalismo imparcial, voltado \u00e0 qualidade dos seus conte\u00fados e, assim, levar informa\u00e7\u00e3o de valor que agregue \u00e0 vida dos leitores. Esta \u00e9 grande miss\u00e3o do Portal de Not\u00edcias Sul SC. N\u00e3o \u00e9 quantidade que muda o mundo, sempre foi e seguir\u00e1 sendo qualidade!\",\"sameAs\":[\"https:\/\/sulsc.com\/\",\"https:\/\/www.facebook.com\/profile.php?id=61559278119680\",\"https:\/\/www.instagram.com\/sulscportal\/?hl=pt-br\",\"https:\/\/twitter.com\/https:\/\/twitter.com\/PortalSulSC\",\"https:\/\/www.youtube.com\/channel\/UCv_BE8GeySluDov2n8qhVmw\"],\"url\":\"https:\/\/sulsc.com\/index.php\/author\/redacao\/\"}]}<\/script>\n<!-- \/ Yoast SEO plugin. -->","yoast_head_json":{"title":"Tempo firme para esta quinta-feira (21), em SC -","description":"Ainda h\u00e1 chance de chuva fraca e isolada no litoral, Vale do Itaja\u00ed e proximidades","robots":{"index":"index","follow":"follow","max-snippet":"max-snippet:-1","max-image-preview":"max-image-preview:large","max-video-preview":"max-video-preview:-1"},"canonical":"https:\/\/sulsc.com\/index.php\/2023\/12\/21\/tempo-firme-para-esta-quinta-feira-21-em-sc\/","og_locale":"en_US","og_type":"article","og_title":"Tempo firme para esta quinta-feira (21), em SC -","og_description":"Ainda h\u00e1 chance de chuva fraca e isolada no litoral, Vale do Itaja\u00ed e proximidades","og_url":"https:\/\/sulsc.com\/index.php\/2023\/12\/21\/tempo-firme-para-esta-quinta-feira-21-em-sc\/","article_author":"https:\/\/www.facebook.com\/profile.php?id=61559278119680","article_published_time":"2023-12-21T09:00:28+00:00","article_modified_time":"2023-12-21T09:04:00+00:00","og_image":[{"width":2560,"height":1709,"url":"http:\/\/sulsc.com\/wp-content\/uploads\/2023\/10\/ceu-com-poucas-nuvens-scaled.jpg","type":"image\/jpeg"}],"author":"Reda\u00e7\u00e3o Sul SC","twitter_card":"summary_large_image","twitter_creator":"@https:\/\/twitter.com\/PortalSulSC","twitter_misc":{"Written by":"Reda\u00e7\u00e3o Sul SC","Est. reading time":"2 minutes"},"schema":{"@context":"https:\/\/schema.org","@graph":[{"@type":"WebPage","@id":"https:\/\/sulsc.com\/index.php\/2023\/12\/21\/tempo-firme-para-esta-quinta-feira-21-em-sc\/","url":"https:\/\/sulsc.com\/index.php\/2023\/12\/21\/tempo-firme-para-esta-quinta-feira-21-em-sc\/","name":"Tempo firme para esta quinta-feira (21), em SC -","isPartOf":{"@id":"https:\/\/sulsc.com\/#website"},"datePublished":"2023-12-21T09:00:28+00:00","dateModified":"2023-12-21T09:04:00+00:00","author":{"@id":"https:\/\/sulsc.com\/#\/schema\/person\/84d2fc571684f6248ba83092f07750a3"},"description":"Ainda h\u00e1 chance de chuva fraca e isolada no litoral, Vale do Itaja\u00ed e proximidades","breadcrumb":{"@id":"https:\/\/sulsc.com\/index.php\/2023\/12\/21\/tempo-firme-para-esta-quinta-feira-21-em-sc\/#breadcrumb"},"inLanguage":"en-US","potentialAction":[{"@type":"ReadAction","target":["https:\/\/sulsc.com\/index.php\/2023\/12\/21\/tempo-firme-para-esta-quinta-feira-21-em-sc\/"]}]},{"@type":"BreadcrumbList","@id":"https:\/\/sulsc.com\/index.php\/2023\/12\/21\/tempo-firme-para-esta-quinta-feira-21-em-sc\/#breadcrumb","itemListElement":[{"@type":"ListItem","position":1,"name":"In\u00edcio","item":"https:\/\/sulsc.com\/"},{"@type":"ListItem","position":2,"name":"Tempo firme para esta quinta-feira (21), em SC"}]},{"@type":"WebSite","@id":"https:\/\/sulsc.com\/#website","url":"https:\/\/sulsc.com\/","name":"","description":"","potentialAction":[{"@type":"SearchAction","target":{"@type":"EntryPoint","urlTemplate":"https:\/\/sulsc.com\/?s={search_term_string}"},"query-input":"required name=search_term_string"}],"inLanguage":"en-US"},{"@type":"Person","@id":"https:\/\/sulsc.com\/#\/schema\/person\/84d2fc571684f6248ba83092f07750a3","name":"Reda\u00e7\u00e3o Sul SC","image":{"@type":"ImageObject","inLanguage":"en-US","@id":"https:\/\/sulsc.com\/#\/schema\/person\/image\/e08d7fe2cc4ed596372063bbe852b8d0","url":"https:\/\/sulsc.com\/wp-content\/uploads\/2023\/09\/redacao.png","contentUrl":"https:\/\/sulsc.com\/wp-content\/uploads\/2023\/09\/redacao.png","caption":"Reda\u00e7\u00e3o Sul SC"},"description":"Foco em um jornalismo imparcial, voltado \u00e0 qualidade dos seus conte\u00fados e, assim, levar informa\u00e7\u00e3o de valor que agregue \u00e0 vida dos leitores. Esta \u00e9 grande miss\u00e3o do Portal de Not\u00edcias Sul SC. N\u00e3o \u00e9 quantidade que muda o mundo, sempre foi e seguir\u00e1 sendo qualidade!","sameAs":["https:\/\/sulsc.com\/","https:\/\/www.facebook.com\/profile.php?id=61559278119680","https:\/\/www.instagram.com\/sulscportal\/?hl=pt-br","https:\/\/twitter.com\/https:\/\/twitter.com\/PortalSulSC","https:\/\/www.youtube.com\/channel\/UCv_BE8GeySluDov2n8qhVmw"],"url":"https:\/\/sulsc.com\/index.php\/author\/redacao\/"}]}},"authors":[],"_links":{"self":[{"href":"https:\/\/sulsc.com\/index.php\/wp-json\/wp\/v2\/posts\/5582"}],"collection":[{"href":"https:\/\/sulsc.com\/index.php\/wp-json\/wp\/v2\/posts"}],"about":[{"href":"https:\/\/sulsc.com\/index.php\/wp-json\/wp\/v2\/types\/post"}],"author":[{"embeddable":true,"href":"https:\/\/sulsc.com\/index.php\/wp-json\/wp\/v2\/users\/3"}],"replies":[{"embeddable":true,"href":"https:\/\/sulsc.com\/index.php\/wp-json\/wp\/v2\/comments?post=5582"}],"version-history":[{"count":1,"href":"https:\/\/sulsc.com\/index.php\/wp-json\/wp\/v2\/posts\/5582\/revisions"}],"predecessor-version":[{"id":5583,"href":"https:\/\/sulsc.com\/index.php\/wp-json\/wp\/v2\/posts\/5582\/revisions\/5583"}],"wp:featuredmedia":[{"embeddable":true,"href":"https:\/\/sulsc.com\/index.php\/wp-json\/wp\/v2\/media\/2957"}],"wp:attachment":[{"href":"https:\/\/sulsc.com\/index.php\/wp-json\/wp\/v2\/media?parent=5582"}],"wp:term":[{"taxonomy":"category","embeddable":true,"href":"https:\/\/sulsc.com\/index.php\/wp-json\/wp\/v2\/categories?post=5582"},{"taxonomy":"post_tag","embeddable":true,"href":"https:\/\/sulsc.com\/index.php\/wp-json\/wp\/v2\/tags?post=5582"}],"curies":[{"name":"wp","href":"https:\/\/api.w.org\/{rel}","templated":true}]}}