{"id":5584,"date":"2023-12-21T10:00:30","date_gmt":"2023-12-21T13:00:30","guid":{"rendered":"https:\/\/sulsc.com\/?p=5584"},"modified":"2023-12-21T08:15:04","modified_gmt":"2023-12-21T11:15:04","slug":"operacao-especial-de-fim-de-ano-e-ferias-tera-inicio-nesta-sexta-feira-22","status":"publish","type":"post","link":"https:\/\/sulsc.com\/index.php\/2023\/12\/21\/operacao-especial-de-fim-de-ano-e-ferias-tera-inicio-nesta-sexta-feira-22\/","title":{"rendered":"Opera\u00e7\u00e3o especial de fim de ano e f\u00e9rias ter\u00e1 in\u00edcio nesta sexta-feira (22)"},"content":{"rendered":"<p>Entre 22 de dezembro e 2 de janeiro, uma opera\u00e7\u00e3o especial de orienta\u00e7\u00e3o e atendimento com campanha de seguran\u00e7a direcionada aos motoristas e passageiros\u00a0 ser\u00e1 realizada para aqueles que utilizar\u00e3o a BR-101sul\/SC durante os feriados de Natal e R\u00e9veillon e no per\u00edodo de f\u00e9rias escolares. A opera\u00e7\u00e3o contar\u00e1 com viaturas extras de atendimento, campanha de seguran\u00e7a com entrega de folhetos e mensagens educativas nos pain\u00e9is de mensagens vari\u00e1veis (PMVs).<\/p>\n<p>A expectativa da CCR ViaCosteira \u00e9 que cerca de 2 milh\u00f5es de ve\u00edculos trefeguem pelo trecho sul catarinense entre Paulo Lopes e Passo de Torres, pelos 220 quil\u00f4metros do trecho sul catarinense. Com as festas de final de ano e o per\u00edodo de f\u00e9rias escolares, a concessionaria realiza campanhas educativas direcionadas aos motoristas que v\u00e3o viajar com a fam\u00edlia e tamb\u00e9m \u00e0s comunidades localizadas nas proximidades da rodovia.<\/p>\n<p>Nas pra\u00e7as de ped\u00e1gio, ser\u00e3o distribu\u00eddos folhetos com alerta aos motoristas sobre a import\u00e2ncia de fazer a revis\u00e3o do ve\u00edculo para viajar e dicas de seguran\u00e7a. J\u00e1 comerciantes e moradores do entorno da BR101 receber\u00e3o, por meio das equipes de atendimento operacional, folhetos com orienta\u00e7\u00f5es sobre os riscos de misturar \u00e1lcool e dire\u00e7\u00e3o.<\/p>\n<p>\u201cO final de ano \u00e9 um per\u00edodo em que temos uma mudan\u00e7a no perfil dos usu\u00e1rios que trafegam pela rodovia. Com o objetivo de contribuir com a seguran\u00e7a dos motoristas e passageiros, sempre temos a preocupa\u00e7\u00e3o de realizar campanhas que envolvam os usu\u00e1rios\u201d, comentou Joelson Ferreira, gerente de Atendimento e Opera\u00e7\u00e3o da CCR ViaCosteira.<\/p>\n<p><img fetchpriority=\"high\" decoding=\"async\" class=\"alignnone size-large wp-image-5602\" src=\"http:\/\/sulsc.com\/wp-content\/uploads\/2023\/12\/BR-101-Sul-1-1024x654.jpeg\" alt=\"\" width=\"1024\" height=\"654\" srcset=\"https:\/\/sulsc.com\/wp-content\/uploads\/2023\/12\/BR-101-Sul-1-1024x654.jpeg 1024w, https:\/\/sulsc.com\/wp-content\/uploads\/2023\/12\/BR-101-Sul-1-300x192.jpeg 300w, https:\/\/sulsc.com\/wp-content\/uploads\/2023\/12\/BR-101-Sul-1-768x490.jpeg 768w, https:\/\/sulsc.com\/wp-content\/uploads\/2023\/12\/BR-101-Sul-1.jpeg 1500w\" sizes=\"(max-width: 1024px) 100vw, 1024px\" \/><\/p>\n<p><strong>Tr\u00e1fego final de ano<\/strong><\/p>\n<p>Para o feriado de Natal, a Concession\u00e1ria prev\u00ea um aumento no volume de tr\u00e1fego na rodovia entre os dias 22 e 23 de dezembro e, para o feriado de R\u00e9veillon, entre os dias 29 e 30 de dezembro, na rodovia. A expectativa \u00e9 que 780 mil ve\u00edculos trafeguem pelo trecho sul catarinense no feriado de Natal, entre sexta-feira e ter\u00e7a-feira (22 e 26), e 800 mil ve\u00edculos para o R\u00e9veillon, entre sexta e ter\u00e7a-feira (29 e 2).\u00a0A previs\u00e3o de sa\u00edda nos dois sentidos da rodovia \u00e9 de 300 mil ve\u00edculos para o feriado do Natal e de 320 mil ve\u00edculos para o R\u00e9veillon. Por isso \u00e9 importante planejar a viagem e evitar os hor\u00e1rios de pico.<\/p>\n<p>Natal<\/p>\n<p>Sexta-feira (22) Hor\u00e1rio de pico das 7h \u00e0s 18h<br \/>\nS\u00e1bado (23) Hor\u00e1rio de pico das 0h \u00e0s 11h<br \/>\nSegunda-feira (25) Hor\u00e1rio de pico das 9h \u00e0s 11h e 15h \u00e0s 19h<br \/>\nTer\u00e7a-feira (26) Hor\u00e1rio de pico das 8h \u00e0s 16h<\/p>\n<p>Ano Novo<\/p>\n<p>Sexta-feira (29) Hor\u00e1rio de pico das 8h \u00e0s 19h<br \/>\nDomingo (31) Hor\u00e1rio de pico das 15h \u00e0s 17h<br \/>\nSegunda-feira (1) Hor\u00e1rio de pico das 10h \u00e0s 20h<br \/>\nTer\u00e7a-feira (2) Hor\u00e1rio de pico das 7h \u00e0s 18h<\/p>\n<p><img decoding=\"async\" class=\"alignnone size-large wp-image-5601\" src=\"http:\/\/sulsc.com\/wp-content\/uploads\/2023\/12\/BR-101-Sul-3-1024x576.jpeg\" alt=\"\" width=\"1024\" height=\"576\" srcset=\"https:\/\/sulsc.com\/wp-content\/uploads\/2023\/12\/BR-101-Sul-3-1024x576.jpeg 1024w, https:\/\/sulsc.com\/wp-content\/uploads\/2023\/12\/BR-101-Sul-3-300x169.jpeg 300w, https:\/\/sulsc.com\/wp-content\/uploads\/2023\/12\/BR-101-Sul-3-768x432.jpeg 768w, https:\/\/sulsc.com\/wp-content\/uploads\/2023\/12\/BR-101-Sul-3-1536x864.jpeg 1536w, https:\/\/sulsc.com\/wp-content\/uploads\/2023\/12\/BR-101-Sul-3.jpeg 1600w\" sizes=\"(max-width: 1024px) 100vw, 1024px\" \/><\/p>\n<p><strong>Opera\u00e7\u00e3o Especial Fim de Ano<\/strong><\/p>\n<p>Para auxiliar os usu\u00e1rios durante a viagem, a BR-101sul\/SC ser\u00e1 inspecionada por mais de 14 viaturas e 100 profissionais. Entre eles, m\u00e9dicos, agentes de atendimento pr\u00e9-hospitalar e equipes de emerg\u00eancia, que estar\u00e3o 24 horas \u00e0 disposi\u00e7\u00e3o dos usu\u00e1rios, em regime de revezamento, distribu\u00eddos em 8 bases operacionais ao longo da rodovia.<\/p>\n<p>Durante os feriados de Natal e R\u00e9veillon, a CCR ViaCosteira colocar\u00e1 equipes extras da opera\u00e7\u00e3o em pontos estrat\u00e9gicos da rodovia, a fim de agilizar o atendimento nos dias com previs\u00e3o de maior volume de tr\u00e1fego, ou seja, na sa\u00edda e no retorno dos feriados.\u00a0Na sa\u00edda e no retorno dos feriados, tamb\u00e9m haver\u00e1 refor\u00e7o operacional nas pra\u00e7as de ped\u00e1gio com todas as cabines operando.\u00a0Para isso a concession\u00e1ria refor\u00e7a aos usu\u00e1rios que antes de seguir viagem, tenha aten\u00e7\u00e3o \u00e0s dicas de seguran\u00e7a:<\/p>\n<p>\u27a2 Use o cinto de seguran\u00e7a, inclusive no banco traseiro;<br \/>\n\u27a2 Se beber, n\u00e3o dirija;<br \/>\n\u27a2 N\u00e3o use o celular ao dirigir;<br \/>\n\u27a2 Respeite o limite de velocidade;<br \/>\n\u27a2 N\u00e3o trafegue pelo acostamento;<br \/>\n\u27a2 Fa\u00e7a ultrapassagem somente em locais seguros;<br \/>\n\u27a2 Sob chuva, reduza a velocidade e n\u00e3o pare sobre a faixa de rolamento;<br \/>\n\u27a2 Realize revis\u00e3o nos itens b\u00e1sicos de seu ve\u00edculo tais como: pneus (verifique o estepe), \u00e1gua, \u00f3leo, combust\u00edvel e ilumina\u00e7\u00e3o (revis\u00e3o geral nas l\u00e2mpadas).<\/p>\n","protected":false},"excerpt":{"rendered":"<p>Entre 22 de dezembro e 2 de janeiro, uma opera\u00e7\u00e3o especial de orienta\u00e7\u00e3o e atendimento com campanha de seguran\u00e7a direcionada aos motoristas e passageiros\u00a0 ser\u00e1 realizada para aqueles que utilizar\u00e3o a BR-101sul\/SC durante os feriados de Natal e R\u00e9veillon e no per\u00edodo de f\u00e9rias escolares. A opera\u00e7\u00e3o contar\u00e1 com viaturas extras de atendimento, campanha de &hellip;<\/p>\n<p class=\"read-more\"> <a class=\"\" href=\"https:\/\/sulsc.com\/index.php\/2023\/12\/21\/operacao-especial-de-fim-de-ano-e-ferias-tera-inicio-nesta-sexta-feira-22\/\"> <span class=\"screen-reader-text\">Opera\u00e7\u00e3o especial de fim de ano e f\u00e9rias ter\u00e1 in\u00edcio nesta sexta-feira (22)<\/span> Read More &raquo;<\/a><\/p>\n","protected":false},"author":3,"featured_media":5600,"comment_status":"open","ping_status":"open","sticky":false,"template":"","format":"standard","meta":{"site-sidebar-layout":"default","site-content-layout":"","ast-site-content-layout":"default","site-content-style":"default","site-sidebar-style":"default","ast-global-header-display":"","ast-banner-title-visibility":"","ast-main-header-display":"","ast-hfb-above-header-display":"","ast-hfb-below-header-display":"","ast-hfb-mobile-header-display":"","site-post-title":"","ast-breadcrumbs-content":"","ast-featured-img":"","footer-sml-layout":"","theme-transparent-header-meta":"default","adv-header-id-meta":"","stick-header-meta":"","header-above-stick-meta":"","header-main-stick-meta":"","header-below-stick-meta":"","astra-migrate-meta-layouts":"set","footnotes":""},"categories":[1],"tags":[],"yoast_head":"<!-- This site is optimized with the Yoast SEO plugin v21.4 - https:\/\/yoast.com\/wordpress\/plugins\/seo\/ -->\n<title>Opera\u00e7\u00e3o especial de fim de ano e f\u00e9rias ter\u00e1 in\u00edcio nesta sexta-feira (22) -<\/title>\n<meta name=\"description\" content=\"Tr\u00e1fego na BR-101sul\/SC deve aumentar a partir de sexta-feira (22); folhetos sobre import\u00e2ncia de fazer a revis\u00e3o do ve\u00edculo ser\u00e1 distribuido\" \/>\n<meta name=\"robots\" content=\"index, follow, max-snippet:-1, max-image-preview:large, max-video-preview:-1\" \/>\n<link rel=\"canonical\" href=\"https:\/\/sulsc.com\/index.php\/2023\/12\/21\/operacao-especial-de-fim-de-ano-e-ferias-tera-inicio-nesta-sexta-feira-22\/\" \/>\n<meta property=\"og:locale\" content=\"en_US\" \/>\n<meta property=\"og:type\" content=\"article\" \/>\n<meta property=\"og:title\" content=\"Opera\u00e7\u00e3o especial de fim de ano e f\u00e9rias ter\u00e1 in\u00edcio nesta sexta-feira (22) -\" \/>\n<meta property=\"og:description\" content=\"Tr\u00e1fego na BR-101sul\/SC deve aumentar a partir de sexta-feira (22); folhetos sobre import\u00e2ncia de fazer a revis\u00e3o do ve\u00edculo ser\u00e1 distribuido\" \/>\n<meta property=\"og:url\" content=\"https:\/\/sulsc.com\/index.php\/2023\/12\/21\/operacao-especial-de-fim-de-ano-e-ferias-tera-inicio-nesta-sexta-feira-22\/\" \/>\n<meta property=\"article:author\" content=\"https:\/\/www.facebook.com\/profile.php?id=61559278119680\" \/>\n<meta property=\"article:published_time\" content=\"2023-12-21T13:00:30+00:00\" \/>\n<meta property=\"article:modified_time\" content=\"2023-12-21T11:15:04+00:00\" \/>\n<meta property=\"og:image\" content=\"https:\/\/sulsc.com\/wp-content\/uploads\/2023\/12\/BR-101-Sul-2.jpeg\" \/>\n\t<meta property=\"og:image:width\" content=\"900\" \/>\n\t<meta property=\"og:image:height\" content=\"705\" \/>\n\t<meta property=\"og:image:type\" content=\"image\/jpeg\" \/>\n<meta name=\"author\" content=\"Reda\u00e7\u00e3o Sul SC\" \/>\n<meta name=\"twitter:card\" content=\"summary_large_image\" \/>\n<meta name=\"twitter:creator\" content=\"@https:\/\/twitter.com\/PortalSulSC\" \/>\n<meta name=\"twitter:label1\" content=\"Written by\" \/>\n\t<meta name=\"twitter:data1\" content=\"Reda\u00e7\u00e3o Sul SC\" \/>\n\t<meta name=\"twitter:label2\" content=\"Est. reading time\" \/>\n\t<meta name=\"twitter:data2\" content=\"5 minutes\" \/>\n<script type=\"application\/ld+json\" class=\"yoast-schema-graph\">{\"@context\":\"https:\/\/schema.org\",\"@graph\":[{\"@type\":\"WebPage\",\"@id\":\"https:\/\/sulsc.com\/index.php\/2023\/12\/21\/operacao-especial-de-fim-de-ano-e-ferias-tera-inicio-nesta-sexta-feira-22\/\",\"url\":\"https:\/\/sulsc.com\/index.php\/2023\/12\/21\/operacao-especial-de-fim-de-ano-e-ferias-tera-inicio-nesta-sexta-feira-22\/\",\"name\":\"Opera\u00e7\u00e3o especial de fim de ano e f\u00e9rias ter\u00e1 in\u00edcio nesta sexta-feira (22) -\",\"isPartOf\":{\"@id\":\"https:\/\/sulsc.com\/#website\"},\"datePublished\":\"2023-12-21T13:00:30+00:00\",\"dateModified\":\"2023-12-21T11:15:04+00:00\",\"author\":{\"@id\":\"https:\/\/sulsc.com\/#\/schema\/person\/84d2fc571684f6248ba83092f07750a3\"},\"description\":\"Tr\u00e1fego na BR-101sul\/SC deve aumentar a partir de sexta-feira (22); folhetos sobre import\u00e2ncia de fazer a revis\u00e3o do ve\u00edculo ser\u00e1 distribuido\",\"breadcrumb\":{\"@id\":\"https:\/\/sulsc.com\/index.php\/2023\/12\/21\/operacao-especial-de-fim-de-ano-e-ferias-tera-inicio-nesta-sexta-feira-22\/#breadcrumb\"},\"inLanguage\":\"en-US\",\"potentialAction\":[{\"@type\":\"ReadAction\",\"target\":[\"https:\/\/sulsc.com\/index.php\/2023\/12\/21\/operacao-especial-de-fim-de-ano-e-ferias-tera-inicio-nesta-sexta-feira-22\/\"]}]},{\"@type\":\"BreadcrumbList\",\"@id\":\"https:\/\/sulsc.com\/index.php\/2023\/12\/21\/operacao-especial-de-fim-de-ano-e-ferias-tera-inicio-nesta-sexta-feira-22\/#breadcrumb\",\"itemListElement\":[{\"@type\":\"ListItem\",\"position\":1,\"name\":\"In\u00edcio\",\"item\":\"https:\/\/sulsc.com\/\"},{\"@type\":\"ListItem\",\"position\":2,\"name\":\"Opera\u00e7\u00e3o especial de fim de ano e f\u00e9rias ter\u00e1 in\u00edcio nesta sexta-feira (22)\"}]},{\"@type\":\"WebSite\",\"@id\":\"https:\/\/sulsc.com\/#website\",\"url\":\"https:\/\/sulsc.com\/\",\"name\":\"\",\"description\":\"\",\"potentialAction\":[{\"@type\":\"SearchAction\",\"target\":{\"@type\":\"EntryPoint\",\"urlTemplate\":\"https:\/\/sulsc.com\/?s={search_term_string}\"},\"query-input\":\"required name=search_term_string\"}],\"inLanguage\":\"en-US\"},{\"@type\":\"Person\",\"@id\":\"https:\/\/sulsc.com\/#\/schema\/person\/84d2fc571684f6248ba83092f07750a3\",\"name\":\"Reda\u00e7\u00e3o Sul SC\",\"image\":{\"@type\":\"ImageObject\",\"inLanguage\":\"en-US\",\"@id\":\"https:\/\/sulsc.com\/#\/schema\/person\/image\/e08d7fe2cc4ed596372063bbe852b8d0\",\"url\":\"https:\/\/sulsc.com\/wp-content\/uploads\/2023\/09\/redacao.png\",\"contentUrl\":\"https:\/\/sulsc.com\/wp-content\/uploads\/2023\/09\/redacao.png\",\"caption\":\"Reda\u00e7\u00e3o Sul SC\"},\"description\":\"Foco em um jornalismo imparcial, voltado \u00e0 qualidade dos seus conte\u00fados e, assim, levar informa\u00e7\u00e3o de valor que agregue \u00e0 vida dos leitores. Esta \u00e9 grande miss\u00e3o do Portal de Not\u00edcias Sul SC. N\u00e3o \u00e9 quantidade que muda o mundo, sempre foi e seguir\u00e1 sendo qualidade!\",\"sameAs\":[\"https:\/\/sulsc.com\/\",\"https:\/\/www.facebook.com\/profile.php?id=61559278119680\",\"https:\/\/www.instagram.com\/sulscportal\/?hl=pt-br\",\"https:\/\/twitter.com\/https:\/\/twitter.com\/PortalSulSC\",\"https:\/\/www.youtube.com\/channel\/UCv_BE8GeySluDov2n8qhVmw\"],\"url\":\"https:\/\/sulsc.com\/index.php\/author\/redacao\/\"}]}<\/script>\n<!-- \/ Yoast SEO plugin. -->","yoast_head_json":{"title":"Opera\u00e7\u00e3o especial de fim de ano e f\u00e9rias ter\u00e1 in\u00edcio nesta sexta-feira (22) -","description":"Tr\u00e1fego na BR-101sul\/SC deve aumentar a partir de sexta-feira (22); folhetos sobre import\u00e2ncia de fazer a revis\u00e3o do ve\u00edculo ser\u00e1 distribuido","robots":{"index":"index","follow":"follow","max-snippet":"max-snippet:-1","max-image-preview":"max-image-preview:large","max-video-preview":"max-video-preview:-1"},"canonical":"https:\/\/sulsc.com\/index.php\/2023\/12\/21\/operacao-especial-de-fim-de-ano-e-ferias-tera-inicio-nesta-sexta-feira-22\/","og_locale":"en_US","og_type":"article","og_title":"Opera\u00e7\u00e3o especial de fim de ano e f\u00e9rias ter\u00e1 in\u00edcio nesta sexta-feira (22) -","og_description":"Tr\u00e1fego na BR-101sul\/SC deve aumentar a partir de sexta-feira (22); folhetos sobre import\u00e2ncia de fazer a revis\u00e3o do ve\u00edculo ser\u00e1 distribuido","og_url":"https:\/\/sulsc.com\/index.php\/2023\/12\/21\/operacao-especial-de-fim-de-ano-e-ferias-tera-inicio-nesta-sexta-feira-22\/","article_author":"https:\/\/www.facebook.com\/profile.php?id=61559278119680","article_published_time":"2023-12-21T13:00:30+00:00","article_modified_time":"2023-12-21T11:15:04+00:00","og_image":[{"width":900,"height":705,"url":"https:\/\/sulsc.com\/wp-content\/uploads\/2023\/12\/BR-101-Sul-2.jpeg","type":"image\/jpeg"}],"author":"Reda\u00e7\u00e3o Sul SC","twitter_card":"summary_large_image","twitter_creator":"@https:\/\/twitter.com\/PortalSulSC","twitter_misc":{"Written by":"Reda\u00e7\u00e3o Sul SC","Est. reading time":"5 minutes"},"schema":{"@context":"https:\/\/schema.org","@graph":[{"@type":"WebPage","@id":"https:\/\/sulsc.com\/index.php\/2023\/12\/21\/operacao-especial-de-fim-de-ano-e-ferias-tera-inicio-nesta-sexta-feira-22\/","url":"https:\/\/sulsc.com\/index.php\/2023\/12\/21\/operacao-especial-de-fim-de-ano-e-ferias-tera-inicio-nesta-sexta-feira-22\/","name":"Opera\u00e7\u00e3o especial de fim de ano e f\u00e9rias ter\u00e1 in\u00edcio nesta sexta-feira (22) -","isPartOf":{"@id":"https:\/\/sulsc.com\/#website"},"datePublished":"2023-12-21T13:00:30+00:00","dateModified":"2023-12-21T11:15:04+00:00","author":{"@id":"https:\/\/sulsc.com\/#\/schema\/person\/84d2fc571684f6248ba83092f07750a3"},"description":"Tr\u00e1fego na BR-101sul\/SC deve aumentar a partir de sexta-feira (22); folhetos sobre import\u00e2ncia de fazer a revis\u00e3o do ve\u00edculo ser\u00e1 distribuido","breadcrumb":{"@id":"https:\/\/sulsc.com\/index.php\/2023\/12\/21\/operacao-especial-de-fim-de-ano-e-ferias-tera-inicio-nesta-sexta-feira-22\/#breadcrumb"},"inLanguage":"en-US","potentialAction":[{"@type":"ReadAction","target":["https:\/\/sulsc.com\/index.php\/2023\/12\/21\/operacao-especial-de-fim-de-ano-e-ferias-tera-inicio-nesta-sexta-feira-22\/"]}]},{"@type":"BreadcrumbList","@id":"https:\/\/sulsc.com\/index.php\/2023\/12\/21\/operacao-especial-de-fim-de-ano-e-ferias-tera-inicio-nesta-sexta-feira-22\/#breadcrumb","itemListElement":[{"@type":"ListItem","position":1,"name":"In\u00edcio","item":"https:\/\/sulsc.com\/"},{"@type":"ListItem","position":2,"name":"Opera\u00e7\u00e3o especial de fim de ano e f\u00e9rias ter\u00e1 in\u00edcio nesta sexta-feira (22)"}]},{"@type":"WebSite","@id":"https:\/\/sulsc.com\/#website","url":"https:\/\/sulsc.com\/","name":"","description":"","potentialAction":[{"@type":"SearchAction","target":{"@type":"EntryPoint","urlTemplate":"https:\/\/sulsc.com\/?s={search_term_string}"},"query-input":"required name=search_term_string"}],"inLanguage":"en-US"},{"@type":"Person","@id":"https:\/\/sulsc.com\/#\/schema\/person\/84d2fc571684f6248ba83092f07750a3","name":"Reda\u00e7\u00e3o Sul SC","image":{"@type":"ImageObject","inLanguage":"en-US","@id":"https:\/\/sulsc.com\/#\/schema\/person\/image\/e08d7fe2cc4ed596372063bbe852b8d0","url":"https:\/\/sulsc.com\/wp-content\/uploads\/2023\/09\/redacao.png","contentUrl":"https:\/\/sulsc.com\/wp-content\/uploads\/2023\/09\/redacao.png","caption":"Reda\u00e7\u00e3o Sul SC"},"description":"Foco em um jornalismo imparcial, voltado \u00e0 qualidade dos seus conte\u00fados e, assim, levar informa\u00e7\u00e3o de valor que agregue \u00e0 vida dos leitores. Esta \u00e9 grande miss\u00e3o do Portal de Not\u00edcias Sul SC. N\u00e3o \u00e9 quantidade que muda o mundo, sempre foi e seguir\u00e1 sendo qualidade!","sameAs":["https:\/\/sulsc.com\/","https:\/\/www.facebook.com\/profile.php?id=61559278119680","https:\/\/www.instagram.com\/sulscportal\/?hl=pt-br","https:\/\/twitter.com\/https:\/\/twitter.com\/PortalSulSC","https:\/\/www.youtube.com\/channel\/UCv_BE8GeySluDov2n8qhVmw"],"url":"https:\/\/sulsc.com\/index.php\/author\/redacao\/"}]}},"authors":[],"_links":{"self":[{"href":"https:\/\/sulsc.com\/index.php\/wp-json\/wp\/v2\/posts\/5584"}],"collection":[{"href":"https:\/\/sulsc.com\/index.php\/wp-json\/wp\/v2\/posts"}],"about":[{"href":"https:\/\/sulsc.com\/index.php\/wp-json\/wp\/v2\/types\/post"}],"author":[{"embeddable":true,"href":"https:\/\/sulsc.com\/index.php\/wp-json\/wp\/v2\/users\/3"}],"replies":[{"embeddable":true,"href":"https:\/\/sulsc.com\/index.php\/wp-json\/wp\/v2\/comments?post=5584"}],"version-history":[{"count":2,"href":"https:\/\/sulsc.com\/index.php\/wp-json\/wp\/v2\/posts\/5584\/revisions"}],"predecessor-version":[{"id":5603,"href":"https:\/\/sulsc.com\/index.php\/wp-json\/wp\/v2\/posts\/5584\/revisions\/5603"}],"wp:featuredmedia":[{"embeddable":true,"href":"https:\/\/sulsc.com\/index.php\/wp-json\/wp\/v2\/media\/5600"}],"wp:attachment":[{"href":"https:\/\/sulsc.com\/index.php\/wp-json\/wp\/v2\/media?parent=5584"}],"wp:term":[{"taxonomy":"category","embeddable":true,"href":"https:\/\/sulsc.com\/index.php\/wp-json\/wp\/v2\/categories?post=5584"},{"taxonomy":"post_tag","embeddable":true,"href":"https:\/\/sulsc.com\/index.php\/wp-json\/wp\/v2\/tags?post=5584"}],"curies":[{"name":"wp","href":"https:\/\/api.w.org\/{rel}","templated":true}]}}