{"id":5624,"date":"2023-12-21T14:00:37","date_gmt":"2023-12-21T17:00:37","guid":{"rendered":"https:\/\/sulsc.com\/?p=5624"},"modified":"2023-12-21T13:12:21","modified_gmt":"2023-12-21T16:12:21","slug":"concessionaria-reforca-cuidado-para-uso-consciente-da-agua-no-verao","status":"publish","type":"post","link":"https:\/\/sulsc.com\/index.php\/2023\/12\/21\/concessionaria-reforca-cuidado-para-uso-consciente-da-agua-no-verao\/","title":{"rendered":"Concession\u00e1ria refor\u00e7a cuidado para uso consciente da \u00e1gua no ver\u00e3o"},"content":{"rendered":"<p>Com a chegada do ver\u00e3o, que inicia nesta sexta-feira (22), a Tubar\u00e3o Saneamento refor\u00e7a o apelo aos seus clientes para o uso consciente de \u00e1gua. O aumento da demanda, durante os meses mais quentes do ano, pode sobrecarregar o sistema de abastecimento, e a ado\u00e7\u00e3o de pr\u00e1ticas sustent\u00e1veis \u00e9 essencial a fim de garantir a disponibilidade de \u00e1gua durante a temporada.<\/p>\n<p>Com as temperaturas elevadas, f\u00e9rias e as atividades ao ar livre, o consumo de \u00e1gua cresce, principalmente nos hor\u00e1rios de pico e isso pode resultar em baixa press\u00e3o ou at\u00e9 falta de \u00e1gua. Por isso, a concession\u00e1ria refor\u00e7a o pedido do consumo consciente. \u201c\u00c9 essencial que a popula\u00e7\u00e3o adote mudan\u00e7a de atitudes nos pequenos gestos do cotidiano que, quando adotados em larga escala fazem a diferen\u00e7a, e impactam toda a comunidade\u201d, enfatiza o diretor Andr\u00e9 da Silva.<\/p>\n<p><img fetchpriority=\"high\" decoding=\"async\" class=\"alignnone size-large wp-image-5631\" src=\"http:\/\/sulsc.com\/wp-content\/uploads\/2023\/12\/gota-de-agua-na-torneira-com-fundo-preto-1024x683.jpg\" alt=\"\" width=\"1024\" height=\"683\" srcset=\"https:\/\/sulsc.com\/wp-content\/uploads\/2023\/12\/gota-de-agua-na-torneira-com-fundo-preto-1024x683.jpg 1024w, https:\/\/sulsc.com\/wp-content\/uploads\/2023\/12\/gota-de-agua-na-torneira-com-fundo-preto-300x200.jpg 300w, https:\/\/sulsc.com\/wp-content\/uploads\/2023\/12\/gota-de-agua-na-torneira-com-fundo-preto-768x512.jpg 768w, https:\/\/sulsc.com\/wp-content\/uploads\/2023\/12\/gota-de-agua-na-torneira-com-fundo-preto-1536x1025.jpg 1536w, https:\/\/sulsc.com\/wp-content\/uploads\/2023\/12\/gota-de-agua-na-torneira-com-fundo-preto-2048x1366.jpg 2048w\" sizes=\"(max-width: 1024px) 100vw, 1024px\" \/><\/p>\n<p>A concession\u00e1ria recomenda aos clientes algumas atitudes que contribuem para o uso eficiente da \u00e1gua como: evitar deixar torneiras abertas; ficar atento aos vazamentos; utilizar a m\u00e1quina de lavar apenas com a capacidade m\u00e1xima e evitar mangueira para lavar carros ou plantas, trocando por baldes, regador ou panos \u00famidos.<\/p>\n<p>Al\u00e9m disso, a Tubar\u00e3o Saneamento refor\u00e7a que investe em tecnologias que otimizam o uso da \u00e1gua em seus processos operacionais, como tamb\u00e9m possui um setor dedicado ao combate a perdas de \u00e1gua com uma m\u00e9dia de 21% de perdas, n\u00famero abaixo da m\u00e9dia nacional, que \u00e9 40,3%, segundo os dados do Trata Brasil de 2021. \u201cCom o uso consciente de \u00e1gua, n\u00f3s protegemos o meio ambiente e promovemos a conscientiza\u00e7\u00e3o sustent\u00e1vel para todos\u201d, refor\u00e7a Andr\u00e9.<\/p>\n","protected":false},"excerpt":{"rendered":"<p>Com a chegada do ver\u00e3o, que inicia nesta sexta-feira (22), a Tubar\u00e3o Saneamento refor\u00e7a o apelo aos seus clientes para o uso consciente de \u00e1gua. O aumento da demanda, durante os meses mais quentes do ano, pode sobrecarregar o sistema de abastecimento, e a ado\u00e7\u00e3o de pr\u00e1ticas sustent\u00e1veis \u00e9 essencial a fim de garantir a &hellip;<\/p>\n<p class=\"read-more\"> <a class=\"\" href=\"https:\/\/sulsc.com\/index.php\/2023\/12\/21\/concessionaria-reforca-cuidado-para-uso-consciente-da-agua-no-verao\/\"> <span class=\"screen-reader-text\">Concession\u00e1ria refor\u00e7a cuidado para uso consciente da \u00e1gua no ver\u00e3o<\/span> Read More &raquo;<\/a><\/p>\n","protected":false},"author":3,"featured_media":5631,"comment_status":"open","ping_status":"open","sticky":false,"template":"","format":"standard","meta":{"site-sidebar-layout":"default","site-content-layout":"","ast-site-content-layout":"default","site-content-style":"default","site-sidebar-style":"default","ast-global-header-display":"","ast-banner-title-visibility":"","ast-main-header-display":"","ast-hfb-above-header-display":"","ast-hfb-below-header-display":"","ast-hfb-mobile-header-display":"","site-post-title":"","ast-breadcrumbs-content":"","ast-featured-img":"","footer-sml-layout":"","theme-transparent-header-meta":"default","adv-header-id-meta":"","stick-header-meta":"","header-above-stick-meta":"","header-main-stick-meta":"","header-below-stick-meta":"","astra-migrate-meta-layouts":"set","footnotes":""},"categories":[17],"tags":[311,312],"yoast_head":"<!-- This site is optimized with the Yoast SEO plugin v21.4 - https:\/\/yoast.com\/wordpress\/plugins\/seo\/ -->\n<title>Concession\u00e1ria refor\u00e7a cuidado para uso consciente da \u00e1gua no ver\u00e3o -<\/title>\n<meta name=\"description\" content=\"Com temperaturas elevadas, f\u00e9rias e atividades ao ar livre, o consumo de \u00e1gua cresce e pode resultar em baixa press\u00e3o ou at\u00e9 falta de \u00e1gua\" \/>\n<meta name=\"robots\" content=\"index, follow, max-snippet:-1, max-image-preview:large, max-video-preview:-1\" \/>\n<link rel=\"canonical\" href=\"https:\/\/sulsc.com\/index.php\/2023\/12\/21\/concessionaria-reforca-cuidado-para-uso-consciente-da-agua-no-verao\/\" \/>\n<meta property=\"og:locale\" content=\"en_US\" \/>\n<meta property=\"og:type\" content=\"article\" \/>\n<meta property=\"og:title\" content=\"Concession\u00e1ria refor\u00e7a cuidado para uso consciente da \u00e1gua no ver\u00e3o -\" \/>\n<meta property=\"og:description\" content=\"Com temperaturas elevadas, f\u00e9rias e atividades ao ar livre, o consumo de \u00e1gua cresce e pode resultar em baixa press\u00e3o ou at\u00e9 falta de \u00e1gua\" \/>\n<meta property=\"og:url\" content=\"https:\/\/sulsc.com\/index.php\/2023\/12\/21\/concessionaria-reforca-cuidado-para-uso-consciente-da-agua-no-verao\/\" \/>\n<meta property=\"article:author\" content=\"https:\/\/www.facebook.com\/profile.php?id=61559278119680\" \/>\n<meta property=\"article:published_time\" content=\"2023-12-21T17:00:37+00:00\" \/>\n<meta property=\"article:modified_time\" content=\"2023-12-21T16:12:21+00:00\" \/>\n<meta property=\"og:image\" content=\"https:\/\/sulsc.com\/wp-content\/uploads\/2023\/12\/gota-de-agua-na-torneira-com-fundo-preto-scaled.jpg\" \/>\n\t<meta property=\"og:image:width\" content=\"2560\" \/>\n\t<meta property=\"og:image:height\" content=\"1708\" \/>\n\t<meta property=\"og:image:type\" content=\"image\/jpeg\" \/>\n<meta name=\"author\" content=\"Reda\u00e7\u00e3o Sul SC\" \/>\n<meta name=\"twitter:card\" content=\"summary_large_image\" \/>\n<meta name=\"twitter:creator\" content=\"@https:\/\/twitter.com\/PortalSulSC\" \/>\n<meta name=\"twitter:label1\" content=\"Written by\" \/>\n\t<meta name=\"twitter:data1\" content=\"Reda\u00e7\u00e3o Sul SC\" \/>\n\t<meta name=\"twitter:label2\" content=\"Est. reading time\" \/>\n\t<meta name=\"twitter:data2\" content=\"2 minutes\" \/>\n<script type=\"application\/ld+json\" class=\"yoast-schema-graph\">{\"@context\":\"https:\/\/schema.org\",\"@graph\":[{\"@type\":\"WebPage\",\"@id\":\"https:\/\/sulsc.com\/index.php\/2023\/12\/21\/concessionaria-reforca-cuidado-para-uso-consciente-da-agua-no-verao\/\",\"url\":\"https:\/\/sulsc.com\/index.php\/2023\/12\/21\/concessionaria-reforca-cuidado-para-uso-consciente-da-agua-no-verao\/\",\"name\":\"Concession\u00e1ria refor\u00e7a cuidado para uso consciente da \u00e1gua no ver\u00e3o -\",\"isPartOf\":{\"@id\":\"https:\/\/sulsc.com\/#website\"},\"datePublished\":\"2023-12-21T17:00:37+00:00\",\"dateModified\":\"2023-12-21T16:12:21+00:00\",\"author\":{\"@id\":\"https:\/\/sulsc.com\/#\/schema\/person\/84d2fc571684f6248ba83092f07750a3\"},\"description\":\"Com temperaturas elevadas, f\u00e9rias e atividades ao ar livre, o consumo de \u00e1gua cresce e pode resultar em baixa press\u00e3o ou at\u00e9 falta de \u00e1gua\",\"breadcrumb\":{\"@id\":\"https:\/\/sulsc.com\/index.php\/2023\/12\/21\/concessionaria-reforca-cuidado-para-uso-consciente-da-agua-no-verao\/#breadcrumb\"},\"inLanguage\":\"en-US\",\"potentialAction\":[{\"@type\":\"ReadAction\",\"target\":[\"https:\/\/sulsc.com\/index.php\/2023\/12\/21\/concessionaria-reforca-cuidado-para-uso-consciente-da-agua-no-verao\/\"]}]},{\"@type\":\"BreadcrumbList\",\"@id\":\"https:\/\/sulsc.com\/index.php\/2023\/12\/21\/concessionaria-reforca-cuidado-para-uso-consciente-da-agua-no-verao\/#breadcrumb\",\"itemListElement\":[{\"@type\":\"ListItem\",\"position\":1,\"name\":\"In\u00edcio\",\"item\":\"https:\/\/sulsc.com\/\"},{\"@type\":\"ListItem\",\"position\":2,\"name\":\"Concession\u00e1ria refor\u00e7a cuidado para uso consciente da \u00e1gua no ver\u00e3o\"}]},{\"@type\":\"WebSite\",\"@id\":\"https:\/\/sulsc.com\/#website\",\"url\":\"https:\/\/sulsc.com\/\",\"name\":\"\",\"description\":\"\",\"potentialAction\":[{\"@type\":\"SearchAction\",\"target\":{\"@type\":\"EntryPoint\",\"urlTemplate\":\"https:\/\/sulsc.com\/?s={search_term_string}\"},\"query-input\":\"required name=search_term_string\"}],\"inLanguage\":\"en-US\"},{\"@type\":\"Person\",\"@id\":\"https:\/\/sulsc.com\/#\/schema\/person\/84d2fc571684f6248ba83092f07750a3\",\"name\":\"Reda\u00e7\u00e3o Sul SC\",\"image\":{\"@type\":\"ImageObject\",\"inLanguage\":\"en-US\",\"@id\":\"https:\/\/sulsc.com\/#\/schema\/person\/image\/e08d7fe2cc4ed596372063bbe852b8d0\",\"url\":\"https:\/\/sulsc.com\/wp-content\/uploads\/2023\/09\/redacao.png\",\"contentUrl\":\"https:\/\/sulsc.com\/wp-content\/uploads\/2023\/09\/redacao.png\",\"caption\":\"Reda\u00e7\u00e3o Sul SC\"},\"description\":\"Foco em um jornalismo imparcial, voltado \u00e0 qualidade dos seus conte\u00fados e, assim, levar informa\u00e7\u00e3o de valor que agregue \u00e0 vida dos leitores. Esta \u00e9 grande miss\u00e3o do Portal de Not\u00edcias Sul SC. N\u00e3o \u00e9 quantidade que muda o mundo, sempre foi e seguir\u00e1 sendo qualidade!\",\"sameAs\":[\"https:\/\/sulsc.com\/\",\"https:\/\/www.facebook.com\/profile.php?id=61559278119680\",\"https:\/\/www.instagram.com\/sulscportal\/?hl=pt-br\",\"https:\/\/twitter.com\/https:\/\/twitter.com\/PortalSulSC\",\"https:\/\/www.youtube.com\/channel\/UCv_BE8GeySluDov2n8qhVmw\"],\"url\":\"https:\/\/sulsc.com\/index.php\/author\/redacao\/\"}]}<\/script>\n<!-- \/ Yoast SEO plugin. -->","yoast_head_json":{"title":"Concession\u00e1ria refor\u00e7a cuidado para uso consciente da \u00e1gua no ver\u00e3o -","description":"Com temperaturas elevadas, f\u00e9rias e atividades ao ar livre, o consumo de \u00e1gua cresce e pode resultar em baixa press\u00e3o ou at\u00e9 falta de \u00e1gua","robots":{"index":"index","follow":"follow","max-snippet":"max-snippet:-1","max-image-preview":"max-image-preview:large","max-video-preview":"max-video-preview:-1"},"canonical":"https:\/\/sulsc.com\/index.php\/2023\/12\/21\/concessionaria-reforca-cuidado-para-uso-consciente-da-agua-no-verao\/","og_locale":"en_US","og_type":"article","og_title":"Concession\u00e1ria refor\u00e7a cuidado para uso consciente da \u00e1gua no ver\u00e3o -","og_description":"Com temperaturas elevadas, f\u00e9rias e atividades ao ar livre, o consumo de \u00e1gua cresce e pode resultar em baixa press\u00e3o ou at\u00e9 falta de \u00e1gua","og_url":"https:\/\/sulsc.com\/index.php\/2023\/12\/21\/concessionaria-reforca-cuidado-para-uso-consciente-da-agua-no-verao\/","article_author":"https:\/\/www.facebook.com\/profile.php?id=61559278119680","article_published_time":"2023-12-21T17:00:37+00:00","article_modified_time":"2023-12-21T16:12:21+00:00","og_image":[{"width":2560,"height":1708,"url":"https:\/\/sulsc.com\/wp-content\/uploads\/2023\/12\/gota-de-agua-na-torneira-com-fundo-preto-scaled.jpg","type":"image\/jpeg"}],"author":"Reda\u00e7\u00e3o Sul SC","twitter_card":"summary_large_image","twitter_creator":"@https:\/\/twitter.com\/PortalSulSC","twitter_misc":{"Written by":"Reda\u00e7\u00e3o Sul SC","Est. reading time":"2 minutes"},"schema":{"@context":"https:\/\/schema.org","@graph":[{"@type":"WebPage","@id":"https:\/\/sulsc.com\/index.php\/2023\/12\/21\/concessionaria-reforca-cuidado-para-uso-consciente-da-agua-no-verao\/","url":"https:\/\/sulsc.com\/index.php\/2023\/12\/21\/concessionaria-reforca-cuidado-para-uso-consciente-da-agua-no-verao\/","name":"Concession\u00e1ria refor\u00e7a cuidado para uso consciente da \u00e1gua no ver\u00e3o -","isPartOf":{"@id":"https:\/\/sulsc.com\/#website"},"datePublished":"2023-12-21T17:00:37+00:00","dateModified":"2023-12-21T16:12:21+00:00","author":{"@id":"https:\/\/sulsc.com\/#\/schema\/person\/84d2fc571684f6248ba83092f07750a3"},"description":"Com temperaturas elevadas, f\u00e9rias e atividades ao ar livre, o consumo de \u00e1gua cresce e pode resultar em baixa press\u00e3o ou at\u00e9 falta de \u00e1gua","breadcrumb":{"@id":"https:\/\/sulsc.com\/index.php\/2023\/12\/21\/concessionaria-reforca-cuidado-para-uso-consciente-da-agua-no-verao\/#breadcrumb"},"inLanguage":"en-US","potentialAction":[{"@type":"ReadAction","target":["https:\/\/sulsc.com\/index.php\/2023\/12\/21\/concessionaria-reforca-cuidado-para-uso-consciente-da-agua-no-verao\/"]}]},{"@type":"BreadcrumbList","@id":"https:\/\/sulsc.com\/index.php\/2023\/12\/21\/concessionaria-reforca-cuidado-para-uso-consciente-da-agua-no-verao\/#breadcrumb","itemListElement":[{"@type":"ListItem","position":1,"name":"In\u00edcio","item":"https:\/\/sulsc.com\/"},{"@type":"ListItem","position":2,"name":"Concession\u00e1ria refor\u00e7a cuidado para uso consciente da \u00e1gua no ver\u00e3o"}]},{"@type":"WebSite","@id":"https:\/\/sulsc.com\/#website","url":"https:\/\/sulsc.com\/","name":"","description":"","potentialAction":[{"@type":"SearchAction","target":{"@type":"EntryPoint","urlTemplate":"https:\/\/sulsc.com\/?s={search_term_string}"},"query-input":"required name=search_term_string"}],"inLanguage":"en-US"},{"@type":"Person","@id":"https:\/\/sulsc.com\/#\/schema\/person\/84d2fc571684f6248ba83092f07750a3","name":"Reda\u00e7\u00e3o Sul SC","image":{"@type":"ImageObject","inLanguage":"en-US","@id":"https:\/\/sulsc.com\/#\/schema\/person\/image\/e08d7fe2cc4ed596372063bbe852b8d0","url":"https:\/\/sulsc.com\/wp-content\/uploads\/2023\/09\/redacao.png","contentUrl":"https:\/\/sulsc.com\/wp-content\/uploads\/2023\/09\/redacao.png","caption":"Reda\u00e7\u00e3o Sul SC"},"description":"Foco em um jornalismo imparcial, voltado \u00e0 qualidade dos seus conte\u00fados e, assim, levar informa\u00e7\u00e3o de valor que agregue \u00e0 vida dos leitores. Esta \u00e9 grande miss\u00e3o do Portal de Not\u00edcias Sul SC. N\u00e3o \u00e9 quantidade que muda o mundo, sempre foi e seguir\u00e1 sendo qualidade!","sameAs":["https:\/\/sulsc.com\/","https:\/\/www.facebook.com\/profile.php?id=61559278119680","https:\/\/www.instagram.com\/sulscportal\/?hl=pt-br","https:\/\/twitter.com\/https:\/\/twitter.com\/PortalSulSC","https:\/\/www.youtube.com\/channel\/UCv_BE8GeySluDov2n8qhVmw"],"url":"https:\/\/sulsc.com\/index.php\/author\/redacao\/"}]}},"authors":[],"_links":{"self":[{"href":"https:\/\/sulsc.com\/index.php\/wp-json\/wp\/v2\/posts\/5624"}],"collection":[{"href":"https:\/\/sulsc.com\/index.php\/wp-json\/wp\/v2\/posts"}],"about":[{"href":"https:\/\/sulsc.com\/index.php\/wp-json\/wp\/v2\/types\/post"}],"author":[{"embeddable":true,"href":"https:\/\/sulsc.com\/index.php\/wp-json\/wp\/v2\/users\/3"}],"replies":[{"embeddable":true,"href":"https:\/\/sulsc.com\/index.php\/wp-json\/wp\/v2\/comments?post=5624"}],"version-history":[{"count":1,"href":"https:\/\/sulsc.com\/index.php\/wp-json\/wp\/v2\/posts\/5624\/revisions"}],"predecessor-version":[{"id":5632,"href":"https:\/\/sulsc.com\/index.php\/wp-json\/wp\/v2\/posts\/5624\/revisions\/5632"}],"wp:featuredmedia":[{"embeddable":true,"href":"https:\/\/sulsc.com\/index.php\/wp-json\/wp\/v2\/media\/5631"}],"wp:attachment":[{"href":"https:\/\/sulsc.com\/index.php\/wp-json\/wp\/v2\/media?parent=5624"}],"wp:term":[{"taxonomy":"category","embeddable":true,"href":"https:\/\/sulsc.com\/index.php\/wp-json\/wp\/v2\/categories?post=5624"},{"taxonomy":"post_tag","embeddable":true,"href":"https:\/\/sulsc.com\/index.php\/wp-json\/wp\/v2\/tags?post=5624"}],"curies":[{"name":"wp","href":"https:\/\/api.w.org\/{rel}","templated":true}]}}