{"id":5707,"date":"2023-12-23T09:13:09","date_gmt":"2023-12-23T12:13:09","guid":{"rendered":"https:\/\/sulsc.com\/?p=5707"},"modified":"2023-12-23T09:13:09","modified_gmt":"2023-12-23T12:13:09","slug":"sabado-23-com-tempo-instavel-em-toda-santa-catarina","status":"publish","type":"post","link":"https:\/\/sulsc.com\/index.php\/2023\/12\/23\/sabado-23-com-tempo-instavel-em-toda-santa-catarina\/","title":{"rendered":"S\u00e1bado (23) com tempo inst\u00e1vel em toda Santa Catarina"},"content":{"rendered":"<p><img fetchpriority=\"high\" decoding=\"async\" class=\"alignnone size-large wp-image-2957\" src=\"http:\/\/sulsc.com\/wp-content\/uploads\/2023\/10\/ceu-com-poucas-nuvens-1024x684.jpg\" alt=\"\" width=\"1024\" height=\"684\" srcset=\"https:\/\/sulsc.com\/wp-content\/uploads\/2023\/10\/ceu-com-poucas-nuvens-1024x684.jpg 1024w, https:\/\/sulsc.com\/wp-content\/uploads\/2023\/10\/ceu-com-poucas-nuvens-300x200.jpg 300w, https:\/\/sulsc.com\/wp-content\/uploads\/2023\/10\/ceu-com-poucas-nuvens-768x513.jpg 768w, https:\/\/sulsc.com\/wp-content\/uploads\/2023\/10\/ceu-com-poucas-nuvens-1536x1025.jpg 1536w, https:\/\/sulsc.com\/wp-content\/uploads\/2023\/10\/ceu-com-poucas-nuvens-2048x1367.jpg 2048w\" sizes=\"(max-width: 1024px) 100vw, 1024px\" \/><\/p>\n<p>O s\u00e1bado (23) inicia com tempo inst\u00e1vel e com condi\u00e7\u00e3o para temporais em todo estado, que perdem for\u00e7a ao longo da manh\u00e3. Entre a tarde e a noite, os temporais ganham for\u00e7a novamente, em especial do oeste ao norte de Santa Catarina. Nas demais \u00e1reas, a nebulosidade predomina e as instabilidades enfraquecem.<\/p>\n<p>De acordo com a Defesa Civil, o risco \u00e9 moderado a alto para ocorr\u00eancias associadas aos temporais como alagamentos e enxurradas, destelhamentos, danos \u00e0 rede el\u00e9trica e queda de galhos e \u00e1rvores. O vento sopra com intensidade fraca a moderada de dire\u00e7\u00e3o nordeste\/leste no litoral e em \u00e1reas pr\u00f3ximas e de quadrante oeste\/sudoeste do Grande Oeste aos planaltos, com rajadas de at\u00e9 50 km\/h do Oeste ao planaltos ao longo da tarde.<\/p>\n<p>As temperaturas m\u00ednimas variam entre 15 e 17\u00b0C no Planalto Sul e oscilam entre 17 e 22\u00b0C nas demais \u00e1reas. As m\u00e1ximas variam entre 23 e 27\u00b0C nos planaltos e marcam entre 25 e 33\u00b0C pelo estado. Mar pouco agitado com ondas de dire\u00e7\u00e3o leste\/sudeste e alturas entre 0,5m e 1,0 m e picos de 1,5 m em toda a costa catarinense.<\/p>\n","protected":false},"excerpt":{"rendered":"<p>O s\u00e1bado (23) inicia com tempo inst\u00e1vel e com condi\u00e7\u00e3o para temporais em todo estado, que perdem for\u00e7a ao longo da manh\u00e3. Entre a tarde e a noite, os temporais ganham for\u00e7a novamente, em especial do oeste ao norte de Santa Catarina. Nas demais \u00e1reas, a nebulosidade predomina e as instabilidades enfraquecem. De acordo com &hellip;<\/p>\n<p class=\"read-more\"> <a class=\"\" href=\"https:\/\/sulsc.com\/index.php\/2023\/12\/23\/sabado-23-com-tempo-instavel-em-toda-santa-catarina\/\"> <span class=\"screen-reader-text\">S\u00e1bado (23) com tempo inst\u00e1vel em toda Santa Catarina<\/span> Read More &raquo;<\/a><\/p>\n","protected":false},"author":3,"featured_media":2957,"comment_status":"open","ping_status":"open","sticky":false,"template":"","format":"standard","meta":{"site-sidebar-layout":"default","site-content-layout":"","ast-site-content-layout":"default","site-content-style":"default","site-sidebar-style":"default","ast-global-header-display":"","ast-banner-title-visibility":"","ast-main-header-display":"","ast-hfb-above-header-display":"","ast-hfb-below-header-display":"","ast-hfb-mobile-header-display":"","site-post-title":"","ast-breadcrumbs-content":"","ast-featured-img":"","footer-sml-layout":"","theme-transparent-header-meta":"default","adv-header-id-meta":"","stick-header-meta":"","header-above-stick-meta":"","header-main-stick-meta":"","header-below-stick-meta":"","astra-migrate-meta-layouts":"set","footnotes":""},"categories":[1],"tags":[90,89],"yoast_head":"<!-- This site is optimized with the Yoast SEO plugin v21.4 - https:\/\/yoast.com\/wordpress\/plugins\/seo\/ -->\n<title>S\u00e1bado (23) com tempo inst\u00e1vel em toda Santa Catarina -<\/title>\n<meta name=\"description\" content=\"Entre a tarde e a noite, os temporais ganham for\u00e7a novamente\" \/>\n<meta name=\"robots\" content=\"index, follow, max-snippet:-1, max-image-preview:large, max-video-preview:-1\" \/>\n<link rel=\"canonical\" href=\"https:\/\/sulsc.com\/index.php\/2023\/12\/23\/sabado-23-com-tempo-instavel-em-toda-santa-catarina\/\" \/>\n<meta property=\"og:locale\" content=\"en_US\" \/>\n<meta property=\"og:type\" content=\"article\" \/>\n<meta property=\"og:title\" content=\"S\u00e1bado (23) com tempo inst\u00e1vel em toda Santa Catarina -\" \/>\n<meta property=\"og:description\" content=\"Entre a tarde e a noite, os temporais ganham for\u00e7a novamente\" \/>\n<meta property=\"og:url\" content=\"https:\/\/sulsc.com\/index.php\/2023\/12\/23\/sabado-23-com-tempo-instavel-em-toda-santa-catarina\/\" \/>\n<meta property=\"article:author\" content=\"https:\/\/www.facebook.com\/profile.php?id=61559278119680\" \/>\n<meta property=\"article:published_time\" content=\"2023-12-23T12:13:09+00:00\" \/>\n<meta property=\"og:image\" content=\"http:\/\/sulsc.com\/wp-content\/uploads\/2023\/10\/ceu-com-poucas-nuvens-scaled.jpg\" \/>\n\t<meta property=\"og:image:width\" content=\"2560\" \/>\n\t<meta property=\"og:image:height\" content=\"1709\" \/>\n\t<meta property=\"og:image:type\" content=\"image\/jpeg\" \/>\n<meta name=\"author\" content=\"Reda\u00e7\u00e3o Sul SC\" \/>\n<meta name=\"twitter:card\" content=\"summary_large_image\" \/>\n<meta name=\"twitter:creator\" content=\"@https:\/\/twitter.com\/PortalSulSC\" \/>\n<meta name=\"twitter:label1\" content=\"Written by\" \/>\n\t<meta name=\"twitter:data1\" content=\"Reda\u00e7\u00e3o Sul SC\" \/>\n\t<meta name=\"twitter:label2\" content=\"Est. reading time\" \/>\n\t<meta name=\"twitter:data2\" content=\"2 minutes\" \/>\n<script type=\"application\/ld+json\" class=\"yoast-schema-graph\">{\"@context\":\"https:\/\/schema.org\",\"@graph\":[{\"@type\":\"WebPage\",\"@id\":\"https:\/\/sulsc.com\/index.php\/2023\/12\/23\/sabado-23-com-tempo-instavel-em-toda-santa-catarina\/\",\"url\":\"https:\/\/sulsc.com\/index.php\/2023\/12\/23\/sabado-23-com-tempo-instavel-em-toda-santa-catarina\/\",\"name\":\"S\u00e1bado (23) com tempo inst\u00e1vel em toda Santa Catarina -\",\"isPartOf\":{\"@id\":\"https:\/\/sulsc.com\/#website\"},\"datePublished\":\"2023-12-23T12:13:09+00:00\",\"dateModified\":\"2023-12-23T12:13:09+00:00\",\"author\":{\"@id\":\"https:\/\/sulsc.com\/#\/schema\/person\/84d2fc571684f6248ba83092f07750a3\"},\"description\":\"Entre a tarde e a noite, os temporais ganham for\u00e7a novamente\",\"breadcrumb\":{\"@id\":\"https:\/\/sulsc.com\/index.php\/2023\/12\/23\/sabado-23-com-tempo-instavel-em-toda-santa-catarina\/#breadcrumb\"},\"inLanguage\":\"en-US\",\"potentialAction\":[{\"@type\":\"ReadAction\",\"target\":[\"https:\/\/sulsc.com\/index.php\/2023\/12\/23\/sabado-23-com-tempo-instavel-em-toda-santa-catarina\/\"]}]},{\"@type\":\"BreadcrumbList\",\"@id\":\"https:\/\/sulsc.com\/index.php\/2023\/12\/23\/sabado-23-com-tempo-instavel-em-toda-santa-catarina\/#breadcrumb\",\"itemListElement\":[{\"@type\":\"ListItem\",\"position\":1,\"name\":\"In\u00edcio\",\"item\":\"https:\/\/sulsc.com\/\"},{\"@type\":\"ListItem\",\"position\":2,\"name\":\"S\u00e1bado (23) com tempo inst\u00e1vel em toda Santa Catarina\"}]},{\"@type\":\"WebSite\",\"@id\":\"https:\/\/sulsc.com\/#website\",\"url\":\"https:\/\/sulsc.com\/\",\"name\":\"\",\"description\":\"\",\"potentialAction\":[{\"@type\":\"SearchAction\",\"target\":{\"@type\":\"EntryPoint\",\"urlTemplate\":\"https:\/\/sulsc.com\/?s={search_term_string}\"},\"query-input\":\"required name=search_term_string\"}],\"inLanguage\":\"en-US\"},{\"@type\":\"Person\",\"@id\":\"https:\/\/sulsc.com\/#\/schema\/person\/84d2fc571684f6248ba83092f07750a3\",\"name\":\"Reda\u00e7\u00e3o Sul SC\",\"image\":{\"@type\":\"ImageObject\",\"inLanguage\":\"en-US\",\"@id\":\"https:\/\/sulsc.com\/#\/schema\/person\/image\/e08d7fe2cc4ed596372063bbe852b8d0\",\"url\":\"https:\/\/sulsc.com\/wp-content\/uploads\/2023\/09\/redacao.png\",\"contentUrl\":\"https:\/\/sulsc.com\/wp-content\/uploads\/2023\/09\/redacao.png\",\"caption\":\"Reda\u00e7\u00e3o Sul SC\"},\"description\":\"Foco em um jornalismo imparcial, voltado \u00e0 qualidade dos seus conte\u00fados e, assim, levar informa\u00e7\u00e3o de valor que agregue \u00e0 vida dos leitores. Esta \u00e9 grande miss\u00e3o do Portal de Not\u00edcias Sul SC. N\u00e3o \u00e9 quantidade que muda o mundo, sempre foi e seguir\u00e1 sendo qualidade!\",\"sameAs\":[\"https:\/\/sulsc.com\/\",\"https:\/\/www.facebook.com\/profile.php?id=61559278119680\",\"https:\/\/www.instagram.com\/sulscportal\/?hl=pt-br\",\"https:\/\/twitter.com\/https:\/\/twitter.com\/PortalSulSC\",\"https:\/\/www.youtube.com\/channel\/UCv_BE8GeySluDov2n8qhVmw\"],\"url\":\"https:\/\/sulsc.com\/index.php\/author\/redacao\/\"}]}<\/script>\n<!-- \/ Yoast SEO plugin. -->","yoast_head_json":{"title":"S\u00e1bado (23) com tempo inst\u00e1vel em toda Santa Catarina -","description":"Entre a tarde e a noite, os temporais ganham for\u00e7a novamente","robots":{"index":"index","follow":"follow","max-snippet":"max-snippet:-1","max-image-preview":"max-image-preview:large","max-video-preview":"max-video-preview:-1"},"canonical":"https:\/\/sulsc.com\/index.php\/2023\/12\/23\/sabado-23-com-tempo-instavel-em-toda-santa-catarina\/","og_locale":"en_US","og_type":"article","og_title":"S\u00e1bado (23) com tempo inst\u00e1vel em toda Santa Catarina -","og_description":"Entre a tarde e a noite, os temporais ganham for\u00e7a novamente","og_url":"https:\/\/sulsc.com\/index.php\/2023\/12\/23\/sabado-23-com-tempo-instavel-em-toda-santa-catarina\/","article_author":"https:\/\/www.facebook.com\/profile.php?id=61559278119680","article_published_time":"2023-12-23T12:13:09+00:00","og_image":[{"width":2560,"height":1709,"url":"http:\/\/sulsc.com\/wp-content\/uploads\/2023\/10\/ceu-com-poucas-nuvens-scaled.jpg","type":"image\/jpeg"}],"author":"Reda\u00e7\u00e3o Sul SC","twitter_card":"summary_large_image","twitter_creator":"@https:\/\/twitter.com\/PortalSulSC","twitter_misc":{"Written by":"Reda\u00e7\u00e3o Sul SC","Est. reading time":"2 minutes"},"schema":{"@context":"https:\/\/schema.org","@graph":[{"@type":"WebPage","@id":"https:\/\/sulsc.com\/index.php\/2023\/12\/23\/sabado-23-com-tempo-instavel-em-toda-santa-catarina\/","url":"https:\/\/sulsc.com\/index.php\/2023\/12\/23\/sabado-23-com-tempo-instavel-em-toda-santa-catarina\/","name":"S\u00e1bado (23) com tempo inst\u00e1vel em toda Santa Catarina -","isPartOf":{"@id":"https:\/\/sulsc.com\/#website"},"datePublished":"2023-12-23T12:13:09+00:00","dateModified":"2023-12-23T12:13:09+00:00","author":{"@id":"https:\/\/sulsc.com\/#\/schema\/person\/84d2fc571684f6248ba83092f07750a3"},"description":"Entre a tarde e a noite, os temporais ganham for\u00e7a novamente","breadcrumb":{"@id":"https:\/\/sulsc.com\/index.php\/2023\/12\/23\/sabado-23-com-tempo-instavel-em-toda-santa-catarina\/#breadcrumb"},"inLanguage":"en-US","potentialAction":[{"@type":"ReadAction","target":["https:\/\/sulsc.com\/index.php\/2023\/12\/23\/sabado-23-com-tempo-instavel-em-toda-santa-catarina\/"]}]},{"@type":"BreadcrumbList","@id":"https:\/\/sulsc.com\/index.php\/2023\/12\/23\/sabado-23-com-tempo-instavel-em-toda-santa-catarina\/#breadcrumb","itemListElement":[{"@type":"ListItem","position":1,"name":"In\u00edcio","item":"https:\/\/sulsc.com\/"},{"@type":"ListItem","position":2,"name":"S\u00e1bado (23) com tempo inst\u00e1vel em toda Santa Catarina"}]},{"@type":"WebSite","@id":"https:\/\/sulsc.com\/#website","url":"https:\/\/sulsc.com\/","name":"","description":"","potentialAction":[{"@type":"SearchAction","target":{"@type":"EntryPoint","urlTemplate":"https:\/\/sulsc.com\/?s={search_term_string}"},"query-input":"required name=search_term_string"}],"inLanguage":"en-US"},{"@type":"Person","@id":"https:\/\/sulsc.com\/#\/schema\/person\/84d2fc571684f6248ba83092f07750a3","name":"Reda\u00e7\u00e3o Sul SC","image":{"@type":"ImageObject","inLanguage":"en-US","@id":"https:\/\/sulsc.com\/#\/schema\/person\/image\/e08d7fe2cc4ed596372063bbe852b8d0","url":"https:\/\/sulsc.com\/wp-content\/uploads\/2023\/09\/redacao.png","contentUrl":"https:\/\/sulsc.com\/wp-content\/uploads\/2023\/09\/redacao.png","caption":"Reda\u00e7\u00e3o Sul SC"},"description":"Foco em um jornalismo imparcial, voltado \u00e0 qualidade dos seus conte\u00fados e, assim, levar informa\u00e7\u00e3o de valor que agregue \u00e0 vida dos leitores. Esta \u00e9 grande miss\u00e3o do Portal de Not\u00edcias Sul SC. N\u00e3o \u00e9 quantidade que muda o mundo, sempre foi e seguir\u00e1 sendo qualidade!","sameAs":["https:\/\/sulsc.com\/","https:\/\/www.facebook.com\/profile.php?id=61559278119680","https:\/\/www.instagram.com\/sulscportal\/?hl=pt-br","https:\/\/twitter.com\/https:\/\/twitter.com\/PortalSulSC","https:\/\/www.youtube.com\/channel\/UCv_BE8GeySluDov2n8qhVmw"],"url":"https:\/\/sulsc.com\/index.php\/author\/redacao\/"}]}},"authors":[],"_links":{"self":[{"href":"https:\/\/sulsc.com\/index.php\/wp-json\/wp\/v2\/posts\/5707"}],"collection":[{"href":"https:\/\/sulsc.com\/index.php\/wp-json\/wp\/v2\/posts"}],"about":[{"href":"https:\/\/sulsc.com\/index.php\/wp-json\/wp\/v2\/types\/post"}],"author":[{"embeddable":true,"href":"https:\/\/sulsc.com\/index.php\/wp-json\/wp\/v2\/users\/3"}],"replies":[{"embeddable":true,"href":"https:\/\/sulsc.com\/index.php\/wp-json\/wp\/v2\/comments?post=5707"}],"version-history":[{"count":1,"href":"https:\/\/sulsc.com\/index.php\/wp-json\/wp\/v2\/posts\/5707\/revisions"}],"predecessor-version":[{"id":5708,"href":"https:\/\/sulsc.com\/index.php\/wp-json\/wp\/v2\/posts\/5707\/revisions\/5708"}],"wp:featuredmedia":[{"embeddable":true,"href":"https:\/\/sulsc.com\/index.php\/wp-json\/wp\/v2\/media\/2957"}],"wp:attachment":[{"href":"https:\/\/sulsc.com\/index.php\/wp-json\/wp\/v2\/media?parent=5707"}],"wp:term":[{"taxonomy":"category","embeddable":true,"href":"https:\/\/sulsc.com\/index.php\/wp-json\/wp\/v2\/categories?post=5707"},{"taxonomy":"post_tag","embeddable":true,"href":"https:\/\/sulsc.com\/index.php\/wp-json\/wp\/v2\/tags?post=5707"}],"curies":[{"name":"wp","href":"https:\/\/api.w.org\/{rel}","templated":true}]}}