{"id":5735,"date":"2023-12-23T18:50:46","date_gmt":"2023-12-23T21:50:46","guid":{"rendered":"https:\/\/sulsc.com\/?p=5735"},"modified":"2023-12-23T14:08:35","modified_gmt":"2023-12-23T17:08:35","slug":"criciuma-investe-quase-r-40-milhoes-em-desenvolvimento-consciente-e-tecnologico","status":"publish","type":"post","link":"https:\/\/sulsc.com\/index.php\/2023\/12\/23\/criciuma-investe-quase-r-40-milhoes-em-desenvolvimento-consciente-e-tecnologico\/","title":{"rendered":"Crici\u00fama investe quase R$ 40 milh\u00f5es em desenvolvimento consciente e tecnol\u00f3gico"},"content":{"rendered":"<p>O Governo de Crici\u00fama, por meio da Secretaria Municipal de Governan\u00e7a, da Secretaria Municipal de Infraestrutura, Planejamento e Mobilidade Urbana e da Secretaria Municipal de Educa\u00e7\u00e3o, realizar\u00e1 o lan\u00e7amento do programa Crici\u00fama Sustent\u00e1vel, que destinar\u00e1 quase R$ 40 milh\u00f5es para projetos voltados ao desenvolvimento consciente. A apresenta\u00e7\u00e3o do programa que tem como objetivo construir uma cidade mais consciente e tecnol\u00f3gica, que garanta um futuro de cuidado com o meio ambiente, ser\u00e1 na pr\u00f3xima quarta-feira (27), \u00e0s 16h, no Pa\u00e7o Municipal Marcos Rovaris.<\/p>\n<p>\u201cSustentabilidade \u00e9 um tema importante e que precisa ser tratado para o bem-estar de toda a comunidade. Quando falamos de sustentabilidade, a Capital Catarinense dos Parques Urbanos tem grandes equipamentos tur\u00edsticos desta natureza. O Parque das Na\u00e7\u00f5es e o Parque dos Imigrantes foram constru\u00eddos em \u00e1reas degradadas durante a minera\u00e7\u00e3o de carv\u00e3o e, hoje, s\u00e3o espa\u00e7os de lazer, com o meio ambiente recuperado\u201d, ressaltou o prefeito de Crici\u00fama, Cl\u00e9sio Salvaro.<\/p>\n<p>Durante o ato de lan\u00e7amento ser\u00e1 realizada a assinatura de contrato de tr\u00eas projetos importantes relacionados ao desenvolvimento sustent\u00e1vel e a preserva\u00e7\u00e3o do meio ambiente no munic\u00edpio: a constru\u00e7\u00e3o da Usina Fotovoltaica Nicola Tesla, a aquisi\u00e7\u00e3o de ve\u00edculos el\u00e9tricos para a frota municipal e a compra e instala\u00e7\u00e3o de l\u00e2mpadas de LED em toda a rede de ilumina\u00e7\u00e3o p\u00fablica. Durante a cerim\u00f4nia ocorrer\u00e1, ainda, a assinatura de contrato para a constru\u00e7\u00e3o de Salas Comunit\u00e1rias nos bairros Vila Visconde e Pr\u00f3spera.<\/p>\n<p>De acordo com o secret\u00e1rio municipal de Governan\u00e7a, Tiago Pavan, o programa Crici\u00fama Sustent\u00e1vel impactar\u00e1 diversas \u00e1reas. As a\u00e7\u00f5es devem incentivar a sustentabilidade, promover o avan\u00e7o tecnol\u00f3gico, gerar efici\u00eancia operacional e a economia de recursos. \u201cEsse programa coloca Crici\u00fama no caminho para se tornar uma cidade inteligente. Quando falamos em cidades inteligentes, n\u00e3o nos referimos somente aquelas que usam alta tecnologia, mas que se preocupam com a sustentabilidade, diversifica\u00e7\u00e3o da economia e, claro, com as pessoas. Esse programa engloba todos esses aspectos\u201d, explicou.<\/p>\n<p><img fetchpriority=\"high\" decoding=\"async\" class=\"alignnone size-large wp-image-5736\" src=\"http:\/\/sulsc.com\/wp-content\/uploads\/2023\/12\/Criciuma-investe-quase-R-40-milhoes-em-desenvolvimento-consciente-e-tecnologico-1024x576.jpg\" alt=\"\" width=\"1024\" height=\"576\" srcset=\"https:\/\/sulsc.com\/wp-content\/uploads\/2023\/12\/Criciuma-investe-quase-R-40-milhoes-em-desenvolvimento-consciente-e-tecnologico-1024x576.jpg 1024w, https:\/\/sulsc.com\/wp-content\/uploads\/2023\/12\/Criciuma-investe-quase-R-40-milhoes-em-desenvolvimento-consciente-e-tecnologico-300x169.jpg 300w, https:\/\/sulsc.com\/wp-content\/uploads\/2023\/12\/Criciuma-investe-quase-R-40-milhoes-em-desenvolvimento-consciente-e-tecnologico-768x432.jpg 768w, https:\/\/sulsc.com\/wp-content\/uploads\/2023\/12\/Criciuma-investe-quase-R-40-milhoes-em-desenvolvimento-consciente-e-tecnologico-1536x864.jpg 1536w, https:\/\/sulsc.com\/wp-content\/uploads\/2023\/12\/Criciuma-investe-quase-R-40-milhoes-em-desenvolvimento-consciente-e-tecnologico.jpg 1920w\" sizes=\"(max-width: 1024px) 100vw, 1024px\" \/><\/p>\n<p><strong>Usina Fotovoltaica Nikola Tesla<\/strong><\/p>\n<p>A Usina Fotovoltaica Nikola Tesla ser\u00e1 constru\u00edda ao lado do Parque dos Imigrantes, um s\u00edmbolo de recupera\u00e7\u00e3o ambiental de Crici\u00fama, localizado no distrito do Rio Maina. O projeto, realizado em parceria com a Universidade do Extremo Sul Catarinense (Unesc), ter\u00e1 capacidade para gera\u00e7\u00e3o de um megawatt de energia limpa, suficiente para abastecer todas as 63 escolas da rede municipal de ensino. A licita\u00e7\u00e3o da primeira etapa para a constru\u00e7\u00e3o civil j\u00e1 foi finalizada, e o processo licitat\u00f3rio para a empresa que realizar\u00e1 a instala\u00e7\u00e3o dos pain\u00e9is fotovoltaicos, respons\u00e1veis pela convers\u00e3o de energia solar em eletricidade, est\u00e1 em andamento na prefeitura.<\/p>\n<p>Al\u00e9m de ser um s\u00edmbolo de transi\u00e7\u00e3o energ\u00e9tica justa em Crici\u00fama, o local contar\u00e1 com um espa\u00e7o para aprendizagem e educa\u00e7\u00e3o ambiental. A primeira etapa da obra consiste na terraplanagem do espa\u00e7o e na constru\u00e7\u00e3o do memorial Nikola Tesla, uma homenagem ao cientista austr\u00edaco conhecido por suas descobertas fundamentais para melhorar a transmiss\u00e3o de energia el\u00e9trica. O local contar\u00e1, ainda, com um audit\u00f3rio para eventos, palestras e uma planta\u00e7\u00e3o de girass\u00f3is. O investimento inicial para a execu\u00e7\u00e3o da obra \u00e9 de R$ 7,1 milh\u00f5es.<\/p>\n<p>&nbsp;<\/p>\n<p><strong>Aquisi\u00e7\u00e3o de ve\u00edculos el\u00e9tricos<\/strong><\/p>\n<p>Outro projeto importante, que deve aproveitar a sobra de energia gerada pela Usina Fotovoltaica, \u00e9 a substitui\u00e7\u00e3o de 100 ve\u00edculos a combust\u00e3o da frota municipal, de aproximadamente 300 autom\u00f3veis, por carros el\u00e9tricos com motores movidos a energia de baterias recarreg\u00e1veis. Para garantir uma transi\u00e7\u00e3o eficiente e inovadora para o projeto aplicado em Crici\u00fama, foram executados estudos t\u00e9cnicos e pesquisas de mercado. A licita\u00e7\u00e3o prev\u00ea a compra de 20 carros por m\u00eas, durante cinco meses. O investimento \u00e9 de aproximadamente R$ 12,6 milh\u00f5es.<\/p>\n<p>Em paralelo, o munic\u00edpio est\u00e1 realizando estudos para a constru\u00e7\u00e3o de uma Central de Carregamento para os ve\u00edculos. \u201cEste \u00e9 um projeto ambicioso e in\u00e9dito para o futuro da mobilidade urbana em Crici\u00fama. Os carros el\u00e9tricos estar\u00e3o presentes no nosso dia a dia. Em vez de postos de combust\u00edvel, teremos esta\u00e7\u00f5es de recarga, com bombas substitu\u00eddas por tomadas em v\u00e1rios pontos\u201d, afirmou o prefeito.<\/p>\n<p>&nbsp;<\/p>\n<p><strong>Projeto Luminot\u00e9cnico de Crici\u00fama<\/strong><\/p>\n<p>O Projeto Luminot\u00e9cnico, que prev\u00ea a substitui\u00e7\u00e3o de l\u00e2mpadas a vapor de s\u00f3dio por l\u00e2mpadas de LED em todos os 35 mil pontos da rede de ilumina\u00e7\u00e3o p\u00fablica, garantir\u00e1 uma economia de 40% com o custo de energia no munic\u00edpio de Crici\u00fama. A redu\u00e7\u00e3o contribuir\u00e1 para uma cidade mais sustent\u00e1vel, que n\u00e3o apenas proporciona economia, mas, tamb\u00e9m, fortalece o compromisso com a efici\u00eancia energ\u00e9tica. O investimento total \u00e9 de R$ 19,7 milh\u00f5es.<\/p>\n<p>&nbsp;<\/p>\n<p><strong>Salas Comunit\u00e1rias<\/strong><\/p>\n<p>Os bairros Vila Visconde e Pr\u00f3spera receber\u00e3o um novo lugar para a realiza\u00e7\u00e3o de eventos das comunidades. A Sala Comunit\u00e1ria do bairro Vila Visconde ficar\u00e1 localizada na rua Ot\u00e1vio Rodolfo Cukier. No bairro Pr\u00f3spera, o novo local destinado \u00e0 reuni\u00f5es dos moradores ser\u00e1 na rua Rio Grande do Sul. Os dois espa\u00e7os ter\u00e3o 140,70 m\u00b2.<\/p>\n","protected":false},"excerpt":{"rendered":"<p>O Governo de Crici\u00fama, por meio da Secretaria Municipal de Governan\u00e7a, da Secretaria Municipal de Infraestrutura, Planejamento e Mobilidade Urbana e da Secretaria Municipal de Educa\u00e7\u00e3o, realizar\u00e1 o lan\u00e7amento do programa Crici\u00fama Sustent\u00e1vel, que destinar\u00e1 quase R$ 40 milh\u00f5es para projetos voltados ao desenvolvimento consciente. A apresenta\u00e7\u00e3o do programa que tem como objetivo construir uma &hellip;<\/p>\n<p class=\"read-more\"> <a class=\"\" href=\"https:\/\/sulsc.com\/index.php\/2023\/12\/23\/criciuma-investe-quase-r-40-milhoes-em-desenvolvimento-consciente-e-tecnologico\/\"> <span class=\"screen-reader-text\">Crici\u00fama investe quase R$ 40 milh\u00f5es em desenvolvimento consciente e tecnol\u00f3gico<\/span> Read More &raquo;<\/a><\/p>\n","protected":false},"author":3,"featured_media":5736,"comment_status":"open","ping_status":"open","sticky":false,"template":"","format":"standard","meta":{"site-sidebar-layout":"default","site-content-layout":"","ast-site-content-layout":"default","site-content-style":"default","site-sidebar-style":"default","ast-global-header-display":"","ast-banner-title-visibility":"","ast-main-header-display":"","ast-hfb-above-header-display":"","ast-hfb-below-header-display":"","ast-hfb-mobile-header-display":"","site-post-title":"","ast-breadcrumbs-content":"","ast-featured-img":"","footer-sml-layout":"","theme-transparent-header-meta":"default","adv-header-id-meta":"","stick-header-meta":"","header-above-stick-meta":"","header-main-stick-meta":"","header-below-stick-meta":"","astra-migrate-meta-layouts":"set","footnotes":""},"categories":[23,17],"tags":[92,488,489],"yoast_head":"<!-- This site is optimized with the Yoast SEO plugin v21.4 - https:\/\/yoast.com\/wordpress\/plugins\/seo\/ -->\n<title>Crici\u00fama investe quase R$ 40 milh\u00f5es em desenvolvimento consciente e tecnol\u00f3gico -<\/title>\n<meta name=\"robots\" content=\"index, follow, max-snippet:-1, max-image-preview:large, max-video-preview:-1\" \/>\n<link rel=\"canonical\" href=\"https:\/\/sulsc.com\/index.php\/2023\/12\/23\/criciuma-investe-quase-r-40-milhoes-em-desenvolvimento-consciente-e-tecnologico\/\" \/>\n<meta property=\"og:locale\" content=\"en_US\" \/>\n<meta property=\"og:type\" content=\"article\" \/>\n<meta property=\"og:title\" content=\"Crici\u00fama investe quase R$ 40 milh\u00f5es em desenvolvimento consciente e tecnol\u00f3gico -\" \/>\n<meta property=\"og:description\" content=\"O Governo de Crici\u00fama, por meio da Secretaria Municipal de Governan\u00e7a, da Secretaria Municipal de Infraestrutura, Planejamento e Mobilidade Urbana e da Secretaria Municipal de Educa\u00e7\u00e3o, realizar\u00e1 o lan\u00e7amento do programa Crici\u00fama Sustent\u00e1vel, que destinar\u00e1 quase R$ 40 milh\u00f5es para projetos voltados ao desenvolvimento consciente. A apresenta\u00e7\u00e3o do programa que tem como objetivo construir uma &hellip; Crici\u00fama investe quase R$ 40 milh\u00f5es em desenvolvimento consciente e tecnol\u00f3gico Read More &raquo;\" \/>\n<meta property=\"og:url\" content=\"https:\/\/sulsc.com\/index.php\/2023\/12\/23\/criciuma-investe-quase-r-40-milhoes-em-desenvolvimento-consciente-e-tecnologico\/\" \/>\n<meta property=\"article:author\" content=\"https:\/\/www.facebook.com\/profile.php?id=61559278119680\" \/>\n<meta property=\"article:published_time\" content=\"2023-12-23T21:50:46+00:00\" \/>\n<meta property=\"article:modified_time\" content=\"2023-12-23T17:08:35+00:00\" \/>\n<meta property=\"og:image\" content=\"https:\/\/sulsc.com\/wp-content\/uploads\/2023\/12\/Criciuma-investe-quase-R-40-milhoes-em-desenvolvimento-consciente-e-tecnologico.jpg\" \/>\n\t<meta property=\"og:image:width\" content=\"1920\" \/>\n\t<meta property=\"og:image:height\" content=\"1080\" \/>\n\t<meta property=\"og:image:type\" content=\"image\/jpeg\" \/>\n<meta name=\"author\" content=\"Reda\u00e7\u00e3o Sul SC\" \/>\n<meta name=\"twitter:card\" content=\"summary_large_image\" \/>\n<meta name=\"twitter:creator\" content=\"@https:\/\/twitter.com\/PortalSulSC\" \/>\n<meta name=\"twitter:label1\" content=\"Written by\" \/>\n\t<meta name=\"twitter:data1\" content=\"Reda\u00e7\u00e3o Sul SC\" \/>\n\t<meta name=\"twitter:label2\" content=\"Est. reading time\" \/>\n\t<meta name=\"twitter:data2\" content=\"5 minutes\" \/>\n<script type=\"application\/ld+json\" class=\"yoast-schema-graph\">{\"@context\":\"https:\/\/schema.org\",\"@graph\":[{\"@type\":\"WebPage\",\"@id\":\"https:\/\/sulsc.com\/index.php\/2023\/12\/23\/criciuma-investe-quase-r-40-milhoes-em-desenvolvimento-consciente-e-tecnologico\/\",\"url\":\"https:\/\/sulsc.com\/index.php\/2023\/12\/23\/criciuma-investe-quase-r-40-milhoes-em-desenvolvimento-consciente-e-tecnologico\/\",\"name\":\"Crici\u00fama investe quase R$ 40 milh\u00f5es em desenvolvimento consciente e tecnol\u00f3gico -\",\"isPartOf\":{\"@id\":\"https:\/\/sulsc.com\/#website\"},\"datePublished\":\"2023-12-23T21:50:46+00:00\",\"dateModified\":\"2023-12-23T17:08:35+00:00\",\"author\":{\"@id\":\"https:\/\/sulsc.com\/#\/schema\/person\/84d2fc571684f6248ba83092f07750a3\"},\"breadcrumb\":{\"@id\":\"https:\/\/sulsc.com\/index.php\/2023\/12\/23\/criciuma-investe-quase-r-40-milhoes-em-desenvolvimento-consciente-e-tecnologico\/#breadcrumb\"},\"inLanguage\":\"en-US\",\"potentialAction\":[{\"@type\":\"ReadAction\",\"target\":[\"https:\/\/sulsc.com\/index.php\/2023\/12\/23\/criciuma-investe-quase-r-40-milhoes-em-desenvolvimento-consciente-e-tecnologico\/\"]}]},{\"@type\":\"BreadcrumbList\",\"@id\":\"https:\/\/sulsc.com\/index.php\/2023\/12\/23\/criciuma-investe-quase-r-40-milhoes-em-desenvolvimento-consciente-e-tecnologico\/#breadcrumb\",\"itemListElement\":[{\"@type\":\"ListItem\",\"position\":1,\"name\":\"In\u00edcio\",\"item\":\"https:\/\/sulsc.com\/\"},{\"@type\":\"ListItem\",\"position\":2,\"name\":\"Crici\u00fama investe quase R$ 40 milh\u00f5es em desenvolvimento consciente e tecnol\u00f3gico\"}]},{\"@type\":\"WebSite\",\"@id\":\"https:\/\/sulsc.com\/#website\",\"url\":\"https:\/\/sulsc.com\/\",\"name\":\"\",\"description\":\"\",\"potentialAction\":[{\"@type\":\"SearchAction\",\"target\":{\"@type\":\"EntryPoint\",\"urlTemplate\":\"https:\/\/sulsc.com\/?s={search_term_string}\"},\"query-input\":\"required name=search_term_string\"}],\"inLanguage\":\"en-US\"},{\"@type\":\"Person\",\"@id\":\"https:\/\/sulsc.com\/#\/schema\/person\/84d2fc571684f6248ba83092f07750a3\",\"name\":\"Reda\u00e7\u00e3o Sul SC\",\"image\":{\"@type\":\"ImageObject\",\"inLanguage\":\"en-US\",\"@id\":\"https:\/\/sulsc.com\/#\/schema\/person\/image\/e08d7fe2cc4ed596372063bbe852b8d0\",\"url\":\"https:\/\/sulsc.com\/wp-content\/uploads\/2023\/09\/redacao.png\",\"contentUrl\":\"https:\/\/sulsc.com\/wp-content\/uploads\/2023\/09\/redacao.png\",\"caption\":\"Reda\u00e7\u00e3o Sul SC\"},\"description\":\"Foco em um jornalismo imparcial, voltado \u00e0 qualidade dos seus conte\u00fados e, assim, levar informa\u00e7\u00e3o de valor que agregue \u00e0 vida dos leitores. Esta \u00e9 grande miss\u00e3o do Portal de Not\u00edcias Sul SC. N\u00e3o \u00e9 quantidade que muda o mundo, sempre foi e seguir\u00e1 sendo qualidade!\",\"sameAs\":[\"https:\/\/sulsc.com\/\",\"https:\/\/www.facebook.com\/profile.php?id=61559278119680\",\"https:\/\/www.instagram.com\/sulscportal\/?hl=pt-br\",\"https:\/\/twitter.com\/https:\/\/twitter.com\/PortalSulSC\",\"https:\/\/www.youtube.com\/channel\/UCv_BE8GeySluDov2n8qhVmw\"],\"url\":\"https:\/\/sulsc.com\/index.php\/author\/redacao\/\"}]}<\/script>\n<!-- \/ Yoast SEO plugin. -->","yoast_head_json":{"title":"Crici\u00fama investe quase R$ 40 milh\u00f5es em desenvolvimento consciente e tecnol\u00f3gico -","robots":{"index":"index","follow":"follow","max-snippet":"max-snippet:-1","max-image-preview":"max-image-preview:large","max-video-preview":"max-video-preview:-1"},"canonical":"https:\/\/sulsc.com\/index.php\/2023\/12\/23\/criciuma-investe-quase-r-40-milhoes-em-desenvolvimento-consciente-e-tecnologico\/","og_locale":"en_US","og_type":"article","og_title":"Crici\u00fama investe quase R$ 40 milh\u00f5es em desenvolvimento consciente e tecnol\u00f3gico -","og_description":"O Governo de Crici\u00fama, por meio da Secretaria Municipal de Governan\u00e7a, da Secretaria Municipal de Infraestrutura, Planejamento e Mobilidade Urbana e da Secretaria Municipal de Educa\u00e7\u00e3o, realizar\u00e1 o lan\u00e7amento do programa Crici\u00fama Sustent\u00e1vel, que destinar\u00e1 quase R$ 40 milh\u00f5es para projetos voltados ao desenvolvimento consciente. A apresenta\u00e7\u00e3o do programa que tem como objetivo construir uma &hellip; Crici\u00fama investe quase R$ 40 milh\u00f5es em desenvolvimento consciente e tecnol\u00f3gico Read More &raquo;","og_url":"https:\/\/sulsc.com\/index.php\/2023\/12\/23\/criciuma-investe-quase-r-40-milhoes-em-desenvolvimento-consciente-e-tecnologico\/","article_author":"https:\/\/www.facebook.com\/profile.php?id=61559278119680","article_published_time":"2023-12-23T21:50:46+00:00","article_modified_time":"2023-12-23T17:08:35+00:00","og_image":[{"width":1920,"height":1080,"url":"https:\/\/sulsc.com\/wp-content\/uploads\/2023\/12\/Criciuma-investe-quase-R-40-milhoes-em-desenvolvimento-consciente-e-tecnologico.jpg","type":"image\/jpeg"}],"author":"Reda\u00e7\u00e3o Sul SC","twitter_card":"summary_large_image","twitter_creator":"@https:\/\/twitter.com\/PortalSulSC","twitter_misc":{"Written by":"Reda\u00e7\u00e3o Sul SC","Est. reading time":"5 minutes"},"schema":{"@context":"https:\/\/schema.org","@graph":[{"@type":"WebPage","@id":"https:\/\/sulsc.com\/index.php\/2023\/12\/23\/criciuma-investe-quase-r-40-milhoes-em-desenvolvimento-consciente-e-tecnologico\/","url":"https:\/\/sulsc.com\/index.php\/2023\/12\/23\/criciuma-investe-quase-r-40-milhoes-em-desenvolvimento-consciente-e-tecnologico\/","name":"Crici\u00fama investe quase R$ 40 milh\u00f5es em desenvolvimento consciente e tecnol\u00f3gico -","isPartOf":{"@id":"https:\/\/sulsc.com\/#website"},"datePublished":"2023-12-23T21:50:46+00:00","dateModified":"2023-12-23T17:08:35+00:00","author":{"@id":"https:\/\/sulsc.com\/#\/schema\/person\/84d2fc571684f6248ba83092f07750a3"},"breadcrumb":{"@id":"https:\/\/sulsc.com\/index.php\/2023\/12\/23\/criciuma-investe-quase-r-40-milhoes-em-desenvolvimento-consciente-e-tecnologico\/#breadcrumb"},"inLanguage":"en-US","potentialAction":[{"@type":"ReadAction","target":["https:\/\/sulsc.com\/index.php\/2023\/12\/23\/criciuma-investe-quase-r-40-milhoes-em-desenvolvimento-consciente-e-tecnologico\/"]}]},{"@type":"BreadcrumbList","@id":"https:\/\/sulsc.com\/index.php\/2023\/12\/23\/criciuma-investe-quase-r-40-milhoes-em-desenvolvimento-consciente-e-tecnologico\/#breadcrumb","itemListElement":[{"@type":"ListItem","position":1,"name":"In\u00edcio","item":"https:\/\/sulsc.com\/"},{"@type":"ListItem","position":2,"name":"Crici\u00fama investe quase R$ 40 milh\u00f5es em desenvolvimento consciente e tecnol\u00f3gico"}]},{"@type":"WebSite","@id":"https:\/\/sulsc.com\/#website","url":"https:\/\/sulsc.com\/","name":"","description":"","potentialAction":[{"@type":"SearchAction","target":{"@type":"EntryPoint","urlTemplate":"https:\/\/sulsc.com\/?s={search_term_string}"},"query-input":"required name=search_term_string"}],"inLanguage":"en-US"},{"@type":"Person","@id":"https:\/\/sulsc.com\/#\/schema\/person\/84d2fc571684f6248ba83092f07750a3","name":"Reda\u00e7\u00e3o Sul SC","image":{"@type":"ImageObject","inLanguage":"en-US","@id":"https:\/\/sulsc.com\/#\/schema\/person\/image\/e08d7fe2cc4ed596372063bbe852b8d0","url":"https:\/\/sulsc.com\/wp-content\/uploads\/2023\/09\/redacao.png","contentUrl":"https:\/\/sulsc.com\/wp-content\/uploads\/2023\/09\/redacao.png","caption":"Reda\u00e7\u00e3o Sul SC"},"description":"Foco em um jornalismo imparcial, voltado \u00e0 qualidade dos seus conte\u00fados e, assim, levar informa\u00e7\u00e3o de valor que agregue \u00e0 vida dos leitores. Esta \u00e9 grande miss\u00e3o do Portal de Not\u00edcias Sul SC. N\u00e3o \u00e9 quantidade que muda o mundo, sempre foi e seguir\u00e1 sendo qualidade!","sameAs":["https:\/\/sulsc.com\/","https:\/\/www.facebook.com\/profile.php?id=61559278119680","https:\/\/www.instagram.com\/sulscportal\/?hl=pt-br","https:\/\/twitter.com\/https:\/\/twitter.com\/PortalSulSC","https:\/\/www.youtube.com\/channel\/UCv_BE8GeySluDov2n8qhVmw"],"url":"https:\/\/sulsc.com\/index.php\/author\/redacao\/"}]}},"authors":[],"_links":{"self":[{"href":"https:\/\/sulsc.com\/index.php\/wp-json\/wp\/v2\/posts\/5735"}],"collection":[{"href":"https:\/\/sulsc.com\/index.php\/wp-json\/wp\/v2\/posts"}],"about":[{"href":"https:\/\/sulsc.com\/index.php\/wp-json\/wp\/v2\/types\/post"}],"author":[{"embeddable":true,"href":"https:\/\/sulsc.com\/index.php\/wp-json\/wp\/v2\/users\/3"}],"replies":[{"embeddable":true,"href":"https:\/\/sulsc.com\/index.php\/wp-json\/wp\/v2\/comments?post=5735"}],"version-history":[{"count":1,"href":"https:\/\/sulsc.com\/index.php\/wp-json\/wp\/v2\/posts\/5735\/revisions"}],"predecessor-version":[{"id":5737,"href":"https:\/\/sulsc.com\/index.php\/wp-json\/wp\/v2\/posts\/5735\/revisions\/5737"}],"wp:featuredmedia":[{"embeddable":true,"href":"https:\/\/sulsc.com\/index.php\/wp-json\/wp\/v2\/media\/5736"}],"wp:attachment":[{"href":"https:\/\/sulsc.com\/index.php\/wp-json\/wp\/v2\/media?parent=5735"}],"wp:term":[{"taxonomy":"category","embeddable":true,"href":"https:\/\/sulsc.com\/index.php\/wp-json\/wp\/v2\/categories?post=5735"},{"taxonomy":"post_tag","embeddable":true,"href":"https:\/\/sulsc.com\/index.php\/wp-json\/wp\/v2\/tags?post=5735"}],"curies":[{"name":"wp","href":"https:\/\/api.w.org\/{rel}","templated":true}]}}